{"id":604,"date":"2016-05-06T13:09:51","date_gmt":"2016-05-06T11:09:51","guid":{"rendered":"http:\/\/autate.fr\/site\/?p=604"},"modified":"2016-08-10T21:12:27","modified_gmt":"2016-08-10T19:12:27","slug":"la-depeche-metro-un-debat-public-national-pour-la-3e-ligne","status":"publish","type":"post","link":"https:\/\/autate.fr\/site\/la-depeche-metro-un-debat-public-national-pour-la-3e-ligne\/","title":{"rendered":"[La D\u00e9p\u00eache] M\u00e9tro : un d\u00e9bat public national pour la 3e ligne"},"content":{"rendered":"<p>Un article de Philippe Emery paru dans la D\u00e9p\u00eache du midi du 05\/05\/2016<\/p>\n<p>Un d\u00e9bat public national sera organis\u00e9 sur le projet de 3e ligne de m\u00e9tro en septembre par la commission nationale du d\u00e9bat public (CNDP). Le pr\u00e9sident de la CNDP, Christian Leyrit, nous l&rsquo;a confirm\u00e9 hier soir. Cinq \u00e0 sept personnes de la soci\u00e9t\u00e9 civile seront d\u00e9sign\u00e9es par la CNDP pour organiser ce d\u00e9bat qui sera ouvert aux associations, aux d\u00e9cideurs et aux \u00e9lus qui pourront donner leur avis sur le projet.<\/p>\n<p><!--more--><\/p>\n<div id=\"pub_dfp_article\" class=\"pub \"><\/div>\n<p>Entendu hier matin par la CNDP, au minist\u00e8re des Transports \u00e0 Paris, Jean-Luc Moudenc avait souhait\u00e9 qu&rsquo;un d\u00e9bat public national soit organis\u00e9 sur le projet de troisi\u00e8me ligne car \u00abcela donnerait acte que ce projet est bien \u00e0 caract\u00e8re national\u00bb. Selon Jean-Michel Lattes, pr\u00e9sident du SMTC Tiss\u00e9o, l&rsquo;autorit\u00e9 organisatrice des transports de l&rsquo;agglom\u00e9ration toulousaine, qui accompagnait le maire avec Jean-Michel Evin, directeur g\u00e9n\u00e9ral de Tiss\u00e9o : \u00abTrois \u00e9l\u00e9ments sont d\u00e9cisifs pour justifier le caract\u00e8re national du projet : la desserte des sites d&rsquo;Airbus, celle de l&rsquo;a\u00e9roport de Toulouse-Blagnac, et l&rsquo;arriv\u00e9e du TGV \u00e0 la gare Matabiau, connect\u00e9e \u00e0 la troisi\u00e8me ligne\u00bb, selon le vice-pr\u00e9sident de la M\u00e9tropole.<\/p>\n<p><a href=\"http:\/\/www.ladepeche.fr\/article\/2016\/05\/05\/2338380-un-debat-public-national-pour-la-3e-ligne.html\">lire la suite<\/a><\/p>\n","protected":false},"excerpt":{"rendered":"<p>Un article de Philippe Emery paru dans la D\u00e9p\u00eache du midi du 05\/05\/2016 Un d\u00e9bat public national sera organis\u00e9 sur le projet de 3e ligne de m\u00e9tro en septembre par la commission nationale du d\u00e9bat public (CNDP). Le pr\u00e9sident de la CNDP, Christian Leyrit, nous l&rsquo;a confirm\u00e9 hier soir. Cinq \u00e0 sept personnes de la<\/p>\n<p class=\"more-link\"><a href=\"https:\/\/autate.fr\/site\/la-depeche-metro-un-debat-public-national-pour-la-3e-ligne\/\" class=\"themebutton2\">VOIR PLUS<\/a><\/p>\n","protected":false},"author":1,"featured_media":0,"comment_status":"open","ping_status":"open","sticky":false,"template":"","format":"standard","meta":{"footnotes":""},"categories":[7],"tags":[172,173,12,52],"class_list":["post-604","post","type-post","status-publish","format-standard","hentry","category-revue-de-presse","tag-3eme-ligne-metro","tag-cndp","tag-metro","tag-tae"],"yoast_head":"<!-- This site is optimized with the Yoast SEO plugin v27.4 - https:\/\/yoast.com\/product\/yoast-seo-wordpress\/ -->\n<title>[La D\u00e9p\u00eache] M\u00e9tro : un d\u00e9bat public national pour la 3e ligne - AUTATE<\/title>\n<meta name=\"robots\" content=\"index, follow, max-snippet:-1, max-image-preview:large, max-video-preview:-1\" \/>\n<link rel=\"canonical\" href=\"https:\/\/autate.fr\/site\/la-depeche-metro-un-debat-public-national-pour-la-3e-ligne\/\" \/>\n<meta property=\"og:locale\" content=\"fr_FR\" \/>\n<meta property=\"og:type\" content=\"article\" \/>\n<meta property=\"og:title\" content=\"[La D\u00e9p\u00eache] M\u00e9tro : un d\u00e9bat public national pour la 3e ligne - AUTATE\" \/>\n<meta property=\"og:description\" content=\"Un article de Philippe Emery paru dans la D\u00e9p\u00eache du midi du 05\/05\/2016 Un d\u00e9bat public national sera organis\u00e9 sur le projet de 3e ligne de m\u00e9tro en septembre par la commission nationale du d\u00e9bat public (CNDP). Le pr\u00e9sident de la CNDP, Christian Leyrit, nous l&rsquo;a confirm\u00e9 hier soir. Cinq \u00e0 sept personnes de laVOIR PLUS\" \/>\n<meta property=\"og:url\" content=\"https:\/\/autate.fr\/site\/la-depeche-metro-un-debat-public-national-pour-la-3e-ligne\/\" \/>\n<meta property=\"og:site_name\" content=\"AUTATE\" \/>\n<meta property=\"article:publisher\" content=\"https:\/\/www.facebook.com\/AutateToulouse\" \/>\n<meta property=\"article:published_time\" content=\"2016-05-06T11:09:51+00:00\" \/>\n<meta property=\"article:modified_time\" content=\"2016-08-10T19:12:27+00:00\" \/>\n<meta name=\"author\" content=\"pascalbarbier\" \/>\n<meta name=\"twitter:card\" content=\"summary_large_image\" \/>\n<meta name=\"twitter:creator\" content=\"@AutateToulouse\" \/>\n<meta name=\"twitter:site\" content=\"@AutateToulouse\" \/>\n<meta name=\"twitter:label1\" content=\"\u00c9crit par\" \/>\n\t<meta name=\"twitter:data1\" content=\"pascalbarbier\" \/>\n\t<meta name=\"twitter:label2\" content=\"Dur\u00e9e de lecture estim\u00e9e\" \/>\n\t<meta name=\"twitter:data2\" content=\"1 minute\" \/>\n<script type=\"application\/ld+json\" class=\"yoast-schema-graph\">{\"@context\":\"https:\\\/\\\/schema.org\",\"@graph\":[{\"@type\":\"Article\",\"@id\":\"https:\\\/\\\/autate.fr\\\/site\\\/la-depeche-metro-un-debat-public-national-pour-la-3e-ligne\\\/#article\",\"isPartOf\":{\"@id\":\"https:\\\/\\\/autate.fr\\\/site\\\/la-depeche-metro-un-debat-public-national-pour-la-3e-ligne\\\/\"},\"author\":{\"name\":\"pascalbarbier\",\"@id\":\"https:\\\/\\\/autate.fr\\\/site\\\/#\\\/schema\\\/person\\\/ae1ab8bdaa7b41d2a9b52d2557ce8254\"},\"headline\":\"[La D\u00e9p\u00eache] M\u00e9tro : un d\u00e9bat public national pour la 3e ligne\",\"datePublished\":\"2016-05-06T11:09:51+00:00\",\"dateModified\":\"2016-08-10T19:12:27+00:00\",\"mainEntityOfPage\":{\"@id\":\"https:\\\/\\\/autate.fr\\\/site\\\/la-depeche-metro-un-debat-public-national-pour-la-3e-ligne\\\/\"},\"wordCount\":231,\"commentCount\":0,\"publisher\":{\"@id\":\"https:\\\/\\\/autate.fr\\\/site\\\/#organization\"},\"keywords\":[\"3\u00e8me ligne m\u00e9tro\",\"CNDP\",\"m\u00e9tro\",\"TAE\"],\"articleSection\":[\"Revue de presse\"],\"inLanguage\":\"fr-FR\",\"potentialAction\":[{\"@type\":\"CommentAction\",\"name\":\"Comment\",\"target\":[\"https:\\\/\\\/autate.fr\\\/site\\\/la-depeche-metro-un-debat-public-national-pour-la-3e-ligne\\\/#respond\"]}]},{\"@type\":\"WebPage\",\"@id\":\"https:\\\/\\\/autate.fr\\\/site\\\/la-depeche-metro-un-debat-public-national-pour-la-3e-ligne\\\/\",\"url\":\"https:\\\/\\\/autate.fr\\\/site\\\/la-depeche-metro-un-debat-public-national-pour-la-3e-ligne\\\/\",\"name\":\"[La D\u00e9p\u00eache] M\u00e9tro : un d\u00e9bat public national pour la 3e ligne - AUTATE\",\"isPartOf\":{\"@id\":\"https:\\\/\\\/autate.fr\\\/site\\\/#website\"},\"datePublished\":\"2016-05-06T11:09:51+00:00\",\"dateModified\":\"2016-08-10T19:12:27+00:00\",\"breadcrumb\":{\"@id\":\"https:\\\/\\\/autate.fr\\\/site\\\/la-depeche-metro-un-debat-public-national-pour-la-3e-ligne\\\/#breadcrumb\"},\"inLanguage\":\"fr-FR\",\"potentialAction\":[{\"@type\":\"ReadAction\",\"target\":[\"https:\\\/\\\/autate.fr\\\/site\\\/la-depeche-metro-un-debat-public-national-pour-la-3e-ligne\\\/\"]}]},{\"@type\":\"BreadcrumbList\",\"@id\":\"https:\\\/\\\/autate.fr\\\/site\\\/la-depeche-metro-un-debat-public-national-pour-la-3e-ligne\\\/#breadcrumb\",\"itemListElement\":[{\"@type\":\"ListItem\",\"position\":1,\"name\":\"Accueil\",\"item\":\"https:\\\/\\\/autate.fr\\\/site\\\/\"},{\"@type\":\"ListItem\",\"position\":2,\"name\":\"[La D\u00e9p\u00eache] M\u00e9tro : un d\u00e9bat public national pour la 3e ligne\"}]},{\"@type\":\"WebSite\",\"@id\":\"https:\\\/\\\/autate.fr\\\/site\\\/#website\",\"url\":\"https:\\\/\\\/autate.fr\\\/site\\\/\",\"name\":\"AUTATE\",\"description\":\"Association des usagers des transports de l&#039;agglom\u00e9ration Toulousaine et de ses environs\",\"publisher\":{\"@id\":\"https:\\\/\\\/autate.fr\\\/site\\\/#organization\"},\"potentialAction\":[{\"@type\":\"SearchAction\",\"target\":{\"@type\":\"EntryPoint\",\"urlTemplate\":\"https:\\\/\\\/autate.fr\\\/site\\\/?s={search_term_string}\"},\"query-input\":{\"@type\":\"PropertyValueSpecification\",\"valueRequired\":true,\"valueName\":\"search_term_string\"}}],\"inLanguage\":\"fr-FR\"},{\"@type\":\"Organization\",\"@id\":\"https:\\\/\\\/autate.fr\\\/site\\\/#organization\",\"name\":\"AUTATE\",\"url\":\"https:\\\/\\\/autate.fr\\\/site\\\/\",\"logo\":{\"@type\":\"ImageObject\",\"inLanguage\":\"fr-FR\",\"@id\":\"https:\\\/\\\/autate.fr\\\/site\\\/#\\\/schema\\\/logo\\\/image\\\/\",\"url\":\"http:\\\/\\\/autate.fr\\\/site\\\/wp-content\\\/uploads\\\/2019\\\/01\\\/logo.png\",\"contentUrl\":\"http:\\\/\\\/autate.fr\\\/site\\\/wp-content\\\/uploads\\\/2019\\\/01\\\/logo.png\",\"width\":506,\"height\":280,\"caption\":\"AUTATE\"},\"image\":{\"@id\":\"https:\\\/\\\/autate.fr\\\/site\\\/#\\\/schema\\\/logo\\\/image\\\/\"},\"sameAs\":[\"https:\\\/\\\/www.facebook.com\\\/AutateToulouse\",\"https:\\\/\\\/x.com\\\/AutateToulouse\"]},{\"@type\":\"Person\",\"@id\":\"https:\\\/\\\/autate.fr\\\/site\\\/#\\\/schema\\\/person\\\/ae1ab8bdaa7b41d2a9b52d2557ce8254\",\"name\":\"pascalbarbier\",\"image\":{\"@type\":\"ImageObject\",\"inLanguage\":\"fr-FR\",\"@id\":\"https:\\\/\\\/secure.gravatar.com\\\/avatar\\\/03f4e8ced09894b72c67e83142540730d4b3bbf619bf46341b0074e3bf5f08a0?s=96&d=mm&r=g\",\"url\":\"https:\\\/\\\/secure.gravatar.com\\\/avatar\\\/03f4e8ced09894b72c67e83142540730d4b3bbf619bf46341b0074e3bf5f08a0?s=96&d=mm&r=g\",\"contentUrl\":\"https:\\\/\\\/secure.gravatar.com\\\/avatar\\\/03f4e8ced09894b72c67e83142540730d4b3bbf619bf46341b0074e3bf5f08a0?s=96&d=mm&r=g\",\"caption\":\"pascalbarbier\"},\"url\":\"https:\\\/\\\/autate.fr\\\/site\\\/author\\\/pascalbarbier\\\/\"}]}<\/script>\n<!-- \/ Yoast SEO plugin. -->","yoast_head_json":{"title":"[La D\u00e9p\u00eache] M\u00e9tro : un d\u00e9bat public national pour la 3e ligne - AUTATE","robots":{"index":"index","follow":"follow","max-snippet":"max-snippet:-1","max-image-preview":"max-image-preview:large","max-video-preview":"max-video-preview:-1"},"canonical":"https:\/\/autate.fr\/site\/la-depeche-metro-un-debat-public-national-pour-la-3e-ligne\/","og_locale":"fr_FR","og_type":"article","og_title":"[La D\u00e9p\u00eache] M\u00e9tro : un d\u00e9bat public national pour la 3e ligne - AUTATE","og_description":"Un article de Philippe Emery paru dans la D\u00e9p\u00eache du midi du 05\/05\/2016 Un d\u00e9bat public national sera organis\u00e9 sur le projet de 3e ligne de m\u00e9tro en septembre par la commission nationale du d\u00e9bat public (CNDP). Le pr\u00e9sident de la CNDP, Christian Leyrit, nous l&rsquo;a confirm\u00e9 hier soir. Cinq \u00e0 sept personnes de laVOIR PLUS","og_url":"https:\/\/autate.fr\/site\/la-depeche-metro-un-debat-public-national-pour-la-3e-ligne\/","og_site_name":"AUTATE","article_publisher":"https:\/\/www.facebook.com\/AutateToulouse","article_published_time":"2016-05-06T11:09:51+00:00","article_modified_time":"2016-08-10T19:12:27+00:00","author":"pascalbarbier","twitter_card":"summary_large_image","twitter_creator":"@AutateToulouse","twitter_site":"@AutateToulouse","twitter_misc":{"\u00c9crit par":"pascalbarbier","Dur\u00e9e de lecture estim\u00e9e":"1 minute"},"schema":{"@context":"https:\/\/schema.org","@graph":[{"@type":"Article","@id":"https:\/\/autate.fr\/site\/la-depeche-metro-un-debat-public-national-pour-la-3e-ligne\/#article","isPartOf":{"@id":"https:\/\/autate.fr\/site\/la-depeche-metro-un-debat-public-national-pour-la-3e-ligne\/"},"author":{"name":"pascalbarbier","@id":"https:\/\/autate.fr\/site\/#\/schema\/person\/ae1ab8bdaa7b41d2a9b52d2557ce8254"},"headline":"[La D\u00e9p\u00eache] M\u00e9tro : un d\u00e9bat public national pour la 3e ligne","datePublished":"2016-05-06T11:09:51+00:00","dateModified":"2016-08-10T19:12:27+00:00","mainEntityOfPage":{"@id":"https:\/\/autate.fr\/site\/la-depeche-metro-un-debat-public-national-pour-la-3e-ligne\/"},"wordCount":231,"commentCount":0,"publisher":{"@id":"https:\/\/autate.fr\/site\/#organization"},"keywords":["3\u00e8me ligne m\u00e9tro","CNDP","m\u00e9tro","TAE"],"articleSection":["Revue de presse"],"inLanguage":"fr-FR","potentialAction":[{"@type":"CommentAction","name":"Comment","target":["https:\/\/autate.fr\/site\/la-depeche-metro-un-debat-public-national-pour-la-3e-ligne\/#respond"]}]},{"@type":"WebPage","@id":"https:\/\/autate.fr\/site\/la-depeche-metro-un-debat-public-national-pour-la-3e-ligne\/","url":"https:\/\/autate.fr\/site\/la-depeche-metro-un-debat-public-national-pour-la-3e-ligne\/","name":"[La D\u00e9p\u00eache] M\u00e9tro : un d\u00e9bat public national pour la 3e ligne - AUTATE","isPartOf":{"@id":"https:\/\/autate.fr\/site\/#website"},"datePublished":"2016-05-06T11:09:51+00:00","dateModified":"2016-08-10T19:12:27+00:00","breadcrumb":{"@id":"https:\/\/autate.fr\/site\/la-depeche-metro-un-debat-public-national-pour-la-3e-ligne\/#breadcrumb"},"inLanguage":"fr-FR","potentialAction":[{"@type":"ReadAction","target":["https:\/\/autate.fr\/site\/la-depeche-metro-un-debat-public-national-pour-la-3e-ligne\/"]}]},{"@type":"BreadcrumbList","@id":"https:\/\/autate.fr\/site\/la-depeche-metro-un-debat-public-national-pour-la-3e-ligne\/#breadcrumb","itemListElement":[{"@type":"ListItem","position":1,"name":"Accueil","item":"https:\/\/autate.fr\/site\/"},{"@type":"ListItem","position":2,"name":"[La D\u00e9p\u00eache] M\u00e9tro : un d\u00e9bat public national pour la 3e ligne"}]},{"@type":"WebSite","@id":"https:\/\/autate.fr\/site\/#website","url":"https:\/\/autate.fr\/site\/","name":"AUTATE","description":"Association des usagers des transports de l&#039;agglom\u00e9ration Toulousaine et de ses environs","publisher":{"@id":"https:\/\/autate.fr\/site\/#organization"},"potentialAction":[{"@type":"SearchAction","target":{"@type":"EntryPoint","urlTemplate":"https:\/\/autate.fr\/site\/?s={search_term_string}"},"query-input":{"@type":"PropertyValueSpecification","valueRequired":true,"valueName":"search_term_string"}}],"inLanguage":"fr-FR"},{"@type":"Organization","@id":"https:\/\/autate.fr\/site\/#organization","name":"AUTATE","url":"https:\/\/autate.fr\/site\/","logo":{"@type":"ImageObject","inLanguage":"fr-FR","@id":"https:\/\/autate.fr\/site\/#\/schema\/logo\/image\/","url":"http:\/\/autate.fr\/site\/wp-content\/uploads\/2019\/01\/logo.png","contentUrl":"http:\/\/autate.fr\/site\/wp-content\/uploads\/2019\/01\/logo.png","width":506,"height":280,"caption":"AUTATE"},"image":{"@id":"https:\/\/autate.fr\/site\/#\/schema\/logo\/image\/"},"sameAs":["https:\/\/www.facebook.com\/AutateToulouse","https:\/\/x.com\/AutateToulouse"]},{"@type":"Person","@id":"https:\/\/autate.fr\/site\/#\/schema\/person\/ae1ab8bdaa7b41d2a9b52d2557ce8254","name":"pascalbarbier","image":{"@type":"ImageObject","inLanguage":"fr-FR","@id":"https:\/\/secure.gravatar.com\/avatar\/03f4e8ced09894b72c67e83142540730d4b3bbf619bf46341b0074e3bf5f08a0?s=96&d=mm&r=g","url":"https:\/\/secure.gravatar.com\/avatar\/03f4e8ced09894b72c67e83142540730d4b3bbf619bf46341b0074e3bf5f08a0?s=96&d=mm&r=g","contentUrl":"https:\/\/secure.gravatar.com\/avatar\/03f4e8ced09894b72c67e83142540730d4b3bbf619bf46341b0074e3bf5f08a0?s=96&d=mm&r=g","caption":"pascalbarbier"},"url":"https:\/\/autate.fr\/site\/author\/pascalbarbier\/"}]}},"_links":{"self":[{"href":"https:\/\/autate.fr\/site\/wp-json\/wp\/v2\/posts\/604","targetHints":{"allow":["GET"]}}],"collection":[{"href":"https:\/\/autate.fr\/site\/wp-json\/wp\/v2\/posts"}],"about":[{"href":"https:\/\/autate.fr\/site\/wp-json\/wp\/v2\/types\/post"}],"author":[{"embeddable":true,"href":"https:\/\/autate.fr\/site\/wp-json\/wp\/v2\/users\/1"}],"replies":[{"embeddable":true,"href":"https:\/\/autate.fr\/site\/wp-json\/wp\/v2\/comments?post=604"}],"version-history":[{"count":1,"href":"https:\/\/autate.fr\/site\/wp-json\/wp\/v2\/posts\/604\/revisions"}],"predecessor-version":[{"id":605,"href":"https:\/\/autate.fr\/site\/wp-json\/wp\/v2\/posts\/604\/revisions\/605"}],"wp:attachment":[{"href":"https:\/\/autate.fr\/site\/wp-json\/wp\/v2\/media?parent=604"}],"wp:term":[{"taxonomy":"category","embeddable":true,"href":"https:\/\/autate.fr\/site\/wp-json\/wp\/v2\/categories?post=604"},{"taxonomy":"post_tag","embeddable":true,"href":"https:\/\/autate.fr\/site\/wp-json\/wp\/v2\/tags?post=604"}],"curies":[{"name":"wp","href":"https:\/\/api.w.org\/{rel}","templated":true}]}}