{"id":602,"date":"2016-05-06T13:05:47","date_gmt":"2016-05-06T11:05:47","guid":{"rendered":"http:\/\/autate.fr\/site\/?p=602"},"modified":"2016-08-10T21:12:37","modified_gmt":"2016-08-10T19:12:37","slug":"actucotetoulouse-troisieme-ligne-de-metro-le-debat-organise-par-la-commission-nationale-du-debat-public","status":"publish","type":"post","link":"https:\/\/autate.fr\/site\/actucotetoulouse-troisieme-ligne-de-metro-le-debat-organise-par-la-commission-nationale-du-debat-public\/","title":{"rendered":"[ActuC\u00f4t\u00e9Toulouse] Troisi\u00e8me ligne de m\u00e9tro : le d\u00e9bat organis\u00e9 par la Commission nationale du d\u00e9bat public"},"content":{"rendered":"<p><span class=\"small\">Un article de David St Sernin publi\u00e9 le\u00a0 05\/05\/2016<\/span><\/p>\n<h2 class=\"bigger mts mbs\" data-role=\"chapo\">Mercredi 4 mai, la commission nationale du d\u00e9bat public, saisie par Jean-Luc Moudenc et Jean-Michel Lattes, a annonc\u00e9 qu&rsquo;elle allait organiser le d\u00e9bat sur la 3e ligne de m\u00e9tro.<\/h2>\n<p><!--more--><\/p>\n<p>\u00c0 l\u2019automne 2016, suite \u00e0 la pr\u00e9sentation du financement de la troisi\u00e8me ligne avant l\u2019\u00e9t\u00e9, aura lieu un grand d\u00e9bat public sur la troisi\u00e8me ligne de m\u00e9tro \u00e0 Toulouse.<\/p>\n<p>Auditionn\u00e9s \u00e0 Paris mercredi 4 mai, Jean-Luc Moudenc, pr\u00e9sident de Toulouse M\u00e9tropole, et Jean-Michel Lattes, pr\u00e9sident de Tiss\u00e9o, ont obtenu que ce d\u00e9bat soit organis\u00e9 localement par la Commission nationale du d\u00e9bat public (CNDP).<\/p>\n<h3>Informer les citoyens et prendre en compte tous les points de vue<\/h3>\n<p>Saisie par Toulouse M\u00e9tropole en f\u00e9vrier 2016, \u00ab\u00a0cette autorit\u00e9 administrative ind\u00e9pendante a pour mission d\u2019informer les citoyens et de faire en sorte que leur point de vue soit pris en compte dans le processus de d\u00e9cision \u00bb, rappelle le site internet de la Commission dont le r\u00f4le est de permettre la participation des citoyens, de l\u2019organiser, de d\u00e9signer un garant de la bonne tenue du d\u00e9bat et de permettre la participation du public jusqu\u2019\u00e0 la r\u00e9alisation du projet.<\/p>\n<p><a href=\"http:\/\/actu.cotetoulouse.fr\/troisieme-ligne-de-metro-le-debat-organise-par-la-commission-nationale-du-debat-public_35444\/?utm_source=dlvr.it&amp;utm_medium=twitter&amp;utm_campaign=troisieme-ligne-de-metro-le-debat-organise-par-la-commission-nationale-du-debat-public\">lire la suite<\/a><\/p>\n","protected":false},"excerpt":{"rendered":"<p>Un article de David St Sernin publi\u00e9 le\u00a0 05\/05\/2016 Mercredi 4 mai, la commission nationale du d\u00e9bat public, saisie par Jean-Luc Moudenc et Jean-Michel Lattes, a annonc\u00e9 qu&rsquo;elle allait organiser le d\u00e9bat sur la 3e ligne de m\u00e9tro.<\/p>\n","protected":false},"author":1,"featured_media":0,"comment_status":"open","ping_status":"open","sticky":false,"template":"","format":"standard","meta":{"footnotes":""},"categories":[7],"tags":[172,173,12,52],"class_list":["post-602","post","type-post","status-publish","format-standard","hentry","category-revue-de-presse","tag-3eme-ligne-metro","tag-cndp","tag-metro","tag-tae"],"yoast_head":"<!-- This site is optimized with the Yoast SEO plugin v27.4 - https:\/\/yoast.com\/product\/yoast-seo-wordpress\/ -->\n<title>[ActuC\u00f4t\u00e9Toulouse] Troisi\u00e8me ligne de m\u00e9tro : le d\u00e9bat organis\u00e9 par la Commission nationale du d\u00e9bat public - AUTATE<\/title>\n<meta name=\"robots\" content=\"index, follow, max-snippet:-1, max-image-preview:large, max-video-preview:-1\" \/>\n<link rel=\"canonical\" href=\"https:\/\/autate.fr\/site\/actucotetoulouse-troisieme-ligne-de-metro-le-debat-organise-par-la-commission-nationale-du-debat-public\/\" \/>\n<meta property=\"og:locale\" content=\"fr_FR\" \/>\n<meta property=\"og:type\" content=\"article\" \/>\n<meta property=\"og:title\" content=\"[ActuC\u00f4t\u00e9Toulouse] Troisi\u00e8me ligne de m\u00e9tro : le d\u00e9bat organis\u00e9 par la Commission nationale du d\u00e9bat public - AUTATE\" \/>\n<meta property=\"og:description\" content=\"Un article de David St Sernin publi\u00e9 le\u00a0 05\/05\/2016 Mercredi 4 mai, la commission nationale du d\u00e9bat public, saisie par Jean-Luc Moudenc et Jean-Michel Lattes, a annonc\u00e9 qu&rsquo;elle allait organiser le d\u00e9bat sur la 3e ligne de m\u00e9tro.\" \/>\n<meta property=\"og:url\" content=\"https:\/\/autate.fr\/site\/actucotetoulouse-troisieme-ligne-de-metro-le-debat-organise-par-la-commission-nationale-du-debat-public\/\" \/>\n<meta property=\"og:site_name\" content=\"AUTATE\" \/>\n<meta property=\"article:publisher\" content=\"https:\/\/www.facebook.com\/AutateToulouse\" \/>\n<meta property=\"article:published_time\" content=\"2016-05-06T11:05:47+00:00\" \/>\n<meta property=\"article:modified_time\" content=\"2016-08-10T19:12:37+00:00\" \/>\n<meta name=\"author\" content=\"pascalbarbier\" \/>\n<meta name=\"twitter:card\" content=\"summary_large_image\" \/>\n<meta name=\"twitter:creator\" content=\"@AutateToulouse\" \/>\n<meta name=\"twitter:site\" content=\"@AutateToulouse\" \/>\n<meta name=\"twitter:label1\" content=\"\u00c9crit par\" \/>\n\t<meta name=\"twitter:data1\" content=\"pascalbarbier\" \/>\n\t<meta name=\"twitter:label2\" content=\"Dur\u00e9e de lecture estim\u00e9e\" \/>\n\t<meta name=\"twitter:data2\" content=\"1 minute\" \/>\n<script type=\"application\/ld+json\" class=\"yoast-schema-graph\">{\"@context\":\"https:\\\/\\\/schema.org\",\"@graph\":[{\"@type\":\"Article\",\"@id\":\"https:\\\/\\\/autate.fr\\\/site\\\/actucotetoulouse-troisieme-ligne-de-metro-le-debat-organise-par-la-commission-nationale-du-debat-public\\\/#article\",\"isPartOf\":{\"@id\":\"https:\\\/\\\/autate.fr\\\/site\\\/actucotetoulouse-troisieme-ligne-de-metro-le-debat-organise-par-la-commission-nationale-du-debat-public\\\/\"},\"author\":{\"name\":\"pascalbarbier\",\"@id\":\"https:\\\/\\\/autate.fr\\\/site\\\/#\\\/schema\\\/person\\\/ae1ab8bdaa7b41d2a9b52d2557ce8254\"},\"headline\":\"[ActuC\u00f4t\u00e9Toulouse] Troisi\u00e8me ligne de m\u00e9tro : le d\u00e9bat organis\u00e9 par la Commission nationale du d\u00e9bat public\",\"datePublished\":\"2016-05-06T11:05:47+00:00\",\"dateModified\":\"2016-08-10T19:12:37+00:00\",\"mainEntityOfPage\":{\"@id\":\"https:\\\/\\\/autate.fr\\\/site\\\/actucotetoulouse-troisieme-ligne-de-metro-le-debat-organise-par-la-commission-nationale-du-debat-public\\\/\"},\"wordCount\":232,\"commentCount\":0,\"publisher\":{\"@id\":\"https:\\\/\\\/autate.fr\\\/site\\\/#organization\"},\"keywords\":[\"3\u00e8me ligne m\u00e9tro\",\"CNDP\",\"m\u00e9tro\",\"TAE\"],\"articleSection\":[\"Revue de presse\"],\"inLanguage\":\"fr-FR\",\"potentialAction\":[{\"@type\":\"CommentAction\",\"name\":\"Comment\",\"target\":[\"https:\\\/\\\/autate.fr\\\/site\\\/actucotetoulouse-troisieme-ligne-de-metro-le-debat-organise-par-la-commission-nationale-du-debat-public\\\/#respond\"]}]},{\"@type\":\"WebPage\",\"@id\":\"https:\\\/\\\/autate.fr\\\/site\\\/actucotetoulouse-troisieme-ligne-de-metro-le-debat-organise-par-la-commission-nationale-du-debat-public\\\/\",\"url\":\"https:\\\/\\\/autate.fr\\\/site\\\/actucotetoulouse-troisieme-ligne-de-metro-le-debat-organise-par-la-commission-nationale-du-debat-public\\\/\",\"name\":\"[ActuC\u00f4t\u00e9Toulouse] Troisi\u00e8me ligne de m\u00e9tro : le d\u00e9bat organis\u00e9 par la Commission nationale du d\u00e9bat public - AUTATE\",\"isPartOf\":{\"@id\":\"https:\\\/\\\/autate.fr\\\/site\\\/#website\"},\"datePublished\":\"2016-05-06T11:05:47+00:00\",\"dateModified\":\"2016-08-10T19:12:37+00:00\",\"breadcrumb\":{\"@id\":\"https:\\\/\\\/autate.fr\\\/site\\\/actucotetoulouse-troisieme-ligne-de-metro-le-debat-organise-par-la-commission-nationale-du-debat-public\\\/#breadcrumb\"},\"inLanguage\":\"fr-FR\",\"potentialAction\":[{\"@type\":\"ReadAction\",\"target\":[\"https:\\\/\\\/autate.fr\\\/site\\\/actucotetoulouse-troisieme-ligne-de-metro-le-debat-organise-par-la-commission-nationale-du-debat-public\\\/\"]}]},{\"@type\":\"BreadcrumbList\",\"@id\":\"https:\\\/\\\/autate.fr\\\/site\\\/actucotetoulouse-troisieme-ligne-de-metro-le-debat-organise-par-la-commission-nationale-du-debat-public\\\/#breadcrumb\",\"itemListElement\":[{\"@type\":\"ListItem\",\"position\":1,\"name\":\"Accueil\",\"item\":\"https:\\\/\\\/autate.fr\\\/site\\\/\"},{\"@type\":\"ListItem\",\"position\":2,\"name\":\"[ActuC\u00f4t\u00e9Toulouse] Troisi\u00e8me ligne de m\u00e9tro : le d\u00e9bat organis\u00e9 par la Commission nationale du d\u00e9bat public\"}]},{\"@type\":\"WebSite\",\"@id\":\"https:\\\/\\\/autate.fr\\\/site\\\/#website\",\"url\":\"https:\\\/\\\/autate.fr\\\/site\\\/\",\"name\":\"AUTATE\",\"description\":\"Association des usagers des transports de l&#039;agglom\u00e9ration Toulousaine et de ses environs\",\"publisher\":{\"@id\":\"https:\\\/\\\/autate.fr\\\/site\\\/#organization\"},\"potentialAction\":[{\"@type\":\"SearchAction\",\"target\":{\"@type\":\"EntryPoint\",\"urlTemplate\":\"https:\\\/\\\/autate.fr\\\/site\\\/?s={search_term_string}\"},\"query-input\":{\"@type\":\"PropertyValueSpecification\",\"valueRequired\":true,\"valueName\":\"search_term_string\"}}],\"inLanguage\":\"fr-FR\"},{\"@type\":\"Organization\",\"@id\":\"https:\\\/\\\/autate.fr\\\/site\\\/#organization\",\"name\":\"AUTATE\",\"url\":\"https:\\\/\\\/autate.fr\\\/site\\\/\",\"logo\":{\"@type\":\"ImageObject\",\"inLanguage\":\"fr-FR\",\"@id\":\"https:\\\/\\\/autate.fr\\\/site\\\/#\\\/schema\\\/logo\\\/image\\\/\",\"url\":\"http:\\\/\\\/autate.fr\\\/site\\\/wp-content\\\/uploads\\\/2019\\\/01\\\/logo.png\",\"contentUrl\":\"http:\\\/\\\/autate.fr\\\/site\\\/wp-content\\\/uploads\\\/2019\\\/01\\\/logo.png\",\"width\":506,\"height\":280,\"caption\":\"AUTATE\"},\"image\":{\"@id\":\"https:\\\/\\\/autate.fr\\\/site\\\/#\\\/schema\\\/logo\\\/image\\\/\"},\"sameAs\":[\"https:\\\/\\\/www.facebook.com\\\/AutateToulouse\",\"https:\\\/\\\/x.com\\\/AutateToulouse\"]},{\"@type\":\"Person\",\"@id\":\"https:\\\/\\\/autate.fr\\\/site\\\/#\\\/schema\\\/person\\\/ae1ab8bdaa7b41d2a9b52d2557ce8254\",\"name\":\"pascalbarbier\",\"image\":{\"@type\":\"ImageObject\",\"inLanguage\":\"fr-FR\",\"@id\":\"https:\\\/\\\/secure.gravatar.com\\\/avatar\\\/03f4e8ced09894b72c67e83142540730d4b3bbf619bf46341b0074e3bf5f08a0?s=96&d=mm&r=g\",\"url\":\"https:\\\/\\\/secure.gravatar.com\\\/avatar\\\/03f4e8ced09894b72c67e83142540730d4b3bbf619bf46341b0074e3bf5f08a0?s=96&d=mm&r=g\",\"contentUrl\":\"https:\\\/\\\/secure.gravatar.com\\\/avatar\\\/03f4e8ced09894b72c67e83142540730d4b3bbf619bf46341b0074e3bf5f08a0?s=96&d=mm&r=g\",\"caption\":\"pascalbarbier\"},\"url\":\"https:\\\/\\\/autate.fr\\\/site\\\/author\\\/pascalbarbier\\\/\"}]}<\/script>\n<!-- \/ Yoast SEO plugin. -->","yoast_head_json":{"title":"[ActuC\u00f4t\u00e9Toulouse] Troisi\u00e8me ligne de m\u00e9tro : le d\u00e9bat organis\u00e9 par la Commission nationale du d\u00e9bat public - AUTATE","robots":{"index":"index","follow":"follow","max-snippet":"max-snippet:-1","max-image-preview":"max-image-preview:large","max-video-preview":"max-video-preview:-1"},"canonical":"https:\/\/autate.fr\/site\/actucotetoulouse-troisieme-ligne-de-metro-le-debat-organise-par-la-commission-nationale-du-debat-public\/","og_locale":"fr_FR","og_type":"article","og_title":"[ActuC\u00f4t\u00e9Toulouse] Troisi\u00e8me ligne de m\u00e9tro : le d\u00e9bat organis\u00e9 par la Commission nationale du d\u00e9bat public - AUTATE","og_description":"Un article de David St Sernin publi\u00e9 le\u00a0 05\/05\/2016 Mercredi 4 mai, la commission nationale du d\u00e9bat public, saisie par Jean-Luc Moudenc et Jean-Michel Lattes, a annonc\u00e9 qu&rsquo;elle allait organiser le d\u00e9bat sur la 3e ligne de m\u00e9tro.","og_url":"https:\/\/autate.fr\/site\/actucotetoulouse-troisieme-ligne-de-metro-le-debat-organise-par-la-commission-nationale-du-debat-public\/","og_site_name":"AUTATE","article_publisher":"https:\/\/www.facebook.com\/AutateToulouse","article_published_time":"2016-05-06T11:05:47+00:00","article_modified_time":"2016-08-10T19:12:37+00:00","author":"pascalbarbier","twitter_card":"summary_large_image","twitter_creator":"@AutateToulouse","twitter_site":"@AutateToulouse","twitter_misc":{"\u00c9crit par":"pascalbarbier","Dur\u00e9e de lecture estim\u00e9e":"1 minute"},"schema":{"@context":"https:\/\/schema.org","@graph":[{"@type":"Article","@id":"https:\/\/autate.fr\/site\/actucotetoulouse-troisieme-ligne-de-metro-le-debat-organise-par-la-commission-nationale-du-debat-public\/#article","isPartOf":{"@id":"https:\/\/autate.fr\/site\/actucotetoulouse-troisieme-ligne-de-metro-le-debat-organise-par-la-commission-nationale-du-debat-public\/"},"author":{"name":"pascalbarbier","@id":"https:\/\/autate.fr\/site\/#\/schema\/person\/ae1ab8bdaa7b41d2a9b52d2557ce8254"},"headline":"[ActuC\u00f4t\u00e9Toulouse] Troisi\u00e8me ligne de m\u00e9tro : le d\u00e9bat organis\u00e9 par la Commission nationale du d\u00e9bat public","datePublished":"2016-05-06T11:05:47+00:00","dateModified":"2016-08-10T19:12:37+00:00","mainEntityOfPage":{"@id":"https:\/\/autate.fr\/site\/actucotetoulouse-troisieme-ligne-de-metro-le-debat-organise-par-la-commission-nationale-du-debat-public\/"},"wordCount":232,"commentCount":0,"publisher":{"@id":"https:\/\/autate.fr\/site\/#organization"},"keywords":["3\u00e8me ligne m\u00e9tro","CNDP","m\u00e9tro","TAE"],"articleSection":["Revue de presse"],"inLanguage":"fr-FR","potentialAction":[{"@type":"CommentAction","name":"Comment","target":["https:\/\/autate.fr\/site\/actucotetoulouse-troisieme-ligne-de-metro-le-debat-organise-par-la-commission-nationale-du-debat-public\/#respond"]}]},{"@type":"WebPage","@id":"https:\/\/autate.fr\/site\/actucotetoulouse-troisieme-ligne-de-metro-le-debat-organise-par-la-commission-nationale-du-debat-public\/","url":"https:\/\/autate.fr\/site\/actucotetoulouse-troisieme-ligne-de-metro-le-debat-organise-par-la-commission-nationale-du-debat-public\/","name":"[ActuC\u00f4t\u00e9Toulouse] Troisi\u00e8me ligne de m\u00e9tro : le d\u00e9bat organis\u00e9 par la Commission nationale du d\u00e9bat public - AUTATE","isPartOf":{"@id":"https:\/\/autate.fr\/site\/#website"},"datePublished":"2016-05-06T11:05:47+00:00","dateModified":"2016-08-10T19:12:37+00:00","breadcrumb":{"@id":"https:\/\/autate.fr\/site\/actucotetoulouse-troisieme-ligne-de-metro-le-debat-organise-par-la-commission-nationale-du-debat-public\/#breadcrumb"},"inLanguage":"fr-FR","potentialAction":[{"@type":"ReadAction","target":["https:\/\/autate.fr\/site\/actucotetoulouse-troisieme-ligne-de-metro-le-debat-organise-par-la-commission-nationale-du-debat-public\/"]}]},{"@type":"BreadcrumbList","@id":"https:\/\/autate.fr\/site\/actucotetoulouse-troisieme-ligne-de-metro-le-debat-organise-par-la-commission-nationale-du-debat-public\/#breadcrumb","itemListElement":[{"@type":"ListItem","position":1,"name":"Accueil","item":"https:\/\/autate.fr\/site\/"},{"@type":"ListItem","position":2,"name":"[ActuC\u00f4t\u00e9Toulouse] Troisi\u00e8me ligne de m\u00e9tro : le d\u00e9bat organis\u00e9 par la Commission nationale du d\u00e9bat public"}]},{"@type":"WebSite","@id":"https:\/\/autate.fr\/site\/#website","url":"https:\/\/autate.fr\/site\/","name":"AUTATE","description":"Association des usagers des transports de l&#039;agglom\u00e9ration Toulousaine et de ses environs","publisher":{"@id":"https:\/\/autate.fr\/site\/#organization"},"potentialAction":[{"@type":"SearchAction","target":{"@type":"EntryPoint","urlTemplate":"https:\/\/autate.fr\/site\/?s={search_term_string}"},"query-input":{"@type":"PropertyValueSpecification","valueRequired":true,"valueName":"search_term_string"}}],"inLanguage":"fr-FR"},{"@type":"Organization","@id":"https:\/\/autate.fr\/site\/#organization","name":"AUTATE","url":"https:\/\/autate.fr\/site\/","logo":{"@type":"ImageObject","inLanguage":"fr-FR","@id":"https:\/\/autate.fr\/site\/#\/schema\/logo\/image\/","url":"http:\/\/autate.fr\/site\/wp-content\/uploads\/2019\/01\/logo.png","contentUrl":"http:\/\/autate.fr\/site\/wp-content\/uploads\/2019\/01\/logo.png","width":506,"height":280,"caption":"AUTATE"},"image":{"@id":"https:\/\/autate.fr\/site\/#\/schema\/logo\/image\/"},"sameAs":["https:\/\/www.facebook.com\/AutateToulouse","https:\/\/x.com\/AutateToulouse"]},{"@type":"Person","@id":"https:\/\/autate.fr\/site\/#\/schema\/person\/ae1ab8bdaa7b41d2a9b52d2557ce8254","name":"pascalbarbier","image":{"@type":"ImageObject","inLanguage":"fr-FR","@id":"https:\/\/secure.gravatar.com\/avatar\/03f4e8ced09894b72c67e83142540730d4b3bbf619bf46341b0074e3bf5f08a0?s=96&d=mm&r=g","url":"https:\/\/secure.gravatar.com\/avatar\/03f4e8ced09894b72c67e83142540730d4b3bbf619bf46341b0074e3bf5f08a0?s=96&d=mm&r=g","contentUrl":"https:\/\/secure.gravatar.com\/avatar\/03f4e8ced09894b72c67e83142540730d4b3bbf619bf46341b0074e3bf5f08a0?s=96&d=mm&r=g","caption":"pascalbarbier"},"url":"https:\/\/autate.fr\/site\/author\/pascalbarbier\/"}]}},"_links":{"self":[{"href":"https:\/\/autate.fr\/site\/wp-json\/wp\/v2\/posts\/602","targetHints":{"allow":["GET"]}}],"collection":[{"href":"https:\/\/autate.fr\/site\/wp-json\/wp\/v2\/posts"}],"about":[{"href":"https:\/\/autate.fr\/site\/wp-json\/wp\/v2\/types\/post"}],"author":[{"embeddable":true,"href":"https:\/\/autate.fr\/site\/wp-json\/wp\/v2\/users\/1"}],"replies":[{"embeddable":true,"href":"https:\/\/autate.fr\/site\/wp-json\/wp\/v2\/comments?post=602"}],"version-history":[{"count":1,"href":"https:\/\/autate.fr\/site\/wp-json\/wp\/v2\/posts\/602\/revisions"}],"predecessor-version":[{"id":603,"href":"https:\/\/autate.fr\/site\/wp-json\/wp\/v2\/posts\/602\/revisions\/603"}],"wp:attachment":[{"href":"https:\/\/autate.fr\/site\/wp-json\/wp\/v2\/media?parent=602"}],"wp:term":[{"taxonomy":"category","embeddable":true,"href":"https:\/\/autate.fr\/site\/wp-json\/wp\/v2\/categories?post=602"},{"taxonomy":"post_tag","embeddable":true,"href":"https:\/\/autate.fr\/site\/wp-json\/wp\/v2\/tags?post=602"}],"curies":[{"name":"wp","href":"https:\/\/api.w.org\/{rel}","templated":true}]}}