{"id":60,"date":"2015-11-27T23:21:06","date_gmt":"2015-11-27T22:21:06","guid":{"rendered":"http:\/\/autate.fr\/site\/?p=60"},"modified":"2015-12-26T15:11:43","modified_gmt":"2015-12-26T14:11:43","slug":"actu-cote-toulouse-les-travaux-preparatoires-pour-doubler-la-capacite-des-rames-de-la-ligne-a-ont-debute","status":"publish","type":"post","link":"https:\/\/autate.fr\/site\/actu-cote-toulouse-les-travaux-preparatoires-pour-doubler-la-capacite-des-rames-de-la-ligne-a-ont-debute\/","title":{"rendered":"[Actu Cot\u00e9 Toulouse] Les travaux pr\u00e9paratoires pour doubler la capacit\u00e9 des rames de la ligne A ont d\u00e9but\u00e9"},"content":{"rendered":"<h2 class=\"bigger mts mbs\" data-role=\"chapo\">En 2019 \u00e0 Toulouse, la ligne A du m\u00e9tro verra sa capacit\u00e9 doubler avec le passage \u00e0 52 m\u00e8tres des quais de toutes les stations. Les travaux pr\u00e9paratoires sont lanc\u00e9s.<\/h2>\n<p>Ce ne sont que des travaux pr\u00e9paratoires mais ils lancent de fa\u00e7on concr\u00e8te le chantier d\u2019allongement des quais de la ligne A du m\u00e9tro toulousain, chantier qui doit permettre de doubler le nombre de rames en circulation sur la ligne \u00e0 partir de septembre \u00a02019.<\/p>\n<h3>Une foreuse \u00e0 Patte d\u2019Oie, Mermoz et Fontaine Lestang<\/h3>\n<p>Apr\u00e8s avoir inspect\u00e9 le sol pr\u00e8s de la station Patte d\u2019Oie, un imposant engin de forage s\u2019installe jeudi 26 novembre 2015 \u00e0 la station Mermoz. Comme \u00e0 Patte d\u2019Oie, il va creuser \u00e0 16 m\u00e8tres de profondeur, quasiment \u00e0 l\u2019endroit o\u00f9 la terre sera excav\u00e9e lors des travaux effectifs. Via ce forage, il va s\u2019agir d\u2019identifier la nature des terrains qui vont \u00eatre creus\u00e9s lors de l\u2019allongement des quais \u00e0 52 m\u00e8tres de trois stations souterraines : Patte d\u2019Oie, Mermoz et Fontaine Lestang.<\/p>\n<p><a href=\"http:\/\/actu.cotetoulouse.fr\/toulouse-metro-ligne-a-travaux-preparatoires-capacite-double_24174\/\">lire la suite sur Actu Cot\u00e9 Toulouse<\/a><\/p>\n<p>(photo d&rsquo;illustration Tiss\u00e9o)<\/p>\n","protected":false},"excerpt":{"rendered":"<p>En 2019 \u00e0 Toulouse, la ligne A du m\u00e9tro verra sa capacit\u00e9 doubler avec le passage \u00e0 52 m\u00e8tres des quais de toutes les stations. Les travaux pr\u00e9paratoires sont lanc\u00e9s. Ce ne sont que des travaux pr\u00e9paratoires mais ils lancent de fa\u00e7on concr\u00e8te le chantier d\u2019allongement des quais de la ligne A du m\u00e9tro toulousain,<\/p>\n<p class=\"more-link\"><a href=\"https:\/\/autate.fr\/site\/actu-cote-toulouse-les-travaux-preparatoires-pour-doubler-la-capacite-des-rames-de-la-ligne-a-ont-debute\/\" class=\"themebutton2\">VOIR PLUS<\/a><\/p>\n","protected":false},"author":1,"featured_media":61,"comment_status":"open","ping_status":"open","sticky":false,"template":"","format":"standard","meta":{"footnotes":""},"categories":[7],"tags":[13,12,14,16,15],"class_list":["post-60","post","type-post","status-publish","format-standard","has-post-thumbnail","hentry","category-revue-de-presse","tag-ligne-a","tag-metro","tag-quais","tag-stations","tag-travaux"],"yoast_head":"<!-- This site is optimized with the Yoast SEO plugin v27.4 - https:\/\/yoast.com\/product\/yoast-seo-wordpress\/ -->\n<title>[Actu Cot\u00e9 Toulouse] Les travaux pr\u00e9paratoires pour doubler la capacit\u00e9 des rames de la ligne A ont d\u00e9but\u00e9 - AUTATE<\/title>\n<meta name=\"robots\" content=\"index, follow, max-snippet:-1, max-image-preview:large, max-video-preview:-1\" \/>\n<link rel=\"canonical\" href=\"https:\/\/autate.fr\/site\/actu-cote-toulouse-les-travaux-preparatoires-pour-doubler-la-capacite-des-rames-de-la-ligne-a-ont-debute\/\" \/>\n<meta property=\"og:locale\" content=\"fr_FR\" \/>\n<meta property=\"og:type\" content=\"article\" \/>\n<meta property=\"og:title\" content=\"[Actu Cot\u00e9 Toulouse] Les travaux pr\u00e9paratoires pour doubler la capacit\u00e9 des rames de la ligne A ont d\u00e9but\u00e9 - AUTATE\" \/>\n<meta property=\"og:description\" content=\"En 2019 \u00e0 Toulouse, la ligne A du m\u00e9tro verra sa capacit\u00e9 doubler avec le passage \u00e0 52 m\u00e8tres des quais de toutes les stations. Les travaux pr\u00e9paratoires sont lanc\u00e9s. Ce ne sont que des travaux pr\u00e9paratoires mais ils lancent de fa\u00e7on concr\u00e8te le chantier d\u2019allongement des quais de la ligne A du m\u00e9tro toulousain,VOIR PLUS\" \/>\n<meta property=\"og:url\" content=\"https:\/\/autate.fr\/site\/actu-cote-toulouse-les-travaux-preparatoires-pour-doubler-la-capacite-des-rames-de-la-ligne-a-ont-debute\/\" \/>\n<meta property=\"og:site_name\" content=\"AUTATE\" \/>\n<meta property=\"article:publisher\" content=\"https:\/\/www.facebook.com\/AutateToulouse\" \/>\n<meta property=\"article:published_time\" content=\"2015-11-27T22:21:06+00:00\" \/>\n<meta property=\"article:modified_time\" content=\"2015-12-26T14:11:43+00:00\" \/>\n<meta property=\"og:image\" content=\"https:\/\/autate.fr\/site\/wp-content\/uploads\/2015\/12\/quailigneA-tisseo-630x0.jpg\" \/>\n\t<meta property=\"og:image:width\" content=\"630\" \/>\n\t<meta property=\"og:image:height\" content=\"420\" \/>\n\t<meta property=\"og:image:type\" content=\"image\/jpeg\" \/>\n<meta name=\"author\" content=\"pascalbarbier\" \/>\n<meta name=\"twitter:card\" content=\"summary_large_image\" \/>\n<meta name=\"twitter:creator\" content=\"@AutateToulouse\" \/>\n<meta name=\"twitter:site\" content=\"@AutateToulouse\" \/>\n<meta name=\"twitter:label1\" content=\"\u00c9crit par\" \/>\n\t<meta name=\"twitter:data1\" content=\"pascalbarbier\" \/>\n\t<meta name=\"twitter:label2\" content=\"Dur\u00e9e de lecture estim\u00e9e\" \/>\n\t<meta name=\"twitter:data2\" content=\"1 minute\" \/>\n<script type=\"application\/ld+json\" class=\"yoast-schema-graph\">{\"@context\":\"https:\\\/\\\/schema.org\",\"@graph\":[{\"@type\":\"Article\",\"@id\":\"https:\\\/\\\/autate.fr\\\/site\\\/actu-cote-toulouse-les-travaux-preparatoires-pour-doubler-la-capacite-des-rames-de-la-ligne-a-ont-debute\\\/#article\",\"isPartOf\":{\"@id\":\"https:\\\/\\\/autate.fr\\\/site\\\/actu-cote-toulouse-les-travaux-preparatoires-pour-doubler-la-capacite-des-rames-de-la-ligne-a-ont-debute\\\/\"},\"author\":{\"name\":\"pascalbarbier\",\"@id\":\"https:\\\/\\\/autate.fr\\\/site\\\/#\\\/schema\\\/person\\\/ae1ab8bdaa7b41d2a9b52d2557ce8254\"},\"headline\":\"[Actu Cot\u00e9 Toulouse] Les travaux pr\u00e9paratoires pour doubler la capacit\u00e9 des rames de la ligne A ont d\u00e9but\u00e9\",\"datePublished\":\"2015-11-27T22:21:06+00:00\",\"dateModified\":\"2015-12-26T14:11:43+00:00\",\"mainEntityOfPage\":{\"@id\":\"https:\\\/\\\/autate.fr\\\/site\\\/actu-cote-toulouse-les-travaux-preparatoires-pour-doubler-la-capacite-des-rames-de-la-ligne-a-ont-debute\\\/\"},\"wordCount\":205,\"commentCount\":0,\"publisher\":{\"@id\":\"https:\\\/\\\/autate.fr\\\/site\\\/#organization\"},\"image\":{\"@id\":\"https:\\\/\\\/autate.fr\\\/site\\\/actu-cote-toulouse-les-travaux-preparatoires-pour-doubler-la-capacite-des-rames-de-la-ligne-a-ont-debute\\\/#primaryimage\"},\"thumbnailUrl\":\"https:\\\/\\\/autate.fr\\\/site\\\/wp-content\\\/uploads\\\/2015\\\/12\\\/quailigneA-tisseo-630x0.jpg\",\"keywords\":[\"ligne A\",\"m\u00e9tro\",\"quais\",\"stations\",\"travaux\"],\"articleSection\":[\"Revue de presse\"],\"inLanguage\":\"fr-FR\",\"potentialAction\":[{\"@type\":\"CommentAction\",\"name\":\"Comment\",\"target\":[\"https:\\\/\\\/autate.fr\\\/site\\\/actu-cote-toulouse-les-travaux-preparatoires-pour-doubler-la-capacite-des-rames-de-la-ligne-a-ont-debute\\\/#respond\"]}]},{\"@type\":\"WebPage\",\"@id\":\"https:\\\/\\\/autate.fr\\\/site\\\/actu-cote-toulouse-les-travaux-preparatoires-pour-doubler-la-capacite-des-rames-de-la-ligne-a-ont-debute\\\/\",\"url\":\"https:\\\/\\\/autate.fr\\\/site\\\/actu-cote-toulouse-les-travaux-preparatoires-pour-doubler-la-capacite-des-rames-de-la-ligne-a-ont-debute\\\/\",\"name\":\"[Actu Cot\u00e9 Toulouse] Les travaux pr\u00e9paratoires pour doubler la capacit\u00e9 des rames de la ligne A ont d\u00e9but\u00e9 - AUTATE\",\"isPartOf\":{\"@id\":\"https:\\\/\\\/autate.fr\\\/site\\\/#website\"},\"primaryImageOfPage\":{\"@id\":\"https:\\\/\\\/autate.fr\\\/site\\\/actu-cote-toulouse-les-travaux-preparatoires-pour-doubler-la-capacite-des-rames-de-la-ligne-a-ont-debute\\\/#primaryimage\"},\"image\":{\"@id\":\"https:\\\/\\\/autate.fr\\\/site\\\/actu-cote-toulouse-les-travaux-preparatoires-pour-doubler-la-capacite-des-rames-de-la-ligne-a-ont-debute\\\/#primaryimage\"},\"thumbnailUrl\":\"https:\\\/\\\/autate.fr\\\/site\\\/wp-content\\\/uploads\\\/2015\\\/12\\\/quailigneA-tisseo-630x0.jpg\",\"datePublished\":\"2015-11-27T22:21:06+00:00\",\"dateModified\":\"2015-12-26T14:11:43+00:00\",\"breadcrumb\":{\"@id\":\"https:\\\/\\\/autate.fr\\\/site\\\/actu-cote-toulouse-les-travaux-preparatoires-pour-doubler-la-capacite-des-rames-de-la-ligne-a-ont-debute\\\/#breadcrumb\"},\"inLanguage\":\"fr-FR\",\"potentialAction\":[{\"@type\":\"ReadAction\",\"target\":[\"https:\\\/\\\/autate.fr\\\/site\\\/actu-cote-toulouse-les-travaux-preparatoires-pour-doubler-la-capacite-des-rames-de-la-ligne-a-ont-debute\\\/\"]}]},{\"@type\":\"ImageObject\",\"inLanguage\":\"fr-FR\",\"@id\":\"https:\\\/\\\/autate.fr\\\/site\\\/actu-cote-toulouse-les-travaux-preparatoires-pour-doubler-la-capacite-des-rames-de-la-ligne-a-ont-debute\\\/#primaryimage\",\"url\":\"https:\\\/\\\/autate.fr\\\/site\\\/wp-content\\\/uploads\\\/2015\\\/12\\\/quailigneA-tisseo-630x0.jpg\",\"contentUrl\":\"https:\\\/\\\/autate.fr\\\/site\\\/wp-content\\\/uploads\\\/2015\\\/12\\\/quailigneA-tisseo-630x0.jpg\",\"width\":630,\"height\":420},{\"@type\":\"BreadcrumbList\",\"@id\":\"https:\\\/\\\/autate.fr\\\/site\\\/actu-cote-toulouse-les-travaux-preparatoires-pour-doubler-la-capacite-des-rames-de-la-ligne-a-ont-debute\\\/#breadcrumb\",\"itemListElement\":[{\"@type\":\"ListItem\",\"position\":1,\"name\":\"Accueil\",\"item\":\"https:\\\/\\\/autate.fr\\\/site\\\/\"},{\"@type\":\"ListItem\",\"position\":2,\"name\":\"[Actu Cot\u00e9 Toulouse] Les travaux pr\u00e9paratoires pour doubler la capacit\u00e9 des rames de la ligne A ont d\u00e9but\u00e9\"}]},{\"@type\":\"WebSite\",\"@id\":\"https:\\\/\\\/autate.fr\\\/site\\\/#website\",\"url\":\"https:\\\/\\\/autate.fr\\\/site\\\/\",\"name\":\"AUTATE\",\"description\":\"Association des usagers des transports de l&#039;agglom\u00e9ration Toulousaine et de ses environs\",\"publisher\":{\"@id\":\"https:\\\/\\\/autate.fr\\\/site\\\/#organization\"},\"potentialAction\":[{\"@type\":\"SearchAction\",\"target\":{\"@type\":\"EntryPoint\",\"urlTemplate\":\"https:\\\/\\\/autate.fr\\\/site\\\/?s={search_term_string}\"},\"query-input\":{\"@type\":\"PropertyValueSpecification\",\"valueRequired\":true,\"valueName\":\"search_term_string\"}}],\"inLanguage\":\"fr-FR\"},{\"@type\":\"Organization\",\"@id\":\"https:\\\/\\\/autate.fr\\\/site\\\/#organization\",\"name\":\"AUTATE\",\"url\":\"https:\\\/\\\/autate.fr\\\/site\\\/\",\"logo\":{\"@type\":\"ImageObject\",\"inLanguage\":\"fr-FR\",\"@id\":\"https:\\\/\\\/autate.fr\\\/site\\\/#\\\/schema\\\/logo\\\/image\\\/\",\"url\":\"http:\\\/\\\/autate.fr\\\/site\\\/wp-content\\\/uploads\\\/2019\\\/01\\\/logo.png\",\"contentUrl\":\"http:\\\/\\\/autate.fr\\\/site\\\/wp-content\\\/uploads\\\/2019\\\/01\\\/logo.png\",\"width\":506,\"height\":280,\"caption\":\"AUTATE\"},\"image\":{\"@id\":\"https:\\\/\\\/autate.fr\\\/site\\\/#\\\/schema\\\/logo\\\/image\\\/\"},\"sameAs\":[\"https:\\\/\\\/www.facebook.com\\\/AutateToulouse\",\"https:\\\/\\\/x.com\\\/AutateToulouse\"]},{\"@type\":\"Person\",\"@id\":\"https:\\\/\\\/autate.fr\\\/site\\\/#\\\/schema\\\/person\\\/ae1ab8bdaa7b41d2a9b52d2557ce8254\",\"name\":\"pascalbarbier\",\"image\":{\"@type\":\"ImageObject\",\"inLanguage\":\"fr-FR\",\"@id\":\"https:\\\/\\\/secure.gravatar.com\\\/avatar\\\/03f4e8ced09894b72c67e83142540730d4b3bbf619bf46341b0074e3bf5f08a0?s=96&d=mm&r=g\",\"url\":\"https:\\\/\\\/secure.gravatar.com\\\/avatar\\\/03f4e8ced09894b72c67e83142540730d4b3bbf619bf46341b0074e3bf5f08a0?s=96&d=mm&r=g\",\"contentUrl\":\"https:\\\/\\\/secure.gravatar.com\\\/avatar\\\/03f4e8ced09894b72c67e83142540730d4b3bbf619bf46341b0074e3bf5f08a0?s=96&d=mm&r=g\",\"caption\":\"pascalbarbier\"},\"url\":\"https:\\\/\\\/autate.fr\\\/site\\\/author\\\/pascalbarbier\\\/\"}]}<\/script>\n<!-- \/ Yoast SEO plugin. -->","yoast_head_json":{"title":"[Actu Cot\u00e9 Toulouse] Les travaux pr\u00e9paratoires pour doubler la capacit\u00e9 des rames de la ligne A ont d\u00e9but\u00e9 - AUTATE","robots":{"index":"index","follow":"follow","max-snippet":"max-snippet:-1","max-image-preview":"max-image-preview:large","max-video-preview":"max-video-preview:-1"},"canonical":"https:\/\/autate.fr\/site\/actu-cote-toulouse-les-travaux-preparatoires-pour-doubler-la-capacite-des-rames-de-la-ligne-a-ont-debute\/","og_locale":"fr_FR","og_type":"article","og_title":"[Actu Cot\u00e9 Toulouse] Les travaux pr\u00e9paratoires pour doubler la capacit\u00e9 des rames de la ligne A ont d\u00e9but\u00e9 - AUTATE","og_description":"En 2019 \u00e0 Toulouse, la ligne A du m\u00e9tro verra sa capacit\u00e9 doubler avec le passage \u00e0 52 m\u00e8tres des quais de toutes les stations. Les travaux pr\u00e9paratoires sont lanc\u00e9s. Ce ne sont que des travaux pr\u00e9paratoires mais ils lancent de fa\u00e7on concr\u00e8te le chantier d\u2019allongement des quais de la ligne A du m\u00e9tro toulousain,VOIR PLUS","og_url":"https:\/\/autate.fr\/site\/actu-cote-toulouse-les-travaux-preparatoires-pour-doubler-la-capacite-des-rames-de-la-ligne-a-ont-debute\/","og_site_name":"AUTATE","article_publisher":"https:\/\/www.facebook.com\/AutateToulouse","article_published_time":"2015-11-27T22:21:06+00:00","article_modified_time":"2015-12-26T14:11:43+00:00","og_image":[{"width":630,"height":420,"url":"https:\/\/autate.fr\/site\/wp-content\/uploads\/2015\/12\/quailigneA-tisseo-630x0.jpg","type":"image\/jpeg"}],"author":"pascalbarbier","twitter_card":"summary_large_image","twitter_creator":"@AutateToulouse","twitter_site":"@AutateToulouse","twitter_misc":{"\u00c9crit par":"pascalbarbier","Dur\u00e9e de lecture estim\u00e9e":"1 minute"},"schema":{"@context":"https:\/\/schema.org","@graph":[{"@type":"Article","@id":"https:\/\/autate.fr\/site\/actu-cote-toulouse-les-travaux-preparatoires-pour-doubler-la-capacite-des-rames-de-la-ligne-a-ont-debute\/#article","isPartOf":{"@id":"https:\/\/autate.fr\/site\/actu-cote-toulouse-les-travaux-preparatoires-pour-doubler-la-capacite-des-rames-de-la-ligne-a-ont-debute\/"},"author":{"name":"pascalbarbier","@id":"https:\/\/autate.fr\/site\/#\/schema\/person\/ae1ab8bdaa7b41d2a9b52d2557ce8254"},"headline":"[Actu Cot\u00e9 Toulouse] Les travaux pr\u00e9paratoires pour doubler la capacit\u00e9 des rames de la ligne A ont d\u00e9but\u00e9","datePublished":"2015-11-27T22:21:06+00:00","dateModified":"2015-12-26T14:11:43+00:00","mainEntityOfPage":{"@id":"https:\/\/autate.fr\/site\/actu-cote-toulouse-les-travaux-preparatoires-pour-doubler-la-capacite-des-rames-de-la-ligne-a-ont-debute\/"},"wordCount":205,"commentCount":0,"publisher":{"@id":"https:\/\/autate.fr\/site\/#organization"},"image":{"@id":"https:\/\/autate.fr\/site\/actu-cote-toulouse-les-travaux-preparatoires-pour-doubler-la-capacite-des-rames-de-la-ligne-a-ont-debute\/#primaryimage"},"thumbnailUrl":"https:\/\/autate.fr\/site\/wp-content\/uploads\/2015\/12\/quailigneA-tisseo-630x0.jpg","keywords":["ligne A","m\u00e9tro","quais","stations","travaux"],"articleSection":["Revue de presse"],"inLanguage":"fr-FR","potentialAction":[{"@type":"CommentAction","name":"Comment","target":["https:\/\/autate.fr\/site\/actu-cote-toulouse-les-travaux-preparatoires-pour-doubler-la-capacite-des-rames-de-la-ligne-a-ont-debute\/#respond"]}]},{"@type":"WebPage","@id":"https:\/\/autate.fr\/site\/actu-cote-toulouse-les-travaux-preparatoires-pour-doubler-la-capacite-des-rames-de-la-ligne-a-ont-debute\/","url":"https:\/\/autate.fr\/site\/actu-cote-toulouse-les-travaux-preparatoires-pour-doubler-la-capacite-des-rames-de-la-ligne-a-ont-debute\/","name":"[Actu Cot\u00e9 Toulouse] Les travaux pr\u00e9paratoires pour doubler la capacit\u00e9 des rames de la ligne A ont d\u00e9but\u00e9 - AUTATE","isPartOf":{"@id":"https:\/\/autate.fr\/site\/#website"},"primaryImageOfPage":{"@id":"https:\/\/autate.fr\/site\/actu-cote-toulouse-les-travaux-preparatoires-pour-doubler-la-capacite-des-rames-de-la-ligne-a-ont-debute\/#primaryimage"},"image":{"@id":"https:\/\/autate.fr\/site\/actu-cote-toulouse-les-travaux-preparatoires-pour-doubler-la-capacite-des-rames-de-la-ligne-a-ont-debute\/#primaryimage"},"thumbnailUrl":"https:\/\/autate.fr\/site\/wp-content\/uploads\/2015\/12\/quailigneA-tisseo-630x0.jpg","datePublished":"2015-11-27T22:21:06+00:00","dateModified":"2015-12-26T14:11:43+00:00","breadcrumb":{"@id":"https:\/\/autate.fr\/site\/actu-cote-toulouse-les-travaux-preparatoires-pour-doubler-la-capacite-des-rames-de-la-ligne-a-ont-debute\/#breadcrumb"},"inLanguage":"fr-FR","potentialAction":[{"@type":"ReadAction","target":["https:\/\/autate.fr\/site\/actu-cote-toulouse-les-travaux-preparatoires-pour-doubler-la-capacite-des-rames-de-la-ligne-a-ont-debute\/"]}]},{"@type":"ImageObject","inLanguage":"fr-FR","@id":"https:\/\/autate.fr\/site\/actu-cote-toulouse-les-travaux-preparatoires-pour-doubler-la-capacite-des-rames-de-la-ligne-a-ont-debute\/#primaryimage","url":"https:\/\/autate.fr\/site\/wp-content\/uploads\/2015\/12\/quailigneA-tisseo-630x0.jpg","contentUrl":"https:\/\/autate.fr\/site\/wp-content\/uploads\/2015\/12\/quailigneA-tisseo-630x0.jpg","width":630,"height":420},{"@type":"BreadcrumbList","@id":"https:\/\/autate.fr\/site\/actu-cote-toulouse-les-travaux-preparatoires-pour-doubler-la-capacite-des-rames-de-la-ligne-a-ont-debute\/#breadcrumb","itemListElement":[{"@type":"ListItem","position":1,"name":"Accueil","item":"https:\/\/autate.fr\/site\/"},{"@type":"ListItem","position":2,"name":"[Actu Cot\u00e9 Toulouse] Les travaux pr\u00e9paratoires pour doubler la capacit\u00e9 des rames de la ligne A ont d\u00e9but\u00e9"}]},{"@type":"WebSite","@id":"https:\/\/autate.fr\/site\/#website","url":"https:\/\/autate.fr\/site\/","name":"AUTATE","description":"Association des usagers des transports de l&#039;agglom\u00e9ration Toulousaine et de ses environs","publisher":{"@id":"https:\/\/autate.fr\/site\/#organization"},"potentialAction":[{"@type":"SearchAction","target":{"@type":"EntryPoint","urlTemplate":"https:\/\/autate.fr\/site\/?s={search_term_string}"},"query-input":{"@type":"PropertyValueSpecification","valueRequired":true,"valueName":"search_term_string"}}],"inLanguage":"fr-FR"},{"@type":"Organization","@id":"https:\/\/autate.fr\/site\/#organization","name":"AUTATE","url":"https:\/\/autate.fr\/site\/","logo":{"@type":"ImageObject","inLanguage":"fr-FR","@id":"https:\/\/autate.fr\/site\/#\/schema\/logo\/image\/","url":"http:\/\/autate.fr\/site\/wp-content\/uploads\/2019\/01\/logo.png","contentUrl":"http:\/\/autate.fr\/site\/wp-content\/uploads\/2019\/01\/logo.png","width":506,"height":280,"caption":"AUTATE"},"image":{"@id":"https:\/\/autate.fr\/site\/#\/schema\/logo\/image\/"},"sameAs":["https:\/\/www.facebook.com\/AutateToulouse","https:\/\/x.com\/AutateToulouse"]},{"@type":"Person","@id":"https:\/\/autate.fr\/site\/#\/schema\/person\/ae1ab8bdaa7b41d2a9b52d2557ce8254","name":"pascalbarbier","image":{"@type":"ImageObject","inLanguage":"fr-FR","@id":"https:\/\/secure.gravatar.com\/avatar\/03f4e8ced09894b72c67e83142540730d4b3bbf619bf46341b0074e3bf5f08a0?s=96&d=mm&r=g","url":"https:\/\/secure.gravatar.com\/avatar\/03f4e8ced09894b72c67e83142540730d4b3bbf619bf46341b0074e3bf5f08a0?s=96&d=mm&r=g","contentUrl":"https:\/\/secure.gravatar.com\/avatar\/03f4e8ced09894b72c67e83142540730d4b3bbf619bf46341b0074e3bf5f08a0?s=96&d=mm&r=g","caption":"pascalbarbier"},"url":"https:\/\/autate.fr\/site\/author\/pascalbarbier\/"}]}},"_links":{"self":[{"href":"https:\/\/autate.fr\/site\/wp-json\/wp\/v2\/posts\/60","targetHints":{"allow":["GET"]}}],"collection":[{"href":"https:\/\/autate.fr\/site\/wp-json\/wp\/v2\/posts"}],"about":[{"href":"https:\/\/autate.fr\/site\/wp-json\/wp\/v2\/types\/post"}],"author":[{"embeddable":true,"href":"https:\/\/autate.fr\/site\/wp-json\/wp\/v2\/users\/1"}],"replies":[{"embeddable":true,"href":"https:\/\/autate.fr\/site\/wp-json\/wp\/v2\/comments?post=60"}],"version-history":[{"count":2,"href":"https:\/\/autate.fr\/site\/wp-json\/wp\/v2\/posts\/60\/revisions"}],"predecessor-version":[{"id":126,"href":"https:\/\/autate.fr\/site\/wp-json\/wp\/v2\/posts\/60\/revisions\/126"}],"wp:featuredmedia":[{"embeddable":true,"href":"https:\/\/autate.fr\/site\/wp-json\/wp\/v2\/media\/61"}],"wp:attachment":[{"href":"https:\/\/autate.fr\/site\/wp-json\/wp\/v2\/media?parent=60"}],"wp:term":[{"taxonomy":"category","embeddable":true,"href":"https:\/\/autate.fr\/site\/wp-json\/wp\/v2\/categories?post=60"},{"taxonomy":"post_tag","embeddable":true,"href":"https:\/\/autate.fr\/site\/wp-json\/wp\/v2\/tags?post=60"}],"curies":[{"name":"wp","href":"https:\/\/api.w.org\/{rel}","templated":true}]}}