{"id":542,"date":"2016-05-09T23:07:12","date_gmt":"2016-05-09T21:07:12","guid":{"rendered":"http:\/\/autate.fr\/site\/?p=542"},"modified":"2016-05-10T09:05:25","modified_gmt":"2016-05-10T07:05:25","slug":"reunion-publique-y-a-t-il-un-avenir-pour-les-transports-publics-hors-de-toulouse-centre","status":"publish","type":"post","link":"https:\/\/autate.fr\/site\/reunion-publique-y-a-t-il-un-avenir-pour-les-transports-publics-hors-de-toulouse-centre\/","title":{"rendered":"R\u00e9union publique : Y a-t-il un avenir pour les transports publics hors de Toulouse centre?"},"content":{"rendered":"<p>Lundi 30 mai \u00e0 20h salle San Subra, 2 rue San Subra (m\u00e9tro St Cyprien)<\/p>\n<p><!--more--><\/p>\n<p>L&rsquo;AUTATE : Association des usager-es des transports de l&rsquo;agglom\u00e9ration toulousaine et de ses environs.<\/p>\n<p>D\u00e9bat : Y a -t-il un avenir pour les transports publics hors de Toulouse centre ? Ligne 3, LGV, dette : quelles cons\u00e9quences sur le reste du r\u00e9seau et l&rsquo;agglom\u00e9ration ?<\/p>\n<p><a href=\"https:\/\/autate.fr\/site\/wp-content\/uploads\/2016\/05\/afficheA4_30mai_v3.pdf\">AFFICHE_30_MAI<\/a><\/p>\n","protected":false},"excerpt":{"rendered":"<p>Lundi 30 mai \u00e0 20h salle San Subra, 2 rue San Subra (m\u00e9tro St Cyprien)<\/p>\n","protected":false},"author":1,"featured_media":544,"comment_status":"open","ping_status":"open","sticky":false,"template":"","format":"standard","meta":{"footnotes":""},"categories":[4],"tags":[180,179,137,178,177,52],"class_list":["post-542","post","type-post","status-publish","format-standard","has-post-thumbnail","hentry","category-actualite-association","tag-agglomeration","tag-dette","tag-lgv","tag-ligne-3","tag-reunion-publique","tag-tae"],"yoast_head":"<!-- This site is optimized with the Yoast SEO plugin v27.4 - https:\/\/yoast.com\/product\/yoast-seo-wordpress\/ -->\n<title>R\u00e9union publique : Y a-t-il un avenir pour les transports publics hors de Toulouse centre? - AUTATE<\/title>\n<meta name=\"robots\" content=\"index, follow, max-snippet:-1, max-image-preview:large, max-video-preview:-1\" \/>\n<link rel=\"canonical\" href=\"https:\/\/autate.fr\/site\/reunion-publique-y-a-t-il-un-avenir-pour-les-transports-publics-hors-de-toulouse-centre\/\" \/>\n<meta property=\"og:locale\" content=\"fr_FR\" \/>\n<meta property=\"og:type\" content=\"article\" \/>\n<meta property=\"og:title\" content=\"R\u00e9union publique : Y a-t-il un avenir pour les transports publics hors de Toulouse centre? - AUTATE\" \/>\n<meta property=\"og:description\" content=\"Lundi 30 mai \u00e0 20h salle San Subra, 2 rue San Subra (m\u00e9tro St Cyprien)\" \/>\n<meta property=\"og:url\" content=\"https:\/\/autate.fr\/site\/reunion-publique-y-a-t-il-un-avenir-pour-les-transports-publics-hors-de-toulouse-centre\/\" \/>\n<meta property=\"og:site_name\" content=\"AUTATE\" \/>\n<meta property=\"article:publisher\" content=\"https:\/\/www.facebook.com\/AutateToulouse\" \/>\n<meta property=\"article:published_time\" content=\"2016-05-09T21:07:12+00:00\" \/>\n<meta property=\"article:modified_time\" content=\"2016-05-10T07:05:25+00:00\" \/>\n<meta property=\"og:image\" content=\"https:\/\/autate.fr\/site\/wp-content\/uploads\/2016\/05\/AUTATE_30_mai.jpg\" \/>\n\t<meta property=\"og:image:width\" content=\"904\" \/>\n\t<meta property=\"og:image:height\" content=\"643\" \/>\n\t<meta property=\"og:image:type\" content=\"image\/jpeg\" \/>\n<meta name=\"author\" content=\"pascalbarbier\" \/>\n<meta name=\"twitter:card\" content=\"summary_large_image\" \/>\n<meta name=\"twitter:creator\" content=\"@AutateToulouse\" \/>\n<meta name=\"twitter:site\" content=\"@AutateToulouse\" \/>\n<meta name=\"twitter:label1\" content=\"\u00c9crit par\" \/>\n\t<meta name=\"twitter:data1\" content=\"pascalbarbier\" \/>\n<script type=\"application\/ld+json\" class=\"yoast-schema-graph\">{\"@context\":\"https:\\\/\\\/schema.org\",\"@graph\":[{\"@type\":\"Article\",\"@id\":\"https:\\\/\\\/autate.fr\\\/site\\\/reunion-publique-y-a-t-il-un-avenir-pour-les-transports-publics-hors-de-toulouse-centre\\\/#article\",\"isPartOf\":{\"@id\":\"https:\\\/\\\/autate.fr\\\/site\\\/reunion-publique-y-a-t-il-un-avenir-pour-les-transports-publics-hors-de-toulouse-centre\\\/\"},\"author\":{\"name\":\"pascalbarbier\",\"@id\":\"https:\\\/\\\/autate.fr\\\/site\\\/#\\\/schema\\\/person\\\/ae1ab8bdaa7b41d2a9b52d2557ce8254\"},\"headline\":\"R\u00e9union publique : Y a-t-il un avenir pour les transports publics hors de Toulouse centre?\",\"datePublished\":\"2016-05-09T21:07:12+00:00\",\"dateModified\":\"2016-05-10T07:05:25+00:00\",\"mainEntityOfPage\":{\"@id\":\"https:\\\/\\\/autate.fr\\\/site\\\/reunion-publique-y-a-t-il-un-avenir-pour-les-transports-publics-hors-de-toulouse-centre\\\/\"},\"wordCount\":74,\"commentCount\":0,\"publisher\":{\"@id\":\"https:\\\/\\\/autate.fr\\\/site\\\/#organization\"},\"image\":{\"@id\":\"https:\\\/\\\/autate.fr\\\/site\\\/reunion-publique-y-a-t-il-un-avenir-pour-les-transports-publics-hors-de-toulouse-centre\\\/#primaryimage\"},\"thumbnailUrl\":\"https:\\\/\\\/autate.fr\\\/site\\\/wp-content\\\/uploads\\\/2016\\\/05\\\/AUTATE_30_mai.jpg\",\"keywords\":[\"agglom\u00e9ration\",\"dette\",\"LGV\",\"ligne 3\",\"r\u00e9union publique\",\"TAE\"],\"articleSection\":[\"Actualit\u00e9s-AUTATE\"],\"inLanguage\":\"fr-FR\",\"potentialAction\":[{\"@type\":\"CommentAction\",\"name\":\"Comment\",\"target\":[\"https:\\\/\\\/autate.fr\\\/site\\\/reunion-publique-y-a-t-il-un-avenir-pour-les-transports-publics-hors-de-toulouse-centre\\\/#respond\"]}]},{\"@type\":\"WebPage\",\"@id\":\"https:\\\/\\\/autate.fr\\\/site\\\/reunion-publique-y-a-t-il-un-avenir-pour-les-transports-publics-hors-de-toulouse-centre\\\/\",\"url\":\"https:\\\/\\\/autate.fr\\\/site\\\/reunion-publique-y-a-t-il-un-avenir-pour-les-transports-publics-hors-de-toulouse-centre\\\/\",\"name\":\"R\u00e9union publique : Y a-t-il un avenir pour les transports publics hors de Toulouse centre? - AUTATE\",\"isPartOf\":{\"@id\":\"https:\\\/\\\/autate.fr\\\/site\\\/#website\"},\"primaryImageOfPage\":{\"@id\":\"https:\\\/\\\/autate.fr\\\/site\\\/reunion-publique-y-a-t-il-un-avenir-pour-les-transports-publics-hors-de-toulouse-centre\\\/#primaryimage\"},\"image\":{\"@id\":\"https:\\\/\\\/autate.fr\\\/site\\\/reunion-publique-y-a-t-il-un-avenir-pour-les-transports-publics-hors-de-toulouse-centre\\\/#primaryimage\"},\"thumbnailUrl\":\"https:\\\/\\\/autate.fr\\\/site\\\/wp-content\\\/uploads\\\/2016\\\/05\\\/AUTATE_30_mai.jpg\",\"datePublished\":\"2016-05-09T21:07:12+00:00\",\"dateModified\":\"2016-05-10T07:05:25+00:00\",\"breadcrumb\":{\"@id\":\"https:\\\/\\\/autate.fr\\\/site\\\/reunion-publique-y-a-t-il-un-avenir-pour-les-transports-publics-hors-de-toulouse-centre\\\/#breadcrumb\"},\"inLanguage\":\"fr-FR\",\"potentialAction\":[{\"@type\":\"ReadAction\",\"target\":[\"https:\\\/\\\/autate.fr\\\/site\\\/reunion-publique-y-a-t-il-un-avenir-pour-les-transports-publics-hors-de-toulouse-centre\\\/\"]}]},{\"@type\":\"ImageObject\",\"inLanguage\":\"fr-FR\",\"@id\":\"https:\\\/\\\/autate.fr\\\/site\\\/reunion-publique-y-a-t-il-un-avenir-pour-les-transports-publics-hors-de-toulouse-centre\\\/#primaryimage\",\"url\":\"https:\\\/\\\/autate.fr\\\/site\\\/wp-content\\\/uploads\\\/2016\\\/05\\\/AUTATE_30_mai.jpg\",\"contentUrl\":\"https:\\\/\\\/autate.fr\\\/site\\\/wp-content\\\/uploads\\\/2016\\\/05\\\/AUTATE_30_mai.jpg\",\"width\":904,\"height\":643},{\"@type\":\"BreadcrumbList\",\"@id\":\"https:\\\/\\\/autate.fr\\\/site\\\/reunion-publique-y-a-t-il-un-avenir-pour-les-transports-publics-hors-de-toulouse-centre\\\/#breadcrumb\",\"itemListElement\":[{\"@type\":\"ListItem\",\"position\":1,\"name\":\"Accueil\",\"item\":\"https:\\\/\\\/autate.fr\\\/site\\\/\"},{\"@type\":\"ListItem\",\"position\":2,\"name\":\"R\u00e9union publique : Y a-t-il un avenir pour les transports publics hors de Toulouse centre?\"}]},{\"@type\":\"WebSite\",\"@id\":\"https:\\\/\\\/autate.fr\\\/site\\\/#website\",\"url\":\"https:\\\/\\\/autate.fr\\\/site\\\/\",\"name\":\"AUTATE\",\"description\":\"Association des usagers des transports de l&#039;agglom\u00e9ration Toulousaine et de ses environs\",\"publisher\":{\"@id\":\"https:\\\/\\\/autate.fr\\\/site\\\/#organization\"},\"potentialAction\":[{\"@type\":\"SearchAction\",\"target\":{\"@type\":\"EntryPoint\",\"urlTemplate\":\"https:\\\/\\\/autate.fr\\\/site\\\/?s={search_term_string}\"},\"query-input\":{\"@type\":\"PropertyValueSpecification\",\"valueRequired\":true,\"valueName\":\"search_term_string\"}}],\"inLanguage\":\"fr-FR\"},{\"@type\":\"Organization\",\"@id\":\"https:\\\/\\\/autate.fr\\\/site\\\/#organization\",\"name\":\"AUTATE\",\"url\":\"https:\\\/\\\/autate.fr\\\/site\\\/\",\"logo\":{\"@type\":\"ImageObject\",\"inLanguage\":\"fr-FR\",\"@id\":\"https:\\\/\\\/autate.fr\\\/site\\\/#\\\/schema\\\/logo\\\/image\\\/\",\"url\":\"http:\\\/\\\/autate.fr\\\/site\\\/wp-content\\\/uploads\\\/2019\\\/01\\\/logo.png\",\"contentUrl\":\"http:\\\/\\\/autate.fr\\\/site\\\/wp-content\\\/uploads\\\/2019\\\/01\\\/logo.png\",\"width\":506,\"height\":280,\"caption\":\"AUTATE\"},\"image\":{\"@id\":\"https:\\\/\\\/autate.fr\\\/site\\\/#\\\/schema\\\/logo\\\/image\\\/\"},\"sameAs\":[\"https:\\\/\\\/www.facebook.com\\\/AutateToulouse\",\"https:\\\/\\\/x.com\\\/AutateToulouse\"]},{\"@type\":\"Person\",\"@id\":\"https:\\\/\\\/autate.fr\\\/site\\\/#\\\/schema\\\/person\\\/ae1ab8bdaa7b41d2a9b52d2557ce8254\",\"name\":\"pascalbarbier\",\"image\":{\"@type\":\"ImageObject\",\"inLanguage\":\"fr-FR\",\"@id\":\"https:\\\/\\\/secure.gravatar.com\\\/avatar\\\/03f4e8ced09894b72c67e83142540730d4b3bbf619bf46341b0074e3bf5f08a0?s=96&d=mm&r=g\",\"url\":\"https:\\\/\\\/secure.gravatar.com\\\/avatar\\\/03f4e8ced09894b72c67e83142540730d4b3bbf619bf46341b0074e3bf5f08a0?s=96&d=mm&r=g\",\"contentUrl\":\"https:\\\/\\\/secure.gravatar.com\\\/avatar\\\/03f4e8ced09894b72c67e83142540730d4b3bbf619bf46341b0074e3bf5f08a0?s=96&d=mm&r=g\",\"caption\":\"pascalbarbier\"},\"url\":\"https:\\\/\\\/autate.fr\\\/site\\\/author\\\/pascalbarbier\\\/\"}]}<\/script>\n<!-- \/ Yoast SEO plugin. -->","yoast_head_json":{"title":"R\u00e9union publique : Y a-t-il un avenir pour les transports publics hors de Toulouse centre? - AUTATE","robots":{"index":"index","follow":"follow","max-snippet":"max-snippet:-1","max-image-preview":"max-image-preview:large","max-video-preview":"max-video-preview:-1"},"canonical":"https:\/\/autate.fr\/site\/reunion-publique-y-a-t-il-un-avenir-pour-les-transports-publics-hors-de-toulouse-centre\/","og_locale":"fr_FR","og_type":"article","og_title":"R\u00e9union publique : Y a-t-il un avenir pour les transports publics hors de Toulouse centre? - AUTATE","og_description":"Lundi 30 mai \u00e0 20h salle San Subra, 2 rue San Subra (m\u00e9tro St Cyprien)","og_url":"https:\/\/autate.fr\/site\/reunion-publique-y-a-t-il-un-avenir-pour-les-transports-publics-hors-de-toulouse-centre\/","og_site_name":"AUTATE","article_publisher":"https:\/\/www.facebook.com\/AutateToulouse","article_published_time":"2016-05-09T21:07:12+00:00","article_modified_time":"2016-05-10T07:05:25+00:00","og_image":[{"width":904,"height":643,"url":"https:\/\/autate.fr\/site\/wp-content\/uploads\/2016\/05\/AUTATE_30_mai.jpg","type":"image\/jpeg"}],"author":"pascalbarbier","twitter_card":"summary_large_image","twitter_creator":"@AutateToulouse","twitter_site":"@AutateToulouse","twitter_misc":{"\u00c9crit par":"pascalbarbier"},"schema":{"@context":"https:\/\/schema.org","@graph":[{"@type":"Article","@id":"https:\/\/autate.fr\/site\/reunion-publique-y-a-t-il-un-avenir-pour-les-transports-publics-hors-de-toulouse-centre\/#article","isPartOf":{"@id":"https:\/\/autate.fr\/site\/reunion-publique-y-a-t-il-un-avenir-pour-les-transports-publics-hors-de-toulouse-centre\/"},"author":{"name":"pascalbarbier","@id":"https:\/\/autate.fr\/site\/#\/schema\/person\/ae1ab8bdaa7b41d2a9b52d2557ce8254"},"headline":"R\u00e9union publique : Y a-t-il un avenir pour les transports publics hors de Toulouse centre?","datePublished":"2016-05-09T21:07:12+00:00","dateModified":"2016-05-10T07:05:25+00:00","mainEntityOfPage":{"@id":"https:\/\/autate.fr\/site\/reunion-publique-y-a-t-il-un-avenir-pour-les-transports-publics-hors-de-toulouse-centre\/"},"wordCount":74,"commentCount":0,"publisher":{"@id":"https:\/\/autate.fr\/site\/#organization"},"image":{"@id":"https:\/\/autate.fr\/site\/reunion-publique-y-a-t-il-un-avenir-pour-les-transports-publics-hors-de-toulouse-centre\/#primaryimage"},"thumbnailUrl":"https:\/\/autate.fr\/site\/wp-content\/uploads\/2016\/05\/AUTATE_30_mai.jpg","keywords":["agglom\u00e9ration","dette","LGV","ligne 3","r\u00e9union publique","TAE"],"articleSection":["Actualit\u00e9s-AUTATE"],"inLanguage":"fr-FR","potentialAction":[{"@type":"CommentAction","name":"Comment","target":["https:\/\/autate.fr\/site\/reunion-publique-y-a-t-il-un-avenir-pour-les-transports-publics-hors-de-toulouse-centre\/#respond"]}]},{"@type":"WebPage","@id":"https:\/\/autate.fr\/site\/reunion-publique-y-a-t-il-un-avenir-pour-les-transports-publics-hors-de-toulouse-centre\/","url":"https:\/\/autate.fr\/site\/reunion-publique-y-a-t-il-un-avenir-pour-les-transports-publics-hors-de-toulouse-centre\/","name":"R\u00e9union publique : Y a-t-il un avenir pour les transports publics hors de Toulouse centre? - AUTATE","isPartOf":{"@id":"https:\/\/autate.fr\/site\/#website"},"primaryImageOfPage":{"@id":"https:\/\/autate.fr\/site\/reunion-publique-y-a-t-il-un-avenir-pour-les-transports-publics-hors-de-toulouse-centre\/#primaryimage"},"image":{"@id":"https:\/\/autate.fr\/site\/reunion-publique-y-a-t-il-un-avenir-pour-les-transports-publics-hors-de-toulouse-centre\/#primaryimage"},"thumbnailUrl":"https:\/\/autate.fr\/site\/wp-content\/uploads\/2016\/05\/AUTATE_30_mai.jpg","datePublished":"2016-05-09T21:07:12+00:00","dateModified":"2016-05-10T07:05:25+00:00","breadcrumb":{"@id":"https:\/\/autate.fr\/site\/reunion-publique-y-a-t-il-un-avenir-pour-les-transports-publics-hors-de-toulouse-centre\/#breadcrumb"},"inLanguage":"fr-FR","potentialAction":[{"@type":"ReadAction","target":["https:\/\/autate.fr\/site\/reunion-publique-y-a-t-il-un-avenir-pour-les-transports-publics-hors-de-toulouse-centre\/"]}]},{"@type":"ImageObject","inLanguage":"fr-FR","@id":"https:\/\/autate.fr\/site\/reunion-publique-y-a-t-il-un-avenir-pour-les-transports-publics-hors-de-toulouse-centre\/#primaryimage","url":"https:\/\/autate.fr\/site\/wp-content\/uploads\/2016\/05\/AUTATE_30_mai.jpg","contentUrl":"https:\/\/autate.fr\/site\/wp-content\/uploads\/2016\/05\/AUTATE_30_mai.jpg","width":904,"height":643},{"@type":"BreadcrumbList","@id":"https:\/\/autate.fr\/site\/reunion-publique-y-a-t-il-un-avenir-pour-les-transports-publics-hors-de-toulouse-centre\/#breadcrumb","itemListElement":[{"@type":"ListItem","position":1,"name":"Accueil","item":"https:\/\/autate.fr\/site\/"},{"@type":"ListItem","position":2,"name":"R\u00e9union publique : Y a-t-il un avenir pour les transports publics hors de Toulouse centre?"}]},{"@type":"WebSite","@id":"https:\/\/autate.fr\/site\/#website","url":"https:\/\/autate.fr\/site\/","name":"AUTATE","description":"Association des usagers des transports de l&#039;agglom\u00e9ration Toulousaine et de ses environs","publisher":{"@id":"https:\/\/autate.fr\/site\/#organization"},"potentialAction":[{"@type":"SearchAction","target":{"@type":"EntryPoint","urlTemplate":"https:\/\/autate.fr\/site\/?s={search_term_string}"},"query-input":{"@type":"PropertyValueSpecification","valueRequired":true,"valueName":"search_term_string"}}],"inLanguage":"fr-FR"},{"@type":"Organization","@id":"https:\/\/autate.fr\/site\/#organization","name":"AUTATE","url":"https:\/\/autate.fr\/site\/","logo":{"@type":"ImageObject","inLanguage":"fr-FR","@id":"https:\/\/autate.fr\/site\/#\/schema\/logo\/image\/","url":"http:\/\/autate.fr\/site\/wp-content\/uploads\/2019\/01\/logo.png","contentUrl":"http:\/\/autate.fr\/site\/wp-content\/uploads\/2019\/01\/logo.png","width":506,"height":280,"caption":"AUTATE"},"image":{"@id":"https:\/\/autate.fr\/site\/#\/schema\/logo\/image\/"},"sameAs":["https:\/\/www.facebook.com\/AutateToulouse","https:\/\/x.com\/AutateToulouse"]},{"@type":"Person","@id":"https:\/\/autate.fr\/site\/#\/schema\/person\/ae1ab8bdaa7b41d2a9b52d2557ce8254","name":"pascalbarbier","image":{"@type":"ImageObject","inLanguage":"fr-FR","@id":"https:\/\/secure.gravatar.com\/avatar\/03f4e8ced09894b72c67e83142540730d4b3bbf619bf46341b0074e3bf5f08a0?s=96&d=mm&r=g","url":"https:\/\/secure.gravatar.com\/avatar\/03f4e8ced09894b72c67e83142540730d4b3bbf619bf46341b0074e3bf5f08a0?s=96&d=mm&r=g","contentUrl":"https:\/\/secure.gravatar.com\/avatar\/03f4e8ced09894b72c67e83142540730d4b3bbf619bf46341b0074e3bf5f08a0?s=96&d=mm&r=g","caption":"pascalbarbier"},"url":"https:\/\/autate.fr\/site\/author\/pascalbarbier\/"}]}},"_links":{"self":[{"href":"https:\/\/autate.fr\/site\/wp-json\/wp\/v2\/posts\/542","targetHints":{"allow":["GET"]}}],"collection":[{"href":"https:\/\/autate.fr\/site\/wp-json\/wp\/v2\/posts"}],"about":[{"href":"https:\/\/autate.fr\/site\/wp-json\/wp\/v2\/types\/post"}],"author":[{"embeddable":true,"href":"https:\/\/autate.fr\/site\/wp-json\/wp\/v2\/users\/1"}],"replies":[{"embeddable":true,"href":"https:\/\/autate.fr\/site\/wp-json\/wp\/v2\/comments?post=542"}],"version-history":[{"count":4,"href":"https:\/\/autate.fr\/site\/wp-json\/wp\/v2\/posts\/542\/revisions"}],"predecessor-version":[{"id":549,"href":"https:\/\/autate.fr\/site\/wp-json\/wp\/v2\/posts\/542\/revisions\/549"}],"wp:featuredmedia":[{"embeddable":true,"href":"https:\/\/autate.fr\/site\/wp-json\/wp\/v2\/media\/544"}],"wp:attachment":[{"href":"https:\/\/autate.fr\/site\/wp-json\/wp\/v2\/media?parent=542"}],"wp:term":[{"taxonomy":"category","embeddable":true,"href":"https:\/\/autate.fr\/site\/wp-json\/wp\/v2\/categories?post=542"},{"taxonomy":"post_tag","embeddable":true,"href":"https:\/\/autate.fr\/site\/wp-json\/wp\/v2\/tags?post=542"}],"curies":[{"name":"wp","href":"https:\/\/api.w.org\/{rel}","templated":true}]}}