{"id":532,"date":"2016-05-03T10:44:06","date_gmt":"2016-05-03T08:44:06","guid":{"rendered":"http:\/\/autate.fr\/site\/?p=532"},"modified":"2016-08-10T21:12:58","modified_gmt":"2016-08-10T19:12:58","slug":"la-depeche-les-elus-verts-veulent-un-debat-public-organise-par-la-commission-sur-la-3e-ligne","status":"publish","type":"post","link":"https:\/\/autate.fr\/site\/la-depeche-les-elus-verts-veulent-un-debat-public-organise-par-la-commission-sur-la-3e-ligne\/","title":{"rendered":"[La D\u00e9p\u00eache] Les \u00e9lus Verts veulent un d\u00e9bat public organis\u00e9 par la commission sur la 3e ligne"},"content":{"rendered":"<p class=\"\">Un article de Philippe Emery publi\u00e9 le 03\/05\/2016<\/p>\n<p class=\"\">27 \u00e9lus \u00e9cologistes (EELV) de la r\u00e9gion et de diverses municipalit\u00e9s de l&rsquo;agglom\u00e9ration toulousaine lancent un appel pour qu&rsquo;un d\u00e9bat public sur les transports et sur le projet de troisi\u00e8me ligne de m\u00e9tro soit organis\u00e9 par la commission nationale du d\u00e9bat public (CNDP).<\/p>\n<div id=\"pub_dfp_article\" class=\"pub\"><\/div>\n<p><!--more--><\/p>\n<p class=\"\">\u00abPour les projets sup\u00e9rieurs \u00e0 300 millions d&rsquo;euros, et c&rsquo;est le cas pour le projet de 3e ligne, estim\u00e9e \u00e0 1,7 milliard d&rsquo;\u20ac dans sa version initiale et \u00e0 2,3 milliards d&rsquo;\u20ac s&rsquo;il relie Colomiers et Lab\u00e8ge, il doit y avoir saisine de la commission nationale du d\u00e9bat public\u00bb, rappelle Henri Arevalo, conseiller municipal de Ramonville, \u00e9lu du Sicoval et du SMTC Tiss\u00e9o (autorit\u00e9 organisatrice des transports dans l&rsquo;agglo). \u00abLe SMTC a vot\u00e9 une d\u00e9lib\u00e9ration pour que cette saisine soit faite mais le maire de <a class=\"\" href=\"http:\/\/www.ladepeche.fr\/communes\/toulouse,31555.html\">Toulouse<\/a> et le pr\u00e9sident du SMTC, Jean-Michel Lattes cherchent \u00e0 ce que ce d\u00e9bat soit d\u00e9l\u00e9gu\u00e9 au SMTC. Or celui-ci n&rsquo;est pas dans une situation objective pour le faire, le d\u00e9bat ne sera pas men\u00e9 comme il se doit si c&rsquo;est le SMTC qui l&rsquo;organise\u00bb, estime l&rsquo;\u00e9lu de Ramonville. Pour l&rsquo;\u00e9lu du Sicoval, qui accompagnait r\u00e9cemment son pr\u00e9sident Jacques Oberti et Jean-Luc Moudenc chez le ministre des Transports, et pour les autres \u00e9lus EELV, \u00able projet de 3e ligne, pourquoi pas, mais il ne doit pas emp\u00eacher les autres projets pr\u00e9vus, eux, au plan de d\u00e9placements urbains (PDU), document programmant tous les projets en mati\u00e8re de transport, alors que le projet de 3e ligne n&rsquo;est pas, lui, inscrit au PDU, et qu&rsquo;on ne conna\u00eet pas son financement\u00bb.<\/p>\n<p class=\"\"><a href=\"http:\/\/www.ladepeche.fr\/article\/2016\/05\/03\/2336723-elus-verts-veulent-debat-public-organise-commission-3e-ligne.html\">lire la suite<\/a><\/p>\n","protected":false},"excerpt":{"rendered":"<p>Un article de Philippe Emery publi\u00e9 le 03\/05\/2016 27 \u00e9lus \u00e9cologistes (EELV) de la r\u00e9gion et de diverses municipalit\u00e9s de l&rsquo;agglom\u00e9ration toulousaine lancent un appel pour qu&rsquo;un d\u00e9bat public sur les transports et sur le projet de troisi\u00e8me ligne de m\u00e9tro soit organis\u00e9 par la commission nationale du d\u00e9bat public (CNDP).<\/p>\n","protected":false},"author":1,"featured_media":0,"comment_status":"open","ping_status":"open","sticky":false,"template":"","format":"standard","meta":{"footnotes":""},"categories":[7],"tags":[172,173,176,175,12,93,52,174],"class_list":["post-532","post","type-post","status-publish","format-standard","hentry","category-revue-de-presse","tag-3eme-ligne-metro","tag-cndp","tag-ecologistes","tag-eelv","tag-metro","tag-smtc","tag-tae","tag-verts"],"yoast_head":"<!-- This site is optimized with the Yoast SEO plugin v27.4 - https:\/\/yoast.com\/product\/yoast-seo-wordpress\/ -->\n<title>[La D\u00e9p\u00eache] Les \u00e9lus Verts veulent un d\u00e9bat public organis\u00e9 par la commission sur la 3e ligne - AUTATE<\/title>\n<meta name=\"robots\" content=\"index, follow, max-snippet:-1, max-image-preview:large, max-video-preview:-1\" \/>\n<link rel=\"canonical\" href=\"https:\/\/autate.fr\/site\/la-depeche-les-elus-verts-veulent-un-debat-public-organise-par-la-commission-sur-la-3e-ligne\/\" \/>\n<meta property=\"og:locale\" content=\"fr_FR\" \/>\n<meta property=\"og:type\" content=\"article\" \/>\n<meta property=\"og:title\" content=\"[La D\u00e9p\u00eache] Les \u00e9lus Verts veulent un d\u00e9bat public organis\u00e9 par la commission sur la 3e ligne - AUTATE\" \/>\n<meta property=\"og:description\" content=\"Un article de Philippe Emery publi\u00e9 le 03\/05\/2016 27 \u00e9lus \u00e9cologistes (EELV) de la r\u00e9gion et de diverses municipalit\u00e9s de l&rsquo;agglom\u00e9ration toulousaine lancent un appel pour qu&rsquo;un d\u00e9bat public sur les transports et sur le projet de troisi\u00e8me ligne de m\u00e9tro soit organis\u00e9 par la commission nationale du d\u00e9bat public (CNDP).\" \/>\n<meta property=\"og:url\" content=\"https:\/\/autate.fr\/site\/la-depeche-les-elus-verts-veulent-un-debat-public-organise-par-la-commission-sur-la-3e-ligne\/\" \/>\n<meta property=\"og:site_name\" content=\"AUTATE\" \/>\n<meta property=\"article:publisher\" content=\"https:\/\/www.facebook.com\/AutateToulouse\" \/>\n<meta property=\"article:published_time\" content=\"2016-05-03T08:44:06+00:00\" \/>\n<meta property=\"article:modified_time\" content=\"2016-08-10T19:12:58+00:00\" \/>\n<meta name=\"author\" content=\"pascalbarbier\" \/>\n<meta name=\"twitter:card\" content=\"summary_large_image\" \/>\n<meta name=\"twitter:creator\" content=\"@AutateToulouse\" \/>\n<meta name=\"twitter:site\" content=\"@AutateToulouse\" \/>\n<meta name=\"twitter:label1\" content=\"\u00c9crit par\" \/>\n\t<meta name=\"twitter:data1\" content=\"pascalbarbier\" \/>\n\t<meta name=\"twitter:label2\" content=\"Dur\u00e9e de lecture estim\u00e9e\" \/>\n\t<meta name=\"twitter:data2\" content=\"1 minute\" \/>\n<script type=\"application\/ld+json\" class=\"yoast-schema-graph\">{\"@context\":\"https:\\\/\\\/schema.org\",\"@graph\":[{\"@type\":\"Article\",\"@id\":\"https:\\\/\\\/autate.fr\\\/site\\\/la-depeche-les-elus-verts-veulent-un-debat-public-organise-par-la-commission-sur-la-3e-ligne\\\/#article\",\"isPartOf\":{\"@id\":\"https:\\\/\\\/autate.fr\\\/site\\\/la-depeche-les-elus-verts-veulent-un-debat-public-organise-par-la-commission-sur-la-3e-ligne\\\/\"},\"author\":{\"name\":\"pascalbarbier\",\"@id\":\"https:\\\/\\\/autate.fr\\\/site\\\/#\\\/schema\\\/person\\\/ae1ab8bdaa7b41d2a9b52d2557ce8254\"},\"headline\":\"[La D\u00e9p\u00eache] Les \u00e9lus Verts veulent un d\u00e9bat public organis\u00e9 par la commission sur la 3e ligne\",\"datePublished\":\"2016-05-03T08:44:06+00:00\",\"dateModified\":\"2016-08-10T19:12:58+00:00\",\"mainEntityOfPage\":{\"@id\":\"https:\\\/\\\/autate.fr\\\/site\\\/la-depeche-les-elus-verts-veulent-un-debat-public-organise-par-la-commission-sur-la-3e-ligne\\\/\"},\"wordCount\":305,\"commentCount\":0,\"publisher\":{\"@id\":\"https:\\\/\\\/autate.fr\\\/site\\\/#organization\"},\"keywords\":[\"3\u00e8me ligne m\u00e9tro\",\"CNDP\",\"\u00e9cologistes\",\"EELV\",\"m\u00e9tro\",\"SMTC\",\"TAE\",\"Verts\"],\"articleSection\":[\"Revue de presse\"],\"inLanguage\":\"fr-FR\",\"potentialAction\":[{\"@type\":\"CommentAction\",\"name\":\"Comment\",\"target\":[\"https:\\\/\\\/autate.fr\\\/site\\\/la-depeche-les-elus-verts-veulent-un-debat-public-organise-par-la-commission-sur-la-3e-ligne\\\/#respond\"]}]},{\"@type\":\"WebPage\",\"@id\":\"https:\\\/\\\/autate.fr\\\/site\\\/la-depeche-les-elus-verts-veulent-un-debat-public-organise-par-la-commission-sur-la-3e-ligne\\\/\",\"url\":\"https:\\\/\\\/autate.fr\\\/site\\\/la-depeche-les-elus-verts-veulent-un-debat-public-organise-par-la-commission-sur-la-3e-ligne\\\/\",\"name\":\"[La D\u00e9p\u00eache] Les \u00e9lus Verts veulent un d\u00e9bat public organis\u00e9 par la commission sur la 3e ligne - AUTATE\",\"isPartOf\":{\"@id\":\"https:\\\/\\\/autate.fr\\\/site\\\/#website\"},\"datePublished\":\"2016-05-03T08:44:06+00:00\",\"dateModified\":\"2016-08-10T19:12:58+00:00\",\"breadcrumb\":{\"@id\":\"https:\\\/\\\/autate.fr\\\/site\\\/la-depeche-les-elus-verts-veulent-un-debat-public-organise-par-la-commission-sur-la-3e-ligne\\\/#breadcrumb\"},\"inLanguage\":\"fr-FR\",\"potentialAction\":[{\"@type\":\"ReadAction\",\"target\":[\"https:\\\/\\\/autate.fr\\\/site\\\/la-depeche-les-elus-verts-veulent-un-debat-public-organise-par-la-commission-sur-la-3e-ligne\\\/\"]}]},{\"@type\":\"BreadcrumbList\",\"@id\":\"https:\\\/\\\/autate.fr\\\/site\\\/la-depeche-les-elus-verts-veulent-un-debat-public-organise-par-la-commission-sur-la-3e-ligne\\\/#breadcrumb\",\"itemListElement\":[{\"@type\":\"ListItem\",\"position\":1,\"name\":\"Accueil\",\"item\":\"https:\\\/\\\/autate.fr\\\/site\\\/\"},{\"@type\":\"ListItem\",\"position\":2,\"name\":\"[La D\u00e9p\u00eache] Les \u00e9lus Verts veulent un d\u00e9bat public organis\u00e9 par la commission sur la 3e ligne\"}]},{\"@type\":\"WebSite\",\"@id\":\"https:\\\/\\\/autate.fr\\\/site\\\/#website\",\"url\":\"https:\\\/\\\/autate.fr\\\/site\\\/\",\"name\":\"AUTATE\",\"description\":\"Association des usagers des transports de l&#039;agglom\u00e9ration Toulousaine et de ses environs\",\"publisher\":{\"@id\":\"https:\\\/\\\/autate.fr\\\/site\\\/#organization\"},\"potentialAction\":[{\"@type\":\"SearchAction\",\"target\":{\"@type\":\"EntryPoint\",\"urlTemplate\":\"https:\\\/\\\/autate.fr\\\/site\\\/?s={search_term_string}\"},\"query-input\":{\"@type\":\"PropertyValueSpecification\",\"valueRequired\":true,\"valueName\":\"search_term_string\"}}],\"inLanguage\":\"fr-FR\"},{\"@type\":\"Organization\",\"@id\":\"https:\\\/\\\/autate.fr\\\/site\\\/#organization\",\"name\":\"AUTATE\",\"url\":\"https:\\\/\\\/autate.fr\\\/site\\\/\",\"logo\":{\"@type\":\"ImageObject\",\"inLanguage\":\"fr-FR\",\"@id\":\"https:\\\/\\\/autate.fr\\\/site\\\/#\\\/schema\\\/logo\\\/image\\\/\",\"url\":\"http:\\\/\\\/autate.fr\\\/site\\\/wp-content\\\/uploads\\\/2019\\\/01\\\/logo.png\",\"contentUrl\":\"http:\\\/\\\/autate.fr\\\/site\\\/wp-content\\\/uploads\\\/2019\\\/01\\\/logo.png\",\"width\":506,\"height\":280,\"caption\":\"AUTATE\"},\"image\":{\"@id\":\"https:\\\/\\\/autate.fr\\\/site\\\/#\\\/schema\\\/logo\\\/image\\\/\"},\"sameAs\":[\"https:\\\/\\\/www.facebook.com\\\/AutateToulouse\",\"https:\\\/\\\/x.com\\\/AutateToulouse\"]},{\"@type\":\"Person\",\"@id\":\"https:\\\/\\\/autate.fr\\\/site\\\/#\\\/schema\\\/person\\\/ae1ab8bdaa7b41d2a9b52d2557ce8254\",\"name\":\"pascalbarbier\",\"image\":{\"@type\":\"ImageObject\",\"inLanguage\":\"fr-FR\",\"@id\":\"https:\\\/\\\/secure.gravatar.com\\\/avatar\\\/03f4e8ced09894b72c67e83142540730d4b3bbf619bf46341b0074e3bf5f08a0?s=96&d=mm&r=g\",\"url\":\"https:\\\/\\\/secure.gravatar.com\\\/avatar\\\/03f4e8ced09894b72c67e83142540730d4b3bbf619bf46341b0074e3bf5f08a0?s=96&d=mm&r=g\",\"contentUrl\":\"https:\\\/\\\/secure.gravatar.com\\\/avatar\\\/03f4e8ced09894b72c67e83142540730d4b3bbf619bf46341b0074e3bf5f08a0?s=96&d=mm&r=g\",\"caption\":\"pascalbarbier\"},\"url\":\"https:\\\/\\\/autate.fr\\\/site\\\/author\\\/pascalbarbier\\\/\"}]}<\/script>\n<!-- \/ Yoast SEO plugin. -->","yoast_head_json":{"title":"[La D\u00e9p\u00eache] Les \u00e9lus Verts veulent un d\u00e9bat public organis\u00e9 par la commission sur la 3e ligne - AUTATE","robots":{"index":"index","follow":"follow","max-snippet":"max-snippet:-1","max-image-preview":"max-image-preview:large","max-video-preview":"max-video-preview:-1"},"canonical":"https:\/\/autate.fr\/site\/la-depeche-les-elus-verts-veulent-un-debat-public-organise-par-la-commission-sur-la-3e-ligne\/","og_locale":"fr_FR","og_type":"article","og_title":"[La D\u00e9p\u00eache] Les \u00e9lus Verts veulent un d\u00e9bat public organis\u00e9 par la commission sur la 3e ligne - AUTATE","og_description":"Un article de Philippe Emery publi\u00e9 le 03\/05\/2016 27 \u00e9lus \u00e9cologistes (EELV) de la r\u00e9gion et de diverses municipalit\u00e9s de l&rsquo;agglom\u00e9ration toulousaine lancent un appel pour qu&rsquo;un d\u00e9bat public sur les transports et sur le projet de troisi\u00e8me ligne de m\u00e9tro soit organis\u00e9 par la commission nationale du d\u00e9bat public (CNDP).","og_url":"https:\/\/autate.fr\/site\/la-depeche-les-elus-verts-veulent-un-debat-public-organise-par-la-commission-sur-la-3e-ligne\/","og_site_name":"AUTATE","article_publisher":"https:\/\/www.facebook.com\/AutateToulouse","article_published_time":"2016-05-03T08:44:06+00:00","article_modified_time":"2016-08-10T19:12:58+00:00","author":"pascalbarbier","twitter_card":"summary_large_image","twitter_creator":"@AutateToulouse","twitter_site":"@AutateToulouse","twitter_misc":{"\u00c9crit par":"pascalbarbier","Dur\u00e9e de lecture estim\u00e9e":"1 minute"},"schema":{"@context":"https:\/\/schema.org","@graph":[{"@type":"Article","@id":"https:\/\/autate.fr\/site\/la-depeche-les-elus-verts-veulent-un-debat-public-organise-par-la-commission-sur-la-3e-ligne\/#article","isPartOf":{"@id":"https:\/\/autate.fr\/site\/la-depeche-les-elus-verts-veulent-un-debat-public-organise-par-la-commission-sur-la-3e-ligne\/"},"author":{"name":"pascalbarbier","@id":"https:\/\/autate.fr\/site\/#\/schema\/person\/ae1ab8bdaa7b41d2a9b52d2557ce8254"},"headline":"[La D\u00e9p\u00eache] Les \u00e9lus Verts veulent un d\u00e9bat public organis\u00e9 par la commission sur la 3e ligne","datePublished":"2016-05-03T08:44:06+00:00","dateModified":"2016-08-10T19:12:58+00:00","mainEntityOfPage":{"@id":"https:\/\/autate.fr\/site\/la-depeche-les-elus-verts-veulent-un-debat-public-organise-par-la-commission-sur-la-3e-ligne\/"},"wordCount":305,"commentCount":0,"publisher":{"@id":"https:\/\/autate.fr\/site\/#organization"},"keywords":["3\u00e8me ligne m\u00e9tro","CNDP","\u00e9cologistes","EELV","m\u00e9tro","SMTC","TAE","Verts"],"articleSection":["Revue de presse"],"inLanguage":"fr-FR","potentialAction":[{"@type":"CommentAction","name":"Comment","target":["https:\/\/autate.fr\/site\/la-depeche-les-elus-verts-veulent-un-debat-public-organise-par-la-commission-sur-la-3e-ligne\/#respond"]}]},{"@type":"WebPage","@id":"https:\/\/autate.fr\/site\/la-depeche-les-elus-verts-veulent-un-debat-public-organise-par-la-commission-sur-la-3e-ligne\/","url":"https:\/\/autate.fr\/site\/la-depeche-les-elus-verts-veulent-un-debat-public-organise-par-la-commission-sur-la-3e-ligne\/","name":"[La D\u00e9p\u00eache] Les \u00e9lus Verts veulent un d\u00e9bat public organis\u00e9 par la commission sur la 3e ligne - AUTATE","isPartOf":{"@id":"https:\/\/autate.fr\/site\/#website"},"datePublished":"2016-05-03T08:44:06+00:00","dateModified":"2016-08-10T19:12:58+00:00","breadcrumb":{"@id":"https:\/\/autate.fr\/site\/la-depeche-les-elus-verts-veulent-un-debat-public-organise-par-la-commission-sur-la-3e-ligne\/#breadcrumb"},"inLanguage":"fr-FR","potentialAction":[{"@type":"ReadAction","target":["https:\/\/autate.fr\/site\/la-depeche-les-elus-verts-veulent-un-debat-public-organise-par-la-commission-sur-la-3e-ligne\/"]}]},{"@type":"BreadcrumbList","@id":"https:\/\/autate.fr\/site\/la-depeche-les-elus-verts-veulent-un-debat-public-organise-par-la-commission-sur-la-3e-ligne\/#breadcrumb","itemListElement":[{"@type":"ListItem","position":1,"name":"Accueil","item":"https:\/\/autate.fr\/site\/"},{"@type":"ListItem","position":2,"name":"[La D\u00e9p\u00eache] Les \u00e9lus Verts veulent un d\u00e9bat public organis\u00e9 par la commission sur la 3e ligne"}]},{"@type":"WebSite","@id":"https:\/\/autate.fr\/site\/#website","url":"https:\/\/autate.fr\/site\/","name":"AUTATE","description":"Association des usagers des transports de l&#039;agglom\u00e9ration Toulousaine et de ses environs","publisher":{"@id":"https:\/\/autate.fr\/site\/#organization"},"potentialAction":[{"@type":"SearchAction","target":{"@type":"EntryPoint","urlTemplate":"https:\/\/autate.fr\/site\/?s={search_term_string}"},"query-input":{"@type":"PropertyValueSpecification","valueRequired":true,"valueName":"search_term_string"}}],"inLanguage":"fr-FR"},{"@type":"Organization","@id":"https:\/\/autate.fr\/site\/#organization","name":"AUTATE","url":"https:\/\/autate.fr\/site\/","logo":{"@type":"ImageObject","inLanguage":"fr-FR","@id":"https:\/\/autate.fr\/site\/#\/schema\/logo\/image\/","url":"http:\/\/autate.fr\/site\/wp-content\/uploads\/2019\/01\/logo.png","contentUrl":"http:\/\/autate.fr\/site\/wp-content\/uploads\/2019\/01\/logo.png","width":506,"height":280,"caption":"AUTATE"},"image":{"@id":"https:\/\/autate.fr\/site\/#\/schema\/logo\/image\/"},"sameAs":["https:\/\/www.facebook.com\/AutateToulouse","https:\/\/x.com\/AutateToulouse"]},{"@type":"Person","@id":"https:\/\/autate.fr\/site\/#\/schema\/person\/ae1ab8bdaa7b41d2a9b52d2557ce8254","name":"pascalbarbier","image":{"@type":"ImageObject","inLanguage":"fr-FR","@id":"https:\/\/secure.gravatar.com\/avatar\/03f4e8ced09894b72c67e83142540730d4b3bbf619bf46341b0074e3bf5f08a0?s=96&d=mm&r=g","url":"https:\/\/secure.gravatar.com\/avatar\/03f4e8ced09894b72c67e83142540730d4b3bbf619bf46341b0074e3bf5f08a0?s=96&d=mm&r=g","contentUrl":"https:\/\/secure.gravatar.com\/avatar\/03f4e8ced09894b72c67e83142540730d4b3bbf619bf46341b0074e3bf5f08a0?s=96&d=mm&r=g","caption":"pascalbarbier"},"url":"https:\/\/autate.fr\/site\/author\/pascalbarbier\/"}]}},"_links":{"self":[{"href":"https:\/\/autate.fr\/site\/wp-json\/wp\/v2\/posts\/532","targetHints":{"allow":["GET"]}}],"collection":[{"href":"https:\/\/autate.fr\/site\/wp-json\/wp\/v2\/posts"}],"about":[{"href":"https:\/\/autate.fr\/site\/wp-json\/wp\/v2\/types\/post"}],"author":[{"embeddable":true,"href":"https:\/\/autate.fr\/site\/wp-json\/wp\/v2\/users\/1"}],"replies":[{"embeddable":true,"href":"https:\/\/autate.fr\/site\/wp-json\/wp\/v2\/comments?post=532"}],"version-history":[{"count":3,"href":"https:\/\/autate.fr\/site\/wp-json\/wp\/v2\/posts\/532\/revisions"}],"predecessor-version":[{"id":535,"href":"https:\/\/autate.fr\/site\/wp-json\/wp\/v2\/posts\/532\/revisions\/535"}],"wp:attachment":[{"href":"https:\/\/autate.fr\/site\/wp-json\/wp\/v2\/media?parent=532"}],"wp:term":[{"taxonomy":"category","embeddable":true,"href":"https:\/\/autate.fr\/site\/wp-json\/wp\/v2\/categories?post=532"},{"taxonomy":"post_tag","embeddable":true,"href":"https:\/\/autate.fr\/site\/wp-json\/wp\/v2\/tags?post=532"}],"curies":[{"name":"wp","href":"https:\/\/api.w.org\/{rel}","templated":true}]}}