{"id":530,"date":"2016-05-04T10:27:45","date_gmt":"2016-05-04T08:27:45","guid":{"rendered":"http:\/\/autate.fr\/site\/?p=530"},"modified":"2016-08-10T21:12:48","modified_gmt":"2016-08-10T19:12:48","slug":"nous-demandons-a-la-cndp-quelle-organise-le-debat-sur-la-3eme-ligne-de-metro","status":"publish","type":"post","link":"https:\/\/autate.fr\/site\/nous-demandons-a-la-cndp-quelle-organise-le-debat-sur-la-3eme-ligne-de-metro\/","title":{"rendered":"Nous demandons \u00e0 la CNDP qu&rsquo;elle organise le d\u00e9bat sur la 3\u00e8me ligne de m\u00e9tro"},"content":{"rendered":"<p align=\"JUSTIFY\"><a href=\"https:\/\/autate.fr\/site\/wp-content\/uploads\/2016\/05\/CNDP-1.png\"><img loading=\"lazy\" decoding=\"async\" class=\"alignnone size-medium wp-image-540\" src=\"https:\/\/autate.fr\/site\/wp-content\/uploads\/2016\/05\/CNDP-1-300x48.png\" alt=\"CNDP\" width=\"300\" height=\"48\" srcset=\"https:\/\/autate.fr\/site\/wp-content\/uploads\/2016\/05\/CNDP-1-300x48.png 300w, https:\/\/autate.fr\/site\/wp-content\/uploads\/2016\/05\/CNDP-1-768x122.png 768w, https:\/\/autate.fr\/site\/wp-content\/uploads\/2016\/05\/CNDP-1.png 827w\" sizes=\"auto, (max-width: 300px) 100vw, 300px\" \/><\/a><\/p>\n<p align=\"JUSTIFY\"><span style=\"font-family: LiberationSerif,serif;\"><span style=\"font-size: large;\">Notre lettre \u00e0 <\/span><\/span><\/p>\n<p align=\"JUSTIFY\"><span style=\"font-family: LiberationSerif,serif;\"><span style=\"font-size: large;\">Monsieur Christian Leyrit, Pr\u00e9sident de la Commission Nationale du D\u00e9bat Public concernant l&rsquo;organisation du d\u00e9bat public de la troisi\u00e8me ligne de m\u00e9tro toulousaine port\u00e9e par le SMTC-Tiss\u00e9o<\/span><\/span><\/p>\n<p align=\"JUSTIFY\"><span style=\"font-family: LiberationSerif,serif;\"><span style=\"font-size: large;\">Monsieur,<\/span><\/span><\/p>\n<p align=\"JUSTIFY\"><span style=\"font-family: LiberationSerif,serif;\"><span style=\"font-size: large;\">vous allez traiter mercredi 4 mai 2016, avec l&rsquo;ensemble de la CNDP, la demande du SMTC-Tiss\u00e9o au sujet de la troisi\u00e8me ligne de m\u00e9tro Toulousaine dite \u00ab\u00a0TAE\u00a0\u00bb. Nous souhaiterions que cette contribution soient transmise \u00e0 l&rsquo;ensemble des membres afin d&rsquo;alimenter leurs r\u00e9flexions.<\/span><\/span><\/p>\n<p align=\"JUSTIFY\"><!--more--><\/p>\n<p align=\"JUSTIFY\"><span style=\"font-family: LiberationSerif,serif;\"><span style=\"font-size: large;\">Le SMTC-Tiss\u00e9o organise actuellement la phase de concertation en vue de la r\u00e9vision du Plan de D\u00e9placement Urbain. Celui-ci concerne 115 communes et 1 million d&rsquo;habitant-es.<\/span><\/span><\/p>\n<p align=\"JUSTIFY\"><span style=\"font-family: LiberationSerif,serif;\"><span style=\"font-size: large;\">L&rsquo;enqu\u00eate publique est pr\u00e9vue en fin 2017 et l&rsquo;approbation de la r\u00e9vision en d\u00e9but 2018.<\/span><\/span><\/p>\n<p align=\"JUSTIFY\"><span style=\"font-family: LiberationSerif,serif;\"><span style=\"font-size: large;\">A grands efforts de communication il pose TAE comme un projet \u00ab acquis \u00bb alors qu\u2019il n\u2019\u00e9tait pas dans les versions pr\u00e9c\u00e9dentes du PDU. Parall\u00e8lement il abandonne ou r\u00e9duit tr\u00e8s significativement de nombreux projets du PDU en vigueur \u00e0 l&rsquo;exception du t\u00e9l\u00e9ph\u00e9rique urbain sud et du doublement des rames de la ligne A. Cette logique de \u00ab tout ou rien \u00bb oblige les intercommunalit\u00e9s et villes minoritaires au sein du SMTC \u00e0 valider ce projet alors qu&rsquo;aucune alternative n&rsquo;est s\u00e9rieusement d\u00e9battue et que le plan de financement ne sera connu qu&rsquo;en juillet 2016.<\/span><\/span><\/p>\n<p align=\"JUSTIFY\"><span style=\"font-family: LiberationSerif,serif;\"><span style=\"font-size: large;\">Le PTU toulousain garde en France la part modale la plus \u00e9lev\u00e9e pour l&rsquo;utilisation de v\u00e9hicules particuliers et la plus plus faible pour les modes doux 1. Ces r\u00e9sultats montrent bien que la r\u00e9alisation de modes lourds attractifs est insuffisante si elle ne laisse pas la place aux autres leviers du report modal. <\/span><\/span><\/p>\n<p align=\"JUSTIFY\"><span style=\"font-family: LiberationSerif,serif;\"><span style=\"font-size: large;\">Les Conseils de d\u00e9veloppement de Toulouse M\u00e9tropole, du Sicoval, et de la Communaut\u00e9 d&rsquo;agglom\u00e9ration du Muretain estiment \u00e9galement que \u00ab\u00a0la question des mobilit\u00e9s n\u2019est pas r\u00e9ductible \u00e0 la troisi\u00e8me ligne de m\u00e9tro\u00a0\u00bb .<\/span><\/span><\/p>\n<p align=\"JUSTIFY\"><span style=\"font-family: LiberationSerif,serif;\"><span style=\"font-size: large;\">Toulouse, n\u0153ud autoroutier du sud ouest de la France, verra donc toujours son p\u00e9riph\u00e9rique extr\u00eamement encombr\u00e9 si aucune politique de report modal n&rsquo;est effectu\u00e9e en direction des populations des villes p\u00e9riph\u00e9riques qui utilisent leurs v\u00e9hicules particuliers pour au moins 3\/4 de leurs d\u00e9placements.<\/span><\/span><\/p>\n<p align=\"JUSTIFY\"><span style=\"font-family: LiberationSerif,serif;\"><span style=\"font-size: large;\">Ainsi, si TAE transporte en 2024 215 000 passager-\u00e8res\/jour cela correspondra \u00e0 5 % de part modale. Mais aucunes estimations ne nous permettent d&rsquo;\u00e9valuer les sommes \u00e0 investir pour gagner cette part modale gr\u00e2ce aux modes doux 2, au r\u00e9seau bus, \u00e0 des voies de tramway ou encore par la cr\u00e9ation d&rsquo;un r\u00e9seau de trains urbains via l&rsquo;utilisation du r\u00e9seau ferr\u00e9 actuel, des emprises du Conseil D\u00e9partemental \u00e0 l&rsquo;ouest de la m\u00e9tropole, ou de SNCF r\u00e9seau \u00e0 l&rsquo;est.<\/span><\/span><\/p>\n<p align=\"JUSTIFY\"><span style=\"font-family: LiberationSerif,serif;\"><span style=\"font-size: large;\">De plus l&rsquo;impact budg\u00e9taire de TAE sur le PDU nous semble sous-estim\u00e9 que cela soit sur les co\u00fbts de r\u00e9alisation de la ligne 3 ou par rapport aux int\u00e9r\u00eats d&#8217;emprunt 4 (non chiffr\u00e9s) qui d\u00e9couleront de l&rsquo;insuffisante capacit\u00e9 de financement.. Ainsi en 2016, en stabilisant sa dette \u00e0 1,4 Md, le SMTC d\u00e9gage 105 millions d&rsquo;\u20ac d&rsquo;investissements alors que 62 millions partent en fum\u00e9e dans les int\u00e9r\u00eats. Aucun plan de financement du PDU n&rsquo;est propos\u00e9, seul un budget de 3 Md sur 15 ans est \u00e9voqu\u00e9 dans cette r\u00e9vision alors que l&rsquo;ensemble des projets les plus co\u00fbteux seraient r\u00e9alis\u00e9s d&rsquo;ici 2024. Ceci ob\u00e9rant totalement les investissements sur des zones enti\u00e8res du PTU et sur les autres leviers du report modal, et ceci pour tr\u00e8s longtemps.<\/span><\/span><\/p>\n<p align=\"JUSTIFY\"><span style=\"font-family: LiberationSerif,serif;\"><span style=\"font-size: large;\">En conclusion, l&rsquo;Association des usager-\u00e8res des transports en commun de l&rsquo;agglom\u00e9ration toulousaine consid\u00e8re que seule votre commission peut garantir une vision globale et neutre sur ce d\u00e9bat central pour l&rsquo;avenir de la 4\u00e8me aire urbaine fran\u00e7aise. Nous vous demandons donc un d\u00e9bat public organis\u00e9 par votre commission et non par le SMTCTiss\u00e9o.<\/span><\/span><\/p>\n<p align=\"JUSTIFY\"><span style=\"font-family: LiberationSerif,serif;\"><span style=\"font-size: large;\">Nous vous remercions par avance pour l\u2019attention que vous voudrez bien porter \u00e0 notre requ\u00eate et nous vous prions d\u2019agr\u00e9er nos respectueuses salutations.<\/span><\/span><\/p>\n<p align=\"JUSTIFY\"><span style=\"font-family: LiberationSerif,serif;\"><span style=\"font-size: large;\">Beno\u00eet Durand,<\/span><\/span><\/p>\n<p align=\"JUSTIFY\"><span style=\"font-family: LiberationSerif,serif;\"><span style=\"font-size: large;\">co-pr\u00e9sident de l&rsquo;AUTATE<\/span><\/span><\/p>\n<p align=\"JUSTIFY\"><span style=\"font-family: LiberationSerif,serif;\"><span style=\"font-size: large;\">1 Enqu\u00eate m\u00e9nage d\u00e9placement de 2013<\/span><\/span><\/p>\n<p align=\"JUSTIFY\"><span style=\"font-family: LiberationSerif,serif;\"><span style=\"font-size: large;\">2 Par exemple le conseil de Bordeaux-M\u00e9tropole du 22 Janvier 2016 a act\u00e9, comme objectif, le passage de 100 000 trajets v\u00e9los par jour en 2009 \u00e0 415 000 d\u00e8s 2020 par la cr\u00e9ation de parkings d\u00e9di\u00e9s, d&rsquo;un axe express et l&rsquo;am\u00e9lioration des continuit\u00e9s cyclables.<\/span><\/span><\/p>\n<p align=\"JUSTIFY\"><span style=\"font-family: LiberationSerif,serif;\"><span style=\"font-size: large;\">3 Le nouveau trac\u00e9 fait maintenant 27 km , par l&rsquo;ajout de 2km vers la gare de Colomiers et 4 km de Airbus Defense and Space jusqu&rsquo;\u00e0 Lab\u00e8ge la Cad\u00e8ne et l&rsquo;atelier garage (si le trac\u00e9 du prolongement ligne B est bien repris depuis INPT comme annonc\u00e9 par le SMTC). En reprenant les chiffres de la deuxi\u00e8me ligne du m\u00e9tro de Rennes dont la r\u00e9alisation s&rsquo;est \u00e9galement effectu\u00e9e en tunnel sur les deux tiers de son parcours, son co\u00fbt serait estim\u00e9 \u00e0 2,7 milliards d&rsquo;euros.<\/span><\/span><\/p>\n<p align=\"JUSTIFY\"><span style=\"font-family: LiberationSerif,serif;\"><span style=\"font-size: large;\">4 La cour des comptes indique en 2013 que 50 millions d&rsquo;\u20ac d&rsquo;int\u00e9r\u00eats sont rembours\u00e9s par le SMTC pour 100 millions emprunt\u00e9s.<\/span><\/span><\/p>\n","protected":false},"excerpt":{"rendered":"<p>Notre lettre \u00e0 Monsieur Christian Leyrit, Pr\u00e9sident de la Commission Nationale du D\u00e9bat Public concernant l&rsquo;organisation du d\u00e9bat public de la troisi\u00e8me ligne de m\u00e9tro toulousaine port\u00e9e par le SMTC-Tiss\u00e9o Monsieur, vous allez traiter mercredi 4 mai 2016, avec l&rsquo;ensemble de la CNDP, la demande du SMTC-Tiss\u00e9o au sujet de la troisi\u00e8me ligne de m\u00e9tro<\/p>\n<p class=\"more-link\"><a href=\"https:\/\/autate.fr\/site\/nous-demandons-a-la-cndp-quelle-organise-le-debat-sur-la-3eme-ligne-de-metro\/\" class=\"themebutton2\">VOIR PLUS<\/a><\/p>\n","protected":false},"author":1,"featured_media":49,"comment_status":"open","ping_status":"open","sticky":false,"template":"","format":"standard","meta":{"footnotes":""},"categories":[4],"tags":[172,173,12,86,93,52],"class_list":["post-530","post","type-post","status-publish","format-standard","has-post-thumbnail","hentry","category-actualite-association","tag-3eme-ligne-metro","tag-cndp","tag-metro","tag-pdu","tag-smtc","tag-tae"],"yoast_head":"<!-- This site is optimized with the Yoast SEO plugin v27.4 - https:\/\/yoast.com\/product\/yoast-seo-wordpress\/ -->\n<title>Nous demandons \u00e0 la CNDP qu&#039;elle organise le d\u00e9bat sur la 3\u00e8me ligne de m\u00e9tro - AUTATE<\/title>\n<meta name=\"robots\" content=\"index, follow, max-snippet:-1, max-image-preview:large, max-video-preview:-1\" \/>\n<link rel=\"canonical\" href=\"https:\/\/autate.fr\/site\/nous-demandons-a-la-cndp-quelle-organise-le-debat-sur-la-3eme-ligne-de-metro\/\" \/>\n<meta property=\"og:locale\" content=\"fr_FR\" \/>\n<meta property=\"og:type\" content=\"article\" \/>\n<meta property=\"og:title\" content=\"Nous demandons \u00e0 la CNDP qu&#039;elle organise le d\u00e9bat sur la 3\u00e8me ligne de m\u00e9tro - AUTATE\" \/>\n<meta property=\"og:description\" content=\"Notre lettre \u00e0 Monsieur Christian Leyrit, Pr\u00e9sident de la Commission Nationale du D\u00e9bat Public concernant l&rsquo;organisation du d\u00e9bat public de la troisi\u00e8me ligne de m\u00e9tro toulousaine port\u00e9e par le SMTC-Tiss\u00e9o Monsieur, vous allez traiter mercredi 4 mai 2016, avec l&rsquo;ensemble de la CNDP, la demande du SMTC-Tiss\u00e9o au sujet de la troisi\u00e8me ligne de m\u00e9troVOIR PLUS\" \/>\n<meta property=\"og:url\" content=\"https:\/\/autate.fr\/site\/nous-demandons-a-la-cndp-quelle-organise-le-debat-sur-la-3eme-ligne-de-metro\/\" \/>\n<meta property=\"og:site_name\" content=\"AUTATE\" \/>\n<meta property=\"article:publisher\" content=\"https:\/\/www.facebook.com\/AutateToulouse\" \/>\n<meta property=\"article:published_time\" content=\"2016-05-04T08:27:45+00:00\" \/>\n<meta property=\"article:modified_time\" content=\"2016-08-10T19:12:48+00:00\" \/>\n<meta property=\"og:image\" content=\"https:\/\/autate.fr\/site\/wp-content\/uploads\/2015\/11\/bandeau.jpg\" \/>\n\t<meta property=\"og:image:width\" content=\"1260\" \/>\n\t<meta property=\"og:image:height\" content=\"240\" \/>\n\t<meta property=\"og:image:type\" content=\"image\/jpeg\" \/>\n<meta name=\"author\" content=\"pascalbarbier\" \/>\n<meta name=\"twitter:card\" content=\"summary_large_image\" \/>\n<meta name=\"twitter:creator\" content=\"@AutateToulouse\" \/>\n<meta name=\"twitter:site\" content=\"@AutateToulouse\" \/>\n<meta name=\"twitter:label1\" content=\"\u00c9crit par\" \/>\n\t<meta name=\"twitter:data1\" content=\"pascalbarbier\" \/>\n\t<meta name=\"twitter:label2\" content=\"Dur\u00e9e de lecture estim\u00e9e\" \/>\n\t<meta name=\"twitter:data2\" content=\"4 minutes\" \/>\n<script type=\"application\/ld+json\" class=\"yoast-schema-graph\">{\"@context\":\"https:\\\/\\\/schema.org\",\"@graph\":[{\"@type\":\"Article\",\"@id\":\"https:\\\/\\\/autate.fr\\\/site\\\/nous-demandons-a-la-cndp-quelle-organise-le-debat-sur-la-3eme-ligne-de-metro\\\/#article\",\"isPartOf\":{\"@id\":\"https:\\\/\\\/autate.fr\\\/site\\\/nous-demandons-a-la-cndp-quelle-organise-le-debat-sur-la-3eme-ligne-de-metro\\\/\"},\"author\":{\"name\":\"pascalbarbier\",\"@id\":\"https:\\\/\\\/autate.fr\\\/site\\\/#\\\/schema\\\/person\\\/ae1ab8bdaa7b41d2a9b52d2557ce8254\"},\"headline\":\"Nous demandons \u00e0 la CNDP qu&rsquo;elle organise le d\u00e9bat sur la 3\u00e8me ligne de m\u00e9tro\",\"datePublished\":\"2016-05-04T08:27:45+00:00\",\"dateModified\":\"2016-08-10T19:12:48+00:00\",\"mainEntityOfPage\":{\"@id\":\"https:\\\/\\\/autate.fr\\\/site\\\/nous-demandons-a-la-cndp-quelle-organise-le-debat-sur-la-3eme-ligne-de-metro\\\/\"},\"wordCount\":846,\"commentCount\":0,\"publisher\":{\"@id\":\"https:\\\/\\\/autate.fr\\\/site\\\/#organization\"},\"image\":{\"@id\":\"https:\\\/\\\/autate.fr\\\/site\\\/nous-demandons-a-la-cndp-quelle-organise-le-debat-sur-la-3eme-ligne-de-metro\\\/#primaryimage\"},\"thumbnailUrl\":\"https:\\\/\\\/autate.fr\\\/site\\\/wp-content\\\/uploads\\\/2015\\\/11\\\/bandeau.jpg\",\"keywords\":[\"3\u00e8me ligne m\u00e9tro\",\"CNDP\",\"m\u00e9tro\",\"PDU\",\"SMTC\",\"TAE\"],\"articleSection\":[\"Actualit\u00e9s-AUTATE\"],\"inLanguage\":\"fr-FR\",\"potentialAction\":[{\"@type\":\"CommentAction\",\"name\":\"Comment\",\"target\":[\"https:\\\/\\\/autate.fr\\\/site\\\/nous-demandons-a-la-cndp-quelle-organise-le-debat-sur-la-3eme-ligne-de-metro\\\/#respond\"]}]},{\"@type\":\"WebPage\",\"@id\":\"https:\\\/\\\/autate.fr\\\/site\\\/nous-demandons-a-la-cndp-quelle-organise-le-debat-sur-la-3eme-ligne-de-metro\\\/\",\"url\":\"https:\\\/\\\/autate.fr\\\/site\\\/nous-demandons-a-la-cndp-quelle-organise-le-debat-sur-la-3eme-ligne-de-metro\\\/\",\"name\":\"Nous demandons \u00e0 la CNDP qu'elle organise le d\u00e9bat sur la 3\u00e8me ligne de m\u00e9tro - AUTATE\",\"isPartOf\":{\"@id\":\"https:\\\/\\\/autate.fr\\\/site\\\/#website\"},\"primaryImageOfPage\":{\"@id\":\"https:\\\/\\\/autate.fr\\\/site\\\/nous-demandons-a-la-cndp-quelle-organise-le-debat-sur-la-3eme-ligne-de-metro\\\/#primaryimage\"},\"image\":{\"@id\":\"https:\\\/\\\/autate.fr\\\/site\\\/nous-demandons-a-la-cndp-quelle-organise-le-debat-sur-la-3eme-ligne-de-metro\\\/#primaryimage\"},\"thumbnailUrl\":\"https:\\\/\\\/autate.fr\\\/site\\\/wp-content\\\/uploads\\\/2015\\\/11\\\/bandeau.jpg\",\"datePublished\":\"2016-05-04T08:27:45+00:00\",\"dateModified\":\"2016-08-10T19:12:48+00:00\",\"breadcrumb\":{\"@id\":\"https:\\\/\\\/autate.fr\\\/site\\\/nous-demandons-a-la-cndp-quelle-organise-le-debat-sur-la-3eme-ligne-de-metro\\\/#breadcrumb\"},\"inLanguage\":\"fr-FR\",\"potentialAction\":[{\"@type\":\"ReadAction\",\"target\":[\"https:\\\/\\\/autate.fr\\\/site\\\/nous-demandons-a-la-cndp-quelle-organise-le-debat-sur-la-3eme-ligne-de-metro\\\/\"]}]},{\"@type\":\"ImageObject\",\"inLanguage\":\"fr-FR\",\"@id\":\"https:\\\/\\\/autate.fr\\\/site\\\/nous-demandons-a-la-cndp-quelle-organise-le-debat-sur-la-3eme-ligne-de-metro\\\/#primaryimage\",\"url\":\"https:\\\/\\\/autate.fr\\\/site\\\/wp-content\\\/uploads\\\/2015\\\/11\\\/bandeau.jpg\",\"contentUrl\":\"https:\\\/\\\/autate.fr\\\/site\\\/wp-content\\\/uploads\\\/2015\\\/11\\\/bandeau.jpg\",\"width\":1260,\"height\":240},{\"@type\":\"BreadcrumbList\",\"@id\":\"https:\\\/\\\/autate.fr\\\/site\\\/nous-demandons-a-la-cndp-quelle-organise-le-debat-sur-la-3eme-ligne-de-metro\\\/#breadcrumb\",\"itemListElement\":[{\"@type\":\"ListItem\",\"position\":1,\"name\":\"Accueil\",\"item\":\"https:\\\/\\\/autate.fr\\\/site\\\/\"},{\"@type\":\"ListItem\",\"position\":2,\"name\":\"Nous demandons \u00e0 la CNDP qu&rsquo;elle organise le d\u00e9bat sur la 3\u00e8me ligne de m\u00e9tro\"}]},{\"@type\":\"WebSite\",\"@id\":\"https:\\\/\\\/autate.fr\\\/site\\\/#website\",\"url\":\"https:\\\/\\\/autate.fr\\\/site\\\/\",\"name\":\"AUTATE\",\"description\":\"Association des usagers des transports de l&#039;agglom\u00e9ration Toulousaine et de ses environs\",\"publisher\":{\"@id\":\"https:\\\/\\\/autate.fr\\\/site\\\/#organization\"},\"potentialAction\":[{\"@type\":\"SearchAction\",\"target\":{\"@type\":\"EntryPoint\",\"urlTemplate\":\"https:\\\/\\\/autate.fr\\\/site\\\/?s={search_term_string}\"},\"query-input\":{\"@type\":\"PropertyValueSpecification\",\"valueRequired\":true,\"valueName\":\"search_term_string\"}}],\"inLanguage\":\"fr-FR\"},{\"@type\":\"Organization\",\"@id\":\"https:\\\/\\\/autate.fr\\\/site\\\/#organization\",\"name\":\"AUTATE\",\"url\":\"https:\\\/\\\/autate.fr\\\/site\\\/\",\"logo\":{\"@type\":\"ImageObject\",\"inLanguage\":\"fr-FR\",\"@id\":\"https:\\\/\\\/autate.fr\\\/site\\\/#\\\/schema\\\/logo\\\/image\\\/\",\"url\":\"http:\\\/\\\/autate.fr\\\/site\\\/wp-content\\\/uploads\\\/2019\\\/01\\\/logo.png\",\"contentUrl\":\"http:\\\/\\\/autate.fr\\\/site\\\/wp-content\\\/uploads\\\/2019\\\/01\\\/logo.png\",\"width\":506,\"height\":280,\"caption\":\"AUTATE\"},\"image\":{\"@id\":\"https:\\\/\\\/autate.fr\\\/site\\\/#\\\/schema\\\/logo\\\/image\\\/\"},\"sameAs\":[\"https:\\\/\\\/www.facebook.com\\\/AutateToulouse\",\"https:\\\/\\\/x.com\\\/AutateToulouse\"]},{\"@type\":\"Person\",\"@id\":\"https:\\\/\\\/autate.fr\\\/site\\\/#\\\/schema\\\/person\\\/ae1ab8bdaa7b41d2a9b52d2557ce8254\",\"name\":\"pascalbarbier\",\"image\":{\"@type\":\"ImageObject\",\"inLanguage\":\"fr-FR\",\"@id\":\"https:\\\/\\\/secure.gravatar.com\\\/avatar\\\/03f4e8ced09894b72c67e83142540730d4b3bbf619bf46341b0074e3bf5f08a0?s=96&d=mm&r=g\",\"url\":\"https:\\\/\\\/secure.gravatar.com\\\/avatar\\\/03f4e8ced09894b72c67e83142540730d4b3bbf619bf46341b0074e3bf5f08a0?s=96&d=mm&r=g\",\"contentUrl\":\"https:\\\/\\\/secure.gravatar.com\\\/avatar\\\/03f4e8ced09894b72c67e83142540730d4b3bbf619bf46341b0074e3bf5f08a0?s=96&d=mm&r=g\",\"caption\":\"pascalbarbier\"},\"url\":\"https:\\\/\\\/autate.fr\\\/site\\\/author\\\/pascalbarbier\\\/\"}]}<\/script>\n<!-- \/ Yoast SEO plugin. -->","yoast_head_json":{"title":"Nous demandons \u00e0 la CNDP qu'elle organise le d\u00e9bat sur la 3\u00e8me ligne de m\u00e9tro - AUTATE","robots":{"index":"index","follow":"follow","max-snippet":"max-snippet:-1","max-image-preview":"max-image-preview:large","max-video-preview":"max-video-preview:-1"},"canonical":"https:\/\/autate.fr\/site\/nous-demandons-a-la-cndp-quelle-organise-le-debat-sur-la-3eme-ligne-de-metro\/","og_locale":"fr_FR","og_type":"article","og_title":"Nous demandons \u00e0 la CNDP qu'elle organise le d\u00e9bat sur la 3\u00e8me ligne de m\u00e9tro - AUTATE","og_description":"Notre lettre \u00e0 Monsieur Christian Leyrit, Pr\u00e9sident de la Commission Nationale du D\u00e9bat Public concernant l&rsquo;organisation du d\u00e9bat public de la troisi\u00e8me ligne de m\u00e9tro toulousaine port\u00e9e par le SMTC-Tiss\u00e9o Monsieur, vous allez traiter mercredi 4 mai 2016, avec l&rsquo;ensemble de la CNDP, la demande du SMTC-Tiss\u00e9o au sujet de la troisi\u00e8me ligne de m\u00e9troVOIR PLUS","og_url":"https:\/\/autate.fr\/site\/nous-demandons-a-la-cndp-quelle-organise-le-debat-sur-la-3eme-ligne-de-metro\/","og_site_name":"AUTATE","article_publisher":"https:\/\/www.facebook.com\/AutateToulouse","article_published_time":"2016-05-04T08:27:45+00:00","article_modified_time":"2016-08-10T19:12:48+00:00","og_image":[{"width":1260,"height":240,"url":"https:\/\/autate.fr\/site\/wp-content\/uploads\/2015\/11\/bandeau.jpg","type":"image\/jpeg"}],"author":"pascalbarbier","twitter_card":"summary_large_image","twitter_creator":"@AutateToulouse","twitter_site":"@AutateToulouse","twitter_misc":{"\u00c9crit par":"pascalbarbier","Dur\u00e9e de lecture estim\u00e9e":"4 minutes"},"schema":{"@context":"https:\/\/schema.org","@graph":[{"@type":"Article","@id":"https:\/\/autate.fr\/site\/nous-demandons-a-la-cndp-quelle-organise-le-debat-sur-la-3eme-ligne-de-metro\/#article","isPartOf":{"@id":"https:\/\/autate.fr\/site\/nous-demandons-a-la-cndp-quelle-organise-le-debat-sur-la-3eme-ligne-de-metro\/"},"author":{"name":"pascalbarbier","@id":"https:\/\/autate.fr\/site\/#\/schema\/person\/ae1ab8bdaa7b41d2a9b52d2557ce8254"},"headline":"Nous demandons \u00e0 la CNDP qu&rsquo;elle organise le d\u00e9bat sur la 3\u00e8me ligne de m\u00e9tro","datePublished":"2016-05-04T08:27:45+00:00","dateModified":"2016-08-10T19:12:48+00:00","mainEntityOfPage":{"@id":"https:\/\/autate.fr\/site\/nous-demandons-a-la-cndp-quelle-organise-le-debat-sur-la-3eme-ligne-de-metro\/"},"wordCount":846,"commentCount":0,"publisher":{"@id":"https:\/\/autate.fr\/site\/#organization"},"image":{"@id":"https:\/\/autate.fr\/site\/nous-demandons-a-la-cndp-quelle-organise-le-debat-sur-la-3eme-ligne-de-metro\/#primaryimage"},"thumbnailUrl":"https:\/\/autate.fr\/site\/wp-content\/uploads\/2015\/11\/bandeau.jpg","keywords":["3\u00e8me ligne m\u00e9tro","CNDP","m\u00e9tro","PDU","SMTC","TAE"],"articleSection":["Actualit\u00e9s-AUTATE"],"inLanguage":"fr-FR","potentialAction":[{"@type":"CommentAction","name":"Comment","target":["https:\/\/autate.fr\/site\/nous-demandons-a-la-cndp-quelle-organise-le-debat-sur-la-3eme-ligne-de-metro\/#respond"]}]},{"@type":"WebPage","@id":"https:\/\/autate.fr\/site\/nous-demandons-a-la-cndp-quelle-organise-le-debat-sur-la-3eme-ligne-de-metro\/","url":"https:\/\/autate.fr\/site\/nous-demandons-a-la-cndp-quelle-organise-le-debat-sur-la-3eme-ligne-de-metro\/","name":"Nous demandons \u00e0 la CNDP qu'elle organise le d\u00e9bat sur la 3\u00e8me ligne de m\u00e9tro - AUTATE","isPartOf":{"@id":"https:\/\/autate.fr\/site\/#website"},"primaryImageOfPage":{"@id":"https:\/\/autate.fr\/site\/nous-demandons-a-la-cndp-quelle-organise-le-debat-sur-la-3eme-ligne-de-metro\/#primaryimage"},"image":{"@id":"https:\/\/autate.fr\/site\/nous-demandons-a-la-cndp-quelle-organise-le-debat-sur-la-3eme-ligne-de-metro\/#primaryimage"},"thumbnailUrl":"https:\/\/autate.fr\/site\/wp-content\/uploads\/2015\/11\/bandeau.jpg","datePublished":"2016-05-04T08:27:45+00:00","dateModified":"2016-08-10T19:12:48+00:00","breadcrumb":{"@id":"https:\/\/autate.fr\/site\/nous-demandons-a-la-cndp-quelle-organise-le-debat-sur-la-3eme-ligne-de-metro\/#breadcrumb"},"inLanguage":"fr-FR","potentialAction":[{"@type":"ReadAction","target":["https:\/\/autate.fr\/site\/nous-demandons-a-la-cndp-quelle-organise-le-debat-sur-la-3eme-ligne-de-metro\/"]}]},{"@type":"ImageObject","inLanguage":"fr-FR","@id":"https:\/\/autate.fr\/site\/nous-demandons-a-la-cndp-quelle-organise-le-debat-sur-la-3eme-ligne-de-metro\/#primaryimage","url":"https:\/\/autate.fr\/site\/wp-content\/uploads\/2015\/11\/bandeau.jpg","contentUrl":"https:\/\/autate.fr\/site\/wp-content\/uploads\/2015\/11\/bandeau.jpg","width":1260,"height":240},{"@type":"BreadcrumbList","@id":"https:\/\/autate.fr\/site\/nous-demandons-a-la-cndp-quelle-organise-le-debat-sur-la-3eme-ligne-de-metro\/#breadcrumb","itemListElement":[{"@type":"ListItem","position":1,"name":"Accueil","item":"https:\/\/autate.fr\/site\/"},{"@type":"ListItem","position":2,"name":"Nous demandons \u00e0 la CNDP qu&rsquo;elle organise le d\u00e9bat sur la 3\u00e8me ligne de m\u00e9tro"}]},{"@type":"WebSite","@id":"https:\/\/autate.fr\/site\/#website","url":"https:\/\/autate.fr\/site\/","name":"AUTATE","description":"Association des usagers des transports de l&#039;agglom\u00e9ration Toulousaine et de ses environs","publisher":{"@id":"https:\/\/autate.fr\/site\/#organization"},"potentialAction":[{"@type":"SearchAction","target":{"@type":"EntryPoint","urlTemplate":"https:\/\/autate.fr\/site\/?s={search_term_string}"},"query-input":{"@type":"PropertyValueSpecification","valueRequired":true,"valueName":"search_term_string"}}],"inLanguage":"fr-FR"},{"@type":"Organization","@id":"https:\/\/autate.fr\/site\/#organization","name":"AUTATE","url":"https:\/\/autate.fr\/site\/","logo":{"@type":"ImageObject","inLanguage":"fr-FR","@id":"https:\/\/autate.fr\/site\/#\/schema\/logo\/image\/","url":"http:\/\/autate.fr\/site\/wp-content\/uploads\/2019\/01\/logo.png","contentUrl":"http:\/\/autate.fr\/site\/wp-content\/uploads\/2019\/01\/logo.png","width":506,"height":280,"caption":"AUTATE"},"image":{"@id":"https:\/\/autate.fr\/site\/#\/schema\/logo\/image\/"},"sameAs":["https:\/\/www.facebook.com\/AutateToulouse","https:\/\/x.com\/AutateToulouse"]},{"@type":"Person","@id":"https:\/\/autate.fr\/site\/#\/schema\/person\/ae1ab8bdaa7b41d2a9b52d2557ce8254","name":"pascalbarbier","image":{"@type":"ImageObject","inLanguage":"fr-FR","@id":"https:\/\/secure.gravatar.com\/avatar\/03f4e8ced09894b72c67e83142540730d4b3bbf619bf46341b0074e3bf5f08a0?s=96&d=mm&r=g","url":"https:\/\/secure.gravatar.com\/avatar\/03f4e8ced09894b72c67e83142540730d4b3bbf619bf46341b0074e3bf5f08a0?s=96&d=mm&r=g","contentUrl":"https:\/\/secure.gravatar.com\/avatar\/03f4e8ced09894b72c67e83142540730d4b3bbf619bf46341b0074e3bf5f08a0?s=96&d=mm&r=g","caption":"pascalbarbier"},"url":"https:\/\/autate.fr\/site\/author\/pascalbarbier\/"}]}},"_links":{"self":[{"href":"https:\/\/autate.fr\/site\/wp-json\/wp\/v2\/posts\/530","targetHints":{"allow":["GET"]}}],"collection":[{"href":"https:\/\/autate.fr\/site\/wp-json\/wp\/v2\/posts"}],"about":[{"href":"https:\/\/autate.fr\/site\/wp-json\/wp\/v2\/types\/post"}],"author":[{"embeddable":true,"href":"https:\/\/autate.fr\/site\/wp-json\/wp\/v2\/users\/1"}],"replies":[{"embeddable":true,"href":"https:\/\/autate.fr\/site\/wp-json\/wp\/v2\/comments?post=530"}],"version-history":[{"count":4,"href":"https:\/\/autate.fr\/site\/wp-json\/wp\/v2\/posts\/530\/revisions"}],"predecessor-version":[{"id":541,"href":"https:\/\/autate.fr\/site\/wp-json\/wp\/v2\/posts\/530\/revisions\/541"}],"wp:featuredmedia":[{"embeddable":true,"href":"https:\/\/autate.fr\/site\/wp-json\/wp\/v2\/media\/49"}],"wp:attachment":[{"href":"https:\/\/autate.fr\/site\/wp-json\/wp\/v2\/media?parent=530"}],"wp:term":[{"taxonomy":"category","embeddable":true,"href":"https:\/\/autate.fr\/site\/wp-json\/wp\/v2\/categories?post=530"},{"taxonomy":"post_tag","embeddable":true,"href":"https:\/\/autate.fr\/site\/wp-json\/wp\/v2\/tags?post=530"}],"curies":[{"name":"wp","href":"https:\/\/api.w.org\/{rel}","templated":true}]}}