{"id":527,"date":"2016-04-21T13:19:22","date_gmt":"2016-04-21T11:19:22","guid":{"rendered":"http:\/\/autate.fr\/site\/?p=527"},"modified":"2016-04-25T13:24:20","modified_gmt":"2016-04-25T11:24:20","slug":"touleco-green-les-trois-codev-de-laire-urbaine-sunissent-pour-repenser-le-plan-de-mobilite","status":"publish","type":"post","link":"https:\/\/autate.fr\/site\/touleco-green-les-trois-codev-de-laire-urbaine-sunissent-pour-repenser-le-plan-de-mobilite\/","title":{"rendered":"[Toul\u00e9co-green] Les trois codev de l\u2019aire urbaine s\u2019unissent pour repenser le plan de mobilit\u00e9"},"content":{"rendered":"<p class=\"infos_publi\"><span class=\"date-publi\">Un article d&rsquo; <span class=\"auteurs\"><a href=\"http:\/\/www.touleco-green.fr\/_Aurelie-de-VARAX_\">Aur\u00e9lie de Varax<\/a><\/span> publi\u00e9 le mercredi 20 avril 2016. <\/span>Une photo de Toul\u00e9co<\/p>\n<p>&nbsp;<\/p>\n<p>Ils ont choisi de s\u2019adresser \u00e0 la presse car selon Marie-Christine Jaillet, pr\u00e9sidente du Codev de Toulouse M\u00e9tropole \u00ab\u00a0la question des mobilit\u00e9s n\u2019est pas r\u00e9ductible \u00e0 la troisi\u00e8me ligne de m\u00e9tro\u00a0\u00bb. Alors que le sujet cristallise le d\u00e9bat depuis deux mois, les pr\u00e9sidents des trois codev &#8211; Toulouse M\u00e9tropole, Sicoval et Muretain &#8211; annoncent leur rapprochement pour la recherche de meilleures solutions multimodales sur la grande agglom\u00e9ration toulousaine qui devrait supporter 500.000 d\u00e9placements suppl\u00e9mentaires d\u2019ici 2030.<\/p>\n<p>\u00ab\u00a0Nous portons la r\u00e9flexion collective d\u2019un groupe de travail compos\u00e9 d\u2019une trentaine de membres qui repr\u00e9sentent la soci\u00e9t\u00e9 civile dans sa diversit\u00e9 &#8211; acteurs \u00e9conomiques, associations, \u00e9lus, experts, usagers, habitants -. La mise en r\u00e9vision en m\u00eame temps du Scot<span class=\"spip_note_ref\">\u00a0[<a id=\"nh1\" class=\"spip_note\" title=\"Sch\u00e9ma de coh\u00e9rence territorial\" href=\"http:\/\/www.touleco-green.fr\/Toulouse-Les-trois-codev-de-l-aire-urbaine-s-unissent-pour,19060#nb1\" rel=\"footnote\">1<\/a>]<\/span> de la grande agglom\u00e9ration toulousaine et du PDU 2012<span class=\"spip_note_ref\">\u00a0[<a id=\"nh2\" class=\"spip_note\" title=\"Plan de d\u00e9placements urbains\" href=\"http:\/\/www.touleco-green.fr\/Toulouse-Les-trois-codev-de-l-aire-urbaine-s-unissent-pour,19060#nb2\" rel=\"footnote\">2<\/a>]<\/span> offre l\u2019opportunit\u00e9 de mieux articuler urbanisme et transports en y associant tous les acteurs. Nous souhaitons \u00eatre l\u2019\u00e9cho des visions port\u00e9es par les membres de la cit\u00e9 aupr\u00e8s des \u00e9lus,\u00a0\u00bb pr\u00e9cise Marie-Christine Jaillet qui souligne la n\u00e9cessaire convergence autour de cette question de la mobilit\u00e9 pour l\u2019avenir de l\u2019industrie toulousaine, m\u00eame \u00ab<small class=\"fine\">\u00a0<\/small>s\u2019il y a des questions propres \u00e0 chaque territoire<small class=\"fine\">\u00a0<\/small>\u00bb.<\/p>\n<p><a href=\"http:\/\/www.touleco-green.fr\/Toulouse-Les-trois-codev-de-l-aire-urbaine-s-unissent-pour,19060\">lire la suite<\/a><\/p>\n","protected":false},"excerpt":{"rendered":"<p>Un article d&rsquo; Aur\u00e9lie de Varax publi\u00e9 le mercredi 20 avril 2016. Une photo de Toul\u00e9co &nbsp; Ils ont choisi de s\u2019adresser \u00e0 la presse car selon Marie-Christine Jaillet, pr\u00e9sidente du Codev de Toulouse M\u00e9tropole \u00ab\u00a0la question des mobilit\u00e9s n\u2019est pas r\u00e9ductible \u00e0 la troisi\u00e8me ligne de m\u00e9tro\u00a0\u00bb. Alors que le sujet cristallise le d\u00e9bat<\/p>\n<p class=\"more-link\"><a href=\"https:\/\/autate.fr\/site\/touleco-green-les-trois-codev-de-laire-urbaine-sunissent-pour-repenser-le-plan-de-mobilite\/\" class=\"themebutton2\">VOIR PLUS<\/a><\/p>\n","protected":false},"author":1,"featured_media":528,"comment_status":"open","ping_status":"open","sticky":false,"template":"","format":"standard","meta":{"footnotes":""},"categories":[7],"tags":[172,170,167,22,12,168,86,23,171,169],"class_list":["post-527","post","type-post","status-publish","format-standard","has-post-thumbnail","hentry","category-revue-de-presse","tag-3eme-ligne-metro","tag-aot","tag-codev","tag-labege","tag-metro","tag-muretain","tag-pdu","tag-sicoval","tag-stif","tag-toulouse-metropole"],"yoast_head":"<!-- This site is optimized with the Yoast SEO plugin v27.4 - https:\/\/yoast.com\/product\/yoast-seo-wordpress\/ -->\n<title>[Toul\u00e9co-green] Les trois codev de l\u2019aire urbaine s\u2019unissent pour repenser le plan de mobilit\u00e9 - AUTATE<\/title>\n<meta name=\"robots\" content=\"index, follow, max-snippet:-1, max-image-preview:large, max-video-preview:-1\" \/>\n<link rel=\"canonical\" href=\"https:\/\/autate.fr\/site\/touleco-green-les-trois-codev-de-laire-urbaine-sunissent-pour-repenser-le-plan-de-mobilite\/\" \/>\n<meta property=\"og:locale\" content=\"fr_FR\" \/>\n<meta property=\"og:type\" content=\"article\" \/>\n<meta property=\"og:title\" content=\"[Toul\u00e9co-green] Les trois codev de l\u2019aire urbaine s\u2019unissent pour repenser le plan de mobilit\u00e9 - AUTATE\" \/>\n<meta property=\"og:description\" content=\"Un article d&rsquo; Aur\u00e9lie de Varax publi\u00e9 le mercredi 20 avril 2016. Une photo de Toul\u00e9co &nbsp; Ils ont choisi de s\u2019adresser \u00e0 la presse car selon Marie-Christine Jaillet, pr\u00e9sidente du Codev de Toulouse M\u00e9tropole \u00ab\u00a0la question des mobilit\u00e9s n\u2019est pas r\u00e9ductible \u00e0 la troisi\u00e8me ligne de m\u00e9tro\u00a0\u00bb. Alors que le sujet cristallise le d\u00e9batVOIR PLUS\" \/>\n<meta property=\"og:url\" content=\"https:\/\/autate.fr\/site\/touleco-green-les-trois-codev-de-laire-urbaine-sunissent-pour-repenser-le-plan-de-mobilite\/\" \/>\n<meta property=\"og:site_name\" content=\"AUTATE\" \/>\n<meta property=\"article:publisher\" content=\"https:\/\/www.facebook.com\/AutateToulouse\" \/>\n<meta property=\"article:published_time\" content=\"2016-04-21T11:19:22+00:00\" \/>\n<meta property=\"article:modified_time\" content=\"2016-04-25T11:24:20+00:00\" \/>\n<meta property=\"og:image\" content=\"https:\/\/autate.fr\/site\/wp-content\/uploads\/2016\/04\/toul\u00e9co.jpg\" \/>\n\t<meta property=\"og:image:width\" content=\"470\" \/>\n\t<meta property=\"og:image:height\" content=\"313\" \/>\n\t<meta property=\"og:image:type\" content=\"image\/jpeg\" \/>\n<meta name=\"author\" content=\"pascalbarbier\" \/>\n<meta name=\"twitter:card\" content=\"summary_large_image\" \/>\n<meta name=\"twitter:creator\" content=\"@AutateToulouse\" \/>\n<meta name=\"twitter:site\" content=\"@AutateToulouse\" \/>\n<meta name=\"twitter:label1\" content=\"\u00c9crit par\" \/>\n\t<meta name=\"twitter:data1\" content=\"pascalbarbier\" \/>\n\t<meta name=\"twitter:label2\" content=\"Dur\u00e9e de lecture estim\u00e9e\" \/>\n\t<meta name=\"twitter:data2\" content=\"1 minute\" \/>\n<script type=\"application\/ld+json\" class=\"yoast-schema-graph\">{\"@context\":\"https:\\\/\\\/schema.org\",\"@graph\":[{\"@type\":\"Article\",\"@id\":\"https:\\\/\\\/autate.fr\\\/site\\\/touleco-green-les-trois-codev-de-laire-urbaine-sunissent-pour-repenser-le-plan-de-mobilite\\\/#article\",\"isPartOf\":{\"@id\":\"https:\\\/\\\/autate.fr\\\/site\\\/touleco-green-les-trois-codev-de-laire-urbaine-sunissent-pour-repenser-le-plan-de-mobilite\\\/\"},\"author\":{\"name\":\"pascalbarbier\",\"@id\":\"https:\\\/\\\/autate.fr\\\/site\\\/#\\\/schema\\\/person\\\/ae1ab8bdaa7b41d2a9b52d2557ce8254\"},\"headline\":\"[Toul\u00e9co-green] Les trois codev de l\u2019aire urbaine s\u2019unissent pour repenser le plan de mobilit\u00e9\",\"datePublished\":\"2016-04-21T11:19:22+00:00\",\"dateModified\":\"2016-04-25T11:24:20+00:00\",\"mainEntityOfPage\":{\"@id\":\"https:\\\/\\\/autate.fr\\\/site\\\/touleco-green-les-trois-codev-de-laire-urbaine-sunissent-pour-repenser-le-plan-de-mobilite\\\/\"},\"wordCount\":249,\"commentCount\":1,\"publisher\":{\"@id\":\"https:\\\/\\\/autate.fr\\\/site\\\/#organization\"},\"image\":{\"@id\":\"https:\\\/\\\/autate.fr\\\/site\\\/touleco-green-les-trois-codev-de-laire-urbaine-sunissent-pour-repenser-le-plan-de-mobilite\\\/#primaryimage\"},\"thumbnailUrl\":\"https:\\\/\\\/autate.fr\\\/site\\\/wp-content\\\/uploads\\\/2016\\\/04\\\/toul\u00e9co.jpg\",\"keywords\":[\"3\u00e8me ligne m\u00e9tro\",\"AOT\",\"codev\",\"Lab\u00e8ge\",\"m\u00e9tro\",\"muretain\",\"PDU\",\"Sicoval\",\"STIF\",\"toulouse m\u00e9tropole\"],\"articleSection\":[\"Revue de presse\"],\"inLanguage\":\"fr-FR\",\"potentialAction\":[{\"@type\":\"CommentAction\",\"name\":\"Comment\",\"target\":[\"https:\\\/\\\/autate.fr\\\/site\\\/touleco-green-les-trois-codev-de-laire-urbaine-sunissent-pour-repenser-le-plan-de-mobilite\\\/#respond\"]}]},{\"@type\":\"WebPage\",\"@id\":\"https:\\\/\\\/autate.fr\\\/site\\\/touleco-green-les-trois-codev-de-laire-urbaine-sunissent-pour-repenser-le-plan-de-mobilite\\\/\",\"url\":\"https:\\\/\\\/autate.fr\\\/site\\\/touleco-green-les-trois-codev-de-laire-urbaine-sunissent-pour-repenser-le-plan-de-mobilite\\\/\",\"name\":\"[Toul\u00e9co-green] Les trois codev de l\u2019aire urbaine s\u2019unissent pour repenser le plan de mobilit\u00e9 - AUTATE\",\"isPartOf\":{\"@id\":\"https:\\\/\\\/autate.fr\\\/site\\\/#website\"},\"primaryImageOfPage\":{\"@id\":\"https:\\\/\\\/autate.fr\\\/site\\\/touleco-green-les-trois-codev-de-laire-urbaine-sunissent-pour-repenser-le-plan-de-mobilite\\\/#primaryimage\"},\"image\":{\"@id\":\"https:\\\/\\\/autate.fr\\\/site\\\/touleco-green-les-trois-codev-de-laire-urbaine-sunissent-pour-repenser-le-plan-de-mobilite\\\/#primaryimage\"},\"thumbnailUrl\":\"https:\\\/\\\/autate.fr\\\/site\\\/wp-content\\\/uploads\\\/2016\\\/04\\\/toul\u00e9co.jpg\",\"datePublished\":\"2016-04-21T11:19:22+00:00\",\"dateModified\":\"2016-04-25T11:24:20+00:00\",\"breadcrumb\":{\"@id\":\"https:\\\/\\\/autate.fr\\\/site\\\/touleco-green-les-trois-codev-de-laire-urbaine-sunissent-pour-repenser-le-plan-de-mobilite\\\/#breadcrumb\"},\"inLanguage\":\"fr-FR\",\"potentialAction\":[{\"@type\":\"ReadAction\",\"target\":[\"https:\\\/\\\/autate.fr\\\/site\\\/touleco-green-les-trois-codev-de-laire-urbaine-sunissent-pour-repenser-le-plan-de-mobilite\\\/\"]}]},{\"@type\":\"ImageObject\",\"inLanguage\":\"fr-FR\",\"@id\":\"https:\\\/\\\/autate.fr\\\/site\\\/touleco-green-les-trois-codev-de-laire-urbaine-sunissent-pour-repenser-le-plan-de-mobilite\\\/#primaryimage\",\"url\":\"https:\\\/\\\/autate.fr\\\/site\\\/wp-content\\\/uploads\\\/2016\\\/04\\\/toul\u00e9co.jpg\",\"contentUrl\":\"https:\\\/\\\/autate.fr\\\/site\\\/wp-content\\\/uploads\\\/2016\\\/04\\\/toul\u00e9co.jpg\",\"width\":470,\"height\":313},{\"@type\":\"BreadcrumbList\",\"@id\":\"https:\\\/\\\/autate.fr\\\/site\\\/touleco-green-les-trois-codev-de-laire-urbaine-sunissent-pour-repenser-le-plan-de-mobilite\\\/#breadcrumb\",\"itemListElement\":[{\"@type\":\"ListItem\",\"position\":1,\"name\":\"Accueil\",\"item\":\"https:\\\/\\\/autate.fr\\\/site\\\/\"},{\"@type\":\"ListItem\",\"position\":2,\"name\":\"[Toul\u00e9co-green] Les trois codev de l\u2019aire urbaine s\u2019unissent pour repenser le plan de mobilit\u00e9\"}]},{\"@type\":\"WebSite\",\"@id\":\"https:\\\/\\\/autate.fr\\\/site\\\/#website\",\"url\":\"https:\\\/\\\/autate.fr\\\/site\\\/\",\"name\":\"AUTATE\",\"description\":\"Association des usagers des transports de l&#039;agglom\u00e9ration Toulousaine et de ses environs\",\"publisher\":{\"@id\":\"https:\\\/\\\/autate.fr\\\/site\\\/#organization\"},\"potentialAction\":[{\"@type\":\"SearchAction\",\"target\":{\"@type\":\"EntryPoint\",\"urlTemplate\":\"https:\\\/\\\/autate.fr\\\/site\\\/?s={search_term_string}\"},\"query-input\":{\"@type\":\"PropertyValueSpecification\",\"valueRequired\":true,\"valueName\":\"search_term_string\"}}],\"inLanguage\":\"fr-FR\"},{\"@type\":\"Organization\",\"@id\":\"https:\\\/\\\/autate.fr\\\/site\\\/#organization\",\"name\":\"AUTATE\",\"url\":\"https:\\\/\\\/autate.fr\\\/site\\\/\",\"logo\":{\"@type\":\"ImageObject\",\"inLanguage\":\"fr-FR\",\"@id\":\"https:\\\/\\\/autate.fr\\\/site\\\/#\\\/schema\\\/logo\\\/image\\\/\",\"url\":\"http:\\\/\\\/autate.fr\\\/site\\\/wp-content\\\/uploads\\\/2019\\\/01\\\/logo.png\",\"contentUrl\":\"http:\\\/\\\/autate.fr\\\/site\\\/wp-content\\\/uploads\\\/2019\\\/01\\\/logo.png\",\"width\":506,\"height\":280,\"caption\":\"AUTATE\"},\"image\":{\"@id\":\"https:\\\/\\\/autate.fr\\\/site\\\/#\\\/schema\\\/logo\\\/image\\\/\"},\"sameAs\":[\"https:\\\/\\\/www.facebook.com\\\/AutateToulouse\",\"https:\\\/\\\/x.com\\\/AutateToulouse\"]},{\"@type\":\"Person\",\"@id\":\"https:\\\/\\\/autate.fr\\\/site\\\/#\\\/schema\\\/person\\\/ae1ab8bdaa7b41d2a9b52d2557ce8254\",\"name\":\"pascalbarbier\",\"image\":{\"@type\":\"ImageObject\",\"inLanguage\":\"fr-FR\",\"@id\":\"https:\\\/\\\/secure.gravatar.com\\\/avatar\\\/03f4e8ced09894b72c67e83142540730d4b3bbf619bf46341b0074e3bf5f08a0?s=96&d=mm&r=g\",\"url\":\"https:\\\/\\\/secure.gravatar.com\\\/avatar\\\/03f4e8ced09894b72c67e83142540730d4b3bbf619bf46341b0074e3bf5f08a0?s=96&d=mm&r=g\",\"contentUrl\":\"https:\\\/\\\/secure.gravatar.com\\\/avatar\\\/03f4e8ced09894b72c67e83142540730d4b3bbf619bf46341b0074e3bf5f08a0?s=96&d=mm&r=g\",\"caption\":\"pascalbarbier\"},\"url\":\"https:\\\/\\\/autate.fr\\\/site\\\/author\\\/pascalbarbier\\\/\"}]}<\/script>\n<!-- \/ Yoast SEO plugin. -->","yoast_head_json":{"title":"[Toul\u00e9co-green] Les trois codev de l\u2019aire urbaine s\u2019unissent pour repenser le plan de mobilit\u00e9 - AUTATE","robots":{"index":"index","follow":"follow","max-snippet":"max-snippet:-1","max-image-preview":"max-image-preview:large","max-video-preview":"max-video-preview:-1"},"canonical":"https:\/\/autate.fr\/site\/touleco-green-les-trois-codev-de-laire-urbaine-sunissent-pour-repenser-le-plan-de-mobilite\/","og_locale":"fr_FR","og_type":"article","og_title":"[Toul\u00e9co-green] Les trois codev de l\u2019aire urbaine s\u2019unissent pour repenser le plan de mobilit\u00e9 - AUTATE","og_description":"Un article d&rsquo; Aur\u00e9lie de Varax publi\u00e9 le mercredi 20 avril 2016. Une photo de Toul\u00e9co &nbsp; Ils ont choisi de s\u2019adresser \u00e0 la presse car selon Marie-Christine Jaillet, pr\u00e9sidente du Codev de Toulouse M\u00e9tropole \u00ab\u00a0la question des mobilit\u00e9s n\u2019est pas r\u00e9ductible \u00e0 la troisi\u00e8me ligne de m\u00e9tro\u00a0\u00bb. Alors que le sujet cristallise le d\u00e9batVOIR PLUS","og_url":"https:\/\/autate.fr\/site\/touleco-green-les-trois-codev-de-laire-urbaine-sunissent-pour-repenser-le-plan-de-mobilite\/","og_site_name":"AUTATE","article_publisher":"https:\/\/www.facebook.com\/AutateToulouse","article_published_time":"2016-04-21T11:19:22+00:00","article_modified_time":"2016-04-25T11:24:20+00:00","og_image":[{"width":470,"height":313,"url":"https:\/\/autate.fr\/site\/wp-content\/uploads\/2016\/04\/toul\u00e9co.jpg","type":"image\/jpeg"}],"author":"pascalbarbier","twitter_card":"summary_large_image","twitter_creator":"@AutateToulouse","twitter_site":"@AutateToulouse","twitter_misc":{"\u00c9crit par":"pascalbarbier","Dur\u00e9e de lecture estim\u00e9e":"1 minute"},"schema":{"@context":"https:\/\/schema.org","@graph":[{"@type":"Article","@id":"https:\/\/autate.fr\/site\/touleco-green-les-trois-codev-de-laire-urbaine-sunissent-pour-repenser-le-plan-de-mobilite\/#article","isPartOf":{"@id":"https:\/\/autate.fr\/site\/touleco-green-les-trois-codev-de-laire-urbaine-sunissent-pour-repenser-le-plan-de-mobilite\/"},"author":{"name":"pascalbarbier","@id":"https:\/\/autate.fr\/site\/#\/schema\/person\/ae1ab8bdaa7b41d2a9b52d2557ce8254"},"headline":"[Toul\u00e9co-green] Les trois codev de l\u2019aire urbaine s\u2019unissent pour repenser le plan de mobilit\u00e9","datePublished":"2016-04-21T11:19:22+00:00","dateModified":"2016-04-25T11:24:20+00:00","mainEntityOfPage":{"@id":"https:\/\/autate.fr\/site\/touleco-green-les-trois-codev-de-laire-urbaine-sunissent-pour-repenser-le-plan-de-mobilite\/"},"wordCount":249,"commentCount":1,"publisher":{"@id":"https:\/\/autate.fr\/site\/#organization"},"image":{"@id":"https:\/\/autate.fr\/site\/touleco-green-les-trois-codev-de-laire-urbaine-sunissent-pour-repenser-le-plan-de-mobilite\/#primaryimage"},"thumbnailUrl":"https:\/\/autate.fr\/site\/wp-content\/uploads\/2016\/04\/toul\u00e9co.jpg","keywords":["3\u00e8me ligne m\u00e9tro","AOT","codev","Lab\u00e8ge","m\u00e9tro","muretain","PDU","Sicoval","STIF","toulouse m\u00e9tropole"],"articleSection":["Revue de presse"],"inLanguage":"fr-FR","potentialAction":[{"@type":"CommentAction","name":"Comment","target":["https:\/\/autate.fr\/site\/touleco-green-les-trois-codev-de-laire-urbaine-sunissent-pour-repenser-le-plan-de-mobilite\/#respond"]}]},{"@type":"WebPage","@id":"https:\/\/autate.fr\/site\/touleco-green-les-trois-codev-de-laire-urbaine-sunissent-pour-repenser-le-plan-de-mobilite\/","url":"https:\/\/autate.fr\/site\/touleco-green-les-trois-codev-de-laire-urbaine-sunissent-pour-repenser-le-plan-de-mobilite\/","name":"[Toul\u00e9co-green] Les trois codev de l\u2019aire urbaine s\u2019unissent pour repenser le plan de mobilit\u00e9 - AUTATE","isPartOf":{"@id":"https:\/\/autate.fr\/site\/#website"},"primaryImageOfPage":{"@id":"https:\/\/autate.fr\/site\/touleco-green-les-trois-codev-de-laire-urbaine-sunissent-pour-repenser-le-plan-de-mobilite\/#primaryimage"},"image":{"@id":"https:\/\/autate.fr\/site\/touleco-green-les-trois-codev-de-laire-urbaine-sunissent-pour-repenser-le-plan-de-mobilite\/#primaryimage"},"thumbnailUrl":"https:\/\/autate.fr\/site\/wp-content\/uploads\/2016\/04\/toul\u00e9co.jpg","datePublished":"2016-04-21T11:19:22+00:00","dateModified":"2016-04-25T11:24:20+00:00","breadcrumb":{"@id":"https:\/\/autate.fr\/site\/touleco-green-les-trois-codev-de-laire-urbaine-sunissent-pour-repenser-le-plan-de-mobilite\/#breadcrumb"},"inLanguage":"fr-FR","potentialAction":[{"@type":"ReadAction","target":["https:\/\/autate.fr\/site\/touleco-green-les-trois-codev-de-laire-urbaine-sunissent-pour-repenser-le-plan-de-mobilite\/"]}]},{"@type":"ImageObject","inLanguage":"fr-FR","@id":"https:\/\/autate.fr\/site\/touleco-green-les-trois-codev-de-laire-urbaine-sunissent-pour-repenser-le-plan-de-mobilite\/#primaryimage","url":"https:\/\/autate.fr\/site\/wp-content\/uploads\/2016\/04\/toul\u00e9co.jpg","contentUrl":"https:\/\/autate.fr\/site\/wp-content\/uploads\/2016\/04\/toul\u00e9co.jpg","width":470,"height":313},{"@type":"BreadcrumbList","@id":"https:\/\/autate.fr\/site\/touleco-green-les-trois-codev-de-laire-urbaine-sunissent-pour-repenser-le-plan-de-mobilite\/#breadcrumb","itemListElement":[{"@type":"ListItem","position":1,"name":"Accueil","item":"https:\/\/autate.fr\/site\/"},{"@type":"ListItem","position":2,"name":"[Toul\u00e9co-green] Les trois codev de l\u2019aire urbaine s\u2019unissent pour repenser le plan de mobilit\u00e9"}]},{"@type":"WebSite","@id":"https:\/\/autate.fr\/site\/#website","url":"https:\/\/autate.fr\/site\/","name":"AUTATE","description":"Association des usagers des transports de l&#039;agglom\u00e9ration Toulousaine et de ses environs","publisher":{"@id":"https:\/\/autate.fr\/site\/#organization"},"potentialAction":[{"@type":"SearchAction","target":{"@type":"EntryPoint","urlTemplate":"https:\/\/autate.fr\/site\/?s={search_term_string}"},"query-input":{"@type":"PropertyValueSpecification","valueRequired":true,"valueName":"search_term_string"}}],"inLanguage":"fr-FR"},{"@type":"Organization","@id":"https:\/\/autate.fr\/site\/#organization","name":"AUTATE","url":"https:\/\/autate.fr\/site\/","logo":{"@type":"ImageObject","inLanguage":"fr-FR","@id":"https:\/\/autate.fr\/site\/#\/schema\/logo\/image\/","url":"http:\/\/autate.fr\/site\/wp-content\/uploads\/2019\/01\/logo.png","contentUrl":"http:\/\/autate.fr\/site\/wp-content\/uploads\/2019\/01\/logo.png","width":506,"height":280,"caption":"AUTATE"},"image":{"@id":"https:\/\/autate.fr\/site\/#\/schema\/logo\/image\/"},"sameAs":["https:\/\/www.facebook.com\/AutateToulouse","https:\/\/x.com\/AutateToulouse"]},{"@type":"Person","@id":"https:\/\/autate.fr\/site\/#\/schema\/person\/ae1ab8bdaa7b41d2a9b52d2557ce8254","name":"pascalbarbier","image":{"@type":"ImageObject","inLanguage":"fr-FR","@id":"https:\/\/secure.gravatar.com\/avatar\/03f4e8ced09894b72c67e83142540730d4b3bbf619bf46341b0074e3bf5f08a0?s=96&d=mm&r=g","url":"https:\/\/secure.gravatar.com\/avatar\/03f4e8ced09894b72c67e83142540730d4b3bbf619bf46341b0074e3bf5f08a0?s=96&d=mm&r=g","contentUrl":"https:\/\/secure.gravatar.com\/avatar\/03f4e8ced09894b72c67e83142540730d4b3bbf619bf46341b0074e3bf5f08a0?s=96&d=mm&r=g","caption":"pascalbarbier"},"url":"https:\/\/autate.fr\/site\/author\/pascalbarbier\/"}]}},"_links":{"self":[{"href":"https:\/\/autate.fr\/site\/wp-json\/wp\/v2\/posts\/527","targetHints":{"allow":["GET"]}}],"collection":[{"href":"https:\/\/autate.fr\/site\/wp-json\/wp\/v2\/posts"}],"about":[{"href":"https:\/\/autate.fr\/site\/wp-json\/wp\/v2\/types\/post"}],"author":[{"embeddable":true,"href":"https:\/\/autate.fr\/site\/wp-json\/wp\/v2\/users\/1"}],"replies":[{"embeddable":true,"href":"https:\/\/autate.fr\/site\/wp-json\/wp\/v2\/comments?post=527"}],"version-history":[{"count":1,"href":"https:\/\/autate.fr\/site\/wp-json\/wp\/v2\/posts\/527\/revisions"}],"predecessor-version":[{"id":529,"href":"https:\/\/autate.fr\/site\/wp-json\/wp\/v2\/posts\/527\/revisions\/529"}],"wp:featuredmedia":[{"embeddable":true,"href":"https:\/\/autate.fr\/site\/wp-json\/wp\/v2\/media\/528"}],"wp:attachment":[{"href":"https:\/\/autate.fr\/site\/wp-json\/wp\/v2\/media?parent=527"}],"wp:term":[{"taxonomy":"category","embeddable":true,"href":"https:\/\/autate.fr\/site\/wp-json\/wp\/v2\/categories?post=527"},{"taxonomy":"post_tag","embeddable":true,"href":"https:\/\/autate.fr\/site\/wp-json\/wp\/v2\/tags?post=527"}],"curies":[{"name":"wp","href":"https:\/\/api.w.org\/{rel}","templated":true}]}}