{"id":513,"date":"2016-04-12T16:55:09","date_gmt":"2016-04-12T14:55:09","guid":{"rendered":"http:\/\/autate.fr\/site\/?p=513"},"modified":"2016-04-17T17:00:48","modified_gmt":"2016-04-17T15:00:48","slug":"actucotetoulouse-metro-a-labege-le-bras-de-fer-se-poursuit-au-ministere-et-dans-la-rue","status":"publish","type":"post","link":"https:\/\/autate.fr\/site\/actucotetoulouse-metro-a-labege-le-bras-de-fer-se-poursuit-au-ministere-et-dans-la-rue\/","title":{"rendered":"[actuC\u00f4t\u00e9Toulouse] M\u00e9tro \u00e0 Lab\u00e8ge : le bras de fer se poursuit au minist\u00e8re et dans la rue"},"content":{"rendered":"<p>Un article de David St Sernin publi\u00e9 le 11\/04\/2016<\/p>\n<h2 class=\"bigger mts mbs\" data-role=\"chapo\">Apr\u00e8s avoir dynamit\u00e9 la vie politique locale, la bataille de la communication sur l&rsquo;arriv\u00e9e du m\u00e9tro \u00e0 Lab\u00e8ge remonte au minist\u00e8re d&rsquo;un c\u00f4t\u00e9 et descend dans la rue de l&rsquo;autre.<\/h2>\n<p>Si le livre du prolongement de la ligne B vers Lab\u00e8ge a \u00e9t\u00e9 referm\u00e9 par Jean-Luc Moudenc et Tiss\u00e9o il y a quelques semaines, le roman du m\u00e9tro \u00e0 Lab\u00e8ge continue \u00e0 s\u2019\u00e9crire. Apr\u00e8s avoir dynamit\u00e9 la vie politique au sein des collectivit\u00e9s locales, \u00e0 l\u2019int\u00e9rieur de Tiss\u00e9o et dans les colonnes de la presse ou sur les r\u00e9seaux sociaux, les acteurs du dossier sont en train de varier les lieux du bras de fer. R\u00e9cit d\u2019une campagne en trois actes qui a envoy\u00e9 le m\u00e9tro de Lab\u00e8ge entre les murs du minist\u00e8re pour le retrouver maintenant sur la place publique\u2026 avant de retourner au minist\u00e8re.<\/p>\n<h3>Acte 1 : une r\u00e9union entre socialistes avec le secr\u00e9taire d\u2019\u00c9tat aux Transports, Alain Vidalies<\/h3>\n<p><a href=\"http:\/\/actu.cotetoulouse.fr\/metro-labege-ligne-b-bras-de-fer-poursuit-ministere-et-dans-la-rue_33459\/\">lire la suite<\/a><\/p>\n","protected":false},"excerpt":{"rendered":"<p>Un article de David St Sernin publi\u00e9 le 11\/04\/2016 Apr\u00e8s avoir dynamit\u00e9 la vie politique locale, la bataille de la communication sur l&rsquo;arriv\u00e9e du m\u00e9tro \u00e0 Lab\u00e8ge remonte au minist\u00e8re d&rsquo;un c\u00f4t\u00e9 et descend dans la rue de l&rsquo;autre. Si le livre du prolongement de la ligne B vers Lab\u00e8ge a \u00e9t\u00e9 referm\u00e9 par Jean-Luc<\/p>\n<p class=\"more-link\"><a href=\"https:\/\/autate.fr\/site\/actucotetoulouse-metro-a-labege-le-bras-de-fer-se-poursuit-au-ministere-et-dans-la-rue\/\" class=\"themebutton2\">VOIR PLUS<\/a><\/p>\n","protected":false},"author":1,"featured_media":514,"comment_status":"open","ping_status":"open","sticky":false,"template":"","format":"standard","meta":{"footnotes":""},"categories":[7],"tags":[154,166,165,153,164,18,12,17,46],"class_list":["post-513","post","type-post","status-publish","format-standard","has-post-thumbnail","hentry","category-revue-de-presse","tag-a-vidalies","tag-communication","tag-j-oberti","tag-jl-moudenc","tag-k-arif","tag-ligne-b","tag-metro","tag-plb","tag-tisseo"],"yoast_head":"<!-- This site is optimized with the Yoast SEO plugin v27.4 - https:\/\/yoast.com\/product\/yoast-seo-wordpress\/ -->\n<title>[actuC\u00f4t\u00e9Toulouse] M\u00e9tro \u00e0 Lab\u00e8ge : le bras de fer se poursuit au minist\u00e8re et dans la rue - AUTATE<\/title>\n<meta name=\"robots\" content=\"index, follow, max-snippet:-1, max-image-preview:large, max-video-preview:-1\" \/>\n<link rel=\"canonical\" href=\"https:\/\/autate.fr\/site\/actucotetoulouse-metro-a-labege-le-bras-de-fer-se-poursuit-au-ministere-et-dans-la-rue\/\" \/>\n<meta property=\"og:locale\" content=\"fr_FR\" \/>\n<meta property=\"og:type\" content=\"article\" \/>\n<meta property=\"og:title\" content=\"[actuC\u00f4t\u00e9Toulouse] M\u00e9tro \u00e0 Lab\u00e8ge : le bras de fer se poursuit au minist\u00e8re et dans la rue - AUTATE\" \/>\n<meta property=\"og:description\" content=\"Un article de David St Sernin publi\u00e9 le 11\/04\/2016 Apr\u00e8s avoir dynamit\u00e9 la vie politique locale, la bataille de la communication sur l&rsquo;arriv\u00e9e du m\u00e9tro \u00e0 Lab\u00e8ge remonte au minist\u00e8re d&rsquo;un c\u00f4t\u00e9 et descend dans la rue de l&rsquo;autre. Si le livre du prolongement de la ligne B vers Lab\u00e8ge a \u00e9t\u00e9 referm\u00e9 par Jean-LucVOIR PLUS\" \/>\n<meta property=\"og:url\" content=\"https:\/\/autate.fr\/site\/actucotetoulouse-metro-a-labege-le-bras-de-fer-se-poursuit-au-ministere-et-dans-la-rue\/\" \/>\n<meta property=\"og:site_name\" content=\"AUTATE\" \/>\n<meta property=\"article:publisher\" content=\"https:\/\/www.facebook.com\/AutateToulouse\" \/>\n<meta property=\"article:published_time\" content=\"2016-04-12T14:55:09+00:00\" \/>\n<meta property=\"article:modified_time\" content=\"2016-04-17T15:00:48+00:00\" \/>\n<meta property=\"og:image\" content=\"https:\/\/autate.fr\/site\/wp-content\/uploads\/2016\/04\/carbonnelCom.jpg\" \/>\n\t<meta property=\"og:image:width\" content=\"535\" \/>\n\t<meta property=\"og:image:height\" content=\"438\" \/>\n\t<meta property=\"og:image:type\" content=\"image\/jpeg\" \/>\n<meta name=\"author\" content=\"pascalbarbier\" \/>\n<meta name=\"twitter:card\" content=\"summary_large_image\" \/>\n<meta name=\"twitter:creator\" content=\"@AutateToulouse\" \/>\n<meta name=\"twitter:site\" content=\"@AutateToulouse\" \/>\n<meta name=\"twitter:label1\" content=\"\u00c9crit par\" \/>\n\t<meta name=\"twitter:data1\" content=\"pascalbarbier\" \/>\n\t<meta name=\"twitter:label2\" content=\"Dur\u00e9e de lecture estim\u00e9e\" \/>\n\t<meta name=\"twitter:data2\" content=\"1 minute\" \/>\n<script type=\"application\/ld+json\" class=\"yoast-schema-graph\">{\"@context\":\"https:\\\/\\\/schema.org\",\"@graph\":[{\"@type\":\"Article\",\"@id\":\"https:\\\/\\\/autate.fr\\\/site\\\/actucotetoulouse-metro-a-labege-le-bras-de-fer-se-poursuit-au-ministere-et-dans-la-rue\\\/#article\",\"isPartOf\":{\"@id\":\"https:\\\/\\\/autate.fr\\\/site\\\/actucotetoulouse-metro-a-labege-le-bras-de-fer-se-poursuit-au-ministere-et-dans-la-rue\\\/\"},\"author\":{\"name\":\"pascalbarbier\",\"@id\":\"https:\\\/\\\/autate.fr\\\/site\\\/#\\\/schema\\\/person\\\/ae1ab8bdaa7b41d2a9b52d2557ce8254\"},\"headline\":\"[actuC\u00f4t\u00e9Toulouse] M\u00e9tro \u00e0 Lab\u00e8ge : le bras de fer se poursuit au minist\u00e8re et dans la rue\",\"datePublished\":\"2016-04-12T14:55:09+00:00\",\"dateModified\":\"2016-04-17T15:00:48+00:00\",\"mainEntityOfPage\":{\"@id\":\"https:\\\/\\\/autate.fr\\\/site\\\/actucotetoulouse-metro-a-labege-le-bras-de-fer-se-poursuit-au-ministere-et-dans-la-rue\\\/\"},\"wordCount\":202,\"commentCount\":0,\"publisher\":{\"@id\":\"https:\\\/\\\/autate.fr\\\/site\\\/#organization\"},\"image\":{\"@id\":\"https:\\\/\\\/autate.fr\\\/site\\\/actucotetoulouse-metro-a-labege-le-bras-de-fer-se-poursuit-au-ministere-et-dans-la-rue\\\/#primaryimage\"},\"thumbnailUrl\":\"https:\\\/\\\/autate.fr\\\/site\\\/wp-content\\\/uploads\\\/2016\\\/04\\\/carbonnelCom.jpg\",\"keywords\":[\"A.Vidalies\",\"communication\",\"J.Oberti\",\"JL.Moudenc\",\"K.Arif\",\"ligne B\",\"m\u00e9tro\",\"PLB\",\"Tiss\u00e9o\"],\"articleSection\":[\"Revue de presse\"],\"inLanguage\":\"fr-FR\",\"potentialAction\":[{\"@type\":\"CommentAction\",\"name\":\"Comment\",\"target\":[\"https:\\\/\\\/autate.fr\\\/site\\\/actucotetoulouse-metro-a-labege-le-bras-de-fer-se-poursuit-au-ministere-et-dans-la-rue\\\/#respond\"]}]},{\"@type\":\"WebPage\",\"@id\":\"https:\\\/\\\/autate.fr\\\/site\\\/actucotetoulouse-metro-a-labege-le-bras-de-fer-se-poursuit-au-ministere-et-dans-la-rue\\\/\",\"url\":\"https:\\\/\\\/autate.fr\\\/site\\\/actucotetoulouse-metro-a-labege-le-bras-de-fer-se-poursuit-au-ministere-et-dans-la-rue\\\/\",\"name\":\"[actuC\u00f4t\u00e9Toulouse] M\u00e9tro \u00e0 Lab\u00e8ge : le bras de fer se poursuit au minist\u00e8re et dans la rue - AUTATE\",\"isPartOf\":{\"@id\":\"https:\\\/\\\/autate.fr\\\/site\\\/#website\"},\"primaryImageOfPage\":{\"@id\":\"https:\\\/\\\/autate.fr\\\/site\\\/actucotetoulouse-metro-a-labege-le-bras-de-fer-se-poursuit-au-ministere-et-dans-la-rue\\\/#primaryimage\"},\"image\":{\"@id\":\"https:\\\/\\\/autate.fr\\\/site\\\/actucotetoulouse-metro-a-labege-le-bras-de-fer-se-poursuit-au-ministere-et-dans-la-rue\\\/#primaryimage\"},\"thumbnailUrl\":\"https:\\\/\\\/autate.fr\\\/site\\\/wp-content\\\/uploads\\\/2016\\\/04\\\/carbonnelCom.jpg\",\"datePublished\":\"2016-04-12T14:55:09+00:00\",\"dateModified\":\"2016-04-17T15:00:48+00:00\",\"breadcrumb\":{\"@id\":\"https:\\\/\\\/autate.fr\\\/site\\\/actucotetoulouse-metro-a-labege-le-bras-de-fer-se-poursuit-au-ministere-et-dans-la-rue\\\/#breadcrumb\"},\"inLanguage\":\"fr-FR\",\"potentialAction\":[{\"@type\":\"ReadAction\",\"target\":[\"https:\\\/\\\/autate.fr\\\/site\\\/actucotetoulouse-metro-a-labege-le-bras-de-fer-se-poursuit-au-ministere-et-dans-la-rue\\\/\"]}]},{\"@type\":\"ImageObject\",\"inLanguage\":\"fr-FR\",\"@id\":\"https:\\\/\\\/autate.fr\\\/site\\\/actucotetoulouse-metro-a-labege-le-bras-de-fer-se-poursuit-au-ministere-et-dans-la-rue\\\/#primaryimage\",\"url\":\"https:\\\/\\\/autate.fr\\\/site\\\/wp-content\\\/uploads\\\/2016\\\/04\\\/carbonnelCom.jpg\",\"contentUrl\":\"https:\\\/\\\/autate.fr\\\/site\\\/wp-content\\\/uploads\\\/2016\\\/04\\\/carbonnelCom.jpg\",\"width\":535,\"height\":438},{\"@type\":\"BreadcrumbList\",\"@id\":\"https:\\\/\\\/autate.fr\\\/site\\\/actucotetoulouse-metro-a-labege-le-bras-de-fer-se-poursuit-au-ministere-et-dans-la-rue\\\/#breadcrumb\",\"itemListElement\":[{\"@type\":\"ListItem\",\"position\":1,\"name\":\"Accueil\",\"item\":\"https:\\\/\\\/autate.fr\\\/site\\\/\"},{\"@type\":\"ListItem\",\"position\":2,\"name\":\"[actuC\u00f4t\u00e9Toulouse] M\u00e9tro \u00e0 Lab\u00e8ge : le bras de fer se poursuit au minist\u00e8re et dans la rue\"}]},{\"@type\":\"WebSite\",\"@id\":\"https:\\\/\\\/autate.fr\\\/site\\\/#website\",\"url\":\"https:\\\/\\\/autate.fr\\\/site\\\/\",\"name\":\"AUTATE\",\"description\":\"Association des usagers des transports de l&#039;agglom\u00e9ration Toulousaine et de ses environs\",\"publisher\":{\"@id\":\"https:\\\/\\\/autate.fr\\\/site\\\/#organization\"},\"potentialAction\":[{\"@type\":\"SearchAction\",\"target\":{\"@type\":\"EntryPoint\",\"urlTemplate\":\"https:\\\/\\\/autate.fr\\\/site\\\/?s={search_term_string}\"},\"query-input\":{\"@type\":\"PropertyValueSpecification\",\"valueRequired\":true,\"valueName\":\"search_term_string\"}}],\"inLanguage\":\"fr-FR\"},{\"@type\":\"Organization\",\"@id\":\"https:\\\/\\\/autate.fr\\\/site\\\/#organization\",\"name\":\"AUTATE\",\"url\":\"https:\\\/\\\/autate.fr\\\/site\\\/\",\"logo\":{\"@type\":\"ImageObject\",\"inLanguage\":\"fr-FR\",\"@id\":\"https:\\\/\\\/autate.fr\\\/site\\\/#\\\/schema\\\/logo\\\/image\\\/\",\"url\":\"http:\\\/\\\/autate.fr\\\/site\\\/wp-content\\\/uploads\\\/2019\\\/01\\\/logo.png\",\"contentUrl\":\"http:\\\/\\\/autate.fr\\\/site\\\/wp-content\\\/uploads\\\/2019\\\/01\\\/logo.png\",\"width\":506,\"height\":280,\"caption\":\"AUTATE\"},\"image\":{\"@id\":\"https:\\\/\\\/autate.fr\\\/site\\\/#\\\/schema\\\/logo\\\/image\\\/\"},\"sameAs\":[\"https:\\\/\\\/www.facebook.com\\\/AutateToulouse\",\"https:\\\/\\\/x.com\\\/AutateToulouse\"]},{\"@type\":\"Person\",\"@id\":\"https:\\\/\\\/autate.fr\\\/site\\\/#\\\/schema\\\/person\\\/ae1ab8bdaa7b41d2a9b52d2557ce8254\",\"name\":\"pascalbarbier\",\"image\":{\"@type\":\"ImageObject\",\"inLanguage\":\"fr-FR\",\"@id\":\"https:\\\/\\\/secure.gravatar.com\\\/avatar\\\/03f4e8ced09894b72c67e83142540730d4b3bbf619bf46341b0074e3bf5f08a0?s=96&d=mm&r=g\",\"url\":\"https:\\\/\\\/secure.gravatar.com\\\/avatar\\\/03f4e8ced09894b72c67e83142540730d4b3bbf619bf46341b0074e3bf5f08a0?s=96&d=mm&r=g\",\"contentUrl\":\"https:\\\/\\\/secure.gravatar.com\\\/avatar\\\/03f4e8ced09894b72c67e83142540730d4b3bbf619bf46341b0074e3bf5f08a0?s=96&d=mm&r=g\",\"caption\":\"pascalbarbier\"},\"url\":\"https:\\\/\\\/autate.fr\\\/site\\\/author\\\/pascalbarbier\\\/\"}]}<\/script>\n<!-- \/ Yoast SEO plugin. -->","yoast_head_json":{"title":"[actuC\u00f4t\u00e9Toulouse] M\u00e9tro \u00e0 Lab\u00e8ge : le bras de fer se poursuit au minist\u00e8re et dans la rue - AUTATE","robots":{"index":"index","follow":"follow","max-snippet":"max-snippet:-1","max-image-preview":"max-image-preview:large","max-video-preview":"max-video-preview:-1"},"canonical":"https:\/\/autate.fr\/site\/actucotetoulouse-metro-a-labege-le-bras-de-fer-se-poursuit-au-ministere-et-dans-la-rue\/","og_locale":"fr_FR","og_type":"article","og_title":"[actuC\u00f4t\u00e9Toulouse] M\u00e9tro \u00e0 Lab\u00e8ge : le bras de fer se poursuit au minist\u00e8re et dans la rue - AUTATE","og_description":"Un article de David St Sernin publi\u00e9 le 11\/04\/2016 Apr\u00e8s avoir dynamit\u00e9 la vie politique locale, la bataille de la communication sur l&rsquo;arriv\u00e9e du m\u00e9tro \u00e0 Lab\u00e8ge remonte au minist\u00e8re d&rsquo;un c\u00f4t\u00e9 et descend dans la rue de l&rsquo;autre. Si le livre du prolongement de la ligne B vers Lab\u00e8ge a \u00e9t\u00e9 referm\u00e9 par Jean-LucVOIR PLUS","og_url":"https:\/\/autate.fr\/site\/actucotetoulouse-metro-a-labege-le-bras-de-fer-se-poursuit-au-ministere-et-dans-la-rue\/","og_site_name":"AUTATE","article_publisher":"https:\/\/www.facebook.com\/AutateToulouse","article_published_time":"2016-04-12T14:55:09+00:00","article_modified_time":"2016-04-17T15:00:48+00:00","og_image":[{"width":535,"height":438,"url":"https:\/\/autate.fr\/site\/wp-content\/uploads\/2016\/04\/carbonnelCom.jpg","type":"image\/jpeg"}],"author":"pascalbarbier","twitter_card":"summary_large_image","twitter_creator":"@AutateToulouse","twitter_site":"@AutateToulouse","twitter_misc":{"\u00c9crit par":"pascalbarbier","Dur\u00e9e de lecture estim\u00e9e":"1 minute"},"schema":{"@context":"https:\/\/schema.org","@graph":[{"@type":"Article","@id":"https:\/\/autate.fr\/site\/actucotetoulouse-metro-a-labege-le-bras-de-fer-se-poursuit-au-ministere-et-dans-la-rue\/#article","isPartOf":{"@id":"https:\/\/autate.fr\/site\/actucotetoulouse-metro-a-labege-le-bras-de-fer-se-poursuit-au-ministere-et-dans-la-rue\/"},"author":{"name":"pascalbarbier","@id":"https:\/\/autate.fr\/site\/#\/schema\/person\/ae1ab8bdaa7b41d2a9b52d2557ce8254"},"headline":"[actuC\u00f4t\u00e9Toulouse] M\u00e9tro \u00e0 Lab\u00e8ge : le bras de fer se poursuit au minist\u00e8re et dans la rue","datePublished":"2016-04-12T14:55:09+00:00","dateModified":"2016-04-17T15:00:48+00:00","mainEntityOfPage":{"@id":"https:\/\/autate.fr\/site\/actucotetoulouse-metro-a-labege-le-bras-de-fer-se-poursuit-au-ministere-et-dans-la-rue\/"},"wordCount":202,"commentCount":0,"publisher":{"@id":"https:\/\/autate.fr\/site\/#organization"},"image":{"@id":"https:\/\/autate.fr\/site\/actucotetoulouse-metro-a-labege-le-bras-de-fer-se-poursuit-au-ministere-et-dans-la-rue\/#primaryimage"},"thumbnailUrl":"https:\/\/autate.fr\/site\/wp-content\/uploads\/2016\/04\/carbonnelCom.jpg","keywords":["A.Vidalies","communication","J.Oberti","JL.Moudenc","K.Arif","ligne B","m\u00e9tro","PLB","Tiss\u00e9o"],"articleSection":["Revue de presse"],"inLanguage":"fr-FR","potentialAction":[{"@type":"CommentAction","name":"Comment","target":["https:\/\/autate.fr\/site\/actucotetoulouse-metro-a-labege-le-bras-de-fer-se-poursuit-au-ministere-et-dans-la-rue\/#respond"]}]},{"@type":"WebPage","@id":"https:\/\/autate.fr\/site\/actucotetoulouse-metro-a-labege-le-bras-de-fer-se-poursuit-au-ministere-et-dans-la-rue\/","url":"https:\/\/autate.fr\/site\/actucotetoulouse-metro-a-labege-le-bras-de-fer-se-poursuit-au-ministere-et-dans-la-rue\/","name":"[actuC\u00f4t\u00e9Toulouse] M\u00e9tro \u00e0 Lab\u00e8ge : le bras de fer se poursuit au minist\u00e8re et dans la rue - AUTATE","isPartOf":{"@id":"https:\/\/autate.fr\/site\/#website"},"primaryImageOfPage":{"@id":"https:\/\/autate.fr\/site\/actucotetoulouse-metro-a-labege-le-bras-de-fer-se-poursuit-au-ministere-et-dans-la-rue\/#primaryimage"},"image":{"@id":"https:\/\/autate.fr\/site\/actucotetoulouse-metro-a-labege-le-bras-de-fer-se-poursuit-au-ministere-et-dans-la-rue\/#primaryimage"},"thumbnailUrl":"https:\/\/autate.fr\/site\/wp-content\/uploads\/2016\/04\/carbonnelCom.jpg","datePublished":"2016-04-12T14:55:09+00:00","dateModified":"2016-04-17T15:00:48+00:00","breadcrumb":{"@id":"https:\/\/autate.fr\/site\/actucotetoulouse-metro-a-labege-le-bras-de-fer-se-poursuit-au-ministere-et-dans-la-rue\/#breadcrumb"},"inLanguage":"fr-FR","potentialAction":[{"@type":"ReadAction","target":["https:\/\/autate.fr\/site\/actucotetoulouse-metro-a-labege-le-bras-de-fer-se-poursuit-au-ministere-et-dans-la-rue\/"]}]},{"@type":"ImageObject","inLanguage":"fr-FR","@id":"https:\/\/autate.fr\/site\/actucotetoulouse-metro-a-labege-le-bras-de-fer-se-poursuit-au-ministere-et-dans-la-rue\/#primaryimage","url":"https:\/\/autate.fr\/site\/wp-content\/uploads\/2016\/04\/carbonnelCom.jpg","contentUrl":"https:\/\/autate.fr\/site\/wp-content\/uploads\/2016\/04\/carbonnelCom.jpg","width":535,"height":438},{"@type":"BreadcrumbList","@id":"https:\/\/autate.fr\/site\/actucotetoulouse-metro-a-labege-le-bras-de-fer-se-poursuit-au-ministere-et-dans-la-rue\/#breadcrumb","itemListElement":[{"@type":"ListItem","position":1,"name":"Accueil","item":"https:\/\/autate.fr\/site\/"},{"@type":"ListItem","position":2,"name":"[actuC\u00f4t\u00e9Toulouse] M\u00e9tro \u00e0 Lab\u00e8ge : le bras de fer se poursuit au minist\u00e8re et dans la rue"}]},{"@type":"WebSite","@id":"https:\/\/autate.fr\/site\/#website","url":"https:\/\/autate.fr\/site\/","name":"AUTATE","description":"Association des usagers des transports de l&#039;agglom\u00e9ration Toulousaine et de ses environs","publisher":{"@id":"https:\/\/autate.fr\/site\/#organization"},"potentialAction":[{"@type":"SearchAction","target":{"@type":"EntryPoint","urlTemplate":"https:\/\/autate.fr\/site\/?s={search_term_string}"},"query-input":{"@type":"PropertyValueSpecification","valueRequired":true,"valueName":"search_term_string"}}],"inLanguage":"fr-FR"},{"@type":"Organization","@id":"https:\/\/autate.fr\/site\/#organization","name":"AUTATE","url":"https:\/\/autate.fr\/site\/","logo":{"@type":"ImageObject","inLanguage":"fr-FR","@id":"https:\/\/autate.fr\/site\/#\/schema\/logo\/image\/","url":"http:\/\/autate.fr\/site\/wp-content\/uploads\/2019\/01\/logo.png","contentUrl":"http:\/\/autate.fr\/site\/wp-content\/uploads\/2019\/01\/logo.png","width":506,"height":280,"caption":"AUTATE"},"image":{"@id":"https:\/\/autate.fr\/site\/#\/schema\/logo\/image\/"},"sameAs":["https:\/\/www.facebook.com\/AutateToulouse","https:\/\/x.com\/AutateToulouse"]},{"@type":"Person","@id":"https:\/\/autate.fr\/site\/#\/schema\/person\/ae1ab8bdaa7b41d2a9b52d2557ce8254","name":"pascalbarbier","image":{"@type":"ImageObject","inLanguage":"fr-FR","@id":"https:\/\/secure.gravatar.com\/avatar\/03f4e8ced09894b72c67e83142540730d4b3bbf619bf46341b0074e3bf5f08a0?s=96&d=mm&r=g","url":"https:\/\/secure.gravatar.com\/avatar\/03f4e8ced09894b72c67e83142540730d4b3bbf619bf46341b0074e3bf5f08a0?s=96&d=mm&r=g","contentUrl":"https:\/\/secure.gravatar.com\/avatar\/03f4e8ced09894b72c67e83142540730d4b3bbf619bf46341b0074e3bf5f08a0?s=96&d=mm&r=g","caption":"pascalbarbier"},"url":"https:\/\/autate.fr\/site\/author\/pascalbarbier\/"}]}},"_links":{"self":[{"href":"https:\/\/autate.fr\/site\/wp-json\/wp\/v2\/posts\/513","targetHints":{"allow":["GET"]}}],"collection":[{"href":"https:\/\/autate.fr\/site\/wp-json\/wp\/v2\/posts"}],"about":[{"href":"https:\/\/autate.fr\/site\/wp-json\/wp\/v2\/types\/post"}],"author":[{"embeddable":true,"href":"https:\/\/autate.fr\/site\/wp-json\/wp\/v2\/users\/1"}],"replies":[{"embeddable":true,"href":"https:\/\/autate.fr\/site\/wp-json\/wp\/v2\/comments?post=513"}],"version-history":[{"count":1,"href":"https:\/\/autate.fr\/site\/wp-json\/wp\/v2\/posts\/513\/revisions"}],"predecessor-version":[{"id":515,"href":"https:\/\/autate.fr\/site\/wp-json\/wp\/v2\/posts\/513\/revisions\/515"}],"wp:featuredmedia":[{"embeddable":true,"href":"https:\/\/autate.fr\/site\/wp-json\/wp\/v2\/media\/514"}],"wp:attachment":[{"href":"https:\/\/autate.fr\/site\/wp-json\/wp\/v2\/media?parent=513"}],"wp:term":[{"taxonomy":"category","embeddable":true,"href":"https:\/\/autate.fr\/site\/wp-json\/wp\/v2\/categories?post=513"},{"taxonomy":"post_tag","embeddable":true,"href":"https:\/\/autate.fr\/site\/wp-json\/wp\/v2\/tags?post=513"}],"curies":[{"name":"wp","href":"https:\/\/api.w.org\/{rel}","templated":true}]}}