{"id":504,"date":"2016-04-06T16:43:27","date_gmt":"2016-04-06T14:43:27","guid":{"rendered":"http:\/\/autate.fr\/site\/?p=504"},"modified":"2016-04-17T16:45:13","modified_gmt":"2016-04-17T14:45:13","slug":"la-depeche-airbus-boom-du-velo-lors-du-premier-jour-de-greve-des-taxis","status":"publish","type":"post","link":"https:\/\/autate.fr\/site\/la-depeche-airbus-boom-du-velo-lors-du-premier-jour-de-greve-des-taxis\/","title":{"rendered":"[La D\u00e9p\u00eache] Airbus : boom du v\u00e9lo lors du premier jour de gr\u00e8ve des taxis"},"content":{"rendered":"<div class=\"p402_premium\">\n<p>un article de Jean-No\u00ebl Gros publi\u00e9 le 05\/04\/2016<\/p>\n<p>Les employ\u00e9s des diff\u00e9rents sites d\u2019Airbus ont \u00e9t\u00e9 trois fois plus nombreux \u00e0 prendre le v\u00e9lo lundi, premier jour de la gr\u00e8ve des taxis, selon l&rsquo;association Deux Pieds deux roues. L&rsquo;association, qui compte de nombreux adh\u00e9rents chez l&rsquo;avionneur, a compt\u00e9 les bicyclettes stationn\u00e9es dans les divers parkings de l\u2019entreprise pour parvenir \u00e0 ce ratio.<br \/>\n\u00abCeci prouve, s\u2019il le fallait encore, que le v\u00e9lo est bien une solution \u00e0 la saturation de nos voiries et qu\u2019il faut continuer \u00e0 faciliter son utilisation\u00bb, plaide Florian Jutisz, vice-pr\u00e9sident de l&rsquo;association qui compte 1500 adh\u00e9rents dans l\u2019agglo.<\/p>\n<p><a href=\"http:\/\/www.ladepeche.fr\/article\/2016\/04\/05\/2318735-airbus-boom-du-velo-lors-du-premier-jour-de-greve.html\" target=\"_blank\">lire sur le site<\/a><\/div>\n","protected":false},"excerpt":{"rendered":"<p>un article de Jean-No\u00ebl Gros publi\u00e9 le 05\/04\/2016 Les employ\u00e9s des diff\u00e9rents sites d\u2019Airbus ont \u00e9t\u00e9 trois fois plus nombreux \u00e0 prendre le v\u00e9lo lundi, premier jour de la gr\u00e8ve des taxis, selon l&rsquo;association Deux Pieds deux roues. L&rsquo;association, qui compte de nombreux adh\u00e9rents chez l&rsquo;avionneur, a compt\u00e9 les bicyclettes stationn\u00e9es dans les divers parkings<\/p>\n<p class=\"more-link\"><a href=\"https:\/\/autate.fr\/site\/la-depeche-airbus-boom-du-velo-lors-du-premier-jour-de-greve-des-taxis\/\" class=\"themebutton2\">VOIR PLUS<\/a><\/p>\n","protected":false},"author":1,"featured_media":0,"comment_status":"open","ping_status":"open","sticky":false,"template":"","format":"standard","meta":{"footnotes":""},"categories":[7],"tags":[158,120,157,69],"class_list":["post-504","post","type-post","status-publish","format-standard","hentry","category-revue-de-presse","tag-airbus","tag-greve","tag-taxis","tag-velo"],"yoast_head":"<!-- This site is optimized with the Yoast SEO plugin v27.4 - https:\/\/yoast.com\/product\/yoast-seo-wordpress\/ -->\n<title>[La D\u00e9p\u00eache] Airbus : boom du v\u00e9lo lors du premier jour de gr\u00e8ve des taxis - AUTATE<\/title>\n<meta name=\"robots\" content=\"index, follow, max-snippet:-1, max-image-preview:large, max-video-preview:-1\" \/>\n<link rel=\"canonical\" href=\"https:\/\/autate.fr\/site\/la-depeche-airbus-boom-du-velo-lors-du-premier-jour-de-greve-des-taxis\/\" \/>\n<meta property=\"og:locale\" content=\"fr_FR\" \/>\n<meta property=\"og:type\" content=\"article\" \/>\n<meta property=\"og:title\" content=\"[La D\u00e9p\u00eache] Airbus : boom du v\u00e9lo lors du premier jour de gr\u00e8ve des taxis - AUTATE\" \/>\n<meta property=\"og:description\" content=\"un article de Jean-No\u00ebl Gros publi\u00e9 le 05\/04\/2016 Les employ\u00e9s des diff\u00e9rents sites d\u2019Airbus ont \u00e9t\u00e9 trois fois plus nombreux \u00e0 prendre le v\u00e9lo lundi, premier jour de la gr\u00e8ve des taxis, selon l&rsquo;association Deux Pieds deux roues. L&rsquo;association, qui compte de nombreux adh\u00e9rents chez l&rsquo;avionneur, a compt\u00e9 les bicyclettes stationn\u00e9es dans les divers parkingsVOIR PLUS\" \/>\n<meta property=\"og:url\" content=\"https:\/\/autate.fr\/site\/la-depeche-airbus-boom-du-velo-lors-du-premier-jour-de-greve-des-taxis\/\" \/>\n<meta property=\"og:site_name\" content=\"AUTATE\" \/>\n<meta property=\"article:publisher\" content=\"https:\/\/www.facebook.com\/AutateToulouse\" \/>\n<meta property=\"article:published_time\" content=\"2016-04-06T14:43:27+00:00\" \/>\n<meta property=\"article:modified_time\" content=\"2016-04-17T14:45:13+00:00\" \/>\n<meta name=\"author\" content=\"pascalbarbier\" \/>\n<meta name=\"twitter:card\" content=\"summary_large_image\" \/>\n<meta name=\"twitter:creator\" content=\"@AutateToulouse\" \/>\n<meta name=\"twitter:site\" content=\"@AutateToulouse\" \/>\n<meta name=\"twitter:label1\" content=\"\u00c9crit par\" \/>\n\t<meta name=\"twitter:data1\" content=\"pascalbarbier\" \/>\n\t<meta name=\"twitter:label2\" content=\"Dur\u00e9e de lecture estim\u00e9e\" \/>\n\t<meta name=\"twitter:data2\" content=\"1 minute\" \/>\n<script type=\"application\/ld+json\" class=\"yoast-schema-graph\">{\"@context\":\"https:\\\/\\\/schema.org\",\"@graph\":[{\"@type\":\"Article\",\"@id\":\"https:\\\/\\\/autate.fr\\\/site\\\/la-depeche-airbus-boom-du-velo-lors-du-premier-jour-de-greve-des-taxis\\\/#article\",\"isPartOf\":{\"@id\":\"https:\\\/\\\/autate.fr\\\/site\\\/la-depeche-airbus-boom-du-velo-lors-du-premier-jour-de-greve-des-taxis\\\/\"},\"author\":{\"name\":\"pascalbarbier\",\"@id\":\"https:\\\/\\\/autate.fr\\\/site\\\/#\\\/schema\\\/person\\\/ae1ab8bdaa7b41d2a9b52d2557ce8254\"},\"headline\":\"[La D\u00e9p\u00eache] Airbus : boom du v\u00e9lo lors du premier jour de gr\u00e8ve des taxis\",\"datePublished\":\"2016-04-06T14:43:27+00:00\",\"dateModified\":\"2016-04-17T14:45:13+00:00\",\"mainEntityOfPage\":{\"@id\":\"https:\\\/\\\/autate.fr\\\/site\\\/la-depeche-airbus-boom-du-velo-lors-du-premier-jour-de-greve-des-taxis\\\/\"},\"wordCount\":132,\"commentCount\":0,\"publisher\":{\"@id\":\"https:\\\/\\\/autate.fr\\\/site\\\/#organization\"},\"keywords\":[\"airbus\",\"gr\u00e8ve\",\"taxis\",\"v\u00e9lo\"],\"articleSection\":[\"Revue de presse\"],\"inLanguage\":\"fr-FR\",\"potentialAction\":[{\"@type\":\"CommentAction\",\"name\":\"Comment\",\"target\":[\"https:\\\/\\\/autate.fr\\\/site\\\/la-depeche-airbus-boom-du-velo-lors-du-premier-jour-de-greve-des-taxis\\\/#respond\"]}]},{\"@type\":\"WebPage\",\"@id\":\"https:\\\/\\\/autate.fr\\\/site\\\/la-depeche-airbus-boom-du-velo-lors-du-premier-jour-de-greve-des-taxis\\\/\",\"url\":\"https:\\\/\\\/autate.fr\\\/site\\\/la-depeche-airbus-boom-du-velo-lors-du-premier-jour-de-greve-des-taxis\\\/\",\"name\":\"[La D\u00e9p\u00eache] Airbus : boom du v\u00e9lo lors du premier jour de gr\u00e8ve des taxis - AUTATE\",\"isPartOf\":{\"@id\":\"https:\\\/\\\/autate.fr\\\/site\\\/#website\"},\"datePublished\":\"2016-04-06T14:43:27+00:00\",\"dateModified\":\"2016-04-17T14:45:13+00:00\",\"breadcrumb\":{\"@id\":\"https:\\\/\\\/autate.fr\\\/site\\\/la-depeche-airbus-boom-du-velo-lors-du-premier-jour-de-greve-des-taxis\\\/#breadcrumb\"},\"inLanguage\":\"fr-FR\",\"potentialAction\":[{\"@type\":\"ReadAction\",\"target\":[\"https:\\\/\\\/autate.fr\\\/site\\\/la-depeche-airbus-boom-du-velo-lors-du-premier-jour-de-greve-des-taxis\\\/\"]}]},{\"@type\":\"BreadcrumbList\",\"@id\":\"https:\\\/\\\/autate.fr\\\/site\\\/la-depeche-airbus-boom-du-velo-lors-du-premier-jour-de-greve-des-taxis\\\/#breadcrumb\",\"itemListElement\":[{\"@type\":\"ListItem\",\"position\":1,\"name\":\"Accueil\",\"item\":\"https:\\\/\\\/autate.fr\\\/site\\\/\"},{\"@type\":\"ListItem\",\"position\":2,\"name\":\"[La D\u00e9p\u00eache] Airbus : boom du v\u00e9lo lors du premier jour de gr\u00e8ve des taxis\"}]},{\"@type\":\"WebSite\",\"@id\":\"https:\\\/\\\/autate.fr\\\/site\\\/#website\",\"url\":\"https:\\\/\\\/autate.fr\\\/site\\\/\",\"name\":\"AUTATE\",\"description\":\"Association des usagers des transports de l&#039;agglom\u00e9ration Toulousaine et de ses environs\",\"publisher\":{\"@id\":\"https:\\\/\\\/autate.fr\\\/site\\\/#organization\"},\"potentialAction\":[{\"@type\":\"SearchAction\",\"target\":{\"@type\":\"EntryPoint\",\"urlTemplate\":\"https:\\\/\\\/autate.fr\\\/site\\\/?s={search_term_string}\"},\"query-input\":{\"@type\":\"PropertyValueSpecification\",\"valueRequired\":true,\"valueName\":\"search_term_string\"}}],\"inLanguage\":\"fr-FR\"},{\"@type\":\"Organization\",\"@id\":\"https:\\\/\\\/autate.fr\\\/site\\\/#organization\",\"name\":\"AUTATE\",\"url\":\"https:\\\/\\\/autate.fr\\\/site\\\/\",\"logo\":{\"@type\":\"ImageObject\",\"inLanguage\":\"fr-FR\",\"@id\":\"https:\\\/\\\/autate.fr\\\/site\\\/#\\\/schema\\\/logo\\\/image\\\/\",\"url\":\"http:\\\/\\\/autate.fr\\\/site\\\/wp-content\\\/uploads\\\/2019\\\/01\\\/logo.png\",\"contentUrl\":\"http:\\\/\\\/autate.fr\\\/site\\\/wp-content\\\/uploads\\\/2019\\\/01\\\/logo.png\",\"width\":506,\"height\":280,\"caption\":\"AUTATE\"},\"image\":{\"@id\":\"https:\\\/\\\/autate.fr\\\/site\\\/#\\\/schema\\\/logo\\\/image\\\/\"},\"sameAs\":[\"https:\\\/\\\/www.facebook.com\\\/AutateToulouse\",\"https:\\\/\\\/x.com\\\/AutateToulouse\"]},{\"@type\":\"Person\",\"@id\":\"https:\\\/\\\/autate.fr\\\/site\\\/#\\\/schema\\\/person\\\/ae1ab8bdaa7b41d2a9b52d2557ce8254\",\"name\":\"pascalbarbier\",\"image\":{\"@type\":\"ImageObject\",\"inLanguage\":\"fr-FR\",\"@id\":\"https:\\\/\\\/secure.gravatar.com\\\/avatar\\\/03f4e8ced09894b72c67e83142540730d4b3bbf619bf46341b0074e3bf5f08a0?s=96&d=mm&r=g\",\"url\":\"https:\\\/\\\/secure.gravatar.com\\\/avatar\\\/03f4e8ced09894b72c67e83142540730d4b3bbf619bf46341b0074e3bf5f08a0?s=96&d=mm&r=g\",\"contentUrl\":\"https:\\\/\\\/secure.gravatar.com\\\/avatar\\\/03f4e8ced09894b72c67e83142540730d4b3bbf619bf46341b0074e3bf5f08a0?s=96&d=mm&r=g\",\"caption\":\"pascalbarbier\"},\"url\":\"https:\\\/\\\/autate.fr\\\/site\\\/author\\\/pascalbarbier\\\/\"}]}<\/script>\n<!-- \/ Yoast SEO plugin. -->","yoast_head_json":{"title":"[La D\u00e9p\u00eache] Airbus : boom du v\u00e9lo lors du premier jour de gr\u00e8ve des taxis - AUTATE","robots":{"index":"index","follow":"follow","max-snippet":"max-snippet:-1","max-image-preview":"max-image-preview:large","max-video-preview":"max-video-preview:-1"},"canonical":"https:\/\/autate.fr\/site\/la-depeche-airbus-boom-du-velo-lors-du-premier-jour-de-greve-des-taxis\/","og_locale":"fr_FR","og_type":"article","og_title":"[La D\u00e9p\u00eache] Airbus : boom du v\u00e9lo lors du premier jour de gr\u00e8ve des taxis - AUTATE","og_description":"un article de Jean-No\u00ebl Gros publi\u00e9 le 05\/04\/2016 Les employ\u00e9s des diff\u00e9rents sites d\u2019Airbus ont \u00e9t\u00e9 trois fois plus nombreux \u00e0 prendre le v\u00e9lo lundi, premier jour de la gr\u00e8ve des taxis, selon l&rsquo;association Deux Pieds deux roues. L&rsquo;association, qui compte de nombreux adh\u00e9rents chez l&rsquo;avionneur, a compt\u00e9 les bicyclettes stationn\u00e9es dans les divers parkingsVOIR PLUS","og_url":"https:\/\/autate.fr\/site\/la-depeche-airbus-boom-du-velo-lors-du-premier-jour-de-greve-des-taxis\/","og_site_name":"AUTATE","article_publisher":"https:\/\/www.facebook.com\/AutateToulouse","article_published_time":"2016-04-06T14:43:27+00:00","article_modified_time":"2016-04-17T14:45:13+00:00","author":"pascalbarbier","twitter_card":"summary_large_image","twitter_creator":"@AutateToulouse","twitter_site":"@AutateToulouse","twitter_misc":{"\u00c9crit par":"pascalbarbier","Dur\u00e9e de lecture estim\u00e9e":"1 minute"},"schema":{"@context":"https:\/\/schema.org","@graph":[{"@type":"Article","@id":"https:\/\/autate.fr\/site\/la-depeche-airbus-boom-du-velo-lors-du-premier-jour-de-greve-des-taxis\/#article","isPartOf":{"@id":"https:\/\/autate.fr\/site\/la-depeche-airbus-boom-du-velo-lors-du-premier-jour-de-greve-des-taxis\/"},"author":{"name":"pascalbarbier","@id":"https:\/\/autate.fr\/site\/#\/schema\/person\/ae1ab8bdaa7b41d2a9b52d2557ce8254"},"headline":"[La D\u00e9p\u00eache] Airbus : boom du v\u00e9lo lors du premier jour de gr\u00e8ve des taxis","datePublished":"2016-04-06T14:43:27+00:00","dateModified":"2016-04-17T14:45:13+00:00","mainEntityOfPage":{"@id":"https:\/\/autate.fr\/site\/la-depeche-airbus-boom-du-velo-lors-du-premier-jour-de-greve-des-taxis\/"},"wordCount":132,"commentCount":0,"publisher":{"@id":"https:\/\/autate.fr\/site\/#organization"},"keywords":["airbus","gr\u00e8ve","taxis","v\u00e9lo"],"articleSection":["Revue de presse"],"inLanguage":"fr-FR","potentialAction":[{"@type":"CommentAction","name":"Comment","target":["https:\/\/autate.fr\/site\/la-depeche-airbus-boom-du-velo-lors-du-premier-jour-de-greve-des-taxis\/#respond"]}]},{"@type":"WebPage","@id":"https:\/\/autate.fr\/site\/la-depeche-airbus-boom-du-velo-lors-du-premier-jour-de-greve-des-taxis\/","url":"https:\/\/autate.fr\/site\/la-depeche-airbus-boom-du-velo-lors-du-premier-jour-de-greve-des-taxis\/","name":"[La D\u00e9p\u00eache] Airbus : boom du v\u00e9lo lors du premier jour de gr\u00e8ve des taxis - AUTATE","isPartOf":{"@id":"https:\/\/autate.fr\/site\/#website"},"datePublished":"2016-04-06T14:43:27+00:00","dateModified":"2016-04-17T14:45:13+00:00","breadcrumb":{"@id":"https:\/\/autate.fr\/site\/la-depeche-airbus-boom-du-velo-lors-du-premier-jour-de-greve-des-taxis\/#breadcrumb"},"inLanguage":"fr-FR","potentialAction":[{"@type":"ReadAction","target":["https:\/\/autate.fr\/site\/la-depeche-airbus-boom-du-velo-lors-du-premier-jour-de-greve-des-taxis\/"]}]},{"@type":"BreadcrumbList","@id":"https:\/\/autate.fr\/site\/la-depeche-airbus-boom-du-velo-lors-du-premier-jour-de-greve-des-taxis\/#breadcrumb","itemListElement":[{"@type":"ListItem","position":1,"name":"Accueil","item":"https:\/\/autate.fr\/site\/"},{"@type":"ListItem","position":2,"name":"[La D\u00e9p\u00eache] Airbus : boom du v\u00e9lo lors du premier jour de gr\u00e8ve des taxis"}]},{"@type":"WebSite","@id":"https:\/\/autate.fr\/site\/#website","url":"https:\/\/autate.fr\/site\/","name":"AUTATE","description":"Association des usagers des transports de l&#039;agglom\u00e9ration Toulousaine et de ses environs","publisher":{"@id":"https:\/\/autate.fr\/site\/#organization"},"potentialAction":[{"@type":"SearchAction","target":{"@type":"EntryPoint","urlTemplate":"https:\/\/autate.fr\/site\/?s={search_term_string}"},"query-input":{"@type":"PropertyValueSpecification","valueRequired":true,"valueName":"search_term_string"}}],"inLanguage":"fr-FR"},{"@type":"Organization","@id":"https:\/\/autate.fr\/site\/#organization","name":"AUTATE","url":"https:\/\/autate.fr\/site\/","logo":{"@type":"ImageObject","inLanguage":"fr-FR","@id":"https:\/\/autate.fr\/site\/#\/schema\/logo\/image\/","url":"http:\/\/autate.fr\/site\/wp-content\/uploads\/2019\/01\/logo.png","contentUrl":"http:\/\/autate.fr\/site\/wp-content\/uploads\/2019\/01\/logo.png","width":506,"height":280,"caption":"AUTATE"},"image":{"@id":"https:\/\/autate.fr\/site\/#\/schema\/logo\/image\/"},"sameAs":["https:\/\/www.facebook.com\/AutateToulouse","https:\/\/x.com\/AutateToulouse"]},{"@type":"Person","@id":"https:\/\/autate.fr\/site\/#\/schema\/person\/ae1ab8bdaa7b41d2a9b52d2557ce8254","name":"pascalbarbier","image":{"@type":"ImageObject","inLanguage":"fr-FR","@id":"https:\/\/secure.gravatar.com\/avatar\/03f4e8ced09894b72c67e83142540730d4b3bbf619bf46341b0074e3bf5f08a0?s=96&d=mm&r=g","url":"https:\/\/secure.gravatar.com\/avatar\/03f4e8ced09894b72c67e83142540730d4b3bbf619bf46341b0074e3bf5f08a0?s=96&d=mm&r=g","contentUrl":"https:\/\/secure.gravatar.com\/avatar\/03f4e8ced09894b72c67e83142540730d4b3bbf619bf46341b0074e3bf5f08a0?s=96&d=mm&r=g","caption":"pascalbarbier"},"url":"https:\/\/autate.fr\/site\/author\/pascalbarbier\/"}]}},"_links":{"self":[{"href":"https:\/\/autate.fr\/site\/wp-json\/wp\/v2\/posts\/504","targetHints":{"allow":["GET"]}}],"collection":[{"href":"https:\/\/autate.fr\/site\/wp-json\/wp\/v2\/posts"}],"about":[{"href":"https:\/\/autate.fr\/site\/wp-json\/wp\/v2\/types\/post"}],"author":[{"embeddable":true,"href":"https:\/\/autate.fr\/site\/wp-json\/wp\/v2\/users\/1"}],"replies":[{"embeddable":true,"href":"https:\/\/autate.fr\/site\/wp-json\/wp\/v2\/comments?post=504"}],"version-history":[{"count":1,"href":"https:\/\/autate.fr\/site\/wp-json\/wp\/v2\/posts\/504\/revisions"}],"predecessor-version":[{"id":505,"href":"https:\/\/autate.fr\/site\/wp-json\/wp\/v2\/posts\/504\/revisions\/505"}],"wp:attachment":[{"href":"https:\/\/autate.fr\/site\/wp-json\/wp\/v2\/media?parent=504"}],"wp:term":[{"taxonomy":"category","embeddable":true,"href":"https:\/\/autate.fr\/site\/wp-json\/wp\/v2\/categories?post=504"},{"taxonomy":"post_tag","embeddable":true,"href":"https:\/\/autate.fr\/site\/wp-json\/wp\/v2\/tags?post=504"}],"curies":[{"name":"wp","href":"https:\/\/api.w.org\/{rel}","templated":true}]}}