{"id":502,"date":"2016-04-06T16:40:41","date_gmt":"2016-04-06T14:40:41","guid":{"rendered":"http:\/\/autate.fr\/site\/?p=502"},"modified":"2016-04-17T16:43:05","modified_gmt":"2016-04-17T14:43:05","slug":"latribune-metro-a-labege-le-plb-relance-par-letat","status":"publish","type":"post","link":"https:\/\/autate.fr\/site\/latribune-metro-a-labege-le-plb-relance-par-letat\/","title":{"rendered":"[LaTribune] M\u00e9tro \u00e0 Lab\u00e8ge : le PLB relanc\u00e9 par l&rsquo;\u00c9tat ?"},"content":{"rendered":"<p>Un article de Paul P\u00e9ri\u00e9 publi\u00e9 le 05\/04\/2016<\/p>\n<section class=\"chapo\">Une r\u00e9union s&rsquo;est tenue ce mardi 5 avril en pr\u00e9sence d&rsquo;Alain Vidalies, secr\u00e9taire d&rsquo;\u00c9tat charg\u00e9 des Transports, au sujet du prolongement de la ligne B. Organis\u00e9e \u00e0 l&rsquo;initiative de Kader Arif, elle a permis \u00ab\u00a0une avanc\u00e9e majeure\u00a0\u00bb selon Georges M\u00e9ric, pr\u00e9sident du Conseil d\u00e9partemental de la Haute-Garonne. L&rsquo;\u00c9tat propose 15 millions d&rsquo;euros suppl\u00e9mentaires pour le projet.<\/section>\n<section class=\"contenu-article clearfix\">\n<div class=\"body-article\">\n<p>Troisi\u00e8me ligne ? Prolongement de la ligne B ? Alors que l&rsquo;on pensait la deuxi\u00e8me option d\u00e9finitivement enterr\u00e9e et que <a href=\"http:\/\/objectifnews.latribune.fr\/politique\/territoires\/2016-03-30\/labege-et-la-gare-de-colomiers-integrees-au-projet-de-troisieme-ligne-de-metro.html\">Jean-Luc Moudenc avait pr\u00e9sent\u00e9 un nouveau trac\u00e9 pour la 3e ligne<\/a>, une r\u00e9union organis\u00e9e avec le secr\u00e9taire d&rsquo;\u00c9tat aux Transports Alain Vidalies pourrait bien avoir relanc\u00e9 le PLB, sous la forme d&rsquo;une jonction avec la 3e ligne de m\u00e9tro.<\/p>\n<p><a href=\"http:\/\/objectifnews.latribune.fr\/politique\/debats\/2016-04-05\/metro-a-labege-le-plb-relance-par-l-etat.html\" target=\"_blank\">lire la suite<\/a><\/p>\n<\/div>\n<\/section>\n","protected":false},"excerpt":{"rendered":"<p>Un article de Paul P\u00e9ri\u00e9 publi\u00e9 le 05\/04\/2016 Une r\u00e9union s&rsquo;est tenue ce mardi 5 avril en pr\u00e9sence d&rsquo;Alain Vidalies, secr\u00e9taire d&rsquo;\u00c9tat charg\u00e9 des Transports, au sujet du prolongement de la ligne B. Organis\u00e9e \u00e0 l&rsquo;initiative de Kader Arif, elle a permis \u00ab\u00a0une avanc\u00e9e majeure\u00a0\u00bb selon Georges M\u00e9ric, pr\u00e9sident du Conseil d\u00e9partemental de la Haute-Garonne.<\/p>\n<p class=\"more-link\"><a href=\"https:\/\/autate.fr\/site\/latribune-metro-a-labege-le-plb-relance-par-letat\/\" class=\"themebutton2\">VOIR PLUS<\/a><\/p>\n","protected":false},"author":1,"featured_media":0,"comment_status":"open","ping_status":"open","sticky":false,"template":"","format":"standard","meta":{"footnotes":""},"categories":[7],"tags":[18,12,17],"class_list":["post-502","post","type-post","status-publish","format-standard","hentry","category-revue-de-presse","tag-ligne-b","tag-metro","tag-plb"],"yoast_head":"<!-- This site is optimized with the Yoast SEO plugin v27.4 - https:\/\/yoast.com\/product\/yoast-seo-wordpress\/ -->\n<title>[LaTribune] M\u00e9tro \u00e0 Lab\u00e8ge : le PLB relanc\u00e9 par l&#039;\u00c9tat ? - AUTATE<\/title>\n<meta name=\"robots\" content=\"index, follow, max-snippet:-1, max-image-preview:large, max-video-preview:-1\" \/>\n<link rel=\"canonical\" href=\"https:\/\/autate.fr\/site\/latribune-metro-a-labege-le-plb-relance-par-letat\/\" \/>\n<meta property=\"og:locale\" content=\"fr_FR\" \/>\n<meta property=\"og:type\" content=\"article\" \/>\n<meta property=\"og:title\" content=\"[LaTribune] M\u00e9tro \u00e0 Lab\u00e8ge : le PLB relanc\u00e9 par l&#039;\u00c9tat ? - AUTATE\" \/>\n<meta property=\"og:description\" content=\"Un article de Paul P\u00e9ri\u00e9 publi\u00e9 le 05\/04\/2016 Une r\u00e9union s&rsquo;est tenue ce mardi 5 avril en pr\u00e9sence d&rsquo;Alain Vidalies, secr\u00e9taire d&rsquo;\u00c9tat charg\u00e9 des Transports, au sujet du prolongement de la ligne B. Organis\u00e9e \u00e0 l&rsquo;initiative de Kader Arif, elle a permis \u00ab\u00a0une avanc\u00e9e majeure\u00a0\u00bb selon Georges M\u00e9ric, pr\u00e9sident du Conseil d\u00e9partemental de la Haute-Garonne.VOIR PLUS\" \/>\n<meta property=\"og:url\" content=\"https:\/\/autate.fr\/site\/latribune-metro-a-labege-le-plb-relance-par-letat\/\" \/>\n<meta property=\"og:site_name\" content=\"AUTATE\" \/>\n<meta property=\"article:publisher\" content=\"https:\/\/www.facebook.com\/AutateToulouse\" \/>\n<meta property=\"article:published_time\" content=\"2016-04-06T14:40:41+00:00\" \/>\n<meta property=\"article:modified_time\" content=\"2016-04-17T14:43:05+00:00\" \/>\n<meta name=\"author\" content=\"pascalbarbier\" \/>\n<meta name=\"twitter:card\" content=\"summary_large_image\" \/>\n<meta name=\"twitter:creator\" content=\"@AutateToulouse\" \/>\n<meta name=\"twitter:site\" content=\"@AutateToulouse\" \/>\n<meta name=\"twitter:label1\" content=\"\u00c9crit par\" \/>\n\t<meta name=\"twitter:data1\" content=\"pascalbarbier\" \/>\n\t<meta name=\"twitter:label2\" content=\"Dur\u00e9e de lecture estim\u00e9e\" \/>\n\t<meta name=\"twitter:data2\" content=\"1 minute\" \/>\n<script type=\"application\/ld+json\" class=\"yoast-schema-graph\">{\"@context\":\"https:\\\/\\\/schema.org\",\"@graph\":[{\"@type\":\"Article\",\"@id\":\"https:\\\/\\\/autate.fr\\\/site\\\/latribune-metro-a-labege-le-plb-relance-par-letat\\\/#article\",\"isPartOf\":{\"@id\":\"https:\\\/\\\/autate.fr\\\/site\\\/latribune-metro-a-labege-le-plb-relance-par-letat\\\/\"},\"author\":{\"name\":\"pascalbarbier\",\"@id\":\"https:\\\/\\\/autate.fr\\\/site\\\/#\\\/schema\\\/person\\\/ae1ab8bdaa7b41d2a9b52d2557ce8254\"},\"headline\":\"[LaTribune] M\u00e9tro \u00e0 Lab\u00e8ge : le PLB relanc\u00e9 par l&rsquo;\u00c9tat ?\",\"datePublished\":\"2016-04-06T14:40:41+00:00\",\"dateModified\":\"2016-04-17T14:43:05+00:00\",\"mainEntityOfPage\":{\"@id\":\"https:\\\/\\\/autate.fr\\\/site\\\/latribune-metro-a-labege-le-plb-relance-par-letat\\\/\"},\"wordCount\":153,\"commentCount\":0,\"publisher\":{\"@id\":\"https:\\\/\\\/autate.fr\\\/site\\\/#organization\"},\"keywords\":[\"ligne B\",\"m\u00e9tro\",\"PLB\"],\"articleSection\":[\"Revue de presse\"],\"inLanguage\":\"fr-FR\",\"potentialAction\":[{\"@type\":\"CommentAction\",\"name\":\"Comment\",\"target\":[\"https:\\\/\\\/autate.fr\\\/site\\\/latribune-metro-a-labege-le-plb-relance-par-letat\\\/#respond\"]}]},{\"@type\":\"WebPage\",\"@id\":\"https:\\\/\\\/autate.fr\\\/site\\\/latribune-metro-a-labege-le-plb-relance-par-letat\\\/\",\"url\":\"https:\\\/\\\/autate.fr\\\/site\\\/latribune-metro-a-labege-le-plb-relance-par-letat\\\/\",\"name\":\"[LaTribune] M\u00e9tro \u00e0 Lab\u00e8ge : le PLB relanc\u00e9 par l'\u00c9tat ? - AUTATE\",\"isPartOf\":{\"@id\":\"https:\\\/\\\/autate.fr\\\/site\\\/#website\"},\"datePublished\":\"2016-04-06T14:40:41+00:00\",\"dateModified\":\"2016-04-17T14:43:05+00:00\",\"breadcrumb\":{\"@id\":\"https:\\\/\\\/autate.fr\\\/site\\\/latribune-metro-a-labege-le-plb-relance-par-letat\\\/#breadcrumb\"},\"inLanguage\":\"fr-FR\",\"potentialAction\":[{\"@type\":\"ReadAction\",\"target\":[\"https:\\\/\\\/autate.fr\\\/site\\\/latribune-metro-a-labege-le-plb-relance-par-letat\\\/\"]}]},{\"@type\":\"BreadcrumbList\",\"@id\":\"https:\\\/\\\/autate.fr\\\/site\\\/latribune-metro-a-labege-le-plb-relance-par-letat\\\/#breadcrumb\",\"itemListElement\":[{\"@type\":\"ListItem\",\"position\":1,\"name\":\"Accueil\",\"item\":\"https:\\\/\\\/autate.fr\\\/site\\\/\"},{\"@type\":\"ListItem\",\"position\":2,\"name\":\"[LaTribune] M\u00e9tro \u00e0 Lab\u00e8ge : le PLB relanc\u00e9 par l&rsquo;\u00c9tat ?\"}]},{\"@type\":\"WebSite\",\"@id\":\"https:\\\/\\\/autate.fr\\\/site\\\/#website\",\"url\":\"https:\\\/\\\/autate.fr\\\/site\\\/\",\"name\":\"AUTATE\",\"description\":\"Association des usagers des transports de l&#039;agglom\u00e9ration Toulousaine et de ses environs\",\"publisher\":{\"@id\":\"https:\\\/\\\/autate.fr\\\/site\\\/#organization\"},\"potentialAction\":[{\"@type\":\"SearchAction\",\"target\":{\"@type\":\"EntryPoint\",\"urlTemplate\":\"https:\\\/\\\/autate.fr\\\/site\\\/?s={search_term_string}\"},\"query-input\":{\"@type\":\"PropertyValueSpecification\",\"valueRequired\":true,\"valueName\":\"search_term_string\"}}],\"inLanguage\":\"fr-FR\"},{\"@type\":\"Organization\",\"@id\":\"https:\\\/\\\/autate.fr\\\/site\\\/#organization\",\"name\":\"AUTATE\",\"url\":\"https:\\\/\\\/autate.fr\\\/site\\\/\",\"logo\":{\"@type\":\"ImageObject\",\"inLanguage\":\"fr-FR\",\"@id\":\"https:\\\/\\\/autate.fr\\\/site\\\/#\\\/schema\\\/logo\\\/image\\\/\",\"url\":\"http:\\\/\\\/autate.fr\\\/site\\\/wp-content\\\/uploads\\\/2019\\\/01\\\/logo.png\",\"contentUrl\":\"http:\\\/\\\/autate.fr\\\/site\\\/wp-content\\\/uploads\\\/2019\\\/01\\\/logo.png\",\"width\":506,\"height\":280,\"caption\":\"AUTATE\"},\"image\":{\"@id\":\"https:\\\/\\\/autate.fr\\\/site\\\/#\\\/schema\\\/logo\\\/image\\\/\"},\"sameAs\":[\"https:\\\/\\\/www.facebook.com\\\/AutateToulouse\",\"https:\\\/\\\/x.com\\\/AutateToulouse\"]},{\"@type\":\"Person\",\"@id\":\"https:\\\/\\\/autate.fr\\\/site\\\/#\\\/schema\\\/person\\\/ae1ab8bdaa7b41d2a9b52d2557ce8254\",\"name\":\"pascalbarbier\",\"image\":{\"@type\":\"ImageObject\",\"inLanguage\":\"fr-FR\",\"@id\":\"https:\\\/\\\/secure.gravatar.com\\\/avatar\\\/03f4e8ced09894b72c67e83142540730d4b3bbf619bf46341b0074e3bf5f08a0?s=96&d=mm&r=g\",\"url\":\"https:\\\/\\\/secure.gravatar.com\\\/avatar\\\/03f4e8ced09894b72c67e83142540730d4b3bbf619bf46341b0074e3bf5f08a0?s=96&d=mm&r=g\",\"contentUrl\":\"https:\\\/\\\/secure.gravatar.com\\\/avatar\\\/03f4e8ced09894b72c67e83142540730d4b3bbf619bf46341b0074e3bf5f08a0?s=96&d=mm&r=g\",\"caption\":\"pascalbarbier\"},\"url\":\"https:\\\/\\\/autate.fr\\\/site\\\/author\\\/pascalbarbier\\\/\"}]}<\/script>\n<!-- \/ Yoast SEO plugin. -->","yoast_head_json":{"title":"[LaTribune] M\u00e9tro \u00e0 Lab\u00e8ge : le PLB relanc\u00e9 par l'\u00c9tat ? - AUTATE","robots":{"index":"index","follow":"follow","max-snippet":"max-snippet:-1","max-image-preview":"max-image-preview:large","max-video-preview":"max-video-preview:-1"},"canonical":"https:\/\/autate.fr\/site\/latribune-metro-a-labege-le-plb-relance-par-letat\/","og_locale":"fr_FR","og_type":"article","og_title":"[LaTribune] M\u00e9tro \u00e0 Lab\u00e8ge : le PLB relanc\u00e9 par l'\u00c9tat ? - AUTATE","og_description":"Un article de Paul P\u00e9ri\u00e9 publi\u00e9 le 05\/04\/2016 Une r\u00e9union s&rsquo;est tenue ce mardi 5 avril en pr\u00e9sence d&rsquo;Alain Vidalies, secr\u00e9taire d&rsquo;\u00c9tat charg\u00e9 des Transports, au sujet du prolongement de la ligne B. Organis\u00e9e \u00e0 l&rsquo;initiative de Kader Arif, elle a permis \u00ab\u00a0une avanc\u00e9e majeure\u00a0\u00bb selon Georges M\u00e9ric, pr\u00e9sident du Conseil d\u00e9partemental de la Haute-Garonne.VOIR PLUS","og_url":"https:\/\/autate.fr\/site\/latribune-metro-a-labege-le-plb-relance-par-letat\/","og_site_name":"AUTATE","article_publisher":"https:\/\/www.facebook.com\/AutateToulouse","article_published_time":"2016-04-06T14:40:41+00:00","article_modified_time":"2016-04-17T14:43:05+00:00","author":"pascalbarbier","twitter_card":"summary_large_image","twitter_creator":"@AutateToulouse","twitter_site":"@AutateToulouse","twitter_misc":{"\u00c9crit par":"pascalbarbier","Dur\u00e9e de lecture estim\u00e9e":"1 minute"},"schema":{"@context":"https:\/\/schema.org","@graph":[{"@type":"Article","@id":"https:\/\/autate.fr\/site\/latribune-metro-a-labege-le-plb-relance-par-letat\/#article","isPartOf":{"@id":"https:\/\/autate.fr\/site\/latribune-metro-a-labege-le-plb-relance-par-letat\/"},"author":{"name":"pascalbarbier","@id":"https:\/\/autate.fr\/site\/#\/schema\/person\/ae1ab8bdaa7b41d2a9b52d2557ce8254"},"headline":"[LaTribune] M\u00e9tro \u00e0 Lab\u00e8ge : le PLB relanc\u00e9 par l&rsquo;\u00c9tat ?","datePublished":"2016-04-06T14:40:41+00:00","dateModified":"2016-04-17T14:43:05+00:00","mainEntityOfPage":{"@id":"https:\/\/autate.fr\/site\/latribune-metro-a-labege-le-plb-relance-par-letat\/"},"wordCount":153,"commentCount":0,"publisher":{"@id":"https:\/\/autate.fr\/site\/#organization"},"keywords":["ligne B","m\u00e9tro","PLB"],"articleSection":["Revue de presse"],"inLanguage":"fr-FR","potentialAction":[{"@type":"CommentAction","name":"Comment","target":["https:\/\/autate.fr\/site\/latribune-metro-a-labege-le-plb-relance-par-letat\/#respond"]}]},{"@type":"WebPage","@id":"https:\/\/autate.fr\/site\/latribune-metro-a-labege-le-plb-relance-par-letat\/","url":"https:\/\/autate.fr\/site\/latribune-metro-a-labege-le-plb-relance-par-letat\/","name":"[LaTribune] M\u00e9tro \u00e0 Lab\u00e8ge : le PLB relanc\u00e9 par l'\u00c9tat ? - AUTATE","isPartOf":{"@id":"https:\/\/autate.fr\/site\/#website"},"datePublished":"2016-04-06T14:40:41+00:00","dateModified":"2016-04-17T14:43:05+00:00","breadcrumb":{"@id":"https:\/\/autate.fr\/site\/latribune-metro-a-labege-le-plb-relance-par-letat\/#breadcrumb"},"inLanguage":"fr-FR","potentialAction":[{"@type":"ReadAction","target":["https:\/\/autate.fr\/site\/latribune-metro-a-labege-le-plb-relance-par-letat\/"]}]},{"@type":"BreadcrumbList","@id":"https:\/\/autate.fr\/site\/latribune-metro-a-labege-le-plb-relance-par-letat\/#breadcrumb","itemListElement":[{"@type":"ListItem","position":1,"name":"Accueil","item":"https:\/\/autate.fr\/site\/"},{"@type":"ListItem","position":2,"name":"[LaTribune] M\u00e9tro \u00e0 Lab\u00e8ge : le PLB relanc\u00e9 par l&rsquo;\u00c9tat ?"}]},{"@type":"WebSite","@id":"https:\/\/autate.fr\/site\/#website","url":"https:\/\/autate.fr\/site\/","name":"AUTATE","description":"Association des usagers des transports de l&#039;agglom\u00e9ration Toulousaine et de ses environs","publisher":{"@id":"https:\/\/autate.fr\/site\/#organization"},"potentialAction":[{"@type":"SearchAction","target":{"@type":"EntryPoint","urlTemplate":"https:\/\/autate.fr\/site\/?s={search_term_string}"},"query-input":{"@type":"PropertyValueSpecification","valueRequired":true,"valueName":"search_term_string"}}],"inLanguage":"fr-FR"},{"@type":"Organization","@id":"https:\/\/autate.fr\/site\/#organization","name":"AUTATE","url":"https:\/\/autate.fr\/site\/","logo":{"@type":"ImageObject","inLanguage":"fr-FR","@id":"https:\/\/autate.fr\/site\/#\/schema\/logo\/image\/","url":"http:\/\/autate.fr\/site\/wp-content\/uploads\/2019\/01\/logo.png","contentUrl":"http:\/\/autate.fr\/site\/wp-content\/uploads\/2019\/01\/logo.png","width":506,"height":280,"caption":"AUTATE"},"image":{"@id":"https:\/\/autate.fr\/site\/#\/schema\/logo\/image\/"},"sameAs":["https:\/\/www.facebook.com\/AutateToulouse","https:\/\/x.com\/AutateToulouse"]},{"@type":"Person","@id":"https:\/\/autate.fr\/site\/#\/schema\/person\/ae1ab8bdaa7b41d2a9b52d2557ce8254","name":"pascalbarbier","image":{"@type":"ImageObject","inLanguage":"fr-FR","@id":"https:\/\/secure.gravatar.com\/avatar\/03f4e8ced09894b72c67e83142540730d4b3bbf619bf46341b0074e3bf5f08a0?s=96&d=mm&r=g","url":"https:\/\/secure.gravatar.com\/avatar\/03f4e8ced09894b72c67e83142540730d4b3bbf619bf46341b0074e3bf5f08a0?s=96&d=mm&r=g","contentUrl":"https:\/\/secure.gravatar.com\/avatar\/03f4e8ced09894b72c67e83142540730d4b3bbf619bf46341b0074e3bf5f08a0?s=96&d=mm&r=g","caption":"pascalbarbier"},"url":"https:\/\/autate.fr\/site\/author\/pascalbarbier\/"}]}},"_links":{"self":[{"href":"https:\/\/autate.fr\/site\/wp-json\/wp\/v2\/posts\/502","targetHints":{"allow":["GET"]}}],"collection":[{"href":"https:\/\/autate.fr\/site\/wp-json\/wp\/v2\/posts"}],"about":[{"href":"https:\/\/autate.fr\/site\/wp-json\/wp\/v2\/types\/post"}],"author":[{"embeddable":true,"href":"https:\/\/autate.fr\/site\/wp-json\/wp\/v2\/users\/1"}],"replies":[{"embeddable":true,"href":"https:\/\/autate.fr\/site\/wp-json\/wp\/v2\/comments?post=502"}],"version-history":[{"count":1,"href":"https:\/\/autate.fr\/site\/wp-json\/wp\/v2\/posts\/502\/revisions"}],"predecessor-version":[{"id":503,"href":"https:\/\/autate.fr\/site\/wp-json\/wp\/v2\/posts\/502\/revisions\/503"}],"wp:attachment":[{"href":"https:\/\/autate.fr\/site\/wp-json\/wp\/v2\/media?parent=502"}],"wp:term":[{"taxonomy":"category","embeddable":true,"href":"https:\/\/autate.fr\/site\/wp-json\/wp\/v2\/categories?post=502"},{"taxonomy":"post_tag","embeddable":true,"href":"https:\/\/autate.fr\/site\/wp-json\/wp\/v2\/tags?post=502"}],"curies":[{"name":"wp","href":"https:\/\/api.w.org\/{rel}","templated":true}]}}