{"id":500,"date":"2016-04-06T16:37:48","date_gmt":"2016-04-06T14:37:48","guid":{"rendered":"http:\/\/autate.fr\/site\/?p=500"},"modified":"2016-04-17T16:40:09","modified_gmt":"2016-04-17T14:40:09","slug":"la-depeche-prolongement-de-la-ligne-b-du-metro-georges-meric-annonce-une-avancee-majeure","status":"publish","type":"post","link":"https:\/\/autate.fr\/site\/la-depeche-prolongement-de-la-ligne-b-du-metro-georges-meric-annonce-une-avancee-majeure\/","title":{"rendered":"[La D\u00e9p\u00eache] Prolongement de la ligne B du m\u00e9tro: Georges M\u00e9ric annonce une avanc\u00e9e majeure"},"content":{"rendered":"<p>Un article de Lionel Laparade publi\u00e9 le 05\/04\/2016<\/p>\n<p>A la suite d&rsquo;un rendez-vous qui s&rsquo;est tenu ce mardi 5 avril \u00e0 Paris avec Alain Vidalies, secr\u00e9taire d\u2019Etat aux transports, Georges M\u00e9ric, pr\u00e9sident du D\u00e9partement de Haute-Garonne consid\u00e8re que \u00ab\u00a0cette initiative permet une avanc\u00e9e majeure du projet de prolongement de la ligne B du m\u00e9tro jusqu\u2019\u00e0 Lab\u00e8ge, tant sur le plan du financement que du planning.<br \/>\nCette r\u00e9union organis\u00e9e \u00e0 l\u2019initiative de Kader Arif et \u00e0 laquelle ont aussi particip\u00e9s Mich\u00e8le Garrigues, vice-pr\u00e9sidente de la r\u00e9gion Languedoc-Roussillon-Midi-Pyr\u00e9n\u00e9es, et Jacques Oberti, pr\u00e9sident du Sicoval, avait pour objet d\u2019examiner les solutions alternatives pour le prolongement de la ligne B du m\u00e9tro sur deux stations, afin de r\u00e9aliser la jonction entre Ramonville-Saint-Agne et la future 3\u00e8me ligne de m\u00e9tro au niveau de l\u2019INPT. Alain Vidalies a partag\u00e9 avec les \u00e9lus la n\u00e9cessit\u00e9 de r\u00e9aliser ce prolongement sur deux stations en m\u00e9tro afin d\u2019\u00e9viter les ruptures de charge qu\u2019engendrerait un t\u00e9l\u00e9ph\u00e9rique urbain.<\/p>\n<p><a href=\"http:\/\/www.ladepeche.fr\/article\/2016\/04\/05\/2318706-prolongement-ligne-b-metro-georges-meric-annonce-avancee-majeure.html\" target=\"_blank\">lire la suite<\/a><\/p>\n","protected":false},"excerpt":{"rendered":"<p>Un article de Lionel Laparade publi\u00e9 le 05\/04\/2016 A la suite d&rsquo;un rendez-vous qui s&rsquo;est tenu ce mardi 5 avril \u00e0 Paris avec Alain Vidalies, secr\u00e9taire d\u2019Etat aux transports, Georges M\u00e9ric, pr\u00e9sident du D\u00e9partement de Haute-Garonne consid\u00e8re que \u00ab\u00a0cette initiative permet une avanc\u00e9e majeure du projet de prolongement de la ligne B du m\u00e9tro jusqu\u2019\u00e0<\/p>\n<p class=\"more-link\"><a href=\"https:\/\/autate.fr\/site\/la-depeche-prolongement-de-la-ligne-b-du-metro-georges-meric-annonce-une-avancee-majeure\/\" class=\"themebutton2\">VOIR PLUS<\/a><\/p>\n","protected":false},"author":1,"featured_media":0,"comment_status":"open","ping_status":"open","sticky":false,"template":"","format":"standard","meta":{"footnotes":""},"categories":[7],"tags":[18,17],"class_list":["post-500","post","type-post","status-publish","format-standard","hentry","category-revue-de-presse","tag-ligne-b","tag-plb"],"yoast_head":"<!-- This site is optimized with the Yoast SEO plugin v27.4 - https:\/\/yoast.com\/product\/yoast-seo-wordpress\/ -->\n<title>[La D\u00e9p\u00eache] Prolongement de la ligne B du m\u00e9tro: Georges M\u00e9ric annonce une avanc\u00e9e majeure - AUTATE<\/title>\n<meta name=\"robots\" content=\"index, follow, max-snippet:-1, max-image-preview:large, max-video-preview:-1\" \/>\n<link rel=\"canonical\" href=\"https:\/\/autate.fr\/site\/la-depeche-prolongement-de-la-ligne-b-du-metro-georges-meric-annonce-une-avancee-majeure\/\" \/>\n<meta property=\"og:locale\" content=\"fr_FR\" \/>\n<meta property=\"og:type\" content=\"article\" \/>\n<meta property=\"og:title\" content=\"[La D\u00e9p\u00eache] Prolongement de la ligne B du m\u00e9tro: Georges M\u00e9ric annonce une avanc\u00e9e majeure - AUTATE\" \/>\n<meta property=\"og:description\" content=\"Un article de Lionel Laparade publi\u00e9 le 05\/04\/2016 A la suite d&rsquo;un rendez-vous qui s&rsquo;est tenu ce mardi 5 avril \u00e0 Paris avec Alain Vidalies, secr\u00e9taire d\u2019Etat aux transports, Georges M\u00e9ric, pr\u00e9sident du D\u00e9partement de Haute-Garonne consid\u00e8re que \u00ab\u00a0cette initiative permet une avanc\u00e9e majeure du projet de prolongement de la ligne B du m\u00e9tro jusqu\u2019\u00e0VOIR PLUS\" \/>\n<meta property=\"og:url\" content=\"https:\/\/autate.fr\/site\/la-depeche-prolongement-de-la-ligne-b-du-metro-georges-meric-annonce-une-avancee-majeure\/\" \/>\n<meta property=\"og:site_name\" content=\"AUTATE\" \/>\n<meta property=\"article:publisher\" content=\"https:\/\/www.facebook.com\/AutateToulouse\" \/>\n<meta property=\"article:published_time\" content=\"2016-04-06T14:37:48+00:00\" \/>\n<meta property=\"article:modified_time\" content=\"2016-04-17T14:40:09+00:00\" \/>\n<meta name=\"author\" content=\"pascalbarbier\" \/>\n<meta name=\"twitter:card\" content=\"summary_large_image\" \/>\n<meta name=\"twitter:creator\" content=\"@AutateToulouse\" \/>\n<meta name=\"twitter:site\" content=\"@AutateToulouse\" \/>\n<meta name=\"twitter:label1\" content=\"\u00c9crit par\" \/>\n\t<meta name=\"twitter:data1\" content=\"pascalbarbier\" \/>\n\t<meta name=\"twitter:label2\" content=\"Dur\u00e9e de lecture estim\u00e9e\" \/>\n\t<meta name=\"twitter:data2\" content=\"1 minute\" \/>\n<script type=\"application\/ld+json\" class=\"yoast-schema-graph\">{\"@context\":\"https:\\\/\\\/schema.org\",\"@graph\":[{\"@type\":\"Article\",\"@id\":\"https:\\\/\\\/autate.fr\\\/site\\\/la-depeche-prolongement-de-la-ligne-b-du-metro-georges-meric-annonce-une-avancee-majeure\\\/#article\",\"isPartOf\":{\"@id\":\"https:\\\/\\\/autate.fr\\\/site\\\/la-depeche-prolongement-de-la-ligne-b-du-metro-georges-meric-annonce-une-avancee-majeure\\\/\"},\"author\":{\"name\":\"pascalbarbier\",\"@id\":\"https:\\\/\\\/autate.fr\\\/site\\\/#\\\/schema\\\/person\\\/ae1ab8bdaa7b41d2a9b52d2557ce8254\"},\"headline\":\"[La D\u00e9p\u00eache] Prolongement de la ligne B du m\u00e9tro: Georges M\u00e9ric annonce une avanc\u00e9e majeure\",\"datePublished\":\"2016-04-06T14:37:48+00:00\",\"dateModified\":\"2016-04-17T14:40:09+00:00\",\"mainEntityOfPage\":{\"@id\":\"https:\\\/\\\/autate.fr\\\/site\\\/la-depeche-prolongement-de-la-ligne-b-du-metro-georges-meric-annonce-une-avancee-majeure\\\/\"},\"wordCount\":207,\"commentCount\":0,\"publisher\":{\"@id\":\"https:\\\/\\\/autate.fr\\\/site\\\/#organization\"},\"keywords\":[\"ligne B\",\"PLB\"],\"articleSection\":[\"Revue de presse\"],\"inLanguage\":\"fr-FR\",\"potentialAction\":[{\"@type\":\"CommentAction\",\"name\":\"Comment\",\"target\":[\"https:\\\/\\\/autate.fr\\\/site\\\/la-depeche-prolongement-de-la-ligne-b-du-metro-georges-meric-annonce-une-avancee-majeure\\\/#respond\"]}]},{\"@type\":\"WebPage\",\"@id\":\"https:\\\/\\\/autate.fr\\\/site\\\/la-depeche-prolongement-de-la-ligne-b-du-metro-georges-meric-annonce-une-avancee-majeure\\\/\",\"url\":\"https:\\\/\\\/autate.fr\\\/site\\\/la-depeche-prolongement-de-la-ligne-b-du-metro-georges-meric-annonce-une-avancee-majeure\\\/\",\"name\":\"[La D\u00e9p\u00eache] Prolongement de la ligne B du m\u00e9tro: Georges M\u00e9ric annonce une avanc\u00e9e majeure - AUTATE\",\"isPartOf\":{\"@id\":\"https:\\\/\\\/autate.fr\\\/site\\\/#website\"},\"datePublished\":\"2016-04-06T14:37:48+00:00\",\"dateModified\":\"2016-04-17T14:40:09+00:00\",\"breadcrumb\":{\"@id\":\"https:\\\/\\\/autate.fr\\\/site\\\/la-depeche-prolongement-de-la-ligne-b-du-metro-georges-meric-annonce-une-avancee-majeure\\\/#breadcrumb\"},\"inLanguage\":\"fr-FR\",\"potentialAction\":[{\"@type\":\"ReadAction\",\"target\":[\"https:\\\/\\\/autate.fr\\\/site\\\/la-depeche-prolongement-de-la-ligne-b-du-metro-georges-meric-annonce-une-avancee-majeure\\\/\"]}]},{\"@type\":\"BreadcrumbList\",\"@id\":\"https:\\\/\\\/autate.fr\\\/site\\\/la-depeche-prolongement-de-la-ligne-b-du-metro-georges-meric-annonce-une-avancee-majeure\\\/#breadcrumb\",\"itemListElement\":[{\"@type\":\"ListItem\",\"position\":1,\"name\":\"Accueil\",\"item\":\"https:\\\/\\\/autate.fr\\\/site\\\/\"},{\"@type\":\"ListItem\",\"position\":2,\"name\":\"[La D\u00e9p\u00eache] Prolongement de la ligne B du m\u00e9tro: Georges M\u00e9ric annonce une avanc\u00e9e majeure\"}]},{\"@type\":\"WebSite\",\"@id\":\"https:\\\/\\\/autate.fr\\\/site\\\/#website\",\"url\":\"https:\\\/\\\/autate.fr\\\/site\\\/\",\"name\":\"AUTATE\",\"description\":\"Association des usagers des transports de l&#039;agglom\u00e9ration Toulousaine et de ses environs\",\"publisher\":{\"@id\":\"https:\\\/\\\/autate.fr\\\/site\\\/#organization\"},\"potentialAction\":[{\"@type\":\"SearchAction\",\"target\":{\"@type\":\"EntryPoint\",\"urlTemplate\":\"https:\\\/\\\/autate.fr\\\/site\\\/?s={search_term_string}\"},\"query-input\":{\"@type\":\"PropertyValueSpecification\",\"valueRequired\":true,\"valueName\":\"search_term_string\"}}],\"inLanguage\":\"fr-FR\"},{\"@type\":\"Organization\",\"@id\":\"https:\\\/\\\/autate.fr\\\/site\\\/#organization\",\"name\":\"AUTATE\",\"url\":\"https:\\\/\\\/autate.fr\\\/site\\\/\",\"logo\":{\"@type\":\"ImageObject\",\"inLanguage\":\"fr-FR\",\"@id\":\"https:\\\/\\\/autate.fr\\\/site\\\/#\\\/schema\\\/logo\\\/image\\\/\",\"url\":\"http:\\\/\\\/autate.fr\\\/site\\\/wp-content\\\/uploads\\\/2019\\\/01\\\/logo.png\",\"contentUrl\":\"http:\\\/\\\/autate.fr\\\/site\\\/wp-content\\\/uploads\\\/2019\\\/01\\\/logo.png\",\"width\":506,\"height\":280,\"caption\":\"AUTATE\"},\"image\":{\"@id\":\"https:\\\/\\\/autate.fr\\\/site\\\/#\\\/schema\\\/logo\\\/image\\\/\"},\"sameAs\":[\"https:\\\/\\\/www.facebook.com\\\/AutateToulouse\",\"https:\\\/\\\/x.com\\\/AutateToulouse\"]},{\"@type\":\"Person\",\"@id\":\"https:\\\/\\\/autate.fr\\\/site\\\/#\\\/schema\\\/person\\\/ae1ab8bdaa7b41d2a9b52d2557ce8254\",\"name\":\"pascalbarbier\",\"image\":{\"@type\":\"ImageObject\",\"inLanguage\":\"fr-FR\",\"@id\":\"https:\\\/\\\/secure.gravatar.com\\\/avatar\\\/03f4e8ced09894b72c67e83142540730d4b3bbf619bf46341b0074e3bf5f08a0?s=96&d=mm&r=g\",\"url\":\"https:\\\/\\\/secure.gravatar.com\\\/avatar\\\/03f4e8ced09894b72c67e83142540730d4b3bbf619bf46341b0074e3bf5f08a0?s=96&d=mm&r=g\",\"contentUrl\":\"https:\\\/\\\/secure.gravatar.com\\\/avatar\\\/03f4e8ced09894b72c67e83142540730d4b3bbf619bf46341b0074e3bf5f08a0?s=96&d=mm&r=g\",\"caption\":\"pascalbarbier\"},\"url\":\"https:\\\/\\\/autate.fr\\\/site\\\/author\\\/pascalbarbier\\\/\"}]}<\/script>\n<!-- \/ Yoast SEO plugin. -->","yoast_head_json":{"title":"[La D\u00e9p\u00eache] Prolongement de la ligne B du m\u00e9tro: Georges M\u00e9ric annonce une avanc\u00e9e majeure - AUTATE","robots":{"index":"index","follow":"follow","max-snippet":"max-snippet:-1","max-image-preview":"max-image-preview:large","max-video-preview":"max-video-preview:-1"},"canonical":"https:\/\/autate.fr\/site\/la-depeche-prolongement-de-la-ligne-b-du-metro-georges-meric-annonce-une-avancee-majeure\/","og_locale":"fr_FR","og_type":"article","og_title":"[La D\u00e9p\u00eache] Prolongement de la ligne B du m\u00e9tro: Georges M\u00e9ric annonce une avanc\u00e9e majeure - AUTATE","og_description":"Un article de Lionel Laparade publi\u00e9 le 05\/04\/2016 A la suite d&rsquo;un rendez-vous qui s&rsquo;est tenu ce mardi 5 avril \u00e0 Paris avec Alain Vidalies, secr\u00e9taire d\u2019Etat aux transports, Georges M\u00e9ric, pr\u00e9sident du D\u00e9partement de Haute-Garonne consid\u00e8re que \u00ab\u00a0cette initiative permet une avanc\u00e9e majeure du projet de prolongement de la ligne B du m\u00e9tro jusqu\u2019\u00e0VOIR PLUS","og_url":"https:\/\/autate.fr\/site\/la-depeche-prolongement-de-la-ligne-b-du-metro-georges-meric-annonce-une-avancee-majeure\/","og_site_name":"AUTATE","article_publisher":"https:\/\/www.facebook.com\/AutateToulouse","article_published_time":"2016-04-06T14:37:48+00:00","article_modified_time":"2016-04-17T14:40:09+00:00","author":"pascalbarbier","twitter_card":"summary_large_image","twitter_creator":"@AutateToulouse","twitter_site":"@AutateToulouse","twitter_misc":{"\u00c9crit par":"pascalbarbier","Dur\u00e9e de lecture estim\u00e9e":"1 minute"},"schema":{"@context":"https:\/\/schema.org","@graph":[{"@type":"Article","@id":"https:\/\/autate.fr\/site\/la-depeche-prolongement-de-la-ligne-b-du-metro-georges-meric-annonce-une-avancee-majeure\/#article","isPartOf":{"@id":"https:\/\/autate.fr\/site\/la-depeche-prolongement-de-la-ligne-b-du-metro-georges-meric-annonce-une-avancee-majeure\/"},"author":{"name":"pascalbarbier","@id":"https:\/\/autate.fr\/site\/#\/schema\/person\/ae1ab8bdaa7b41d2a9b52d2557ce8254"},"headline":"[La D\u00e9p\u00eache] Prolongement de la ligne B du m\u00e9tro: Georges M\u00e9ric annonce une avanc\u00e9e majeure","datePublished":"2016-04-06T14:37:48+00:00","dateModified":"2016-04-17T14:40:09+00:00","mainEntityOfPage":{"@id":"https:\/\/autate.fr\/site\/la-depeche-prolongement-de-la-ligne-b-du-metro-georges-meric-annonce-une-avancee-majeure\/"},"wordCount":207,"commentCount":0,"publisher":{"@id":"https:\/\/autate.fr\/site\/#organization"},"keywords":["ligne B","PLB"],"articleSection":["Revue de presse"],"inLanguage":"fr-FR","potentialAction":[{"@type":"CommentAction","name":"Comment","target":["https:\/\/autate.fr\/site\/la-depeche-prolongement-de-la-ligne-b-du-metro-georges-meric-annonce-une-avancee-majeure\/#respond"]}]},{"@type":"WebPage","@id":"https:\/\/autate.fr\/site\/la-depeche-prolongement-de-la-ligne-b-du-metro-georges-meric-annonce-une-avancee-majeure\/","url":"https:\/\/autate.fr\/site\/la-depeche-prolongement-de-la-ligne-b-du-metro-georges-meric-annonce-une-avancee-majeure\/","name":"[La D\u00e9p\u00eache] Prolongement de la ligne B du m\u00e9tro: Georges M\u00e9ric annonce une avanc\u00e9e majeure - AUTATE","isPartOf":{"@id":"https:\/\/autate.fr\/site\/#website"},"datePublished":"2016-04-06T14:37:48+00:00","dateModified":"2016-04-17T14:40:09+00:00","breadcrumb":{"@id":"https:\/\/autate.fr\/site\/la-depeche-prolongement-de-la-ligne-b-du-metro-georges-meric-annonce-une-avancee-majeure\/#breadcrumb"},"inLanguage":"fr-FR","potentialAction":[{"@type":"ReadAction","target":["https:\/\/autate.fr\/site\/la-depeche-prolongement-de-la-ligne-b-du-metro-georges-meric-annonce-une-avancee-majeure\/"]}]},{"@type":"BreadcrumbList","@id":"https:\/\/autate.fr\/site\/la-depeche-prolongement-de-la-ligne-b-du-metro-georges-meric-annonce-une-avancee-majeure\/#breadcrumb","itemListElement":[{"@type":"ListItem","position":1,"name":"Accueil","item":"https:\/\/autate.fr\/site\/"},{"@type":"ListItem","position":2,"name":"[La D\u00e9p\u00eache] Prolongement de la ligne B du m\u00e9tro: Georges M\u00e9ric annonce une avanc\u00e9e majeure"}]},{"@type":"WebSite","@id":"https:\/\/autate.fr\/site\/#website","url":"https:\/\/autate.fr\/site\/","name":"AUTATE","description":"Association des usagers des transports de l&#039;agglom\u00e9ration Toulousaine et de ses environs","publisher":{"@id":"https:\/\/autate.fr\/site\/#organization"},"potentialAction":[{"@type":"SearchAction","target":{"@type":"EntryPoint","urlTemplate":"https:\/\/autate.fr\/site\/?s={search_term_string}"},"query-input":{"@type":"PropertyValueSpecification","valueRequired":true,"valueName":"search_term_string"}}],"inLanguage":"fr-FR"},{"@type":"Organization","@id":"https:\/\/autate.fr\/site\/#organization","name":"AUTATE","url":"https:\/\/autate.fr\/site\/","logo":{"@type":"ImageObject","inLanguage":"fr-FR","@id":"https:\/\/autate.fr\/site\/#\/schema\/logo\/image\/","url":"http:\/\/autate.fr\/site\/wp-content\/uploads\/2019\/01\/logo.png","contentUrl":"http:\/\/autate.fr\/site\/wp-content\/uploads\/2019\/01\/logo.png","width":506,"height":280,"caption":"AUTATE"},"image":{"@id":"https:\/\/autate.fr\/site\/#\/schema\/logo\/image\/"},"sameAs":["https:\/\/www.facebook.com\/AutateToulouse","https:\/\/x.com\/AutateToulouse"]},{"@type":"Person","@id":"https:\/\/autate.fr\/site\/#\/schema\/person\/ae1ab8bdaa7b41d2a9b52d2557ce8254","name":"pascalbarbier","image":{"@type":"ImageObject","inLanguage":"fr-FR","@id":"https:\/\/secure.gravatar.com\/avatar\/03f4e8ced09894b72c67e83142540730d4b3bbf619bf46341b0074e3bf5f08a0?s=96&d=mm&r=g","url":"https:\/\/secure.gravatar.com\/avatar\/03f4e8ced09894b72c67e83142540730d4b3bbf619bf46341b0074e3bf5f08a0?s=96&d=mm&r=g","contentUrl":"https:\/\/secure.gravatar.com\/avatar\/03f4e8ced09894b72c67e83142540730d4b3bbf619bf46341b0074e3bf5f08a0?s=96&d=mm&r=g","caption":"pascalbarbier"},"url":"https:\/\/autate.fr\/site\/author\/pascalbarbier\/"}]}},"_links":{"self":[{"href":"https:\/\/autate.fr\/site\/wp-json\/wp\/v2\/posts\/500","targetHints":{"allow":["GET"]}}],"collection":[{"href":"https:\/\/autate.fr\/site\/wp-json\/wp\/v2\/posts"}],"about":[{"href":"https:\/\/autate.fr\/site\/wp-json\/wp\/v2\/types\/post"}],"author":[{"embeddable":true,"href":"https:\/\/autate.fr\/site\/wp-json\/wp\/v2\/users\/1"}],"replies":[{"embeddable":true,"href":"https:\/\/autate.fr\/site\/wp-json\/wp\/v2\/comments?post=500"}],"version-history":[{"count":1,"href":"https:\/\/autate.fr\/site\/wp-json\/wp\/v2\/posts\/500\/revisions"}],"predecessor-version":[{"id":501,"href":"https:\/\/autate.fr\/site\/wp-json\/wp\/v2\/posts\/500\/revisions\/501"}],"wp:attachment":[{"href":"https:\/\/autate.fr\/site\/wp-json\/wp\/v2\/media?parent=500"}],"wp:term":[{"taxonomy":"category","embeddable":true,"href":"https:\/\/autate.fr\/site\/wp-json\/wp\/v2\/categories?post=500"},{"taxonomy":"post_tag","embeddable":true,"href":"https:\/\/autate.fr\/site\/wp-json\/wp\/v2\/tags?post=500"}],"curies":[{"name":"wp","href":"https:\/\/api.w.org\/{rel}","templated":true}]}}