{"id":496,"date":"2016-04-06T11:52:42","date_gmt":"2016-04-06T09:52:42","guid":{"rendered":"http:\/\/autate.fr\/site\/?p=496"},"modified":"2016-04-17T11:56:25","modified_gmt":"2016-04-17T09:56:25","slug":"france3midi-py-prolongement-de-la-ligne-b-du-metro-a-labege-un-nouveau-plan-de-financement-pour-rien","status":"publish","type":"post","link":"https:\/\/autate.fr\/site\/france3midi-py-prolongement-de-la-ligne-b-du-metro-a-labege-un-nouveau-plan-de-financement-pour-rien\/","title":{"rendered":"{France3Midi-Py] Prolongement de la ligne B du m\u00e9tro \u00e0 Lab\u00e8ge : un nouveau plan de financement&#8230; pour rien ?"},"content":{"rendered":"<p>Un article de Fabrice Valery paru le 05\/04\/2016<\/p>\n<p>La visite d&rsquo;\u00e9lus (de gauche) chez le secr\u00e9taire d&rsquo;Etat aux transports ce mardi a d\u00e9bouch\u00e9 sur <em>\u00ab\u00a0une avanc\u00e9e majeure\u00a0\u00bb<\/em>\u00a0pour prolonger le m\u00e9tro B jusqu&rsquo;\u00e0 Lab\u00e8ge\u00a0selon le pr\u00e9sident du Conseil d\u00e9partemental. Pas de quoi faire bouger la position de Jean-Luc Moudenc et du SMTC ?<\/p>\n<p><strong>Et voil\u00e0 la pol\u00e9mique relanc\u00e9e.<\/strong> A la sortie de leur r\u00e9union avec <a href=\"http:\/\/www.gouvernement.fr\/ministre\/alain-vidalies\">Alain Vidalies, le secr\u00e9taire d&rsquo;Etat aux transports<\/a>, ce mardi matin \u00e0 Paris, les \u00e9lus de gauche qui y ont particip\u00e9 (Kader Arif, d\u00e9put\u00e9 PS, Georges M\u00e9ric, pr\u00e9sident PS du d\u00e9partement et Jacques Oberti, pr\u00e9sident du Sicoval) soulignent<strong> <em>\u00ab\u00a0une avanc\u00e9e majeure\u00a0\u00bb<\/em> <\/strong>selon les termes du communiqu\u00e9 du conseil d\u00e9partemental de Haute-Garonne, <strong>au sujet\u00a0du prolongement de la ligne B (PLB) de Ramonville \u00e0 Lab\u00e8ge.\u00a0<\/strong><\/p>\n<p><a href=\"http:\/\/france3-regions.francetvinfo.fr\/midi-pyrenees\/haute-garonne\/toulouse\/prolongement-de-la-ligne-b-du-metro-labege-un-nouveau-plan-de-financement-pour-rien-968663.html?utm_source=dlvr.it&amp;utm_medium=twitter\" target=\"_blank\">lire la suite<\/a><\/p>\n","protected":false},"excerpt":{"rendered":"<p>Un article de Fabrice Valery paru le 05\/04\/2016 La visite d&rsquo;\u00e9lus (de gauche) chez le secr\u00e9taire d&rsquo;Etat aux transports ce mardi a d\u00e9bouch\u00e9 sur \u00ab\u00a0une avanc\u00e9e majeure\u00a0\u00bb\u00a0pour prolonger le m\u00e9tro B jusqu&rsquo;\u00e0 Lab\u00e8ge\u00a0selon le pr\u00e9sident du Conseil d\u00e9partemental. Pas de quoi faire bouger la position de Jean-Luc Moudenc et du SMTC ? Et voil\u00e0 la<\/p>\n<p class=\"more-link\"><a href=\"https:\/\/autate.fr\/site\/france3midi-py-prolongement-de-la-ligne-b-du-metro-a-labege-un-nouveau-plan-de-financement-pour-rien\/\" class=\"themebutton2\">VOIR PLUS<\/a><\/p>\n","protected":false},"author":1,"featured_media":0,"comment_status":"open","ping_status":"open","sticky":false,"template":"","format":"standard","meta":{"footnotes":""},"categories":[7],"tags":[154,153,18,156,12,17],"class_list":["post-496","post","type-post","status-publish","format-standard","hentry","category-revue-de-presse","tag-a-vidalies","tag-jl-moudenc","tag-ligne-b","tag-lm-lattes","tag-metro","tag-plb"],"yoast_head":"<!-- This site is optimized with the Yoast SEO plugin v27.4 - https:\/\/yoast.com\/product\/yoast-seo-wordpress\/ -->\n<title>{France3Midi-Py] Prolongement de la ligne B du m\u00e9tro \u00e0 Lab\u00e8ge : un nouveau plan de financement... pour rien ? - AUTATE<\/title>\n<meta name=\"robots\" content=\"index, follow, max-snippet:-1, max-image-preview:large, max-video-preview:-1\" \/>\n<link rel=\"canonical\" href=\"https:\/\/autate.fr\/site\/france3midi-py-prolongement-de-la-ligne-b-du-metro-a-labege-un-nouveau-plan-de-financement-pour-rien\/\" \/>\n<meta property=\"og:locale\" content=\"fr_FR\" \/>\n<meta property=\"og:type\" content=\"article\" \/>\n<meta property=\"og:title\" content=\"{France3Midi-Py] Prolongement de la ligne B du m\u00e9tro \u00e0 Lab\u00e8ge : un nouveau plan de financement... pour rien ? - AUTATE\" \/>\n<meta property=\"og:description\" content=\"Un article de Fabrice Valery paru le 05\/04\/2016 La visite d&rsquo;\u00e9lus (de gauche) chez le secr\u00e9taire d&rsquo;Etat aux transports ce mardi a d\u00e9bouch\u00e9 sur \u00ab\u00a0une avanc\u00e9e majeure\u00a0\u00bb\u00a0pour prolonger le m\u00e9tro B jusqu&rsquo;\u00e0 Lab\u00e8ge\u00a0selon le pr\u00e9sident du Conseil d\u00e9partemental. Pas de quoi faire bouger la position de Jean-Luc Moudenc et du SMTC ? Et voil\u00e0 laVOIR PLUS\" \/>\n<meta property=\"og:url\" content=\"https:\/\/autate.fr\/site\/france3midi-py-prolongement-de-la-ligne-b-du-metro-a-labege-un-nouveau-plan-de-financement-pour-rien\/\" \/>\n<meta property=\"og:site_name\" content=\"AUTATE\" \/>\n<meta property=\"article:publisher\" content=\"https:\/\/www.facebook.com\/AutateToulouse\" \/>\n<meta property=\"article:published_time\" content=\"2016-04-06T09:52:42+00:00\" \/>\n<meta property=\"article:modified_time\" content=\"2016-04-17T09:56:25+00:00\" \/>\n<meta name=\"author\" content=\"pascalbarbier\" \/>\n<meta name=\"twitter:card\" content=\"summary_large_image\" \/>\n<meta name=\"twitter:creator\" content=\"@AutateToulouse\" \/>\n<meta name=\"twitter:site\" content=\"@AutateToulouse\" \/>\n<meta name=\"twitter:label1\" content=\"\u00c9crit par\" \/>\n\t<meta name=\"twitter:data1\" content=\"pascalbarbier\" \/>\n\t<meta name=\"twitter:label2\" content=\"Dur\u00e9e de lecture estim\u00e9e\" \/>\n\t<meta name=\"twitter:data2\" content=\"1 minute\" \/>\n<script type=\"application\/ld+json\" class=\"yoast-schema-graph\">{\"@context\":\"https:\\\/\\\/schema.org\",\"@graph\":[{\"@type\":\"Article\",\"@id\":\"https:\\\/\\\/autate.fr\\\/site\\\/france3midi-py-prolongement-de-la-ligne-b-du-metro-a-labege-un-nouveau-plan-de-financement-pour-rien\\\/#article\",\"isPartOf\":{\"@id\":\"https:\\\/\\\/autate.fr\\\/site\\\/france3midi-py-prolongement-de-la-ligne-b-du-metro-a-labege-un-nouveau-plan-de-financement-pour-rien\\\/\"},\"author\":{\"name\":\"pascalbarbier\",\"@id\":\"https:\\\/\\\/autate.fr\\\/site\\\/#\\\/schema\\\/person\\\/ae1ab8bdaa7b41d2a9b52d2557ce8254\"},\"headline\":\"{France3Midi-Py] Prolongement de la ligne B du m\u00e9tro \u00e0 Lab\u00e8ge : un nouveau plan de financement&#8230; pour rien ?\",\"datePublished\":\"2016-04-06T09:52:42+00:00\",\"dateModified\":\"2016-04-17T09:56:25+00:00\",\"mainEntityOfPage\":{\"@id\":\"https:\\\/\\\/autate.fr\\\/site\\\/france3midi-py-prolongement-de-la-ligne-b-du-metro-a-labege-un-nouveau-plan-de-financement-pour-rien\\\/\"},\"wordCount\":167,\"commentCount\":0,\"publisher\":{\"@id\":\"https:\\\/\\\/autate.fr\\\/site\\\/#organization\"},\"keywords\":[\"A.Vidalies\",\"JL.Moudenc\",\"ligne B\",\"LM.Lattes\",\"m\u00e9tro\",\"PLB\"],\"articleSection\":[\"Revue de presse\"],\"inLanguage\":\"fr-FR\",\"potentialAction\":[{\"@type\":\"CommentAction\",\"name\":\"Comment\",\"target\":[\"https:\\\/\\\/autate.fr\\\/site\\\/france3midi-py-prolongement-de-la-ligne-b-du-metro-a-labege-un-nouveau-plan-de-financement-pour-rien\\\/#respond\"]}]},{\"@type\":\"WebPage\",\"@id\":\"https:\\\/\\\/autate.fr\\\/site\\\/france3midi-py-prolongement-de-la-ligne-b-du-metro-a-labege-un-nouveau-plan-de-financement-pour-rien\\\/\",\"url\":\"https:\\\/\\\/autate.fr\\\/site\\\/france3midi-py-prolongement-de-la-ligne-b-du-metro-a-labege-un-nouveau-plan-de-financement-pour-rien\\\/\",\"name\":\"{France3Midi-Py] Prolongement de la ligne B du m\u00e9tro \u00e0 Lab\u00e8ge : un nouveau plan de financement... pour rien ? - AUTATE\",\"isPartOf\":{\"@id\":\"https:\\\/\\\/autate.fr\\\/site\\\/#website\"},\"datePublished\":\"2016-04-06T09:52:42+00:00\",\"dateModified\":\"2016-04-17T09:56:25+00:00\",\"breadcrumb\":{\"@id\":\"https:\\\/\\\/autate.fr\\\/site\\\/france3midi-py-prolongement-de-la-ligne-b-du-metro-a-labege-un-nouveau-plan-de-financement-pour-rien\\\/#breadcrumb\"},\"inLanguage\":\"fr-FR\",\"potentialAction\":[{\"@type\":\"ReadAction\",\"target\":[\"https:\\\/\\\/autate.fr\\\/site\\\/france3midi-py-prolongement-de-la-ligne-b-du-metro-a-labege-un-nouveau-plan-de-financement-pour-rien\\\/\"]}]},{\"@type\":\"BreadcrumbList\",\"@id\":\"https:\\\/\\\/autate.fr\\\/site\\\/france3midi-py-prolongement-de-la-ligne-b-du-metro-a-labege-un-nouveau-plan-de-financement-pour-rien\\\/#breadcrumb\",\"itemListElement\":[{\"@type\":\"ListItem\",\"position\":1,\"name\":\"Accueil\",\"item\":\"https:\\\/\\\/autate.fr\\\/site\\\/\"},{\"@type\":\"ListItem\",\"position\":2,\"name\":\"{France3Midi-Py] Prolongement de la ligne B du m\u00e9tro \u00e0 Lab\u00e8ge : un nouveau plan de financement&#8230; pour rien ?\"}]},{\"@type\":\"WebSite\",\"@id\":\"https:\\\/\\\/autate.fr\\\/site\\\/#website\",\"url\":\"https:\\\/\\\/autate.fr\\\/site\\\/\",\"name\":\"AUTATE\",\"description\":\"Association des usagers des transports de l&#039;agglom\u00e9ration Toulousaine et de ses environs\",\"publisher\":{\"@id\":\"https:\\\/\\\/autate.fr\\\/site\\\/#organization\"},\"potentialAction\":[{\"@type\":\"SearchAction\",\"target\":{\"@type\":\"EntryPoint\",\"urlTemplate\":\"https:\\\/\\\/autate.fr\\\/site\\\/?s={search_term_string}\"},\"query-input\":{\"@type\":\"PropertyValueSpecification\",\"valueRequired\":true,\"valueName\":\"search_term_string\"}}],\"inLanguage\":\"fr-FR\"},{\"@type\":\"Organization\",\"@id\":\"https:\\\/\\\/autate.fr\\\/site\\\/#organization\",\"name\":\"AUTATE\",\"url\":\"https:\\\/\\\/autate.fr\\\/site\\\/\",\"logo\":{\"@type\":\"ImageObject\",\"inLanguage\":\"fr-FR\",\"@id\":\"https:\\\/\\\/autate.fr\\\/site\\\/#\\\/schema\\\/logo\\\/image\\\/\",\"url\":\"http:\\\/\\\/autate.fr\\\/site\\\/wp-content\\\/uploads\\\/2019\\\/01\\\/logo.png\",\"contentUrl\":\"http:\\\/\\\/autate.fr\\\/site\\\/wp-content\\\/uploads\\\/2019\\\/01\\\/logo.png\",\"width\":506,\"height\":280,\"caption\":\"AUTATE\"},\"image\":{\"@id\":\"https:\\\/\\\/autate.fr\\\/site\\\/#\\\/schema\\\/logo\\\/image\\\/\"},\"sameAs\":[\"https:\\\/\\\/www.facebook.com\\\/AutateToulouse\",\"https:\\\/\\\/x.com\\\/AutateToulouse\"]},{\"@type\":\"Person\",\"@id\":\"https:\\\/\\\/autate.fr\\\/site\\\/#\\\/schema\\\/person\\\/ae1ab8bdaa7b41d2a9b52d2557ce8254\",\"name\":\"pascalbarbier\",\"image\":{\"@type\":\"ImageObject\",\"inLanguage\":\"fr-FR\",\"@id\":\"https:\\\/\\\/secure.gravatar.com\\\/avatar\\\/03f4e8ced09894b72c67e83142540730d4b3bbf619bf46341b0074e3bf5f08a0?s=96&d=mm&r=g\",\"url\":\"https:\\\/\\\/secure.gravatar.com\\\/avatar\\\/03f4e8ced09894b72c67e83142540730d4b3bbf619bf46341b0074e3bf5f08a0?s=96&d=mm&r=g\",\"contentUrl\":\"https:\\\/\\\/secure.gravatar.com\\\/avatar\\\/03f4e8ced09894b72c67e83142540730d4b3bbf619bf46341b0074e3bf5f08a0?s=96&d=mm&r=g\",\"caption\":\"pascalbarbier\"},\"url\":\"https:\\\/\\\/autate.fr\\\/site\\\/author\\\/pascalbarbier\\\/\"}]}<\/script>\n<!-- \/ Yoast SEO plugin. -->","yoast_head_json":{"title":"{France3Midi-Py] Prolongement de la ligne B du m\u00e9tro \u00e0 Lab\u00e8ge : un nouveau plan de financement... pour rien ? - AUTATE","robots":{"index":"index","follow":"follow","max-snippet":"max-snippet:-1","max-image-preview":"max-image-preview:large","max-video-preview":"max-video-preview:-1"},"canonical":"https:\/\/autate.fr\/site\/france3midi-py-prolongement-de-la-ligne-b-du-metro-a-labege-un-nouveau-plan-de-financement-pour-rien\/","og_locale":"fr_FR","og_type":"article","og_title":"{France3Midi-Py] Prolongement de la ligne B du m\u00e9tro \u00e0 Lab\u00e8ge : un nouveau plan de financement... pour rien ? - AUTATE","og_description":"Un article de Fabrice Valery paru le 05\/04\/2016 La visite d&rsquo;\u00e9lus (de gauche) chez le secr\u00e9taire d&rsquo;Etat aux transports ce mardi a d\u00e9bouch\u00e9 sur \u00ab\u00a0une avanc\u00e9e majeure\u00a0\u00bb\u00a0pour prolonger le m\u00e9tro B jusqu&rsquo;\u00e0 Lab\u00e8ge\u00a0selon le pr\u00e9sident du Conseil d\u00e9partemental. Pas de quoi faire bouger la position de Jean-Luc Moudenc et du SMTC ? Et voil\u00e0 laVOIR PLUS","og_url":"https:\/\/autate.fr\/site\/france3midi-py-prolongement-de-la-ligne-b-du-metro-a-labege-un-nouveau-plan-de-financement-pour-rien\/","og_site_name":"AUTATE","article_publisher":"https:\/\/www.facebook.com\/AutateToulouse","article_published_time":"2016-04-06T09:52:42+00:00","article_modified_time":"2016-04-17T09:56:25+00:00","author":"pascalbarbier","twitter_card":"summary_large_image","twitter_creator":"@AutateToulouse","twitter_site":"@AutateToulouse","twitter_misc":{"\u00c9crit par":"pascalbarbier","Dur\u00e9e de lecture estim\u00e9e":"1 minute"},"schema":{"@context":"https:\/\/schema.org","@graph":[{"@type":"Article","@id":"https:\/\/autate.fr\/site\/france3midi-py-prolongement-de-la-ligne-b-du-metro-a-labege-un-nouveau-plan-de-financement-pour-rien\/#article","isPartOf":{"@id":"https:\/\/autate.fr\/site\/france3midi-py-prolongement-de-la-ligne-b-du-metro-a-labege-un-nouveau-plan-de-financement-pour-rien\/"},"author":{"name":"pascalbarbier","@id":"https:\/\/autate.fr\/site\/#\/schema\/person\/ae1ab8bdaa7b41d2a9b52d2557ce8254"},"headline":"{France3Midi-Py] Prolongement de la ligne B du m\u00e9tro \u00e0 Lab\u00e8ge : un nouveau plan de financement&#8230; pour rien ?","datePublished":"2016-04-06T09:52:42+00:00","dateModified":"2016-04-17T09:56:25+00:00","mainEntityOfPage":{"@id":"https:\/\/autate.fr\/site\/france3midi-py-prolongement-de-la-ligne-b-du-metro-a-labege-un-nouveau-plan-de-financement-pour-rien\/"},"wordCount":167,"commentCount":0,"publisher":{"@id":"https:\/\/autate.fr\/site\/#organization"},"keywords":["A.Vidalies","JL.Moudenc","ligne B","LM.Lattes","m\u00e9tro","PLB"],"articleSection":["Revue de presse"],"inLanguage":"fr-FR","potentialAction":[{"@type":"CommentAction","name":"Comment","target":["https:\/\/autate.fr\/site\/france3midi-py-prolongement-de-la-ligne-b-du-metro-a-labege-un-nouveau-plan-de-financement-pour-rien\/#respond"]}]},{"@type":"WebPage","@id":"https:\/\/autate.fr\/site\/france3midi-py-prolongement-de-la-ligne-b-du-metro-a-labege-un-nouveau-plan-de-financement-pour-rien\/","url":"https:\/\/autate.fr\/site\/france3midi-py-prolongement-de-la-ligne-b-du-metro-a-labege-un-nouveau-plan-de-financement-pour-rien\/","name":"{France3Midi-Py] Prolongement de la ligne B du m\u00e9tro \u00e0 Lab\u00e8ge : un nouveau plan de financement... pour rien ? - AUTATE","isPartOf":{"@id":"https:\/\/autate.fr\/site\/#website"},"datePublished":"2016-04-06T09:52:42+00:00","dateModified":"2016-04-17T09:56:25+00:00","breadcrumb":{"@id":"https:\/\/autate.fr\/site\/france3midi-py-prolongement-de-la-ligne-b-du-metro-a-labege-un-nouveau-plan-de-financement-pour-rien\/#breadcrumb"},"inLanguage":"fr-FR","potentialAction":[{"@type":"ReadAction","target":["https:\/\/autate.fr\/site\/france3midi-py-prolongement-de-la-ligne-b-du-metro-a-labege-un-nouveau-plan-de-financement-pour-rien\/"]}]},{"@type":"BreadcrumbList","@id":"https:\/\/autate.fr\/site\/france3midi-py-prolongement-de-la-ligne-b-du-metro-a-labege-un-nouveau-plan-de-financement-pour-rien\/#breadcrumb","itemListElement":[{"@type":"ListItem","position":1,"name":"Accueil","item":"https:\/\/autate.fr\/site\/"},{"@type":"ListItem","position":2,"name":"{France3Midi-Py] Prolongement de la ligne B du m\u00e9tro \u00e0 Lab\u00e8ge : un nouveau plan de financement&#8230; pour rien ?"}]},{"@type":"WebSite","@id":"https:\/\/autate.fr\/site\/#website","url":"https:\/\/autate.fr\/site\/","name":"AUTATE","description":"Association des usagers des transports de l&#039;agglom\u00e9ration Toulousaine et de ses environs","publisher":{"@id":"https:\/\/autate.fr\/site\/#organization"},"potentialAction":[{"@type":"SearchAction","target":{"@type":"EntryPoint","urlTemplate":"https:\/\/autate.fr\/site\/?s={search_term_string}"},"query-input":{"@type":"PropertyValueSpecification","valueRequired":true,"valueName":"search_term_string"}}],"inLanguage":"fr-FR"},{"@type":"Organization","@id":"https:\/\/autate.fr\/site\/#organization","name":"AUTATE","url":"https:\/\/autate.fr\/site\/","logo":{"@type":"ImageObject","inLanguage":"fr-FR","@id":"https:\/\/autate.fr\/site\/#\/schema\/logo\/image\/","url":"http:\/\/autate.fr\/site\/wp-content\/uploads\/2019\/01\/logo.png","contentUrl":"http:\/\/autate.fr\/site\/wp-content\/uploads\/2019\/01\/logo.png","width":506,"height":280,"caption":"AUTATE"},"image":{"@id":"https:\/\/autate.fr\/site\/#\/schema\/logo\/image\/"},"sameAs":["https:\/\/www.facebook.com\/AutateToulouse","https:\/\/x.com\/AutateToulouse"]},{"@type":"Person","@id":"https:\/\/autate.fr\/site\/#\/schema\/person\/ae1ab8bdaa7b41d2a9b52d2557ce8254","name":"pascalbarbier","image":{"@type":"ImageObject","inLanguage":"fr-FR","@id":"https:\/\/secure.gravatar.com\/avatar\/03f4e8ced09894b72c67e83142540730d4b3bbf619bf46341b0074e3bf5f08a0?s=96&d=mm&r=g","url":"https:\/\/secure.gravatar.com\/avatar\/03f4e8ced09894b72c67e83142540730d4b3bbf619bf46341b0074e3bf5f08a0?s=96&d=mm&r=g","contentUrl":"https:\/\/secure.gravatar.com\/avatar\/03f4e8ced09894b72c67e83142540730d4b3bbf619bf46341b0074e3bf5f08a0?s=96&d=mm&r=g","caption":"pascalbarbier"},"url":"https:\/\/autate.fr\/site\/author\/pascalbarbier\/"}]}},"_links":{"self":[{"href":"https:\/\/autate.fr\/site\/wp-json\/wp\/v2\/posts\/496","targetHints":{"allow":["GET"]}}],"collection":[{"href":"https:\/\/autate.fr\/site\/wp-json\/wp\/v2\/posts"}],"about":[{"href":"https:\/\/autate.fr\/site\/wp-json\/wp\/v2\/types\/post"}],"author":[{"embeddable":true,"href":"https:\/\/autate.fr\/site\/wp-json\/wp\/v2\/users\/1"}],"replies":[{"embeddable":true,"href":"https:\/\/autate.fr\/site\/wp-json\/wp\/v2\/comments?post=496"}],"version-history":[{"count":2,"href":"https:\/\/autate.fr\/site\/wp-json\/wp\/v2\/posts\/496\/revisions"}],"predecessor-version":[{"id":498,"href":"https:\/\/autate.fr\/site\/wp-json\/wp\/v2\/posts\/496\/revisions\/498"}],"wp:attachment":[{"href":"https:\/\/autate.fr\/site\/wp-json\/wp\/v2\/media?parent=496"}],"wp:term":[{"taxonomy":"category","embeddable":true,"href":"https:\/\/autate.fr\/site\/wp-json\/wp\/v2\/categories?post=496"},{"taxonomy":"post_tag","embeddable":true,"href":"https:\/\/autate.fr\/site\/wp-json\/wp\/v2\/tags?post=496"}],"curies":[{"name":"wp","href":"https:\/\/api.w.org\/{rel}","templated":true}]}}