{"id":479,"date":"2016-04-02T11:29:10","date_gmt":"2016-04-02T09:29:10","guid":{"rendered":"http:\/\/autate.fr\/site\/?p=479"},"modified":"2017-10-21T20:56:34","modified_gmt":"2017-10-21T18:56:34","slug":"la-depeche-ligne-toulouse-tarbes-la-modernisation-est-sur-les-rails","status":"publish","type":"post","link":"https:\/\/autate.fr\/site\/la-depeche-ligne-toulouse-tarbes-la-modernisation-est-sur-les-rails\/","title":{"rendered":"[La D\u00e9p\u00eache] Ligne Toulouse-Tarbes : la modernisation est sur les rails"},"content":{"rendered":"<p>Un article de Guillaume Atchouel paru le 1\/04\/2016<\/p>\n<p>C&rsquo;est mercredi soir qu&rsquo;a eu lieu, \u00e0 Portet-sur-Garonne (Haute-Garonne) le lancement officiel des travaux de modernisation de la ligne de chemin de fer Toulouse-Tarbes. Ce d\u00e9marrage de chantier a \u00e9t\u00e9 donn\u00e9 par Carole Delga, pr\u00e9sidente de la r\u00e9gion Languedoc-Roussillon Midi-Pyr\u00e9n\u00e9es, Alain Quinet, directeur g\u00e9n\u00e9ral d\u00e9l\u00e9gu\u00e9 de la SNCF et Pascal Mailhos, le pr\u00e9fet de la r\u00e9gion.<\/p>\n<div id=\"pub_dfp_article\" class=\"pub \"><\/div>\n<p>Ce chantier, qui consiste \u00e0 remplacer 300 km de rails (150 km sur deux voies), le ballast, les traverses mais aussi des aiguillages et plusieurs autres \u00e9quipements, se d\u00e9roulera jusqu&rsquo;en 2020. Ces travaux, d&rsquo;un montant de 450 millions d&rsquo;euros, sont financ\u00e9s par la SNCF R\u00e9seau \u00e0 hauteur de 430 M\u20ac et de 20 M\u20ac par la R\u00e9gion.<\/p>\n<p><a href=\"http:\/\/www.ladepeche.fr\/article\/2016\/04\/01\/2316051-ligne-toulouse-tarbes-la-modernisation-est-sur-les-rails.html\" target=\"_blank\">lire la suite<\/a><\/p>\n","protected":false},"excerpt":{"rendered":"<p>Un article de Guillaume Atchouel paru le 1\/04\/2016 C&rsquo;est mercredi soir qu&rsquo;a eu lieu, \u00e0 Portet-sur-Garonne (Haute-Garonne) le lancement officiel des travaux de modernisation de la ligne de chemin de fer Toulouse-Tarbes. Ce d\u00e9marrage de chantier a \u00e9t\u00e9 donn\u00e9 par Carole Delga, pr\u00e9sidente de la r\u00e9gion Languedoc-Roussillon Midi-Pyr\u00e9n\u00e9es, Alain Quinet, directeur g\u00e9n\u00e9ral d\u00e9l\u00e9gu\u00e9 de la<\/p>\n<p class=\"more-link\"><a href=\"https:\/\/autate.fr\/site\/la-depeche-ligne-toulouse-tarbes-la-modernisation-est-sur-les-rails\/\" class=\"themebutton2\">VOIR PLUS<\/a><\/p>\n","protected":false},"author":1,"featured_media":0,"comment_status":"open","ping_status":"open","sticky":false,"template":"","format":"standard","meta":{"footnotes":""},"categories":[7,418],"tags":[235,123,11,58,15],"class_list":["post-479","post","type-post","status-publish","format-standard","hentry","category-revue-de-presse","category-trains-urbains","tag-c-delga","tag-region","tag-sncf","tag-toulouse-tarbes","tag-travaux"],"yoast_head":"<!-- This site is optimized with the Yoast SEO plugin v27.4 - https:\/\/yoast.com\/product\/yoast-seo-wordpress\/ -->\n<title>[La D\u00e9p\u00eache] Ligne Toulouse-Tarbes : la modernisation est sur les rails - AUTATE<\/title>\n<meta name=\"robots\" content=\"index, follow, max-snippet:-1, max-image-preview:large, max-video-preview:-1\" \/>\n<link rel=\"canonical\" href=\"https:\/\/autate.fr\/site\/la-depeche-ligne-toulouse-tarbes-la-modernisation-est-sur-les-rails\/\" \/>\n<meta property=\"og:locale\" content=\"fr_FR\" \/>\n<meta property=\"og:type\" content=\"article\" \/>\n<meta property=\"og:title\" content=\"[La D\u00e9p\u00eache] Ligne Toulouse-Tarbes : la modernisation est sur les rails - AUTATE\" \/>\n<meta property=\"og:description\" content=\"Un article de Guillaume Atchouel paru le 1\/04\/2016 C&rsquo;est mercredi soir qu&rsquo;a eu lieu, \u00e0 Portet-sur-Garonne (Haute-Garonne) le lancement officiel des travaux de modernisation de la ligne de chemin de fer Toulouse-Tarbes. Ce d\u00e9marrage de chantier a \u00e9t\u00e9 donn\u00e9 par Carole Delga, pr\u00e9sidente de la r\u00e9gion Languedoc-Roussillon Midi-Pyr\u00e9n\u00e9es, Alain Quinet, directeur g\u00e9n\u00e9ral d\u00e9l\u00e9gu\u00e9 de laVOIR PLUS\" \/>\n<meta property=\"og:url\" content=\"https:\/\/autate.fr\/site\/la-depeche-ligne-toulouse-tarbes-la-modernisation-est-sur-les-rails\/\" \/>\n<meta property=\"og:site_name\" content=\"AUTATE\" \/>\n<meta property=\"article:publisher\" content=\"https:\/\/www.facebook.com\/AutateToulouse\" \/>\n<meta property=\"article:published_time\" content=\"2016-04-02T09:29:10+00:00\" \/>\n<meta property=\"article:modified_time\" content=\"2017-10-21T18:56:34+00:00\" \/>\n<meta name=\"author\" content=\"pascalbarbier\" \/>\n<meta name=\"twitter:card\" content=\"summary_large_image\" \/>\n<meta name=\"twitter:creator\" content=\"@AutateToulouse\" \/>\n<meta name=\"twitter:site\" content=\"@AutateToulouse\" \/>\n<meta name=\"twitter:label1\" content=\"\u00c9crit par\" \/>\n\t<meta name=\"twitter:data1\" content=\"pascalbarbier\" \/>\n\t<meta name=\"twitter:label2\" content=\"Dur\u00e9e de lecture estim\u00e9e\" \/>\n\t<meta name=\"twitter:data2\" content=\"1 minute\" \/>\n<script type=\"application\/ld+json\" class=\"yoast-schema-graph\">{\"@context\":\"https:\\\/\\\/schema.org\",\"@graph\":[{\"@type\":\"Article\",\"@id\":\"https:\\\/\\\/autate.fr\\\/site\\\/la-depeche-ligne-toulouse-tarbes-la-modernisation-est-sur-les-rails\\\/#article\",\"isPartOf\":{\"@id\":\"https:\\\/\\\/autate.fr\\\/site\\\/la-depeche-ligne-toulouse-tarbes-la-modernisation-est-sur-les-rails\\\/\"},\"author\":{\"name\":\"pascalbarbier\",\"@id\":\"https:\\\/\\\/autate.fr\\\/site\\\/#\\\/schema\\\/person\\\/ae1ab8bdaa7b41d2a9b52d2557ce8254\"},\"headline\":\"[La D\u00e9p\u00eache] Ligne Toulouse-Tarbes : la modernisation est sur les rails\",\"datePublished\":\"2016-04-02T09:29:10+00:00\",\"dateModified\":\"2017-10-21T18:56:34+00:00\",\"mainEntityOfPage\":{\"@id\":\"https:\\\/\\\/autate.fr\\\/site\\\/la-depeche-ligne-toulouse-tarbes-la-modernisation-est-sur-les-rails\\\/\"},\"wordCount\":141,\"commentCount\":0,\"publisher\":{\"@id\":\"https:\\\/\\\/autate.fr\\\/site\\\/#organization\"},\"keywords\":[\"C.Delga\",\"r\u00e9gion\",\"SNCF\",\"Toulouse-Tarbes\",\"travaux\"],\"articleSection\":[\"Revue de presse\",\"Trains urbains\"],\"inLanguage\":\"fr-FR\",\"potentialAction\":[{\"@type\":\"CommentAction\",\"name\":\"Comment\",\"target\":[\"https:\\\/\\\/autate.fr\\\/site\\\/la-depeche-ligne-toulouse-tarbes-la-modernisation-est-sur-les-rails\\\/#respond\"]}]},{\"@type\":\"WebPage\",\"@id\":\"https:\\\/\\\/autate.fr\\\/site\\\/la-depeche-ligne-toulouse-tarbes-la-modernisation-est-sur-les-rails\\\/\",\"url\":\"https:\\\/\\\/autate.fr\\\/site\\\/la-depeche-ligne-toulouse-tarbes-la-modernisation-est-sur-les-rails\\\/\",\"name\":\"[La D\u00e9p\u00eache] Ligne Toulouse-Tarbes : la modernisation est sur les rails - AUTATE\",\"isPartOf\":{\"@id\":\"https:\\\/\\\/autate.fr\\\/site\\\/#website\"},\"datePublished\":\"2016-04-02T09:29:10+00:00\",\"dateModified\":\"2017-10-21T18:56:34+00:00\",\"breadcrumb\":{\"@id\":\"https:\\\/\\\/autate.fr\\\/site\\\/la-depeche-ligne-toulouse-tarbes-la-modernisation-est-sur-les-rails\\\/#breadcrumb\"},\"inLanguage\":\"fr-FR\",\"potentialAction\":[{\"@type\":\"ReadAction\",\"target\":[\"https:\\\/\\\/autate.fr\\\/site\\\/la-depeche-ligne-toulouse-tarbes-la-modernisation-est-sur-les-rails\\\/\"]}]},{\"@type\":\"BreadcrumbList\",\"@id\":\"https:\\\/\\\/autate.fr\\\/site\\\/la-depeche-ligne-toulouse-tarbes-la-modernisation-est-sur-les-rails\\\/#breadcrumb\",\"itemListElement\":[{\"@type\":\"ListItem\",\"position\":1,\"name\":\"Accueil\",\"item\":\"https:\\\/\\\/autate.fr\\\/site\\\/\"},{\"@type\":\"ListItem\",\"position\":2,\"name\":\"[La D\u00e9p\u00eache] Ligne Toulouse-Tarbes : la modernisation est sur les rails\"}]},{\"@type\":\"WebSite\",\"@id\":\"https:\\\/\\\/autate.fr\\\/site\\\/#website\",\"url\":\"https:\\\/\\\/autate.fr\\\/site\\\/\",\"name\":\"AUTATE\",\"description\":\"Association des usagers des transports de l&#039;agglom\u00e9ration Toulousaine et de ses environs\",\"publisher\":{\"@id\":\"https:\\\/\\\/autate.fr\\\/site\\\/#organization\"},\"potentialAction\":[{\"@type\":\"SearchAction\",\"target\":{\"@type\":\"EntryPoint\",\"urlTemplate\":\"https:\\\/\\\/autate.fr\\\/site\\\/?s={search_term_string}\"},\"query-input\":{\"@type\":\"PropertyValueSpecification\",\"valueRequired\":true,\"valueName\":\"search_term_string\"}}],\"inLanguage\":\"fr-FR\"},{\"@type\":\"Organization\",\"@id\":\"https:\\\/\\\/autate.fr\\\/site\\\/#organization\",\"name\":\"AUTATE\",\"url\":\"https:\\\/\\\/autate.fr\\\/site\\\/\",\"logo\":{\"@type\":\"ImageObject\",\"inLanguage\":\"fr-FR\",\"@id\":\"https:\\\/\\\/autate.fr\\\/site\\\/#\\\/schema\\\/logo\\\/image\\\/\",\"url\":\"http:\\\/\\\/autate.fr\\\/site\\\/wp-content\\\/uploads\\\/2019\\\/01\\\/logo.png\",\"contentUrl\":\"http:\\\/\\\/autate.fr\\\/site\\\/wp-content\\\/uploads\\\/2019\\\/01\\\/logo.png\",\"width\":506,\"height\":280,\"caption\":\"AUTATE\"},\"image\":{\"@id\":\"https:\\\/\\\/autate.fr\\\/site\\\/#\\\/schema\\\/logo\\\/image\\\/\"},\"sameAs\":[\"https:\\\/\\\/www.facebook.com\\\/AutateToulouse\",\"https:\\\/\\\/x.com\\\/AutateToulouse\"]},{\"@type\":\"Person\",\"@id\":\"https:\\\/\\\/autate.fr\\\/site\\\/#\\\/schema\\\/person\\\/ae1ab8bdaa7b41d2a9b52d2557ce8254\",\"name\":\"pascalbarbier\",\"image\":{\"@type\":\"ImageObject\",\"inLanguage\":\"fr-FR\",\"@id\":\"https:\\\/\\\/secure.gravatar.com\\\/avatar\\\/03f4e8ced09894b72c67e83142540730d4b3bbf619bf46341b0074e3bf5f08a0?s=96&d=mm&r=g\",\"url\":\"https:\\\/\\\/secure.gravatar.com\\\/avatar\\\/03f4e8ced09894b72c67e83142540730d4b3bbf619bf46341b0074e3bf5f08a0?s=96&d=mm&r=g\",\"contentUrl\":\"https:\\\/\\\/secure.gravatar.com\\\/avatar\\\/03f4e8ced09894b72c67e83142540730d4b3bbf619bf46341b0074e3bf5f08a0?s=96&d=mm&r=g\",\"caption\":\"pascalbarbier\"},\"url\":\"https:\\\/\\\/autate.fr\\\/site\\\/author\\\/pascalbarbier\\\/\"}]}<\/script>\n<!-- \/ Yoast SEO plugin. -->","yoast_head_json":{"title":"[La D\u00e9p\u00eache] Ligne Toulouse-Tarbes : la modernisation est sur les rails - AUTATE","robots":{"index":"index","follow":"follow","max-snippet":"max-snippet:-1","max-image-preview":"max-image-preview:large","max-video-preview":"max-video-preview:-1"},"canonical":"https:\/\/autate.fr\/site\/la-depeche-ligne-toulouse-tarbes-la-modernisation-est-sur-les-rails\/","og_locale":"fr_FR","og_type":"article","og_title":"[La D\u00e9p\u00eache] Ligne Toulouse-Tarbes : la modernisation est sur les rails - AUTATE","og_description":"Un article de Guillaume Atchouel paru le 1\/04\/2016 C&rsquo;est mercredi soir qu&rsquo;a eu lieu, \u00e0 Portet-sur-Garonne (Haute-Garonne) le lancement officiel des travaux de modernisation de la ligne de chemin de fer Toulouse-Tarbes. Ce d\u00e9marrage de chantier a \u00e9t\u00e9 donn\u00e9 par Carole Delga, pr\u00e9sidente de la r\u00e9gion Languedoc-Roussillon Midi-Pyr\u00e9n\u00e9es, Alain Quinet, directeur g\u00e9n\u00e9ral d\u00e9l\u00e9gu\u00e9 de laVOIR PLUS","og_url":"https:\/\/autate.fr\/site\/la-depeche-ligne-toulouse-tarbes-la-modernisation-est-sur-les-rails\/","og_site_name":"AUTATE","article_publisher":"https:\/\/www.facebook.com\/AutateToulouse","article_published_time":"2016-04-02T09:29:10+00:00","article_modified_time":"2017-10-21T18:56:34+00:00","author":"pascalbarbier","twitter_card":"summary_large_image","twitter_creator":"@AutateToulouse","twitter_site":"@AutateToulouse","twitter_misc":{"\u00c9crit par":"pascalbarbier","Dur\u00e9e de lecture estim\u00e9e":"1 minute"},"schema":{"@context":"https:\/\/schema.org","@graph":[{"@type":"Article","@id":"https:\/\/autate.fr\/site\/la-depeche-ligne-toulouse-tarbes-la-modernisation-est-sur-les-rails\/#article","isPartOf":{"@id":"https:\/\/autate.fr\/site\/la-depeche-ligne-toulouse-tarbes-la-modernisation-est-sur-les-rails\/"},"author":{"name":"pascalbarbier","@id":"https:\/\/autate.fr\/site\/#\/schema\/person\/ae1ab8bdaa7b41d2a9b52d2557ce8254"},"headline":"[La D\u00e9p\u00eache] Ligne Toulouse-Tarbes : la modernisation est sur les rails","datePublished":"2016-04-02T09:29:10+00:00","dateModified":"2017-10-21T18:56:34+00:00","mainEntityOfPage":{"@id":"https:\/\/autate.fr\/site\/la-depeche-ligne-toulouse-tarbes-la-modernisation-est-sur-les-rails\/"},"wordCount":141,"commentCount":0,"publisher":{"@id":"https:\/\/autate.fr\/site\/#organization"},"keywords":["C.Delga","r\u00e9gion","SNCF","Toulouse-Tarbes","travaux"],"articleSection":["Revue de presse","Trains urbains"],"inLanguage":"fr-FR","potentialAction":[{"@type":"CommentAction","name":"Comment","target":["https:\/\/autate.fr\/site\/la-depeche-ligne-toulouse-tarbes-la-modernisation-est-sur-les-rails\/#respond"]}]},{"@type":"WebPage","@id":"https:\/\/autate.fr\/site\/la-depeche-ligne-toulouse-tarbes-la-modernisation-est-sur-les-rails\/","url":"https:\/\/autate.fr\/site\/la-depeche-ligne-toulouse-tarbes-la-modernisation-est-sur-les-rails\/","name":"[La D\u00e9p\u00eache] Ligne Toulouse-Tarbes : la modernisation est sur les rails - AUTATE","isPartOf":{"@id":"https:\/\/autate.fr\/site\/#website"},"datePublished":"2016-04-02T09:29:10+00:00","dateModified":"2017-10-21T18:56:34+00:00","breadcrumb":{"@id":"https:\/\/autate.fr\/site\/la-depeche-ligne-toulouse-tarbes-la-modernisation-est-sur-les-rails\/#breadcrumb"},"inLanguage":"fr-FR","potentialAction":[{"@type":"ReadAction","target":["https:\/\/autate.fr\/site\/la-depeche-ligne-toulouse-tarbes-la-modernisation-est-sur-les-rails\/"]}]},{"@type":"BreadcrumbList","@id":"https:\/\/autate.fr\/site\/la-depeche-ligne-toulouse-tarbes-la-modernisation-est-sur-les-rails\/#breadcrumb","itemListElement":[{"@type":"ListItem","position":1,"name":"Accueil","item":"https:\/\/autate.fr\/site\/"},{"@type":"ListItem","position":2,"name":"[La D\u00e9p\u00eache] Ligne Toulouse-Tarbes : la modernisation est sur les rails"}]},{"@type":"WebSite","@id":"https:\/\/autate.fr\/site\/#website","url":"https:\/\/autate.fr\/site\/","name":"AUTATE","description":"Association des usagers des transports de l&#039;agglom\u00e9ration Toulousaine et de ses environs","publisher":{"@id":"https:\/\/autate.fr\/site\/#organization"},"potentialAction":[{"@type":"SearchAction","target":{"@type":"EntryPoint","urlTemplate":"https:\/\/autate.fr\/site\/?s={search_term_string}"},"query-input":{"@type":"PropertyValueSpecification","valueRequired":true,"valueName":"search_term_string"}}],"inLanguage":"fr-FR"},{"@type":"Organization","@id":"https:\/\/autate.fr\/site\/#organization","name":"AUTATE","url":"https:\/\/autate.fr\/site\/","logo":{"@type":"ImageObject","inLanguage":"fr-FR","@id":"https:\/\/autate.fr\/site\/#\/schema\/logo\/image\/","url":"http:\/\/autate.fr\/site\/wp-content\/uploads\/2019\/01\/logo.png","contentUrl":"http:\/\/autate.fr\/site\/wp-content\/uploads\/2019\/01\/logo.png","width":506,"height":280,"caption":"AUTATE"},"image":{"@id":"https:\/\/autate.fr\/site\/#\/schema\/logo\/image\/"},"sameAs":["https:\/\/www.facebook.com\/AutateToulouse","https:\/\/x.com\/AutateToulouse"]},{"@type":"Person","@id":"https:\/\/autate.fr\/site\/#\/schema\/person\/ae1ab8bdaa7b41d2a9b52d2557ce8254","name":"pascalbarbier","image":{"@type":"ImageObject","inLanguage":"fr-FR","@id":"https:\/\/secure.gravatar.com\/avatar\/03f4e8ced09894b72c67e83142540730d4b3bbf619bf46341b0074e3bf5f08a0?s=96&d=mm&r=g","url":"https:\/\/secure.gravatar.com\/avatar\/03f4e8ced09894b72c67e83142540730d4b3bbf619bf46341b0074e3bf5f08a0?s=96&d=mm&r=g","contentUrl":"https:\/\/secure.gravatar.com\/avatar\/03f4e8ced09894b72c67e83142540730d4b3bbf619bf46341b0074e3bf5f08a0?s=96&d=mm&r=g","caption":"pascalbarbier"},"url":"https:\/\/autate.fr\/site\/author\/pascalbarbier\/"}]}},"_links":{"self":[{"href":"https:\/\/autate.fr\/site\/wp-json\/wp\/v2\/posts\/479","targetHints":{"allow":["GET"]}}],"collection":[{"href":"https:\/\/autate.fr\/site\/wp-json\/wp\/v2\/posts"}],"about":[{"href":"https:\/\/autate.fr\/site\/wp-json\/wp\/v2\/types\/post"}],"author":[{"embeddable":true,"href":"https:\/\/autate.fr\/site\/wp-json\/wp\/v2\/users\/1"}],"replies":[{"embeddable":true,"href":"https:\/\/autate.fr\/site\/wp-json\/wp\/v2\/comments?post=479"}],"version-history":[{"count":1,"href":"https:\/\/autate.fr\/site\/wp-json\/wp\/v2\/posts\/479\/revisions"}],"predecessor-version":[{"id":480,"href":"https:\/\/autate.fr\/site\/wp-json\/wp\/v2\/posts\/479\/revisions\/480"}],"wp:attachment":[{"href":"https:\/\/autate.fr\/site\/wp-json\/wp\/v2\/media?parent=479"}],"wp:term":[{"taxonomy":"category","embeddable":true,"href":"https:\/\/autate.fr\/site\/wp-json\/wp\/v2\/categories?post=479"},{"taxonomy":"post_tag","embeddable":true,"href":"https:\/\/autate.fr\/site\/wp-json\/wp\/v2\/tags?post=479"}],"curies":[{"name":"wp","href":"https:\/\/api.w.org\/{rel}","templated":true}]}}