{"id":470,"date":"2016-03-31T00:30:21","date_gmt":"2016-03-30T22:30:21","guid":{"rendered":"http:\/\/autate.fr\/site\/?p=470"},"modified":"2016-04-16T00:32:52","modified_gmt":"2016-04-15T22:32:52","slug":"actucotetoulouse-tisseo-va-finalement-etudier-larrivee-du-metro-a-colomiers-et-confirme-la-desserte-de-labege","status":"publish","type":"post","link":"https:\/\/autate.fr\/site\/actucotetoulouse-tisseo-va-finalement-etudier-larrivee-du-metro-a-colomiers-et-confirme-la-desserte-de-labege\/","title":{"rendered":"[actuC\u00f4t\u00e9Toulouse] Tiss\u00e9o va finalement \u00e9tudier l&rsquo;arriv\u00e9e du m\u00e9tro \u00e0 Colomiers et confirme la desserte de Lab\u00e8ge"},"content":{"rendered":"<p><span class=\"small\">Publi\u00e9 le : 30\/03\/2016<br \/>\n<\/span><\/p>\n<h2 class=\"bigger mts mbs\" data-role=\"chapo\">Mercredi 30 mars, Tiss\u00e9o a annonc\u00e9 que l&rsquo;arriv\u00e9e du projet de le troisi\u00e8me ligne de m\u00e9tro jusqu&rsquo;\u00e0 Colomiers sera finalement bel et bien \u00e9tudi\u00e9e. D\u00e9tails.<\/h2>\n<p>L\u2019implantation d\u2019un des deux terminus de la future troisi\u00e8me ligne de m\u00e9tro au niveau de la gare SNCF de Colomiers faisait partie des options \u00e9tudi\u00e9es par Tiss\u00e9o en 2015 mais elle avait totalement disparu lors de la pr\u00e9sentation du trac\u00e9 de Toulouse Aerospace Express (TAE) le 18 d\u00e9cembre 2015 pour des raisons de co\u00fbt.<\/p>\n<p><strong>&gt; LIRE AUSSI :<\/strong> <a href=\"http:\/\/actu.cotetoulouse.fr\/voici-le-trace-de-la-troisieme-ligne-de-metro-a-toulouse_25908\/\" target=\"_blank\">Voici le trac\u00e9 de la troisi\u00e8me ligne de m\u00e9tro.<\/a><\/p>\n<p>Mercredi 30 mars 2016, Jean-Michel Lattes, le pr\u00e9sident de Tiss\u00e9o a annonc\u00e9 que la possibilit\u00e9 de faire arriver la troisi\u00e8me ligne jusqu\u2019\u00e0 Colomiers-Gare sera finalement \u00e9tudi\u00e9e. Tiss\u00e9o a donc actualis\u00e9 le p\u00e9rim\u00e8tre d\u2019\u00e9tude de la nouvelle ligne en prolongeant d\u2019une station le trac\u00e9 propos\u00e9 le 18 d\u00e9cembre.<\/p>\n<p><a href=\"http:\/\/actu.cotetoulouse.fr\/toulouse-tisseo-etudier-metro-colomiers-desserte-labege_32728\/\" target=\"_blank\">lire la suite<\/a><\/p>\n<p>&nbsp;<\/p>\n","protected":false},"excerpt":{"rendered":"<p>Publi\u00e9 le : 30\/03\/2016 Mercredi 30 mars, Tiss\u00e9o a annonc\u00e9 que l&rsquo;arriv\u00e9e du projet de le troisi\u00e8me ligne de m\u00e9tro jusqu&rsquo;\u00e0 Colomiers sera finalement bel et bien \u00e9tudi\u00e9e. D\u00e9tails. L\u2019implantation d\u2019un des deux terminus de la future troisi\u00e8me ligne de m\u00e9tro au niveau de la gare SNCF de Colomiers faisait partie des options \u00e9tudi\u00e9es par<\/p>\n<p class=\"more-link\"><a href=\"https:\/\/autate.fr\/site\/actucotetoulouse-tisseo-va-finalement-etudier-larrivee-du-metro-a-colomiers-et-confirme-la-desserte-de-labege\/\" class=\"themebutton2\">VOIR PLUS<\/a><\/p>\n","protected":false},"author":1,"featured_media":471,"comment_status":"open","ping_status":"open","sticky":false,"template":"","format":"standard","meta":{"footnotes":""},"categories":[7],"tags":[35,22,145,46],"class_list":["post-470","post","type-post","status-publish","format-standard","has-post-thumbnail","hentry","category-revue-de-presse","tag-colomiers","tag-labege","tag-tae-metro","tag-tisseo"],"yoast_head":"<!-- This site is optimized with the Yoast SEO plugin v27.4 - https:\/\/yoast.com\/product\/yoast-seo-wordpress\/ -->\n<title>[actuC\u00f4t\u00e9Toulouse] Tiss\u00e9o va finalement \u00e9tudier l&#039;arriv\u00e9e du m\u00e9tro \u00e0 Colomiers et confirme la desserte de Lab\u00e8ge - AUTATE<\/title>\n<meta name=\"robots\" content=\"index, follow, max-snippet:-1, max-image-preview:large, max-video-preview:-1\" \/>\n<link rel=\"canonical\" href=\"https:\/\/autate.fr\/site\/actucotetoulouse-tisseo-va-finalement-etudier-larrivee-du-metro-a-colomiers-et-confirme-la-desserte-de-labege\/\" \/>\n<meta property=\"og:locale\" content=\"fr_FR\" \/>\n<meta property=\"og:type\" content=\"article\" \/>\n<meta property=\"og:title\" content=\"[actuC\u00f4t\u00e9Toulouse] Tiss\u00e9o va finalement \u00e9tudier l&#039;arriv\u00e9e du m\u00e9tro \u00e0 Colomiers et confirme la desserte de Lab\u00e8ge - AUTATE\" \/>\n<meta property=\"og:description\" content=\"Publi\u00e9 le : 30\/03\/2016 Mercredi 30 mars, Tiss\u00e9o a annonc\u00e9 que l&rsquo;arriv\u00e9e du projet de le troisi\u00e8me ligne de m\u00e9tro jusqu&rsquo;\u00e0 Colomiers sera finalement bel et bien \u00e9tudi\u00e9e. D\u00e9tails. L\u2019implantation d\u2019un des deux terminus de la future troisi\u00e8me ligne de m\u00e9tro au niveau de la gare SNCF de Colomiers faisait partie des options \u00e9tudi\u00e9es parVOIR PLUS\" \/>\n<meta property=\"og:url\" content=\"https:\/\/autate.fr\/site\/actucotetoulouse-tisseo-va-finalement-etudier-larrivee-du-metro-a-colomiers-et-confirme-la-desserte-de-labege\/\" \/>\n<meta property=\"og:site_name\" content=\"AUTATE\" \/>\n<meta property=\"article:publisher\" content=\"https:\/\/www.facebook.com\/AutateToulouse\" \/>\n<meta property=\"article:published_time\" content=\"2016-03-30T22:30:21+00:00\" \/>\n<meta property=\"article:modified_time\" content=\"2016-04-15T22:32:52+00:00\" \/>\n<meta property=\"og:image\" content=\"https:\/\/autate.fr\/site\/wp-content\/uploads\/2016\/04\/carte-TAE-support-CS-30-mars-630x0.png\" \/>\n\t<meta property=\"og:image:width\" content=\"630\" \/>\n\t<meta property=\"og:image:height\" content=\"448\" \/>\n\t<meta property=\"og:image:type\" content=\"image\/png\" \/>\n<meta name=\"author\" content=\"pascalbarbier\" \/>\n<meta name=\"twitter:card\" content=\"summary_large_image\" \/>\n<meta name=\"twitter:creator\" content=\"@AutateToulouse\" \/>\n<meta name=\"twitter:site\" content=\"@AutateToulouse\" \/>\n<meta name=\"twitter:label1\" content=\"\u00c9crit par\" \/>\n\t<meta name=\"twitter:data1\" content=\"pascalbarbier\" \/>\n\t<meta name=\"twitter:label2\" content=\"Dur\u00e9e de lecture estim\u00e9e\" \/>\n\t<meta name=\"twitter:data2\" content=\"1 minute\" \/>\n<script type=\"application\/ld+json\" class=\"yoast-schema-graph\">{\"@context\":\"https:\\\/\\\/schema.org\",\"@graph\":[{\"@type\":\"Article\",\"@id\":\"https:\\\/\\\/autate.fr\\\/site\\\/actucotetoulouse-tisseo-va-finalement-etudier-larrivee-du-metro-a-colomiers-et-confirme-la-desserte-de-labege\\\/#article\",\"isPartOf\":{\"@id\":\"https:\\\/\\\/autate.fr\\\/site\\\/actucotetoulouse-tisseo-va-finalement-etudier-larrivee-du-metro-a-colomiers-et-confirme-la-desserte-de-labege\\\/\"},\"author\":{\"name\":\"pascalbarbier\",\"@id\":\"https:\\\/\\\/autate.fr\\\/site\\\/#\\\/schema\\\/person\\\/ae1ab8bdaa7b41d2a9b52d2557ce8254\"},\"headline\":\"[actuC\u00f4t\u00e9Toulouse] Tiss\u00e9o va finalement \u00e9tudier l&rsquo;arriv\u00e9e du m\u00e9tro \u00e0 Colomiers et confirme la desserte de Lab\u00e8ge\",\"datePublished\":\"2016-03-30T22:30:21+00:00\",\"dateModified\":\"2016-04-15T22:32:52+00:00\",\"mainEntityOfPage\":{\"@id\":\"https:\\\/\\\/autate.fr\\\/site\\\/actucotetoulouse-tisseo-va-finalement-etudier-larrivee-du-metro-a-colomiers-et-confirme-la-desserte-de-labege\\\/\"},\"wordCount\":185,\"commentCount\":0,\"publisher\":{\"@id\":\"https:\\\/\\\/autate.fr\\\/site\\\/#organization\"},\"image\":{\"@id\":\"https:\\\/\\\/autate.fr\\\/site\\\/actucotetoulouse-tisseo-va-finalement-etudier-larrivee-du-metro-a-colomiers-et-confirme-la-desserte-de-labege\\\/#primaryimage\"},\"thumbnailUrl\":\"https:\\\/\\\/autate.fr\\\/site\\\/wp-content\\\/uploads\\\/2016\\\/04\\\/carte-TAE-support-CS-30-mars-630x0.png\",\"keywords\":[\"Colomiers\",\"Lab\u00e8ge\",\"TAE? m\u00e9tro\",\"Tiss\u00e9o\"],\"articleSection\":[\"Revue de presse\"],\"inLanguage\":\"fr-FR\",\"potentialAction\":[{\"@type\":\"CommentAction\",\"name\":\"Comment\",\"target\":[\"https:\\\/\\\/autate.fr\\\/site\\\/actucotetoulouse-tisseo-va-finalement-etudier-larrivee-du-metro-a-colomiers-et-confirme-la-desserte-de-labege\\\/#respond\"]}]},{\"@type\":\"WebPage\",\"@id\":\"https:\\\/\\\/autate.fr\\\/site\\\/actucotetoulouse-tisseo-va-finalement-etudier-larrivee-du-metro-a-colomiers-et-confirme-la-desserte-de-labege\\\/\",\"url\":\"https:\\\/\\\/autate.fr\\\/site\\\/actucotetoulouse-tisseo-va-finalement-etudier-larrivee-du-metro-a-colomiers-et-confirme-la-desserte-de-labege\\\/\",\"name\":\"[actuC\u00f4t\u00e9Toulouse] Tiss\u00e9o va finalement \u00e9tudier l'arriv\u00e9e du m\u00e9tro \u00e0 Colomiers et confirme la desserte de Lab\u00e8ge - AUTATE\",\"isPartOf\":{\"@id\":\"https:\\\/\\\/autate.fr\\\/site\\\/#website\"},\"primaryImageOfPage\":{\"@id\":\"https:\\\/\\\/autate.fr\\\/site\\\/actucotetoulouse-tisseo-va-finalement-etudier-larrivee-du-metro-a-colomiers-et-confirme-la-desserte-de-labege\\\/#primaryimage\"},\"image\":{\"@id\":\"https:\\\/\\\/autate.fr\\\/site\\\/actucotetoulouse-tisseo-va-finalement-etudier-larrivee-du-metro-a-colomiers-et-confirme-la-desserte-de-labege\\\/#primaryimage\"},\"thumbnailUrl\":\"https:\\\/\\\/autate.fr\\\/site\\\/wp-content\\\/uploads\\\/2016\\\/04\\\/carte-TAE-support-CS-30-mars-630x0.png\",\"datePublished\":\"2016-03-30T22:30:21+00:00\",\"dateModified\":\"2016-04-15T22:32:52+00:00\",\"breadcrumb\":{\"@id\":\"https:\\\/\\\/autate.fr\\\/site\\\/actucotetoulouse-tisseo-va-finalement-etudier-larrivee-du-metro-a-colomiers-et-confirme-la-desserte-de-labege\\\/#breadcrumb\"},\"inLanguage\":\"fr-FR\",\"potentialAction\":[{\"@type\":\"ReadAction\",\"target\":[\"https:\\\/\\\/autate.fr\\\/site\\\/actucotetoulouse-tisseo-va-finalement-etudier-larrivee-du-metro-a-colomiers-et-confirme-la-desserte-de-labege\\\/\"]}]},{\"@type\":\"ImageObject\",\"inLanguage\":\"fr-FR\",\"@id\":\"https:\\\/\\\/autate.fr\\\/site\\\/actucotetoulouse-tisseo-va-finalement-etudier-larrivee-du-metro-a-colomiers-et-confirme-la-desserte-de-labege\\\/#primaryimage\",\"url\":\"https:\\\/\\\/autate.fr\\\/site\\\/wp-content\\\/uploads\\\/2016\\\/04\\\/carte-TAE-support-CS-30-mars-630x0.png\",\"contentUrl\":\"https:\\\/\\\/autate.fr\\\/site\\\/wp-content\\\/uploads\\\/2016\\\/04\\\/carte-TAE-support-CS-30-mars-630x0.png\",\"width\":630,\"height\":448},{\"@type\":\"BreadcrumbList\",\"@id\":\"https:\\\/\\\/autate.fr\\\/site\\\/actucotetoulouse-tisseo-va-finalement-etudier-larrivee-du-metro-a-colomiers-et-confirme-la-desserte-de-labege\\\/#breadcrumb\",\"itemListElement\":[{\"@type\":\"ListItem\",\"position\":1,\"name\":\"Accueil\",\"item\":\"https:\\\/\\\/autate.fr\\\/site\\\/\"},{\"@type\":\"ListItem\",\"position\":2,\"name\":\"[actuC\u00f4t\u00e9Toulouse] Tiss\u00e9o va finalement \u00e9tudier l&rsquo;arriv\u00e9e du m\u00e9tro \u00e0 Colomiers et confirme la desserte de Lab\u00e8ge\"}]},{\"@type\":\"WebSite\",\"@id\":\"https:\\\/\\\/autate.fr\\\/site\\\/#website\",\"url\":\"https:\\\/\\\/autate.fr\\\/site\\\/\",\"name\":\"AUTATE\",\"description\":\"Association des usagers des transports de l&#039;agglom\u00e9ration Toulousaine et de ses environs\",\"publisher\":{\"@id\":\"https:\\\/\\\/autate.fr\\\/site\\\/#organization\"},\"potentialAction\":[{\"@type\":\"SearchAction\",\"target\":{\"@type\":\"EntryPoint\",\"urlTemplate\":\"https:\\\/\\\/autate.fr\\\/site\\\/?s={search_term_string}\"},\"query-input\":{\"@type\":\"PropertyValueSpecification\",\"valueRequired\":true,\"valueName\":\"search_term_string\"}}],\"inLanguage\":\"fr-FR\"},{\"@type\":\"Organization\",\"@id\":\"https:\\\/\\\/autate.fr\\\/site\\\/#organization\",\"name\":\"AUTATE\",\"url\":\"https:\\\/\\\/autate.fr\\\/site\\\/\",\"logo\":{\"@type\":\"ImageObject\",\"inLanguage\":\"fr-FR\",\"@id\":\"https:\\\/\\\/autate.fr\\\/site\\\/#\\\/schema\\\/logo\\\/image\\\/\",\"url\":\"http:\\\/\\\/autate.fr\\\/site\\\/wp-content\\\/uploads\\\/2019\\\/01\\\/logo.png\",\"contentUrl\":\"http:\\\/\\\/autate.fr\\\/site\\\/wp-content\\\/uploads\\\/2019\\\/01\\\/logo.png\",\"width\":506,\"height\":280,\"caption\":\"AUTATE\"},\"image\":{\"@id\":\"https:\\\/\\\/autate.fr\\\/site\\\/#\\\/schema\\\/logo\\\/image\\\/\"},\"sameAs\":[\"https:\\\/\\\/www.facebook.com\\\/AutateToulouse\",\"https:\\\/\\\/x.com\\\/AutateToulouse\"]},{\"@type\":\"Person\",\"@id\":\"https:\\\/\\\/autate.fr\\\/site\\\/#\\\/schema\\\/person\\\/ae1ab8bdaa7b41d2a9b52d2557ce8254\",\"name\":\"pascalbarbier\",\"image\":{\"@type\":\"ImageObject\",\"inLanguage\":\"fr-FR\",\"@id\":\"https:\\\/\\\/secure.gravatar.com\\\/avatar\\\/03f4e8ced09894b72c67e83142540730d4b3bbf619bf46341b0074e3bf5f08a0?s=96&d=mm&r=g\",\"url\":\"https:\\\/\\\/secure.gravatar.com\\\/avatar\\\/03f4e8ced09894b72c67e83142540730d4b3bbf619bf46341b0074e3bf5f08a0?s=96&d=mm&r=g\",\"contentUrl\":\"https:\\\/\\\/secure.gravatar.com\\\/avatar\\\/03f4e8ced09894b72c67e83142540730d4b3bbf619bf46341b0074e3bf5f08a0?s=96&d=mm&r=g\",\"caption\":\"pascalbarbier\"},\"url\":\"https:\\\/\\\/autate.fr\\\/site\\\/author\\\/pascalbarbier\\\/\"}]}<\/script>\n<!-- \/ Yoast SEO plugin. -->","yoast_head_json":{"title":"[actuC\u00f4t\u00e9Toulouse] Tiss\u00e9o va finalement \u00e9tudier l'arriv\u00e9e du m\u00e9tro \u00e0 Colomiers et confirme la desserte de Lab\u00e8ge - AUTATE","robots":{"index":"index","follow":"follow","max-snippet":"max-snippet:-1","max-image-preview":"max-image-preview:large","max-video-preview":"max-video-preview:-1"},"canonical":"https:\/\/autate.fr\/site\/actucotetoulouse-tisseo-va-finalement-etudier-larrivee-du-metro-a-colomiers-et-confirme-la-desserte-de-labege\/","og_locale":"fr_FR","og_type":"article","og_title":"[actuC\u00f4t\u00e9Toulouse] Tiss\u00e9o va finalement \u00e9tudier l'arriv\u00e9e du m\u00e9tro \u00e0 Colomiers et confirme la desserte de Lab\u00e8ge - AUTATE","og_description":"Publi\u00e9 le : 30\/03\/2016 Mercredi 30 mars, Tiss\u00e9o a annonc\u00e9 que l&rsquo;arriv\u00e9e du projet de le troisi\u00e8me ligne de m\u00e9tro jusqu&rsquo;\u00e0 Colomiers sera finalement bel et bien \u00e9tudi\u00e9e. D\u00e9tails. L\u2019implantation d\u2019un des deux terminus de la future troisi\u00e8me ligne de m\u00e9tro au niveau de la gare SNCF de Colomiers faisait partie des options \u00e9tudi\u00e9es parVOIR PLUS","og_url":"https:\/\/autate.fr\/site\/actucotetoulouse-tisseo-va-finalement-etudier-larrivee-du-metro-a-colomiers-et-confirme-la-desserte-de-labege\/","og_site_name":"AUTATE","article_publisher":"https:\/\/www.facebook.com\/AutateToulouse","article_published_time":"2016-03-30T22:30:21+00:00","article_modified_time":"2016-04-15T22:32:52+00:00","og_image":[{"width":630,"height":448,"url":"https:\/\/autate.fr\/site\/wp-content\/uploads\/2016\/04\/carte-TAE-support-CS-30-mars-630x0.png","type":"image\/png"}],"author":"pascalbarbier","twitter_card":"summary_large_image","twitter_creator":"@AutateToulouse","twitter_site":"@AutateToulouse","twitter_misc":{"\u00c9crit par":"pascalbarbier","Dur\u00e9e de lecture estim\u00e9e":"1 minute"},"schema":{"@context":"https:\/\/schema.org","@graph":[{"@type":"Article","@id":"https:\/\/autate.fr\/site\/actucotetoulouse-tisseo-va-finalement-etudier-larrivee-du-metro-a-colomiers-et-confirme-la-desserte-de-labege\/#article","isPartOf":{"@id":"https:\/\/autate.fr\/site\/actucotetoulouse-tisseo-va-finalement-etudier-larrivee-du-metro-a-colomiers-et-confirme-la-desserte-de-labege\/"},"author":{"name":"pascalbarbier","@id":"https:\/\/autate.fr\/site\/#\/schema\/person\/ae1ab8bdaa7b41d2a9b52d2557ce8254"},"headline":"[actuC\u00f4t\u00e9Toulouse] Tiss\u00e9o va finalement \u00e9tudier l&rsquo;arriv\u00e9e du m\u00e9tro \u00e0 Colomiers et confirme la desserte de Lab\u00e8ge","datePublished":"2016-03-30T22:30:21+00:00","dateModified":"2016-04-15T22:32:52+00:00","mainEntityOfPage":{"@id":"https:\/\/autate.fr\/site\/actucotetoulouse-tisseo-va-finalement-etudier-larrivee-du-metro-a-colomiers-et-confirme-la-desserte-de-labege\/"},"wordCount":185,"commentCount":0,"publisher":{"@id":"https:\/\/autate.fr\/site\/#organization"},"image":{"@id":"https:\/\/autate.fr\/site\/actucotetoulouse-tisseo-va-finalement-etudier-larrivee-du-metro-a-colomiers-et-confirme-la-desserte-de-labege\/#primaryimage"},"thumbnailUrl":"https:\/\/autate.fr\/site\/wp-content\/uploads\/2016\/04\/carte-TAE-support-CS-30-mars-630x0.png","keywords":["Colomiers","Lab\u00e8ge","TAE? m\u00e9tro","Tiss\u00e9o"],"articleSection":["Revue de presse"],"inLanguage":"fr-FR","potentialAction":[{"@type":"CommentAction","name":"Comment","target":["https:\/\/autate.fr\/site\/actucotetoulouse-tisseo-va-finalement-etudier-larrivee-du-metro-a-colomiers-et-confirme-la-desserte-de-labege\/#respond"]}]},{"@type":"WebPage","@id":"https:\/\/autate.fr\/site\/actucotetoulouse-tisseo-va-finalement-etudier-larrivee-du-metro-a-colomiers-et-confirme-la-desserte-de-labege\/","url":"https:\/\/autate.fr\/site\/actucotetoulouse-tisseo-va-finalement-etudier-larrivee-du-metro-a-colomiers-et-confirme-la-desserte-de-labege\/","name":"[actuC\u00f4t\u00e9Toulouse] Tiss\u00e9o va finalement \u00e9tudier l'arriv\u00e9e du m\u00e9tro \u00e0 Colomiers et confirme la desserte de Lab\u00e8ge - AUTATE","isPartOf":{"@id":"https:\/\/autate.fr\/site\/#website"},"primaryImageOfPage":{"@id":"https:\/\/autate.fr\/site\/actucotetoulouse-tisseo-va-finalement-etudier-larrivee-du-metro-a-colomiers-et-confirme-la-desserte-de-labege\/#primaryimage"},"image":{"@id":"https:\/\/autate.fr\/site\/actucotetoulouse-tisseo-va-finalement-etudier-larrivee-du-metro-a-colomiers-et-confirme-la-desserte-de-labege\/#primaryimage"},"thumbnailUrl":"https:\/\/autate.fr\/site\/wp-content\/uploads\/2016\/04\/carte-TAE-support-CS-30-mars-630x0.png","datePublished":"2016-03-30T22:30:21+00:00","dateModified":"2016-04-15T22:32:52+00:00","breadcrumb":{"@id":"https:\/\/autate.fr\/site\/actucotetoulouse-tisseo-va-finalement-etudier-larrivee-du-metro-a-colomiers-et-confirme-la-desserte-de-labege\/#breadcrumb"},"inLanguage":"fr-FR","potentialAction":[{"@type":"ReadAction","target":["https:\/\/autate.fr\/site\/actucotetoulouse-tisseo-va-finalement-etudier-larrivee-du-metro-a-colomiers-et-confirme-la-desserte-de-labege\/"]}]},{"@type":"ImageObject","inLanguage":"fr-FR","@id":"https:\/\/autate.fr\/site\/actucotetoulouse-tisseo-va-finalement-etudier-larrivee-du-metro-a-colomiers-et-confirme-la-desserte-de-labege\/#primaryimage","url":"https:\/\/autate.fr\/site\/wp-content\/uploads\/2016\/04\/carte-TAE-support-CS-30-mars-630x0.png","contentUrl":"https:\/\/autate.fr\/site\/wp-content\/uploads\/2016\/04\/carte-TAE-support-CS-30-mars-630x0.png","width":630,"height":448},{"@type":"BreadcrumbList","@id":"https:\/\/autate.fr\/site\/actucotetoulouse-tisseo-va-finalement-etudier-larrivee-du-metro-a-colomiers-et-confirme-la-desserte-de-labege\/#breadcrumb","itemListElement":[{"@type":"ListItem","position":1,"name":"Accueil","item":"https:\/\/autate.fr\/site\/"},{"@type":"ListItem","position":2,"name":"[actuC\u00f4t\u00e9Toulouse] Tiss\u00e9o va finalement \u00e9tudier l&rsquo;arriv\u00e9e du m\u00e9tro \u00e0 Colomiers et confirme la desserte de Lab\u00e8ge"}]},{"@type":"WebSite","@id":"https:\/\/autate.fr\/site\/#website","url":"https:\/\/autate.fr\/site\/","name":"AUTATE","description":"Association des usagers des transports de l&#039;agglom\u00e9ration Toulousaine et de ses environs","publisher":{"@id":"https:\/\/autate.fr\/site\/#organization"},"potentialAction":[{"@type":"SearchAction","target":{"@type":"EntryPoint","urlTemplate":"https:\/\/autate.fr\/site\/?s={search_term_string}"},"query-input":{"@type":"PropertyValueSpecification","valueRequired":true,"valueName":"search_term_string"}}],"inLanguage":"fr-FR"},{"@type":"Organization","@id":"https:\/\/autate.fr\/site\/#organization","name":"AUTATE","url":"https:\/\/autate.fr\/site\/","logo":{"@type":"ImageObject","inLanguage":"fr-FR","@id":"https:\/\/autate.fr\/site\/#\/schema\/logo\/image\/","url":"http:\/\/autate.fr\/site\/wp-content\/uploads\/2019\/01\/logo.png","contentUrl":"http:\/\/autate.fr\/site\/wp-content\/uploads\/2019\/01\/logo.png","width":506,"height":280,"caption":"AUTATE"},"image":{"@id":"https:\/\/autate.fr\/site\/#\/schema\/logo\/image\/"},"sameAs":["https:\/\/www.facebook.com\/AutateToulouse","https:\/\/x.com\/AutateToulouse"]},{"@type":"Person","@id":"https:\/\/autate.fr\/site\/#\/schema\/person\/ae1ab8bdaa7b41d2a9b52d2557ce8254","name":"pascalbarbier","image":{"@type":"ImageObject","inLanguage":"fr-FR","@id":"https:\/\/secure.gravatar.com\/avatar\/03f4e8ced09894b72c67e83142540730d4b3bbf619bf46341b0074e3bf5f08a0?s=96&d=mm&r=g","url":"https:\/\/secure.gravatar.com\/avatar\/03f4e8ced09894b72c67e83142540730d4b3bbf619bf46341b0074e3bf5f08a0?s=96&d=mm&r=g","contentUrl":"https:\/\/secure.gravatar.com\/avatar\/03f4e8ced09894b72c67e83142540730d4b3bbf619bf46341b0074e3bf5f08a0?s=96&d=mm&r=g","caption":"pascalbarbier"},"url":"https:\/\/autate.fr\/site\/author\/pascalbarbier\/"}]}},"_links":{"self":[{"href":"https:\/\/autate.fr\/site\/wp-json\/wp\/v2\/posts\/470","targetHints":{"allow":["GET"]}}],"collection":[{"href":"https:\/\/autate.fr\/site\/wp-json\/wp\/v2\/posts"}],"about":[{"href":"https:\/\/autate.fr\/site\/wp-json\/wp\/v2\/types\/post"}],"author":[{"embeddable":true,"href":"https:\/\/autate.fr\/site\/wp-json\/wp\/v2\/users\/1"}],"replies":[{"embeddable":true,"href":"https:\/\/autate.fr\/site\/wp-json\/wp\/v2\/comments?post=470"}],"version-history":[{"count":1,"href":"https:\/\/autate.fr\/site\/wp-json\/wp\/v2\/posts\/470\/revisions"}],"predecessor-version":[{"id":472,"href":"https:\/\/autate.fr\/site\/wp-json\/wp\/v2\/posts\/470\/revisions\/472"}],"wp:featuredmedia":[{"embeddable":true,"href":"https:\/\/autate.fr\/site\/wp-json\/wp\/v2\/media\/471"}],"wp:attachment":[{"href":"https:\/\/autate.fr\/site\/wp-json\/wp\/v2\/media?parent=470"}],"wp:term":[{"taxonomy":"category","embeddable":true,"href":"https:\/\/autate.fr\/site\/wp-json\/wp\/v2\/categories?post=470"},{"taxonomy":"post_tag","embeddable":true,"href":"https:\/\/autate.fr\/site\/wp-json\/wp\/v2\/tags?post=470"}],"curies":[{"name":"wp","href":"https:\/\/api.w.org\/{rel}","templated":true}]}}