{"id":466,"date":"2016-03-20T00:25:20","date_gmt":"2016-03-19T23:25:20","guid":{"rendered":"http:\/\/autate.fr\/site\/?p=466"},"modified":"2017-10-21T20:57:19","modified_gmt":"2017-10-21T18:57:19","slug":"touleco-debut-des-etats-generaux-du-rail-et-de-lintermodalite-le-21-avril","status":"publish","type":"post","link":"https:\/\/autate.fr\/site\/touleco-debut-des-etats-generaux-du-rail-et-de-lintermodalite-le-21-avril\/","title":{"rendered":"[Toul\u00e9co] D\u00e9but des \u00c9tats g\u00e9n\u00e9raux du rail et de l\u2019intermodalit\u00e9 le 21 avril"},"content":{"rendered":"<p>Un article paru le 28\/03\/2016<\/p>\n<p>Du 21\u00a0avril au 7\u00a0juillet, pas moins de trente-six r\u00e9unions publiques se tiendront dans la grande r\u00e9gion Languedoc-Roussillon Midi-Pyr\u00e9n\u00e9es afin de consulter la population sur ses attentes autour du train et des diff\u00e9rents modes de transport. Des questionnaires papiers et \u00e9lectroniques permettront de recueillir les dol\u00e9ances sur les TER, les trains Intercit\u00e9s, les lignes \u00e0 grande vitesse (LGV), les gares ou les tarifs.<\/p>\n<p><a href=\"http:\/\/www.touleco.fr\/Debut-des-Etats-generaux-du-rail-et-de-l-intermodalite-le-21,18850?utm_source=twitterfeed&amp;utm_medium=twitter&amp;utm_term=Toulouse&amp;utm_content=Economie\" target=\"_blank\">lire la suite<\/a><\/p>\n","protected":false},"excerpt":{"rendered":"<p>Un article paru le 28\/03\/2016 Du 21\u00a0avril au 7\u00a0juillet, pas moins de trente-six r\u00e9unions publiques se tiendront dans la grande r\u00e9gion Languedoc-Roussillon Midi-Pyr\u00e9n\u00e9es afin de consulter la population sur ses attentes autour du train et des diff\u00e9rents modes de transport. Des questionnaires papiers et \u00e9lectroniques permettront de recueillir les dol\u00e9ances sur les TER, les trains<\/p>\n<p class=\"more-link\"><a href=\"https:\/\/autate.fr\/site\/touleco-debut-des-etats-generaux-du-rail-et-de-lintermodalite-le-21-avril\/\" class=\"themebutton2\">VOIR PLUS<\/a><\/p>\n","protected":false},"author":1,"featured_media":0,"comment_status":"open","ping_status":"open","sticky":false,"template":"","format":"standard","meta":{"footnotes":""},"categories":[7,418],"tags":[140,144,247,135,8],"class_list":["post-466","post","type-post","status-publish","format-standard","hentry","category-revue-de-presse","category-trains-urbains","tag-etats-generaux","tag-gares","tag-intercites","tag-rail","tag-ter"],"yoast_head":"<!-- This site is optimized with the Yoast SEO plugin v27.4 - https:\/\/yoast.com\/product\/yoast-seo-wordpress\/ -->\n<title>[Toul\u00e9co] D\u00e9but des \u00c9tats g\u00e9n\u00e9raux du rail et de l\u2019intermodalit\u00e9 le 21 avril - AUTATE<\/title>\n<meta name=\"robots\" content=\"index, follow, max-snippet:-1, max-image-preview:large, max-video-preview:-1\" \/>\n<link rel=\"canonical\" href=\"https:\/\/autate.fr\/site\/touleco-debut-des-etats-generaux-du-rail-et-de-lintermodalite-le-21-avril\/\" \/>\n<meta property=\"og:locale\" content=\"fr_FR\" \/>\n<meta property=\"og:type\" content=\"article\" \/>\n<meta property=\"og:title\" content=\"[Toul\u00e9co] D\u00e9but des \u00c9tats g\u00e9n\u00e9raux du rail et de l\u2019intermodalit\u00e9 le 21 avril - AUTATE\" \/>\n<meta property=\"og:description\" content=\"Un article paru le 28\/03\/2016 Du 21\u00a0avril au 7\u00a0juillet, pas moins de trente-six r\u00e9unions publiques se tiendront dans la grande r\u00e9gion Languedoc-Roussillon Midi-Pyr\u00e9n\u00e9es afin de consulter la population sur ses attentes autour du train et des diff\u00e9rents modes de transport. Des questionnaires papiers et \u00e9lectroniques permettront de recueillir les dol\u00e9ances sur les TER, les trainsVOIR PLUS\" \/>\n<meta property=\"og:url\" content=\"https:\/\/autate.fr\/site\/touleco-debut-des-etats-generaux-du-rail-et-de-lintermodalite-le-21-avril\/\" \/>\n<meta property=\"og:site_name\" content=\"AUTATE\" \/>\n<meta property=\"article:publisher\" content=\"https:\/\/www.facebook.com\/AutateToulouse\" \/>\n<meta property=\"article:published_time\" content=\"2016-03-19T23:25:20+00:00\" \/>\n<meta property=\"article:modified_time\" content=\"2017-10-21T18:57:19+00:00\" \/>\n<meta name=\"author\" content=\"pascalbarbier\" \/>\n<meta name=\"twitter:card\" content=\"summary_large_image\" \/>\n<meta name=\"twitter:creator\" content=\"@AutateToulouse\" \/>\n<meta name=\"twitter:site\" content=\"@AutateToulouse\" \/>\n<meta name=\"twitter:label1\" content=\"\u00c9crit par\" \/>\n\t<meta name=\"twitter:data1\" content=\"pascalbarbier\" \/>\n<script type=\"application\/ld+json\" class=\"yoast-schema-graph\">{\"@context\":\"https:\\\/\\\/schema.org\",\"@graph\":[{\"@type\":\"Article\",\"@id\":\"https:\\\/\\\/autate.fr\\\/site\\\/touleco-debut-des-etats-generaux-du-rail-et-de-lintermodalite-le-21-avril\\\/#article\",\"isPartOf\":{\"@id\":\"https:\\\/\\\/autate.fr\\\/site\\\/touleco-debut-des-etats-generaux-du-rail-et-de-lintermodalite-le-21-avril\\\/\"},\"author\":{\"name\":\"pascalbarbier\",\"@id\":\"https:\\\/\\\/autate.fr\\\/site\\\/#\\\/schema\\\/person\\\/ae1ab8bdaa7b41d2a9b52d2557ce8254\"},\"headline\":\"[Toul\u00e9co] D\u00e9but des \u00c9tats g\u00e9n\u00e9raux du rail et de l\u2019intermodalit\u00e9 le 21 avril\",\"datePublished\":\"2016-03-19T23:25:20+00:00\",\"dateModified\":\"2017-10-21T18:57:19+00:00\",\"mainEntityOfPage\":{\"@id\":\"https:\\\/\\\/autate.fr\\\/site\\\/touleco-debut-des-etats-generaux-du-rail-et-de-lintermodalite-le-21-avril\\\/\"},\"wordCount\":92,\"commentCount\":0,\"publisher\":{\"@id\":\"https:\\\/\\\/autate.fr\\\/site\\\/#organization\"},\"keywords\":[\"etats g\u00e9n\u00e9raux\",\"gares\",\"Intercit\u00e9s\",\"Rail\",\"TER\"],\"articleSection\":[\"Revue de presse\",\"Trains urbains\"],\"inLanguage\":\"fr-FR\",\"potentialAction\":[{\"@type\":\"CommentAction\",\"name\":\"Comment\",\"target\":[\"https:\\\/\\\/autate.fr\\\/site\\\/touleco-debut-des-etats-generaux-du-rail-et-de-lintermodalite-le-21-avril\\\/#respond\"]}]},{\"@type\":\"WebPage\",\"@id\":\"https:\\\/\\\/autate.fr\\\/site\\\/touleco-debut-des-etats-generaux-du-rail-et-de-lintermodalite-le-21-avril\\\/\",\"url\":\"https:\\\/\\\/autate.fr\\\/site\\\/touleco-debut-des-etats-generaux-du-rail-et-de-lintermodalite-le-21-avril\\\/\",\"name\":\"[Toul\u00e9co] D\u00e9but des \u00c9tats g\u00e9n\u00e9raux du rail et de l\u2019intermodalit\u00e9 le 21 avril - AUTATE\",\"isPartOf\":{\"@id\":\"https:\\\/\\\/autate.fr\\\/site\\\/#website\"},\"datePublished\":\"2016-03-19T23:25:20+00:00\",\"dateModified\":\"2017-10-21T18:57:19+00:00\",\"breadcrumb\":{\"@id\":\"https:\\\/\\\/autate.fr\\\/site\\\/touleco-debut-des-etats-generaux-du-rail-et-de-lintermodalite-le-21-avril\\\/#breadcrumb\"},\"inLanguage\":\"fr-FR\",\"potentialAction\":[{\"@type\":\"ReadAction\",\"target\":[\"https:\\\/\\\/autate.fr\\\/site\\\/touleco-debut-des-etats-generaux-du-rail-et-de-lintermodalite-le-21-avril\\\/\"]}]},{\"@type\":\"BreadcrumbList\",\"@id\":\"https:\\\/\\\/autate.fr\\\/site\\\/touleco-debut-des-etats-generaux-du-rail-et-de-lintermodalite-le-21-avril\\\/#breadcrumb\",\"itemListElement\":[{\"@type\":\"ListItem\",\"position\":1,\"name\":\"Accueil\",\"item\":\"https:\\\/\\\/autate.fr\\\/site\\\/\"},{\"@type\":\"ListItem\",\"position\":2,\"name\":\"[Toul\u00e9co] D\u00e9but des \u00c9tats g\u00e9n\u00e9raux du rail et de l\u2019intermodalit\u00e9 le 21 avril\"}]},{\"@type\":\"WebSite\",\"@id\":\"https:\\\/\\\/autate.fr\\\/site\\\/#website\",\"url\":\"https:\\\/\\\/autate.fr\\\/site\\\/\",\"name\":\"AUTATE\",\"description\":\"Association des usagers des transports de l&#039;agglom\u00e9ration Toulousaine et de ses environs\",\"publisher\":{\"@id\":\"https:\\\/\\\/autate.fr\\\/site\\\/#organization\"},\"potentialAction\":[{\"@type\":\"SearchAction\",\"target\":{\"@type\":\"EntryPoint\",\"urlTemplate\":\"https:\\\/\\\/autate.fr\\\/site\\\/?s={search_term_string}\"},\"query-input\":{\"@type\":\"PropertyValueSpecification\",\"valueRequired\":true,\"valueName\":\"search_term_string\"}}],\"inLanguage\":\"fr-FR\"},{\"@type\":\"Organization\",\"@id\":\"https:\\\/\\\/autate.fr\\\/site\\\/#organization\",\"name\":\"AUTATE\",\"url\":\"https:\\\/\\\/autate.fr\\\/site\\\/\",\"logo\":{\"@type\":\"ImageObject\",\"inLanguage\":\"fr-FR\",\"@id\":\"https:\\\/\\\/autate.fr\\\/site\\\/#\\\/schema\\\/logo\\\/image\\\/\",\"url\":\"http:\\\/\\\/autate.fr\\\/site\\\/wp-content\\\/uploads\\\/2019\\\/01\\\/logo.png\",\"contentUrl\":\"http:\\\/\\\/autate.fr\\\/site\\\/wp-content\\\/uploads\\\/2019\\\/01\\\/logo.png\",\"width\":506,\"height\":280,\"caption\":\"AUTATE\"},\"image\":{\"@id\":\"https:\\\/\\\/autate.fr\\\/site\\\/#\\\/schema\\\/logo\\\/image\\\/\"},\"sameAs\":[\"https:\\\/\\\/www.facebook.com\\\/AutateToulouse\",\"https:\\\/\\\/x.com\\\/AutateToulouse\"]},{\"@type\":\"Person\",\"@id\":\"https:\\\/\\\/autate.fr\\\/site\\\/#\\\/schema\\\/person\\\/ae1ab8bdaa7b41d2a9b52d2557ce8254\",\"name\":\"pascalbarbier\",\"image\":{\"@type\":\"ImageObject\",\"inLanguage\":\"fr-FR\",\"@id\":\"https:\\\/\\\/secure.gravatar.com\\\/avatar\\\/03f4e8ced09894b72c67e83142540730d4b3bbf619bf46341b0074e3bf5f08a0?s=96&d=mm&r=g\",\"url\":\"https:\\\/\\\/secure.gravatar.com\\\/avatar\\\/03f4e8ced09894b72c67e83142540730d4b3bbf619bf46341b0074e3bf5f08a0?s=96&d=mm&r=g\",\"contentUrl\":\"https:\\\/\\\/secure.gravatar.com\\\/avatar\\\/03f4e8ced09894b72c67e83142540730d4b3bbf619bf46341b0074e3bf5f08a0?s=96&d=mm&r=g\",\"caption\":\"pascalbarbier\"},\"url\":\"https:\\\/\\\/autate.fr\\\/site\\\/author\\\/pascalbarbier\\\/\"}]}<\/script>\n<!-- \/ Yoast SEO plugin. -->","yoast_head_json":{"title":"[Toul\u00e9co] D\u00e9but des \u00c9tats g\u00e9n\u00e9raux du rail et de l\u2019intermodalit\u00e9 le 21 avril - AUTATE","robots":{"index":"index","follow":"follow","max-snippet":"max-snippet:-1","max-image-preview":"max-image-preview:large","max-video-preview":"max-video-preview:-1"},"canonical":"https:\/\/autate.fr\/site\/touleco-debut-des-etats-generaux-du-rail-et-de-lintermodalite-le-21-avril\/","og_locale":"fr_FR","og_type":"article","og_title":"[Toul\u00e9co] D\u00e9but des \u00c9tats g\u00e9n\u00e9raux du rail et de l\u2019intermodalit\u00e9 le 21 avril - AUTATE","og_description":"Un article paru le 28\/03\/2016 Du 21\u00a0avril au 7\u00a0juillet, pas moins de trente-six r\u00e9unions publiques se tiendront dans la grande r\u00e9gion Languedoc-Roussillon Midi-Pyr\u00e9n\u00e9es afin de consulter la population sur ses attentes autour du train et des diff\u00e9rents modes de transport. Des questionnaires papiers et \u00e9lectroniques permettront de recueillir les dol\u00e9ances sur les TER, les trainsVOIR PLUS","og_url":"https:\/\/autate.fr\/site\/touleco-debut-des-etats-generaux-du-rail-et-de-lintermodalite-le-21-avril\/","og_site_name":"AUTATE","article_publisher":"https:\/\/www.facebook.com\/AutateToulouse","article_published_time":"2016-03-19T23:25:20+00:00","article_modified_time":"2017-10-21T18:57:19+00:00","author":"pascalbarbier","twitter_card":"summary_large_image","twitter_creator":"@AutateToulouse","twitter_site":"@AutateToulouse","twitter_misc":{"\u00c9crit par":"pascalbarbier"},"schema":{"@context":"https:\/\/schema.org","@graph":[{"@type":"Article","@id":"https:\/\/autate.fr\/site\/touleco-debut-des-etats-generaux-du-rail-et-de-lintermodalite-le-21-avril\/#article","isPartOf":{"@id":"https:\/\/autate.fr\/site\/touleco-debut-des-etats-generaux-du-rail-et-de-lintermodalite-le-21-avril\/"},"author":{"name":"pascalbarbier","@id":"https:\/\/autate.fr\/site\/#\/schema\/person\/ae1ab8bdaa7b41d2a9b52d2557ce8254"},"headline":"[Toul\u00e9co] D\u00e9but des \u00c9tats g\u00e9n\u00e9raux du rail et de l\u2019intermodalit\u00e9 le 21 avril","datePublished":"2016-03-19T23:25:20+00:00","dateModified":"2017-10-21T18:57:19+00:00","mainEntityOfPage":{"@id":"https:\/\/autate.fr\/site\/touleco-debut-des-etats-generaux-du-rail-et-de-lintermodalite-le-21-avril\/"},"wordCount":92,"commentCount":0,"publisher":{"@id":"https:\/\/autate.fr\/site\/#organization"},"keywords":["etats g\u00e9n\u00e9raux","gares","Intercit\u00e9s","Rail","TER"],"articleSection":["Revue de presse","Trains urbains"],"inLanguage":"fr-FR","potentialAction":[{"@type":"CommentAction","name":"Comment","target":["https:\/\/autate.fr\/site\/touleco-debut-des-etats-generaux-du-rail-et-de-lintermodalite-le-21-avril\/#respond"]}]},{"@type":"WebPage","@id":"https:\/\/autate.fr\/site\/touleco-debut-des-etats-generaux-du-rail-et-de-lintermodalite-le-21-avril\/","url":"https:\/\/autate.fr\/site\/touleco-debut-des-etats-generaux-du-rail-et-de-lintermodalite-le-21-avril\/","name":"[Toul\u00e9co] D\u00e9but des \u00c9tats g\u00e9n\u00e9raux du rail et de l\u2019intermodalit\u00e9 le 21 avril - AUTATE","isPartOf":{"@id":"https:\/\/autate.fr\/site\/#website"},"datePublished":"2016-03-19T23:25:20+00:00","dateModified":"2017-10-21T18:57:19+00:00","breadcrumb":{"@id":"https:\/\/autate.fr\/site\/touleco-debut-des-etats-generaux-du-rail-et-de-lintermodalite-le-21-avril\/#breadcrumb"},"inLanguage":"fr-FR","potentialAction":[{"@type":"ReadAction","target":["https:\/\/autate.fr\/site\/touleco-debut-des-etats-generaux-du-rail-et-de-lintermodalite-le-21-avril\/"]}]},{"@type":"BreadcrumbList","@id":"https:\/\/autate.fr\/site\/touleco-debut-des-etats-generaux-du-rail-et-de-lintermodalite-le-21-avril\/#breadcrumb","itemListElement":[{"@type":"ListItem","position":1,"name":"Accueil","item":"https:\/\/autate.fr\/site\/"},{"@type":"ListItem","position":2,"name":"[Toul\u00e9co] D\u00e9but des \u00c9tats g\u00e9n\u00e9raux du rail et de l\u2019intermodalit\u00e9 le 21 avril"}]},{"@type":"WebSite","@id":"https:\/\/autate.fr\/site\/#website","url":"https:\/\/autate.fr\/site\/","name":"AUTATE","description":"Association des usagers des transports de l&#039;agglom\u00e9ration Toulousaine et de ses environs","publisher":{"@id":"https:\/\/autate.fr\/site\/#organization"},"potentialAction":[{"@type":"SearchAction","target":{"@type":"EntryPoint","urlTemplate":"https:\/\/autate.fr\/site\/?s={search_term_string}"},"query-input":{"@type":"PropertyValueSpecification","valueRequired":true,"valueName":"search_term_string"}}],"inLanguage":"fr-FR"},{"@type":"Organization","@id":"https:\/\/autate.fr\/site\/#organization","name":"AUTATE","url":"https:\/\/autate.fr\/site\/","logo":{"@type":"ImageObject","inLanguage":"fr-FR","@id":"https:\/\/autate.fr\/site\/#\/schema\/logo\/image\/","url":"http:\/\/autate.fr\/site\/wp-content\/uploads\/2019\/01\/logo.png","contentUrl":"http:\/\/autate.fr\/site\/wp-content\/uploads\/2019\/01\/logo.png","width":506,"height":280,"caption":"AUTATE"},"image":{"@id":"https:\/\/autate.fr\/site\/#\/schema\/logo\/image\/"},"sameAs":["https:\/\/www.facebook.com\/AutateToulouse","https:\/\/x.com\/AutateToulouse"]},{"@type":"Person","@id":"https:\/\/autate.fr\/site\/#\/schema\/person\/ae1ab8bdaa7b41d2a9b52d2557ce8254","name":"pascalbarbier","image":{"@type":"ImageObject","inLanguage":"fr-FR","@id":"https:\/\/secure.gravatar.com\/avatar\/03f4e8ced09894b72c67e83142540730d4b3bbf619bf46341b0074e3bf5f08a0?s=96&d=mm&r=g","url":"https:\/\/secure.gravatar.com\/avatar\/03f4e8ced09894b72c67e83142540730d4b3bbf619bf46341b0074e3bf5f08a0?s=96&d=mm&r=g","contentUrl":"https:\/\/secure.gravatar.com\/avatar\/03f4e8ced09894b72c67e83142540730d4b3bbf619bf46341b0074e3bf5f08a0?s=96&d=mm&r=g","caption":"pascalbarbier"},"url":"https:\/\/autate.fr\/site\/author\/pascalbarbier\/"}]}},"_links":{"self":[{"href":"https:\/\/autate.fr\/site\/wp-json\/wp\/v2\/posts\/466","targetHints":{"allow":["GET"]}}],"collection":[{"href":"https:\/\/autate.fr\/site\/wp-json\/wp\/v2\/posts"}],"about":[{"href":"https:\/\/autate.fr\/site\/wp-json\/wp\/v2\/types\/post"}],"author":[{"embeddable":true,"href":"https:\/\/autate.fr\/site\/wp-json\/wp\/v2\/users\/1"}],"replies":[{"embeddable":true,"href":"https:\/\/autate.fr\/site\/wp-json\/wp\/v2\/comments?post=466"}],"version-history":[{"count":1,"href":"https:\/\/autate.fr\/site\/wp-json\/wp\/v2\/posts\/466\/revisions"}],"predecessor-version":[{"id":467,"href":"https:\/\/autate.fr\/site\/wp-json\/wp\/v2\/posts\/466\/revisions\/467"}],"wp:attachment":[{"href":"https:\/\/autate.fr\/site\/wp-json\/wp\/v2\/media?parent=466"}],"wp:term":[{"taxonomy":"category","embeddable":true,"href":"https:\/\/autate.fr\/site\/wp-json\/wp\/v2\/categories?post=466"},{"taxonomy":"post_tag","embeddable":true,"href":"https:\/\/autate.fr\/site\/wp-json\/wp\/v2\/tags?post=466"}],"curies":[{"name":"wp","href":"https:\/\/api.w.org\/{rel}","templated":true}]}}