{"id":464,"date":"2016-03-26T00:19:26","date_gmt":"2016-03-25T23:19:26","guid":{"rendered":"http:\/\/autate.fr\/site\/?p=464"},"modified":"2017-10-21T20:57:01","modified_gmt":"2017-10-21T18:57:01","slug":"20minutes-montpellier-etats-generaux-du-rail-et-epineux-dossiers-pour-carole-delga","status":"publish","type":"post","link":"https:\/\/autate.fr\/site\/20minutes-montpellier-etats-generaux-du-rail-et-epineux-dossiers-pour-carole-delga\/","title":{"rendered":"[20Minutes] Montpellier: Etats g\u00e9n\u00e9raux du rail et \u00e9pineux dossiers pour Carole Delga"},"content":{"rendered":"<dl class=\"author\">\n<dt><span class=\"author-name\"> Un article de Jerome Diesnis publi\u00e9 le 25\/03\/2016<br \/>\n<\/span><\/dt>\n<\/dl>\n<p><strong class=\"hat-label\">TRANSPORT<\/strong> <span class=\"hat-summary\">C\u2019\u00e9tait l\u2019une des priorit\u00e9s de la candidate socialiste. Elue \u00e0 la t\u00eate de la r\u00e9gion Languedoc-Roussillon-Midi-Pyr\u00e9n\u00e9es, elle doit composer avec les \u00e9cologistes au sein de sa majorit\u00e9.<\/span><\/p>\n<p><span class=\"social-counter\">Ca<\/span>role Delga (PS) en avait fait l\u2019un des axes importants de sa campagne\u00a0:\u00a0\u00ab La mobilit\u00e9 est un enjeu majeur d\u2019am\u00e9nagement, d\u2019\u00e9quilibre et d\u2019attractivit\u00e9 d\u2019un nouveau territoire qui a la taille d\u2019un pays, explique-t-elle. Avec 56.000 voyageurs quotidiens qui empruntent 500 trains sur 20 lignes TER, le rail est au c\u0153ur de la vie quotidienne et des pr\u00e9occupations de nos concitoyens \u00bb.<\/p>\n<div class=\"lt-content w66\">\n<p>Elue \u00e0 la pr\u00e9sidence de Languedoc-Roussillon-Midi-Pyr\u00e9n\u00e9es, elle pr\u00e9sente ce vendredi les \u00e9tats g\u00e9n\u00e9raux du rail et de l\u2019intermodalit\u00e9, qui seront lanc\u00e9s \u00e0 la mi-avril. <em>20 Minutes<\/em> fait le point sur les principaux dossiers li\u00e9s au rail dans la r\u00e9gion.<\/p>\n<p><strong>La LGV. <\/strong>L\u2019ensemble des collectivit\u00e9s s\u2019est positionn\u00e9 pour la mise en place de la ligne \u00e0 grande vitesse (LGV) <a href=\"http:\/\/www.ligne-montpellier-perpignan.com\/\" target=\"_blank\">reliant Montpellier \u00e0 Perpignan<\/a>, dernier tron\u00e7on manquant entre Paris et Barcelone.<\/p>\n<p><a href=\"http:\/\/www.20minutes.fr\/montpellier\/1813659-20160325-montpellier-etats-generaux-rail-epineux-dossiers-carole-delga?utm_medium=Social&amp;utm_source=Twitter&amp;utm_campaign=Echobox&amp;utm_term=Autofeed#link_time=1458897928\" target=\"_blank\">lire la suite<\/a><\/p>\n<\/div>\n","protected":false},"excerpt":{"rendered":"<p>Un article de Jerome Diesnis publi\u00e9 le 25\/03\/2016 TRANSPORT C\u2019\u00e9tait l\u2019une des priorit\u00e9s de la candidate socialiste. Elue \u00e0 la t\u00eate de la r\u00e9gion Languedoc-Roussillon-Midi-Pyr\u00e9n\u00e9es, elle doit composer avec les \u00e9cologistes au sein de sa majorit\u00e9. Carole Delga (PS) en avait fait l\u2019un des axes importants de sa campagne\u00a0:\u00a0\u00ab La mobilit\u00e9 est un enjeu majeur<\/p>\n<p class=\"more-link\"><a href=\"https:\/\/autate.fr\/site\/20minutes-montpellier-etats-generaux-du-rail-et-epineux-dossiers-pour-carole-delga\/\" class=\"themebutton2\">VOIR PLUS<\/a><\/p>\n","protected":false},"author":1,"featured_media":0,"comment_status":"open","ping_status":"open","sticky":false,"template":"","format":"standard","meta":{"footnotes":""},"categories":[7,418],"tags":[136,140,141,137,138,139,135,142],"class_list":["post-464","post","type-post","status-publish","format-standard","hentry","category-revue-de-presse","category-trains-urbains","tag-delga","tag-etats-generaux","tag-la-mogere","tag-lgv","tag-montepellier","tag-perpignan","tag-rail","tag-train-jaune"],"yoast_head":"<!-- This site is optimized with the Yoast SEO plugin v27.4 - https:\/\/yoast.com\/product\/yoast-seo-wordpress\/ -->\n<title>[20Minutes] Montpellier: Etats g\u00e9n\u00e9raux du rail et \u00e9pineux dossiers pour Carole Delga - AUTATE<\/title>\n<meta name=\"robots\" content=\"index, follow, max-snippet:-1, max-image-preview:large, max-video-preview:-1\" \/>\n<link rel=\"canonical\" href=\"https:\/\/autate.fr\/site\/20minutes-montpellier-etats-generaux-du-rail-et-epineux-dossiers-pour-carole-delga\/\" \/>\n<meta property=\"og:locale\" content=\"fr_FR\" \/>\n<meta property=\"og:type\" content=\"article\" \/>\n<meta property=\"og:title\" content=\"[20Minutes] Montpellier: Etats g\u00e9n\u00e9raux du rail et \u00e9pineux dossiers pour Carole Delga - AUTATE\" \/>\n<meta property=\"og:description\" content=\"Un article de Jerome Diesnis publi\u00e9 le 25\/03\/2016 TRANSPORT C\u2019\u00e9tait l\u2019une des priorit\u00e9s de la candidate socialiste. Elue \u00e0 la t\u00eate de la r\u00e9gion Languedoc-Roussillon-Midi-Pyr\u00e9n\u00e9es, elle doit composer avec les \u00e9cologistes au sein de sa majorit\u00e9. Carole Delga (PS) en avait fait l\u2019un des axes importants de sa campagne\u00a0:\u00a0\u00ab La mobilit\u00e9 est un enjeu majeurVOIR PLUS\" \/>\n<meta property=\"og:url\" content=\"https:\/\/autate.fr\/site\/20minutes-montpellier-etats-generaux-du-rail-et-epineux-dossiers-pour-carole-delga\/\" \/>\n<meta property=\"og:site_name\" content=\"AUTATE\" \/>\n<meta property=\"article:publisher\" content=\"https:\/\/www.facebook.com\/AutateToulouse\" \/>\n<meta property=\"article:published_time\" content=\"2016-03-25T23:19:26+00:00\" \/>\n<meta property=\"article:modified_time\" content=\"2017-10-21T18:57:01+00:00\" \/>\n<meta name=\"author\" content=\"pascalbarbier\" \/>\n<meta name=\"twitter:card\" content=\"summary_large_image\" \/>\n<meta name=\"twitter:creator\" content=\"@AutateToulouse\" \/>\n<meta name=\"twitter:site\" content=\"@AutateToulouse\" \/>\n<meta name=\"twitter:label1\" content=\"\u00c9crit par\" \/>\n\t<meta name=\"twitter:data1\" content=\"pascalbarbier\" \/>\n\t<meta name=\"twitter:label2\" content=\"Dur\u00e9e de lecture estim\u00e9e\" \/>\n\t<meta name=\"twitter:data2\" content=\"1 minute\" \/>\n<script type=\"application\/ld+json\" class=\"yoast-schema-graph\">{\"@context\":\"https:\\\/\\\/schema.org\",\"@graph\":[{\"@type\":\"Article\",\"@id\":\"https:\\\/\\\/autate.fr\\\/site\\\/20minutes-montpellier-etats-generaux-du-rail-et-epineux-dossiers-pour-carole-delga\\\/#article\",\"isPartOf\":{\"@id\":\"https:\\\/\\\/autate.fr\\\/site\\\/20minutes-montpellier-etats-generaux-du-rail-et-epineux-dossiers-pour-carole-delga\\\/\"},\"author\":{\"name\":\"pascalbarbier\",\"@id\":\"https:\\\/\\\/autate.fr\\\/site\\\/#\\\/schema\\\/person\\\/ae1ab8bdaa7b41d2a9b52d2557ce8254\"},\"headline\":\"[20Minutes] Montpellier: Etats g\u00e9n\u00e9raux du rail et \u00e9pineux dossiers pour Carole Delga\",\"datePublished\":\"2016-03-25T23:19:26+00:00\",\"dateModified\":\"2017-10-21T18:57:01+00:00\",\"mainEntityOfPage\":{\"@id\":\"https:\\\/\\\/autate.fr\\\/site\\\/20minutes-montpellier-etats-generaux-du-rail-et-epineux-dossiers-pour-carole-delga\\\/\"},\"wordCount\":202,\"commentCount\":0,\"publisher\":{\"@id\":\"https:\\\/\\\/autate.fr\\\/site\\\/#organization\"},\"keywords\":[\"Delga\",\"etats g\u00e9n\u00e9raux\",\"La Mog\u00e8re\",\"LGV\",\"MOntepellier\",\"Perpignan\",\"Rail\",\"train jaune\"],\"articleSection\":[\"Revue de presse\",\"Trains urbains\"],\"inLanguage\":\"fr-FR\",\"potentialAction\":[{\"@type\":\"CommentAction\",\"name\":\"Comment\",\"target\":[\"https:\\\/\\\/autate.fr\\\/site\\\/20minutes-montpellier-etats-generaux-du-rail-et-epineux-dossiers-pour-carole-delga\\\/#respond\"]}]},{\"@type\":\"WebPage\",\"@id\":\"https:\\\/\\\/autate.fr\\\/site\\\/20minutes-montpellier-etats-generaux-du-rail-et-epineux-dossiers-pour-carole-delga\\\/\",\"url\":\"https:\\\/\\\/autate.fr\\\/site\\\/20minutes-montpellier-etats-generaux-du-rail-et-epineux-dossiers-pour-carole-delga\\\/\",\"name\":\"[20Minutes] Montpellier: Etats g\u00e9n\u00e9raux du rail et \u00e9pineux dossiers pour Carole Delga - AUTATE\",\"isPartOf\":{\"@id\":\"https:\\\/\\\/autate.fr\\\/site\\\/#website\"},\"datePublished\":\"2016-03-25T23:19:26+00:00\",\"dateModified\":\"2017-10-21T18:57:01+00:00\",\"breadcrumb\":{\"@id\":\"https:\\\/\\\/autate.fr\\\/site\\\/20minutes-montpellier-etats-generaux-du-rail-et-epineux-dossiers-pour-carole-delga\\\/#breadcrumb\"},\"inLanguage\":\"fr-FR\",\"potentialAction\":[{\"@type\":\"ReadAction\",\"target\":[\"https:\\\/\\\/autate.fr\\\/site\\\/20minutes-montpellier-etats-generaux-du-rail-et-epineux-dossiers-pour-carole-delga\\\/\"]}]},{\"@type\":\"BreadcrumbList\",\"@id\":\"https:\\\/\\\/autate.fr\\\/site\\\/20minutes-montpellier-etats-generaux-du-rail-et-epineux-dossiers-pour-carole-delga\\\/#breadcrumb\",\"itemListElement\":[{\"@type\":\"ListItem\",\"position\":1,\"name\":\"Accueil\",\"item\":\"https:\\\/\\\/autate.fr\\\/site\\\/\"},{\"@type\":\"ListItem\",\"position\":2,\"name\":\"[20Minutes] Montpellier: Etats g\u00e9n\u00e9raux du rail et \u00e9pineux dossiers pour Carole Delga\"}]},{\"@type\":\"WebSite\",\"@id\":\"https:\\\/\\\/autate.fr\\\/site\\\/#website\",\"url\":\"https:\\\/\\\/autate.fr\\\/site\\\/\",\"name\":\"AUTATE\",\"description\":\"Association des usagers des transports de l&#039;agglom\u00e9ration Toulousaine et de ses environs\",\"publisher\":{\"@id\":\"https:\\\/\\\/autate.fr\\\/site\\\/#organization\"},\"potentialAction\":[{\"@type\":\"SearchAction\",\"target\":{\"@type\":\"EntryPoint\",\"urlTemplate\":\"https:\\\/\\\/autate.fr\\\/site\\\/?s={search_term_string}\"},\"query-input\":{\"@type\":\"PropertyValueSpecification\",\"valueRequired\":true,\"valueName\":\"search_term_string\"}}],\"inLanguage\":\"fr-FR\"},{\"@type\":\"Organization\",\"@id\":\"https:\\\/\\\/autate.fr\\\/site\\\/#organization\",\"name\":\"AUTATE\",\"url\":\"https:\\\/\\\/autate.fr\\\/site\\\/\",\"logo\":{\"@type\":\"ImageObject\",\"inLanguage\":\"fr-FR\",\"@id\":\"https:\\\/\\\/autate.fr\\\/site\\\/#\\\/schema\\\/logo\\\/image\\\/\",\"url\":\"http:\\\/\\\/autate.fr\\\/site\\\/wp-content\\\/uploads\\\/2019\\\/01\\\/logo.png\",\"contentUrl\":\"http:\\\/\\\/autate.fr\\\/site\\\/wp-content\\\/uploads\\\/2019\\\/01\\\/logo.png\",\"width\":506,\"height\":280,\"caption\":\"AUTATE\"},\"image\":{\"@id\":\"https:\\\/\\\/autate.fr\\\/site\\\/#\\\/schema\\\/logo\\\/image\\\/\"},\"sameAs\":[\"https:\\\/\\\/www.facebook.com\\\/AutateToulouse\",\"https:\\\/\\\/x.com\\\/AutateToulouse\"]},{\"@type\":\"Person\",\"@id\":\"https:\\\/\\\/autate.fr\\\/site\\\/#\\\/schema\\\/person\\\/ae1ab8bdaa7b41d2a9b52d2557ce8254\",\"name\":\"pascalbarbier\",\"image\":{\"@type\":\"ImageObject\",\"inLanguage\":\"fr-FR\",\"@id\":\"https:\\\/\\\/secure.gravatar.com\\\/avatar\\\/03f4e8ced09894b72c67e83142540730d4b3bbf619bf46341b0074e3bf5f08a0?s=96&d=mm&r=g\",\"url\":\"https:\\\/\\\/secure.gravatar.com\\\/avatar\\\/03f4e8ced09894b72c67e83142540730d4b3bbf619bf46341b0074e3bf5f08a0?s=96&d=mm&r=g\",\"contentUrl\":\"https:\\\/\\\/secure.gravatar.com\\\/avatar\\\/03f4e8ced09894b72c67e83142540730d4b3bbf619bf46341b0074e3bf5f08a0?s=96&d=mm&r=g\",\"caption\":\"pascalbarbier\"},\"url\":\"https:\\\/\\\/autate.fr\\\/site\\\/author\\\/pascalbarbier\\\/\"}]}<\/script>\n<!-- \/ Yoast SEO plugin. -->","yoast_head_json":{"title":"[20Minutes] Montpellier: Etats g\u00e9n\u00e9raux du rail et \u00e9pineux dossiers pour Carole Delga - AUTATE","robots":{"index":"index","follow":"follow","max-snippet":"max-snippet:-1","max-image-preview":"max-image-preview:large","max-video-preview":"max-video-preview:-1"},"canonical":"https:\/\/autate.fr\/site\/20minutes-montpellier-etats-generaux-du-rail-et-epineux-dossiers-pour-carole-delga\/","og_locale":"fr_FR","og_type":"article","og_title":"[20Minutes] Montpellier: Etats g\u00e9n\u00e9raux du rail et \u00e9pineux dossiers pour Carole Delga - AUTATE","og_description":"Un article de Jerome Diesnis publi\u00e9 le 25\/03\/2016 TRANSPORT C\u2019\u00e9tait l\u2019une des priorit\u00e9s de la candidate socialiste. Elue \u00e0 la t\u00eate de la r\u00e9gion Languedoc-Roussillon-Midi-Pyr\u00e9n\u00e9es, elle doit composer avec les \u00e9cologistes au sein de sa majorit\u00e9. Carole Delga (PS) en avait fait l\u2019un des axes importants de sa campagne\u00a0:\u00a0\u00ab La mobilit\u00e9 est un enjeu majeurVOIR PLUS","og_url":"https:\/\/autate.fr\/site\/20minutes-montpellier-etats-generaux-du-rail-et-epineux-dossiers-pour-carole-delga\/","og_site_name":"AUTATE","article_publisher":"https:\/\/www.facebook.com\/AutateToulouse","article_published_time":"2016-03-25T23:19:26+00:00","article_modified_time":"2017-10-21T18:57:01+00:00","author":"pascalbarbier","twitter_card":"summary_large_image","twitter_creator":"@AutateToulouse","twitter_site":"@AutateToulouse","twitter_misc":{"\u00c9crit par":"pascalbarbier","Dur\u00e9e de lecture estim\u00e9e":"1 minute"},"schema":{"@context":"https:\/\/schema.org","@graph":[{"@type":"Article","@id":"https:\/\/autate.fr\/site\/20minutes-montpellier-etats-generaux-du-rail-et-epineux-dossiers-pour-carole-delga\/#article","isPartOf":{"@id":"https:\/\/autate.fr\/site\/20minutes-montpellier-etats-generaux-du-rail-et-epineux-dossiers-pour-carole-delga\/"},"author":{"name":"pascalbarbier","@id":"https:\/\/autate.fr\/site\/#\/schema\/person\/ae1ab8bdaa7b41d2a9b52d2557ce8254"},"headline":"[20Minutes] Montpellier: Etats g\u00e9n\u00e9raux du rail et \u00e9pineux dossiers pour Carole Delga","datePublished":"2016-03-25T23:19:26+00:00","dateModified":"2017-10-21T18:57:01+00:00","mainEntityOfPage":{"@id":"https:\/\/autate.fr\/site\/20minutes-montpellier-etats-generaux-du-rail-et-epineux-dossiers-pour-carole-delga\/"},"wordCount":202,"commentCount":0,"publisher":{"@id":"https:\/\/autate.fr\/site\/#organization"},"keywords":["Delga","etats g\u00e9n\u00e9raux","La Mog\u00e8re","LGV","MOntepellier","Perpignan","Rail","train jaune"],"articleSection":["Revue de presse","Trains urbains"],"inLanguage":"fr-FR","potentialAction":[{"@type":"CommentAction","name":"Comment","target":["https:\/\/autate.fr\/site\/20minutes-montpellier-etats-generaux-du-rail-et-epineux-dossiers-pour-carole-delga\/#respond"]}]},{"@type":"WebPage","@id":"https:\/\/autate.fr\/site\/20minutes-montpellier-etats-generaux-du-rail-et-epineux-dossiers-pour-carole-delga\/","url":"https:\/\/autate.fr\/site\/20minutes-montpellier-etats-generaux-du-rail-et-epineux-dossiers-pour-carole-delga\/","name":"[20Minutes] Montpellier: Etats g\u00e9n\u00e9raux du rail et \u00e9pineux dossiers pour Carole Delga - AUTATE","isPartOf":{"@id":"https:\/\/autate.fr\/site\/#website"},"datePublished":"2016-03-25T23:19:26+00:00","dateModified":"2017-10-21T18:57:01+00:00","breadcrumb":{"@id":"https:\/\/autate.fr\/site\/20minutes-montpellier-etats-generaux-du-rail-et-epineux-dossiers-pour-carole-delga\/#breadcrumb"},"inLanguage":"fr-FR","potentialAction":[{"@type":"ReadAction","target":["https:\/\/autate.fr\/site\/20minutes-montpellier-etats-generaux-du-rail-et-epineux-dossiers-pour-carole-delga\/"]}]},{"@type":"BreadcrumbList","@id":"https:\/\/autate.fr\/site\/20minutes-montpellier-etats-generaux-du-rail-et-epineux-dossiers-pour-carole-delga\/#breadcrumb","itemListElement":[{"@type":"ListItem","position":1,"name":"Accueil","item":"https:\/\/autate.fr\/site\/"},{"@type":"ListItem","position":2,"name":"[20Minutes] Montpellier: Etats g\u00e9n\u00e9raux du rail et \u00e9pineux dossiers pour Carole Delga"}]},{"@type":"WebSite","@id":"https:\/\/autate.fr\/site\/#website","url":"https:\/\/autate.fr\/site\/","name":"AUTATE","description":"Association des usagers des transports de l&#039;agglom\u00e9ration Toulousaine et de ses environs","publisher":{"@id":"https:\/\/autate.fr\/site\/#organization"},"potentialAction":[{"@type":"SearchAction","target":{"@type":"EntryPoint","urlTemplate":"https:\/\/autate.fr\/site\/?s={search_term_string}"},"query-input":{"@type":"PropertyValueSpecification","valueRequired":true,"valueName":"search_term_string"}}],"inLanguage":"fr-FR"},{"@type":"Organization","@id":"https:\/\/autate.fr\/site\/#organization","name":"AUTATE","url":"https:\/\/autate.fr\/site\/","logo":{"@type":"ImageObject","inLanguage":"fr-FR","@id":"https:\/\/autate.fr\/site\/#\/schema\/logo\/image\/","url":"http:\/\/autate.fr\/site\/wp-content\/uploads\/2019\/01\/logo.png","contentUrl":"http:\/\/autate.fr\/site\/wp-content\/uploads\/2019\/01\/logo.png","width":506,"height":280,"caption":"AUTATE"},"image":{"@id":"https:\/\/autate.fr\/site\/#\/schema\/logo\/image\/"},"sameAs":["https:\/\/www.facebook.com\/AutateToulouse","https:\/\/x.com\/AutateToulouse"]},{"@type":"Person","@id":"https:\/\/autate.fr\/site\/#\/schema\/person\/ae1ab8bdaa7b41d2a9b52d2557ce8254","name":"pascalbarbier","image":{"@type":"ImageObject","inLanguage":"fr-FR","@id":"https:\/\/secure.gravatar.com\/avatar\/03f4e8ced09894b72c67e83142540730d4b3bbf619bf46341b0074e3bf5f08a0?s=96&d=mm&r=g","url":"https:\/\/secure.gravatar.com\/avatar\/03f4e8ced09894b72c67e83142540730d4b3bbf619bf46341b0074e3bf5f08a0?s=96&d=mm&r=g","contentUrl":"https:\/\/secure.gravatar.com\/avatar\/03f4e8ced09894b72c67e83142540730d4b3bbf619bf46341b0074e3bf5f08a0?s=96&d=mm&r=g","caption":"pascalbarbier"},"url":"https:\/\/autate.fr\/site\/author\/pascalbarbier\/"}]}},"_links":{"self":[{"href":"https:\/\/autate.fr\/site\/wp-json\/wp\/v2\/posts\/464","targetHints":{"allow":["GET"]}}],"collection":[{"href":"https:\/\/autate.fr\/site\/wp-json\/wp\/v2\/posts"}],"about":[{"href":"https:\/\/autate.fr\/site\/wp-json\/wp\/v2\/types\/post"}],"author":[{"embeddable":true,"href":"https:\/\/autate.fr\/site\/wp-json\/wp\/v2\/users\/1"}],"replies":[{"embeddable":true,"href":"https:\/\/autate.fr\/site\/wp-json\/wp\/v2\/comments?post=464"}],"version-history":[{"count":1,"href":"https:\/\/autate.fr\/site\/wp-json\/wp\/v2\/posts\/464\/revisions"}],"predecessor-version":[{"id":465,"href":"https:\/\/autate.fr\/site\/wp-json\/wp\/v2\/posts\/464\/revisions\/465"}],"wp:attachment":[{"href":"https:\/\/autate.fr\/site\/wp-json\/wp\/v2\/media?parent=464"}],"wp:term":[{"taxonomy":"category","embeddable":true,"href":"https:\/\/autate.fr\/site\/wp-json\/wp\/v2\/categories?post=464"},{"taxonomy":"post_tag","embeddable":true,"href":"https:\/\/autate.fr\/site\/wp-json\/wp\/v2\/tags?post=464"}],"curies":[{"name":"wp","href":"https:\/\/api.w.org\/{rel}","templated":true}]}}