{"id":461,"date":"2016-03-30T00:16:06","date_gmt":"2016-03-29T22:16:06","guid":{"rendered":"http:\/\/autate.fr\/site\/?p=461"},"modified":"2016-08-10T18:08:00","modified_gmt":"2016-08-10T16:08:00","slug":"la-tribune-metro-a-labege-jean-luc-moudenc-ne-veut-pas-jouer-petit-bras","status":"publish","type":"post","link":"https:\/\/autate.fr\/site\/la-tribune-metro-a-labege-jean-luc-moudenc-ne-veut-pas-jouer-petit-bras\/","title":{"rendered":"[La Tribune] M\u00e9tro \u00e0 Lab\u00e8ge : Jean-Luc Moudenc ne veut pas jouer \u00ab\u00a0petit bras\u00a0\u00bb"},"content":{"rendered":"<p>Un article paru le 29\/03\/2016<\/p>\n<section class=\"chapo\">Apr\u00e8s les prises de positions de plusieurs chefs d&rsquo;entreprises de Lab\u00e8ge et l&rsquo;appel d&rsquo;Alain Di Crescenzo pour une ligne de m\u00e9tro reliant Lab\u00e8ge dans les 5 ans, le pr\u00e9sident de Toulouse M\u00e9tropole a tenu \u00e0 s&rsquo;expliquer. Il souhaite offrir \u00e0 Lab\u00e8ge la \u00ab\u00a0Rolls\u00a0\u00bb des transports en commun.<\/section>\n<section class=\"contenu-article clearfix\">\n<div class=\"body-article\">\n<p>Le sujet n&rsquo;en finit plus de faire d\u00e9bat. Alors que le Sicoval a annonc\u00e9 <a href=\"http:\/\/objectifnews.latribune.fr\/politique\/territoires\/2016-03-18\/metro-a-labege-jacques-oberti-president-du-sicoval-ne-renonce-pas-au-projet-plb.html\" target=\"_blank\">ne pas vouloir renoncer au PLB<\/a> et que plusieurs chefs d&rsquo;entreprises se sont faits entendre pour d\u00e9noncer des <a href=\"http:\/\/objectifnews.latribune.fr\/entreprises\/soutien-et-financement\/2016-03-16\/pas-de-metro-a-labege-le-coup-de-colere-du-pdg-de-lyra-network-solidaire-avec-ludovic-le-moan.html\" target=\"_blank\">querelles politiciennes<\/a> mettant en danger le d\u00e9veloppement \u00e9conomique de leurs soci\u00e9t\u00e9s, Alain Di Crescenzo avait rappel\u00e9 l&rsquo;importance d&rsquo;un <a href=\"http:\/\/objectifnews.latribune.fr\/politique\/territoires\/2016-03-25\/metro-a-labege-alain-di-crescenzo-ccit-31-veut-une-ligne-dans-les-5-ans.html\" target=\"_blank\">\u00ab\u00a0compromis pour que le m\u00e9tro arrive au Sicoval dans les 5 ans \u00e0 venir\u00a0\u00bb<\/a>.<\/p>\n<p><a href=\"http:\/\/objectifnews.latribune.fr\/politique\/debats\/2016-03-29\/metro-a-labege-jean-luc-moudenc-ne-veut-pas-jouer-petit-bras.html\" target=\"_blank\">lire la suite<\/a><\/p>\n<\/div>\n<\/section>\n","protected":false},"excerpt":{"rendered":"<p>Un article paru le 29\/03\/2016 Apr\u00e8s les prises de positions de plusieurs chefs d&rsquo;entreprises de Lab\u00e8ge et l&rsquo;appel d&rsquo;Alain Di Crescenzo pour une ligne de m\u00e9tro reliant Lab\u00e8ge dans les 5 ans, le pr\u00e9sident de Toulouse M\u00e9tropole a tenu \u00e0 s&rsquo;expliquer. Il souhaite offrir \u00e0 Lab\u00e8ge la \u00ab\u00a0Rolls\u00a0\u00bb des transports en commun. Le sujet n&rsquo;en<\/p>\n<p class=\"more-link\"><a href=\"https:\/\/autate.fr\/site\/la-tribune-metro-a-labege-jean-luc-moudenc-ne-veut-pas-jouer-petit-bras\/\" class=\"themebutton2\">VOIR PLUS<\/a><\/p>\n","protected":false},"author":1,"featured_media":462,"comment_status":"open","ping_status":"open","sticky":false,"template":"","format":"standard","meta":{"footnotes":""},"categories":[7],"tags":[153,22,18,12,17],"class_list":["post-461","post","type-post","status-publish","format-standard","has-post-thumbnail","hentry","category-revue-de-presse","tag-jl-moudenc","tag-labege","tag-ligne-b","tag-metro","tag-plb"],"yoast_head":"<!-- This site is optimized with the Yoast SEO plugin v27.4 - https:\/\/yoast.com\/product\/yoast-seo-wordpress\/ -->\n<title>[La Tribune] M\u00e9tro \u00e0 Lab\u00e8ge : Jean-Luc Moudenc ne veut pas jouer &quot;petit bras&quot; - AUTATE<\/title>\n<meta name=\"robots\" content=\"index, follow, max-snippet:-1, max-image-preview:large, max-video-preview:-1\" \/>\n<link rel=\"canonical\" href=\"https:\/\/autate.fr\/site\/la-tribune-metro-a-labege-jean-luc-moudenc-ne-veut-pas-jouer-petit-bras\/\" \/>\n<meta property=\"og:locale\" content=\"fr_FR\" \/>\n<meta property=\"og:type\" content=\"article\" \/>\n<meta property=\"og:title\" content=\"[La Tribune] M\u00e9tro \u00e0 Lab\u00e8ge : Jean-Luc Moudenc ne veut pas jouer &quot;petit bras&quot; - AUTATE\" \/>\n<meta property=\"og:description\" content=\"Un article paru le 29\/03\/2016 Apr\u00e8s les prises de positions de plusieurs chefs d&rsquo;entreprises de Lab\u00e8ge et l&rsquo;appel d&rsquo;Alain Di Crescenzo pour une ligne de m\u00e9tro reliant Lab\u00e8ge dans les 5 ans, le pr\u00e9sident de Toulouse M\u00e9tropole a tenu \u00e0 s&rsquo;expliquer. Il souhaite offrir \u00e0 Lab\u00e8ge la \u00ab\u00a0Rolls\u00a0\u00bb des transports en commun. Le sujet n&rsquo;enVOIR PLUS\" \/>\n<meta property=\"og:url\" content=\"https:\/\/autate.fr\/site\/la-tribune-metro-a-labege-jean-luc-moudenc-ne-veut-pas-jouer-petit-bras\/\" \/>\n<meta property=\"og:site_name\" content=\"AUTATE\" \/>\n<meta property=\"article:publisher\" content=\"https:\/\/www.facebook.com\/AutateToulouse\" \/>\n<meta property=\"article:published_time\" content=\"2016-03-29T22:16:06+00:00\" \/>\n<meta property=\"article:modified_time\" content=\"2016-08-10T16:08:00+00:00\" \/>\n<meta property=\"og:image\" content=\"https:\/\/autate.fr\/site\/wp-content\/uploads\/2016\/04\/jean-luc-moudenc.jpg\" \/>\n\t<meta property=\"og:image:width\" content=\"612\" \/>\n\t<meta property=\"og:image:height\" content=\"306\" \/>\n\t<meta property=\"og:image:type\" content=\"image\/jpeg\" \/>\n<meta name=\"author\" content=\"pascalbarbier\" \/>\n<meta name=\"twitter:card\" content=\"summary_large_image\" \/>\n<meta name=\"twitter:creator\" content=\"@AutateToulouse\" \/>\n<meta name=\"twitter:site\" content=\"@AutateToulouse\" \/>\n<meta name=\"twitter:label1\" content=\"\u00c9crit par\" \/>\n\t<meta name=\"twitter:data1\" content=\"pascalbarbier\" \/>\n\t<meta name=\"twitter:label2\" content=\"Dur\u00e9e de lecture estim\u00e9e\" \/>\n\t<meta name=\"twitter:data2\" content=\"1 minute\" \/>\n<script type=\"application\/ld+json\" class=\"yoast-schema-graph\">{\"@context\":\"https:\\\/\\\/schema.org\",\"@graph\":[{\"@type\":\"Article\",\"@id\":\"https:\\\/\\\/autate.fr\\\/site\\\/la-tribune-metro-a-labege-jean-luc-moudenc-ne-veut-pas-jouer-petit-bras\\\/#article\",\"isPartOf\":{\"@id\":\"https:\\\/\\\/autate.fr\\\/site\\\/la-tribune-metro-a-labege-jean-luc-moudenc-ne-veut-pas-jouer-petit-bras\\\/\"},\"author\":{\"name\":\"pascalbarbier\",\"@id\":\"https:\\\/\\\/autate.fr\\\/site\\\/#\\\/schema\\\/person\\\/ae1ab8bdaa7b41d2a9b52d2557ce8254\"},\"headline\":\"[La Tribune] M\u00e9tro \u00e0 Lab\u00e8ge : Jean-Luc Moudenc ne veut pas jouer \u00ab\u00a0petit bras\u00a0\u00bb\",\"datePublished\":\"2016-03-29T22:16:06+00:00\",\"dateModified\":\"2016-08-10T16:08:00+00:00\",\"mainEntityOfPage\":{\"@id\":\"https:\\\/\\\/autate.fr\\\/site\\\/la-tribune-metro-a-labege-jean-luc-moudenc-ne-veut-pas-jouer-petit-bras\\\/\"},\"wordCount\":140,\"commentCount\":0,\"publisher\":{\"@id\":\"https:\\\/\\\/autate.fr\\\/site\\\/#organization\"},\"image\":{\"@id\":\"https:\\\/\\\/autate.fr\\\/site\\\/la-tribune-metro-a-labege-jean-luc-moudenc-ne-veut-pas-jouer-petit-bras\\\/#primaryimage\"},\"thumbnailUrl\":\"https:\\\/\\\/autate.fr\\\/site\\\/wp-content\\\/uploads\\\/2016\\\/04\\\/jean-luc-moudenc.jpg\",\"keywords\":[\"JL.Moudenc\",\"Lab\u00e8ge\",\"ligne B\",\"m\u00e9tro\",\"PLB\"],\"articleSection\":[\"Revue de presse\"],\"inLanguage\":\"fr-FR\",\"potentialAction\":[{\"@type\":\"CommentAction\",\"name\":\"Comment\",\"target\":[\"https:\\\/\\\/autate.fr\\\/site\\\/la-tribune-metro-a-labege-jean-luc-moudenc-ne-veut-pas-jouer-petit-bras\\\/#respond\"]}]},{\"@type\":\"WebPage\",\"@id\":\"https:\\\/\\\/autate.fr\\\/site\\\/la-tribune-metro-a-labege-jean-luc-moudenc-ne-veut-pas-jouer-petit-bras\\\/\",\"url\":\"https:\\\/\\\/autate.fr\\\/site\\\/la-tribune-metro-a-labege-jean-luc-moudenc-ne-veut-pas-jouer-petit-bras\\\/\",\"name\":\"[La Tribune] M\u00e9tro \u00e0 Lab\u00e8ge : Jean-Luc Moudenc ne veut pas jouer \\\"petit bras\\\" - AUTATE\",\"isPartOf\":{\"@id\":\"https:\\\/\\\/autate.fr\\\/site\\\/#website\"},\"primaryImageOfPage\":{\"@id\":\"https:\\\/\\\/autate.fr\\\/site\\\/la-tribune-metro-a-labege-jean-luc-moudenc-ne-veut-pas-jouer-petit-bras\\\/#primaryimage\"},\"image\":{\"@id\":\"https:\\\/\\\/autate.fr\\\/site\\\/la-tribune-metro-a-labege-jean-luc-moudenc-ne-veut-pas-jouer-petit-bras\\\/#primaryimage\"},\"thumbnailUrl\":\"https:\\\/\\\/autate.fr\\\/site\\\/wp-content\\\/uploads\\\/2016\\\/04\\\/jean-luc-moudenc.jpg\",\"datePublished\":\"2016-03-29T22:16:06+00:00\",\"dateModified\":\"2016-08-10T16:08:00+00:00\",\"breadcrumb\":{\"@id\":\"https:\\\/\\\/autate.fr\\\/site\\\/la-tribune-metro-a-labege-jean-luc-moudenc-ne-veut-pas-jouer-petit-bras\\\/#breadcrumb\"},\"inLanguage\":\"fr-FR\",\"potentialAction\":[{\"@type\":\"ReadAction\",\"target\":[\"https:\\\/\\\/autate.fr\\\/site\\\/la-tribune-metro-a-labege-jean-luc-moudenc-ne-veut-pas-jouer-petit-bras\\\/\"]}]},{\"@type\":\"ImageObject\",\"inLanguage\":\"fr-FR\",\"@id\":\"https:\\\/\\\/autate.fr\\\/site\\\/la-tribune-metro-a-labege-jean-luc-moudenc-ne-veut-pas-jouer-petit-bras\\\/#primaryimage\",\"url\":\"https:\\\/\\\/autate.fr\\\/site\\\/wp-content\\\/uploads\\\/2016\\\/04\\\/jean-luc-moudenc.jpg\",\"contentUrl\":\"https:\\\/\\\/autate.fr\\\/site\\\/wp-content\\\/uploads\\\/2016\\\/04\\\/jean-luc-moudenc.jpg\",\"width\":612,\"height\":306},{\"@type\":\"BreadcrumbList\",\"@id\":\"https:\\\/\\\/autate.fr\\\/site\\\/la-tribune-metro-a-labege-jean-luc-moudenc-ne-veut-pas-jouer-petit-bras\\\/#breadcrumb\",\"itemListElement\":[{\"@type\":\"ListItem\",\"position\":1,\"name\":\"Accueil\",\"item\":\"https:\\\/\\\/autate.fr\\\/site\\\/\"},{\"@type\":\"ListItem\",\"position\":2,\"name\":\"[La Tribune] M\u00e9tro \u00e0 Lab\u00e8ge : Jean-Luc Moudenc ne veut pas jouer \u00ab\u00a0petit bras\u00a0\u00bb\"}]},{\"@type\":\"WebSite\",\"@id\":\"https:\\\/\\\/autate.fr\\\/site\\\/#website\",\"url\":\"https:\\\/\\\/autate.fr\\\/site\\\/\",\"name\":\"AUTATE\",\"description\":\"Association des usagers des transports de l&#039;agglom\u00e9ration Toulousaine et de ses environs\",\"publisher\":{\"@id\":\"https:\\\/\\\/autate.fr\\\/site\\\/#organization\"},\"potentialAction\":[{\"@type\":\"SearchAction\",\"target\":{\"@type\":\"EntryPoint\",\"urlTemplate\":\"https:\\\/\\\/autate.fr\\\/site\\\/?s={search_term_string}\"},\"query-input\":{\"@type\":\"PropertyValueSpecification\",\"valueRequired\":true,\"valueName\":\"search_term_string\"}}],\"inLanguage\":\"fr-FR\"},{\"@type\":\"Organization\",\"@id\":\"https:\\\/\\\/autate.fr\\\/site\\\/#organization\",\"name\":\"AUTATE\",\"url\":\"https:\\\/\\\/autate.fr\\\/site\\\/\",\"logo\":{\"@type\":\"ImageObject\",\"inLanguage\":\"fr-FR\",\"@id\":\"https:\\\/\\\/autate.fr\\\/site\\\/#\\\/schema\\\/logo\\\/image\\\/\",\"url\":\"http:\\\/\\\/autate.fr\\\/site\\\/wp-content\\\/uploads\\\/2019\\\/01\\\/logo.png\",\"contentUrl\":\"http:\\\/\\\/autate.fr\\\/site\\\/wp-content\\\/uploads\\\/2019\\\/01\\\/logo.png\",\"width\":506,\"height\":280,\"caption\":\"AUTATE\"},\"image\":{\"@id\":\"https:\\\/\\\/autate.fr\\\/site\\\/#\\\/schema\\\/logo\\\/image\\\/\"},\"sameAs\":[\"https:\\\/\\\/www.facebook.com\\\/AutateToulouse\",\"https:\\\/\\\/x.com\\\/AutateToulouse\"]},{\"@type\":\"Person\",\"@id\":\"https:\\\/\\\/autate.fr\\\/site\\\/#\\\/schema\\\/person\\\/ae1ab8bdaa7b41d2a9b52d2557ce8254\",\"name\":\"pascalbarbier\",\"image\":{\"@type\":\"ImageObject\",\"inLanguage\":\"fr-FR\",\"@id\":\"https:\\\/\\\/secure.gravatar.com\\\/avatar\\\/03f4e8ced09894b72c67e83142540730d4b3bbf619bf46341b0074e3bf5f08a0?s=96&d=mm&r=g\",\"url\":\"https:\\\/\\\/secure.gravatar.com\\\/avatar\\\/03f4e8ced09894b72c67e83142540730d4b3bbf619bf46341b0074e3bf5f08a0?s=96&d=mm&r=g\",\"contentUrl\":\"https:\\\/\\\/secure.gravatar.com\\\/avatar\\\/03f4e8ced09894b72c67e83142540730d4b3bbf619bf46341b0074e3bf5f08a0?s=96&d=mm&r=g\",\"caption\":\"pascalbarbier\"},\"url\":\"https:\\\/\\\/autate.fr\\\/site\\\/author\\\/pascalbarbier\\\/\"}]}<\/script>\n<!-- \/ Yoast SEO plugin. -->","yoast_head_json":{"title":"[La Tribune] M\u00e9tro \u00e0 Lab\u00e8ge : Jean-Luc Moudenc ne veut pas jouer \"petit bras\" - AUTATE","robots":{"index":"index","follow":"follow","max-snippet":"max-snippet:-1","max-image-preview":"max-image-preview:large","max-video-preview":"max-video-preview:-1"},"canonical":"https:\/\/autate.fr\/site\/la-tribune-metro-a-labege-jean-luc-moudenc-ne-veut-pas-jouer-petit-bras\/","og_locale":"fr_FR","og_type":"article","og_title":"[La Tribune] M\u00e9tro \u00e0 Lab\u00e8ge : Jean-Luc Moudenc ne veut pas jouer \"petit bras\" - AUTATE","og_description":"Un article paru le 29\/03\/2016 Apr\u00e8s les prises de positions de plusieurs chefs d&rsquo;entreprises de Lab\u00e8ge et l&rsquo;appel d&rsquo;Alain Di Crescenzo pour une ligne de m\u00e9tro reliant Lab\u00e8ge dans les 5 ans, le pr\u00e9sident de Toulouse M\u00e9tropole a tenu \u00e0 s&rsquo;expliquer. Il souhaite offrir \u00e0 Lab\u00e8ge la \u00ab\u00a0Rolls\u00a0\u00bb des transports en commun. Le sujet n&rsquo;enVOIR PLUS","og_url":"https:\/\/autate.fr\/site\/la-tribune-metro-a-labege-jean-luc-moudenc-ne-veut-pas-jouer-petit-bras\/","og_site_name":"AUTATE","article_publisher":"https:\/\/www.facebook.com\/AutateToulouse","article_published_time":"2016-03-29T22:16:06+00:00","article_modified_time":"2016-08-10T16:08:00+00:00","og_image":[{"width":612,"height":306,"url":"https:\/\/autate.fr\/site\/wp-content\/uploads\/2016\/04\/jean-luc-moudenc.jpg","type":"image\/jpeg"}],"author":"pascalbarbier","twitter_card":"summary_large_image","twitter_creator":"@AutateToulouse","twitter_site":"@AutateToulouse","twitter_misc":{"\u00c9crit par":"pascalbarbier","Dur\u00e9e de lecture estim\u00e9e":"1 minute"},"schema":{"@context":"https:\/\/schema.org","@graph":[{"@type":"Article","@id":"https:\/\/autate.fr\/site\/la-tribune-metro-a-labege-jean-luc-moudenc-ne-veut-pas-jouer-petit-bras\/#article","isPartOf":{"@id":"https:\/\/autate.fr\/site\/la-tribune-metro-a-labege-jean-luc-moudenc-ne-veut-pas-jouer-petit-bras\/"},"author":{"name":"pascalbarbier","@id":"https:\/\/autate.fr\/site\/#\/schema\/person\/ae1ab8bdaa7b41d2a9b52d2557ce8254"},"headline":"[La Tribune] M\u00e9tro \u00e0 Lab\u00e8ge : Jean-Luc Moudenc ne veut pas jouer \u00ab\u00a0petit bras\u00a0\u00bb","datePublished":"2016-03-29T22:16:06+00:00","dateModified":"2016-08-10T16:08:00+00:00","mainEntityOfPage":{"@id":"https:\/\/autate.fr\/site\/la-tribune-metro-a-labege-jean-luc-moudenc-ne-veut-pas-jouer-petit-bras\/"},"wordCount":140,"commentCount":0,"publisher":{"@id":"https:\/\/autate.fr\/site\/#organization"},"image":{"@id":"https:\/\/autate.fr\/site\/la-tribune-metro-a-labege-jean-luc-moudenc-ne-veut-pas-jouer-petit-bras\/#primaryimage"},"thumbnailUrl":"https:\/\/autate.fr\/site\/wp-content\/uploads\/2016\/04\/jean-luc-moudenc.jpg","keywords":["JL.Moudenc","Lab\u00e8ge","ligne B","m\u00e9tro","PLB"],"articleSection":["Revue de presse"],"inLanguage":"fr-FR","potentialAction":[{"@type":"CommentAction","name":"Comment","target":["https:\/\/autate.fr\/site\/la-tribune-metro-a-labege-jean-luc-moudenc-ne-veut-pas-jouer-petit-bras\/#respond"]}]},{"@type":"WebPage","@id":"https:\/\/autate.fr\/site\/la-tribune-metro-a-labege-jean-luc-moudenc-ne-veut-pas-jouer-petit-bras\/","url":"https:\/\/autate.fr\/site\/la-tribune-metro-a-labege-jean-luc-moudenc-ne-veut-pas-jouer-petit-bras\/","name":"[La Tribune] M\u00e9tro \u00e0 Lab\u00e8ge : Jean-Luc Moudenc ne veut pas jouer \"petit bras\" - AUTATE","isPartOf":{"@id":"https:\/\/autate.fr\/site\/#website"},"primaryImageOfPage":{"@id":"https:\/\/autate.fr\/site\/la-tribune-metro-a-labege-jean-luc-moudenc-ne-veut-pas-jouer-petit-bras\/#primaryimage"},"image":{"@id":"https:\/\/autate.fr\/site\/la-tribune-metro-a-labege-jean-luc-moudenc-ne-veut-pas-jouer-petit-bras\/#primaryimage"},"thumbnailUrl":"https:\/\/autate.fr\/site\/wp-content\/uploads\/2016\/04\/jean-luc-moudenc.jpg","datePublished":"2016-03-29T22:16:06+00:00","dateModified":"2016-08-10T16:08:00+00:00","breadcrumb":{"@id":"https:\/\/autate.fr\/site\/la-tribune-metro-a-labege-jean-luc-moudenc-ne-veut-pas-jouer-petit-bras\/#breadcrumb"},"inLanguage":"fr-FR","potentialAction":[{"@type":"ReadAction","target":["https:\/\/autate.fr\/site\/la-tribune-metro-a-labege-jean-luc-moudenc-ne-veut-pas-jouer-petit-bras\/"]}]},{"@type":"ImageObject","inLanguage":"fr-FR","@id":"https:\/\/autate.fr\/site\/la-tribune-metro-a-labege-jean-luc-moudenc-ne-veut-pas-jouer-petit-bras\/#primaryimage","url":"https:\/\/autate.fr\/site\/wp-content\/uploads\/2016\/04\/jean-luc-moudenc.jpg","contentUrl":"https:\/\/autate.fr\/site\/wp-content\/uploads\/2016\/04\/jean-luc-moudenc.jpg","width":612,"height":306},{"@type":"BreadcrumbList","@id":"https:\/\/autate.fr\/site\/la-tribune-metro-a-labege-jean-luc-moudenc-ne-veut-pas-jouer-petit-bras\/#breadcrumb","itemListElement":[{"@type":"ListItem","position":1,"name":"Accueil","item":"https:\/\/autate.fr\/site\/"},{"@type":"ListItem","position":2,"name":"[La Tribune] M\u00e9tro \u00e0 Lab\u00e8ge : Jean-Luc Moudenc ne veut pas jouer \u00ab\u00a0petit bras\u00a0\u00bb"}]},{"@type":"WebSite","@id":"https:\/\/autate.fr\/site\/#website","url":"https:\/\/autate.fr\/site\/","name":"AUTATE","description":"Association des usagers des transports de l&#039;agglom\u00e9ration Toulousaine et de ses environs","publisher":{"@id":"https:\/\/autate.fr\/site\/#organization"},"potentialAction":[{"@type":"SearchAction","target":{"@type":"EntryPoint","urlTemplate":"https:\/\/autate.fr\/site\/?s={search_term_string}"},"query-input":{"@type":"PropertyValueSpecification","valueRequired":true,"valueName":"search_term_string"}}],"inLanguage":"fr-FR"},{"@type":"Organization","@id":"https:\/\/autate.fr\/site\/#organization","name":"AUTATE","url":"https:\/\/autate.fr\/site\/","logo":{"@type":"ImageObject","inLanguage":"fr-FR","@id":"https:\/\/autate.fr\/site\/#\/schema\/logo\/image\/","url":"http:\/\/autate.fr\/site\/wp-content\/uploads\/2019\/01\/logo.png","contentUrl":"http:\/\/autate.fr\/site\/wp-content\/uploads\/2019\/01\/logo.png","width":506,"height":280,"caption":"AUTATE"},"image":{"@id":"https:\/\/autate.fr\/site\/#\/schema\/logo\/image\/"},"sameAs":["https:\/\/www.facebook.com\/AutateToulouse","https:\/\/x.com\/AutateToulouse"]},{"@type":"Person","@id":"https:\/\/autate.fr\/site\/#\/schema\/person\/ae1ab8bdaa7b41d2a9b52d2557ce8254","name":"pascalbarbier","image":{"@type":"ImageObject","inLanguage":"fr-FR","@id":"https:\/\/secure.gravatar.com\/avatar\/03f4e8ced09894b72c67e83142540730d4b3bbf619bf46341b0074e3bf5f08a0?s=96&d=mm&r=g","url":"https:\/\/secure.gravatar.com\/avatar\/03f4e8ced09894b72c67e83142540730d4b3bbf619bf46341b0074e3bf5f08a0?s=96&d=mm&r=g","contentUrl":"https:\/\/secure.gravatar.com\/avatar\/03f4e8ced09894b72c67e83142540730d4b3bbf619bf46341b0074e3bf5f08a0?s=96&d=mm&r=g","caption":"pascalbarbier"},"url":"https:\/\/autate.fr\/site\/author\/pascalbarbier\/"}]}},"_links":{"self":[{"href":"https:\/\/autate.fr\/site\/wp-json\/wp\/v2\/posts\/461","targetHints":{"allow":["GET"]}}],"collection":[{"href":"https:\/\/autate.fr\/site\/wp-json\/wp\/v2\/posts"}],"about":[{"href":"https:\/\/autate.fr\/site\/wp-json\/wp\/v2\/types\/post"}],"author":[{"embeddable":true,"href":"https:\/\/autate.fr\/site\/wp-json\/wp\/v2\/users\/1"}],"replies":[{"embeddable":true,"href":"https:\/\/autate.fr\/site\/wp-json\/wp\/v2\/comments?post=461"}],"version-history":[{"count":1,"href":"https:\/\/autate.fr\/site\/wp-json\/wp\/v2\/posts\/461\/revisions"}],"predecessor-version":[{"id":463,"href":"https:\/\/autate.fr\/site\/wp-json\/wp\/v2\/posts\/461\/revisions\/463"}],"wp:featuredmedia":[{"embeddable":true,"href":"https:\/\/autate.fr\/site\/wp-json\/wp\/v2\/media\/462"}],"wp:attachment":[{"href":"https:\/\/autate.fr\/site\/wp-json\/wp\/v2\/media?parent=461"}],"wp:term":[{"taxonomy":"category","embeddable":true,"href":"https:\/\/autate.fr\/site\/wp-json\/wp\/v2\/categories?post=461"},{"taxonomy":"post_tag","embeddable":true,"href":"https:\/\/autate.fr\/site\/wp-json\/wp\/v2\/tags?post=461"}],"curies":[{"name":"wp","href":"https:\/\/api.w.org\/{rel}","templated":true}]}}