{"id":457,"date":"2016-03-26T10:43:29","date_gmt":"2016-03-26T09:43:29","guid":{"rendered":"http:\/\/autate.fr\/site\/?p=457"},"modified":"2016-08-10T18:10:34","modified_gmt":"2016-08-10T16:10:34","slug":"la-tribune-metro-a-labege-alain-di-crescenzo-ccit-31-veut-une-ligne-dans-les-5-ans","status":"publish","type":"post","link":"https:\/\/autate.fr\/site\/la-tribune-metro-a-labege-alain-di-crescenzo-ccit-31-veut-une-ligne-dans-les-5-ans\/","title":{"rendered":"[La Tribune] M\u00e9tro \u00e0 Lab\u00e8ge : Alain Di Crescenzo (CCIT 31) veut une ligne \u00ab\u00a0dans les 5 ans\u00a0\u00bb"},"content":{"rendered":"<p>Un article de Sophie Arutunian paru le 25\/03\/2016<\/p>\n<p>Le pr\u00e9sident de la CCI de Toulouse 31 r\u00e9agit au dossier qui agite en ce moment Toulouse et le Sicoval : la desserte de Lab\u00e8ge par le m\u00e9tro. Alain Di Crescenzo souhaite une reprise du dialogue entre Toulouse M\u00e9tropole et le Sicoval : \u00ab\u00a0Il faut trouver un compromis pour que le m\u00e9tro arrive au Sicoval dans les 5 ans \u00e0 venir. On ne peut pas se permettre un \u00e9chec sur ce dossier.\u00a0\u00bb Interview.<\/p>\n<p><strong>\u00cates-vous pour le prolongement de la ligne B du m\u00e9tro \u00e0 Lab\u00e8ge, <a href=\"http:\/\/objectifnews.latribune.fr\/economie\/developpement-economique\/2016-02-29\/metro-a-labege-le-projet-definitivement-enterre-selon-arnaud-lafon.html\">un projet que Jean-Luc Moudenc ne soutient pas<\/a>\u00a0?<\/strong><\/p>\n<p>Je ne rentre pas dans le d\u00e9bat de savoir quel est le meilleur projet, le PLB ou la 3e ligne (la ligne TAE, NDLR). Ce que je veux, c&rsquo;est que le m\u00e9tro desserve plusieurs points du Sicoval, et ce dans les meilleurs d\u00e9lais. D&rsquo;ici cinq \u00e0 six ans maximum, pour \u00eatre raisonnable. Pour cela, il faut que le <a href=\"http:\/\/objectifnews.latribune.fr\/politique\/territoires\/2016-03-18\/metro-a-labege-jacques-oberti-president-du-sicoval-ne-renonce-pas-au-projet-plb.html\">Sicoval <\/a>et <a href=\"http:\/\/objectifnews.latribune.fr\/politique\/debats\/2016-03-08\/telepherique-urbain-et-metro-la-proposition-de-jean-luc-moudenc-pour-le-sud-est-toulousain.html\">Toulouse M\u00e9tropole<\/a> trouvent un compromis rapidement.<\/p>\n<p><a href=\"http:\/\/objectifnews.latribune.fr\/politique\/territoires\/2016-03-25\/metro-a-labege-alain-di-crescenzo-ccit-31-veut-une-ligne-dans-les-5-ans.html\" target=\"_blank\">lire la suite<\/a><\/p>\n<p>&nbsp;<\/p>\n","protected":false},"excerpt":{"rendered":"<p>Un article de Sophie Arutunian paru le 25\/03\/2016 Le pr\u00e9sident de la CCI de Toulouse 31 r\u00e9agit au dossier qui agite en ce moment Toulouse et le Sicoval : la desserte de Lab\u00e8ge par le m\u00e9tro. Alain Di Crescenzo souhaite une reprise du dialogue entre Toulouse M\u00e9tropole et le Sicoval : \u00ab\u00a0Il faut trouver un<\/p>\n<p class=\"more-link\"><a href=\"https:\/\/autate.fr\/site\/la-tribune-metro-a-labege-alain-di-crescenzo-ccit-31-veut-une-ligne-dans-les-5-ans\/\" class=\"themebutton2\">VOIR PLUS<\/a><\/p>\n","protected":false},"author":1,"featured_media":458,"comment_status":"open","ping_status":"open","sticky":false,"template":"","format":"standard","meta":{"footnotes":""},"categories":[7],"tags":[241,132,153,18,12,23,134],"class_list":["post-457","post","type-post","status-publish","format-standard","has-post-thumbnail","hentry","category-revue-de-presse","tag-a-di-crescenzo","tag-cci","tag-jl-moudenc","tag-ligne-b","tag-metro","tag-sicoval","tag-toulousemetropole"],"yoast_head":"<!-- This site is optimized with the Yoast SEO plugin v27.4 - https:\/\/yoast.com\/product\/yoast-seo-wordpress\/ -->\n<title>[La Tribune] M\u00e9tro \u00e0 Lab\u00e8ge : Alain Di Crescenzo (CCIT 31) veut une ligne &quot;dans les 5 ans&quot; - AUTATE<\/title>\n<meta name=\"robots\" content=\"index, follow, max-snippet:-1, max-image-preview:large, max-video-preview:-1\" \/>\n<link rel=\"canonical\" href=\"https:\/\/autate.fr\/site\/la-tribune-metro-a-labege-alain-di-crescenzo-ccit-31-veut-une-ligne-dans-les-5-ans\/\" \/>\n<meta property=\"og:locale\" content=\"fr_FR\" \/>\n<meta property=\"og:type\" content=\"article\" \/>\n<meta property=\"og:title\" content=\"[La Tribune] M\u00e9tro \u00e0 Lab\u00e8ge : Alain Di Crescenzo (CCIT 31) veut une ligne &quot;dans les 5 ans&quot; - AUTATE\" \/>\n<meta property=\"og:description\" content=\"Un article de Sophie Arutunian paru le 25\/03\/2016 Le pr\u00e9sident de la CCI de Toulouse 31 r\u00e9agit au dossier qui agite en ce moment Toulouse et le Sicoval : la desserte de Lab\u00e8ge par le m\u00e9tro. Alain Di Crescenzo souhaite une reprise du dialogue entre Toulouse M\u00e9tropole et le Sicoval : \u00ab\u00a0Il faut trouver unVOIR PLUS\" \/>\n<meta property=\"og:url\" content=\"https:\/\/autate.fr\/site\/la-tribune-metro-a-labege-alain-di-crescenzo-ccit-31-veut-une-ligne-dans-les-5-ans\/\" \/>\n<meta property=\"og:site_name\" content=\"AUTATE\" \/>\n<meta property=\"article:publisher\" content=\"https:\/\/www.facebook.com\/AutateToulouse\" \/>\n<meta property=\"article:published_time\" content=\"2016-03-26T09:43:29+00:00\" \/>\n<meta property=\"article:modified_time\" content=\"2016-08-10T16:10:34+00:00\" \/>\n<meta property=\"og:image\" content=\"https:\/\/autate.fr\/site\/wp-content\/uploads\/2016\/04\/alain-di-crescenzo.jpg\" \/>\n\t<meta property=\"og:image:width\" content=\"612\" \/>\n\t<meta property=\"og:image:height\" content=\"306\" \/>\n\t<meta property=\"og:image:type\" content=\"image\/jpeg\" \/>\n<meta name=\"author\" content=\"pascalbarbier\" \/>\n<meta name=\"twitter:card\" content=\"summary_large_image\" \/>\n<meta name=\"twitter:creator\" content=\"@AutateToulouse\" \/>\n<meta name=\"twitter:site\" content=\"@AutateToulouse\" \/>\n<meta name=\"twitter:label1\" content=\"\u00c9crit par\" \/>\n\t<meta name=\"twitter:data1\" content=\"pascalbarbier\" \/>\n\t<meta name=\"twitter:label2\" content=\"Dur\u00e9e de lecture estim\u00e9e\" \/>\n\t<meta name=\"twitter:data2\" content=\"1 minute\" \/>\n<script type=\"application\/ld+json\" class=\"yoast-schema-graph\">{\"@context\":\"https:\\\/\\\/schema.org\",\"@graph\":[{\"@type\":\"Article\",\"@id\":\"https:\\\/\\\/autate.fr\\\/site\\\/la-tribune-metro-a-labege-alain-di-crescenzo-ccit-31-veut-une-ligne-dans-les-5-ans\\\/#article\",\"isPartOf\":{\"@id\":\"https:\\\/\\\/autate.fr\\\/site\\\/la-tribune-metro-a-labege-alain-di-crescenzo-ccit-31-veut-une-ligne-dans-les-5-ans\\\/\"},\"author\":{\"name\":\"pascalbarbier\",\"@id\":\"https:\\\/\\\/autate.fr\\\/site\\\/#\\\/schema\\\/person\\\/ae1ab8bdaa7b41d2a9b52d2557ce8254\"},\"headline\":\"[La Tribune] M\u00e9tro \u00e0 Lab\u00e8ge : Alain Di Crescenzo (CCIT 31) veut une ligne \u00ab\u00a0dans les 5 ans\u00a0\u00bb\",\"datePublished\":\"2016-03-26T09:43:29+00:00\",\"dateModified\":\"2016-08-10T16:10:34+00:00\",\"mainEntityOfPage\":{\"@id\":\"https:\\\/\\\/autate.fr\\\/site\\\/la-tribune-metro-a-labege-alain-di-crescenzo-ccit-31-veut-une-ligne-dans-les-5-ans\\\/\"},\"wordCount\":191,\"commentCount\":0,\"publisher\":{\"@id\":\"https:\\\/\\\/autate.fr\\\/site\\\/#organization\"},\"image\":{\"@id\":\"https:\\\/\\\/autate.fr\\\/site\\\/la-tribune-metro-a-labege-alain-di-crescenzo-ccit-31-veut-une-ligne-dans-les-5-ans\\\/#primaryimage\"},\"thumbnailUrl\":\"https:\\\/\\\/autate.fr\\\/site\\\/wp-content\\\/uploads\\\/2016\\\/04\\\/alain-di-crescenzo.jpg\",\"keywords\":[\"A.Di Crescenzo\",\"CCI\",\"JL.Moudenc\",\"ligne B\",\"m\u00e9tro\",\"Sicoval\",\"ToulouseM\u00e9tropole\"],\"articleSection\":[\"Revue de presse\"],\"inLanguage\":\"fr-FR\",\"potentialAction\":[{\"@type\":\"CommentAction\",\"name\":\"Comment\",\"target\":[\"https:\\\/\\\/autate.fr\\\/site\\\/la-tribune-metro-a-labege-alain-di-crescenzo-ccit-31-veut-une-ligne-dans-les-5-ans\\\/#respond\"]}]},{\"@type\":\"WebPage\",\"@id\":\"https:\\\/\\\/autate.fr\\\/site\\\/la-tribune-metro-a-labege-alain-di-crescenzo-ccit-31-veut-une-ligne-dans-les-5-ans\\\/\",\"url\":\"https:\\\/\\\/autate.fr\\\/site\\\/la-tribune-metro-a-labege-alain-di-crescenzo-ccit-31-veut-une-ligne-dans-les-5-ans\\\/\",\"name\":\"[La Tribune] M\u00e9tro \u00e0 Lab\u00e8ge : Alain Di Crescenzo (CCIT 31) veut une ligne \\\"dans les 5 ans\\\" - AUTATE\",\"isPartOf\":{\"@id\":\"https:\\\/\\\/autate.fr\\\/site\\\/#website\"},\"primaryImageOfPage\":{\"@id\":\"https:\\\/\\\/autate.fr\\\/site\\\/la-tribune-metro-a-labege-alain-di-crescenzo-ccit-31-veut-une-ligne-dans-les-5-ans\\\/#primaryimage\"},\"image\":{\"@id\":\"https:\\\/\\\/autate.fr\\\/site\\\/la-tribune-metro-a-labege-alain-di-crescenzo-ccit-31-veut-une-ligne-dans-les-5-ans\\\/#primaryimage\"},\"thumbnailUrl\":\"https:\\\/\\\/autate.fr\\\/site\\\/wp-content\\\/uploads\\\/2016\\\/04\\\/alain-di-crescenzo.jpg\",\"datePublished\":\"2016-03-26T09:43:29+00:00\",\"dateModified\":\"2016-08-10T16:10:34+00:00\",\"breadcrumb\":{\"@id\":\"https:\\\/\\\/autate.fr\\\/site\\\/la-tribune-metro-a-labege-alain-di-crescenzo-ccit-31-veut-une-ligne-dans-les-5-ans\\\/#breadcrumb\"},\"inLanguage\":\"fr-FR\",\"potentialAction\":[{\"@type\":\"ReadAction\",\"target\":[\"https:\\\/\\\/autate.fr\\\/site\\\/la-tribune-metro-a-labege-alain-di-crescenzo-ccit-31-veut-une-ligne-dans-les-5-ans\\\/\"]}]},{\"@type\":\"ImageObject\",\"inLanguage\":\"fr-FR\",\"@id\":\"https:\\\/\\\/autate.fr\\\/site\\\/la-tribune-metro-a-labege-alain-di-crescenzo-ccit-31-veut-une-ligne-dans-les-5-ans\\\/#primaryimage\",\"url\":\"https:\\\/\\\/autate.fr\\\/site\\\/wp-content\\\/uploads\\\/2016\\\/04\\\/alain-di-crescenzo.jpg\",\"contentUrl\":\"https:\\\/\\\/autate.fr\\\/site\\\/wp-content\\\/uploads\\\/2016\\\/04\\\/alain-di-crescenzo.jpg\",\"width\":612,\"height\":306},{\"@type\":\"BreadcrumbList\",\"@id\":\"https:\\\/\\\/autate.fr\\\/site\\\/la-tribune-metro-a-labege-alain-di-crescenzo-ccit-31-veut-une-ligne-dans-les-5-ans\\\/#breadcrumb\",\"itemListElement\":[{\"@type\":\"ListItem\",\"position\":1,\"name\":\"Accueil\",\"item\":\"https:\\\/\\\/autate.fr\\\/site\\\/\"},{\"@type\":\"ListItem\",\"position\":2,\"name\":\"[La Tribune] M\u00e9tro \u00e0 Lab\u00e8ge : Alain Di Crescenzo (CCIT 31) veut une ligne \u00ab\u00a0dans les 5 ans\u00a0\u00bb\"}]},{\"@type\":\"WebSite\",\"@id\":\"https:\\\/\\\/autate.fr\\\/site\\\/#website\",\"url\":\"https:\\\/\\\/autate.fr\\\/site\\\/\",\"name\":\"AUTATE\",\"description\":\"Association des usagers des transports de l&#039;agglom\u00e9ration Toulousaine et de ses environs\",\"publisher\":{\"@id\":\"https:\\\/\\\/autate.fr\\\/site\\\/#organization\"},\"potentialAction\":[{\"@type\":\"SearchAction\",\"target\":{\"@type\":\"EntryPoint\",\"urlTemplate\":\"https:\\\/\\\/autate.fr\\\/site\\\/?s={search_term_string}\"},\"query-input\":{\"@type\":\"PropertyValueSpecification\",\"valueRequired\":true,\"valueName\":\"search_term_string\"}}],\"inLanguage\":\"fr-FR\"},{\"@type\":\"Organization\",\"@id\":\"https:\\\/\\\/autate.fr\\\/site\\\/#organization\",\"name\":\"AUTATE\",\"url\":\"https:\\\/\\\/autate.fr\\\/site\\\/\",\"logo\":{\"@type\":\"ImageObject\",\"inLanguage\":\"fr-FR\",\"@id\":\"https:\\\/\\\/autate.fr\\\/site\\\/#\\\/schema\\\/logo\\\/image\\\/\",\"url\":\"http:\\\/\\\/autate.fr\\\/site\\\/wp-content\\\/uploads\\\/2019\\\/01\\\/logo.png\",\"contentUrl\":\"http:\\\/\\\/autate.fr\\\/site\\\/wp-content\\\/uploads\\\/2019\\\/01\\\/logo.png\",\"width\":506,\"height\":280,\"caption\":\"AUTATE\"},\"image\":{\"@id\":\"https:\\\/\\\/autate.fr\\\/site\\\/#\\\/schema\\\/logo\\\/image\\\/\"},\"sameAs\":[\"https:\\\/\\\/www.facebook.com\\\/AutateToulouse\",\"https:\\\/\\\/x.com\\\/AutateToulouse\"]},{\"@type\":\"Person\",\"@id\":\"https:\\\/\\\/autate.fr\\\/site\\\/#\\\/schema\\\/person\\\/ae1ab8bdaa7b41d2a9b52d2557ce8254\",\"name\":\"pascalbarbier\",\"image\":{\"@type\":\"ImageObject\",\"inLanguage\":\"fr-FR\",\"@id\":\"https:\\\/\\\/secure.gravatar.com\\\/avatar\\\/03f4e8ced09894b72c67e83142540730d4b3bbf619bf46341b0074e3bf5f08a0?s=96&d=mm&r=g\",\"url\":\"https:\\\/\\\/secure.gravatar.com\\\/avatar\\\/03f4e8ced09894b72c67e83142540730d4b3bbf619bf46341b0074e3bf5f08a0?s=96&d=mm&r=g\",\"contentUrl\":\"https:\\\/\\\/secure.gravatar.com\\\/avatar\\\/03f4e8ced09894b72c67e83142540730d4b3bbf619bf46341b0074e3bf5f08a0?s=96&d=mm&r=g\",\"caption\":\"pascalbarbier\"},\"url\":\"https:\\\/\\\/autate.fr\\\/site\\\/author\\\/pascalbarbier\\\/\"}]}<\/script>\n<!-- \/ Yoast SEO plugin. -->","yoast_head_json":{"title":"[La Tribune] M\u00e9tro \u00e0 Lab\u00e8ge : Alain Di Crescenzo (CCIT 31) veut une ligne \"dans les 5 ans\" - AUTATE","robots":{"index":"index","follow":"follow","max-snippet":"max-snippet:-1","max-image-preview":"max-image-preview:large","max-video-preview":"max-video-preview:-1"},"canonical":"https:\/\/autate.fr\/site\/la-tribune-metro-a-labege-alain-di-crescenzo-ccit-31-veut-une-ligne-dans-les-5-ans\/","og_locale":"fr_FR","og_type":"article","og_title":"[La Tribune] M\u00e9tro \u00e0 Lab\u00e8ge : Alain Di Crescenzo (CCIT 31) veut une ligne \"dans les 5 ans\" - AUTATE","og_description":"Un article de Sophie Arutunian paru le 25\/03\/2016 Le pr\u00e9sident de la CCI de Toulouse 31 r\u00e9agit au dossier qui agite en ce moment Toulouse et le Sicoval : la desserte de Lab\u00e8ge par le m\u00e9tro. Alain Di Crescenzo souhaite une reprise du dialogue entre Toulouse M\u00e9tropole et le Sicoval : \u00ab\u00a0Il faut trouver unVOIR PLUS","og_url":"https:\/\/autate.fr\/site\/la-tribune-metro-a-labege-alain-di-crescenzo-ccit-31-veut-une-ligne-dans-les-5-ans\/","og_site_name":"AUTATE","article_publisher":"https:\/\/www.facebook.com\/AutateToulouse","article_published_time":"2016-03-26T09:43:29+00:00","article_modified_time":"2016-08-10T16:10:34+00:00","og_image":[{"width":612,"height":306,"url":"https:\/\/autate.fr\/site\/wp-content\/uploads\/2016\/04\/alain-di-crescenzo.jpg","type":"image\/jpeg"}],"author":"pascalbarbier","twitter_card":"summary_large_image","twitter_creator":"@AutateToulouse","twitter_site":"@AutateToulouse","twitter_misc":{"\u00c9crit par":"pascalbarbier","Dur\u00e9e de lecture estim\u00e9e":"1 minute"},"schema":{"@context":"https:\/\/schema.org","@graph":[{"@type":"Article","@id":"https:\/\/autate.fr\/site\/la-tribune-metro-a-labege-alain-di-crescenzo-ccit-31-veut-une-ligne-dans-les-5-ans\/#article","isPartOf":{"@id":"https:\/\/autate.fr\/site\/la-tribune-metro-a-labege-alain-di-crescenzo-ccit-31-veut-une-ligne-dans-les-5-ans\/"},"author":{"name":"pascalbarbier","@id":"https:\/\/autate.fr\/site\/#\/schema\/person\/ae1ab8bdaa7b41d2a9b52d2557ce8254"},"headline":"[La Tribune] M\u00e9tro \u00e0 Lab\u00e8ge : Alain Di Crescenzo (CCIT 31) veut une ligne \u00ab\u00a0dans les 5 ans\u00a0\u00bb","datePublished":"2016-03-26T09:43:29+00:00","dateModified":"2016-08-10T16:10:34+00:00","mainEntityOfPage":{"@id":"https:\/\/autate.fr\/site\/la-tribune-metro-a-labege-alain-di-crescenzo-ccit-31-veut-une-ligne-dans-les-5-ans\/"},"wordCount":191,"commentCount":0,"publisher":{"@id":"https:\/\/autate.fr\/site\/#organization"},"image":{"@id":"https:\/\/autate.fr\/site\/la-tribune-metro-a-labege-alain-di-crescenzo-ccit-31-veut-une-ligne-dans-les-5-ans\/#primaryimage"},"thumbnailUrl":"https:\/\/autate.fr\/site\/wp-content\/uploads\/2016\/04\/alain-di-crescenzo.jpg","keywords":["A.Di Crescenzo","CCI","JL.Moudenc","ligne B","m\u00e9tro","Sicoval","ToulouseM\u00e9tropole"],"articleSection":["Revue de presse"],"inLanguage":"fr-FR","potentialAction":[{"@type":"CommentAction","name":"Comment","target":["https:\/\/autate.fr\/site\/la-tribune-metro-a-labege-alain-di-crescenzo-ccit-31-veut-une-ligne-dans-les-5-ans\/#respond"]}]},{"@type":"WebPage","@id":"https:\/\/autate.fr\/site\/la-tribune-metro-a-labege-alain-di-crescenzo-ccit-31-veut-une-ligne-dans-les-5-ans\/","url":"https:\/\/autate.fr\/site\/la-tribune-metro-a-labege-alain-di-crescenzo-ccit-31-veut-une-ligne-dans-les-5-ans\/","name":"[La Tribune] M\u00e9tro \u00e0 Lab\u00e8ge : Alain Di Crescenzo (CCIT 31) veut une ligne \"dans les 5 ans\" - AUTATE","isPartOf":{"@id":"https:\/\/autate.fr\/site\/#website"},"primaryImageOfPage":{"@id":"https:\/\/autate.fr\/site\/la-tribune-metro-a-labege-alain-di-crescenzo-ccit-31-veut-une-ligne-dans-les-5-ans\/#primaryimage"},"image":{"@id":"https:\/\/autate.fr\/site\/la-tribune-metro-a-labege-alain-di-crescenzo-ccit-31-veut-une-ligne-dans-les-5-ans\/#primaryimage"},"thumbnailUrl":"https:\/\/autate.fr\/site\/wp-content\/uploads\/2016\/04\/alain-di-crescenzo.jpg","datePublished":"2016-03-26T09:43:29+00:00","dateModified":"2016-08-10T16:10:34+00:00","breadcrumb":{"@id":"https:\/\/autate.fr\/site\/la-tribune-metro-a-labege-alain-di-crescenzo-ccit-31-veut-une-ligne-dans-les-5-ans\/#breadcrumb"},"inLanguage":"fr-FR","potentialAction":[{"@type":"ReadAction","target":["https:\/\/autate.fr\/site\/la-tribune-metro-a-labege-alain-di-crescenzo-ccit-31-veut-une-ligne-dans-les-5-ans\/"]}]},{"@type":"ImageObject","inLanguage":"fr-FR","@id":"https:\/\/autate.fr\/site\/la-tribune-metro-a-labege-alain-di-crescenzo-ccit-31-veut-une-ligne-dans-les-5-ans\/#primaryimage","url":"https:\/\/autate.fr\/site\/wp-content\/uploads\/2016\/04\/alain-di-crescenzo.jpg","contentUrl":"https:\/\/autate.fr\/site\/wp-content\/uploads\/2016\/04\/alain-di-crescenzo.jpg","width":612,"height":306},{"@type":"BreadcrumbList","@id":"https:\/\/autate.fr\/site\/la-tribune-metro-a-labege-alain-di-crescenzo-ccit-31-veut-une-ligne-dans-les-5-ans\/#breadcrumb","itemListElement":[{"@type":"ListItem","position":1,"name":"Accueil","item":"https:\/\/autate.fr\/site\/"},{"@type":"ListItem","position":2,"name":"[La Tribune] M\u00e9tro \u00e0 Lab\u00e8ge : Alain Di Crescenzo (CCIT 31) veut une ligne \u00ab\u00a0dans les 5 ans\u00a0\u00bb"}]},{"@type":"WebSite","@id":"https:\/\/autate.fr\/site\/#website","url":"https:\/\/autate.fr\/site\/","name":"AUTATE","description":"Association des usagers des transports de l&#039;agglom\u00e9ration Toulousaine et de ses environs","publisher":{"@id":"https:\/\/autate.fr\/site\/#organization"},"potentialAction":[{"@type":"SearchAction","target":{"@type":"EntryPoint","urlTemplate":"https:\/\/autate.fr\/site\/?s={search_term_string}"},"query-input":{"@type":"PropertyValueSpecification","valueRequired":true,"valueName":"search_term_string"}}],"inLanguage":"fr-FR"},{"@type":"Organization","@id":"https:\/\/autate.fr\/site\/#organization","name":"AUTATE","url":"https:\/\/autate.fr\/site\/","logo":{"@type":"ImageObject","inLanguage":"fr-FR","@id":"https:\/\/autate.fr\/site\/#\/schema\/logo\/image\/","url":"http:\/\/autate.fr\/site\/wp-content\/uploads\/2019\/01\/logo.png","contentUrl":"http:\/\/autate.fr\/site\/wp-content\/uploads\/2019\/01\/logo.png","width":506,"height":280,"caption":"AUTATE"},"image":{"@id":"https:\/\/autate.fr\/site\/#\/schema\/logo\/image\/"},"sameAs":["https:\/\/www.facebook.com\/AutateToulouse","https:\/\/x.com\/AutateToulouse"]},{"@type":"Person","@id":"https:\/\/autate.fr\/site\/#\/schema\/person\/ae1ab8bdaa7b41d2a9b52d2557ce8254","name":"pascalbarbier","image":{"@type":"ImageObject","inLanguage":"fr-FR","@id":"https:\/\/secure.gravatar.com\/avatar\/03f4e8ced09894b72c67e83142540730d4b3bbf619bf46341b0074e3bf5f08a0?s=96&d=mm&r=g","url":"https:\/\/secure.gravatar.com\/avatar\/03f4e8ced09894b72c67e83142540730d4b3bbf619bf46341b0074e3bf5f08a0?s=96&d=mm&r=g","contentUrl":"https:\/\/secure.gravatar.com\/avatar\/03f4e8ced09894b72c67e83142540730d4b3bbf619bf46341b0074e3bf5f08a0?s=96&d=mm&r=g","caption":"pascalbarbier"},"url":"https:\/\/autate.fr\/site\/author\/pascalbarbier\/"}]}},"_links":{"self":[{"href":"https:\/\/autate.fr\/site\/wp-json\/wp\/v2\/posts\/457","targetHints":{"allow":["GET"]}}],"collection":[{"href":"https:\/\/autate.fr\/site\/wp-json\/wp\/v2\/posts"}],"about":[{"href":"https:\/\/autate.fr\/site\/wp-json\/wp\/v2\/types\/post"}],"author":[{"embeddable":true,"href":"https:\/\/autate.fr\/site\/wp-json\/wp\/v2\/users\/1"}],"replies":[{"embeddable":true,"href":"https:\/\/autate.fr\/site\/wp-json\/wp\/v2\/comments?post=457"}],"version-history":[{"count":1,"href":"https:\/\/autate.fr\/site\/wp-json\/wp\/v2\/posts\/457\/revisions"}],"predecessor-version":[{"id":459,"href":"https:\/\/autate.fr\/site\/wp-json\/wp\/v2\/posts\/457\/revisions\/459"}],"wp:featuredmedia":[{"embeddable":true,"href":"https:\/\/autate.fr\/site\/wp-json\/wp\/v2\/media\/458"}],"wp:attachment":[{"href":"https:\/\/autate.fr\/site\/wp-json\/wp\/v2\/media?parent=457"}],"wp:term":[{"taxonomy":"category","embeddable":true,"href":"https:\/\/autate.fr\/site\/wp-json\/wp\/v2\/categories?post=457"},{"taxonomy":"post_tag","embeddable":true,"href":"https:\/\/autate.fr\/site\/wp-json\/wp\/v2\/tags?post=457"}],"curies":[{"name":"wp","href":"https:\/\/api.w.org\/{rel}","templated":true}]}}