{"id":454,"date":"2016-03-30T10:38:39","date_gmt":"2016-03-30T08:38:39","guid":{"rendered":"http:\/\/autate.fr\/site\/?p=454"},"modified":"2016-04-15T10:42:53","modified_gmt":"2016-04-15T08:42:53","slug":"actucotetoulouse-les-trois-choses-a-savoir-du-projet-matabiau-alors-que-la-grande-concertation-demarre","status":"publish","type":"post","link":"https:\/\/autate.fr\/site\/actucotetoulouse-les-trois-choses-a-savoir-du-projet-matabiau-alors-que-la-grande-concertation-demarre\/","title":{"rendered":"[actuC\u00f4t\u00e9Toulouse] Les trois choses \u00e0 savoir du projet Matabiau alors que la grande concertation d\u00e9marre"},"content":{"rendered":"<p>Un article de David St-Sernin paru le 29\/03\/2016<\/p>\n<h2 class=\"bigger mts mbs\" data-role=\"chapo\">Mardi 29 mars 2016 d\u00e9marre la concertation sur le projet Toulouse Euro Sud-Ouest (TESO). Voici ce qu&rsquo;il faut savoir sur le projet du futur quartier de la gare Matabiau.<\/h2>\n<p>\u00c0 partir du mardi 29 mars 2016 d\u00e9bute la phase de concertation r\u00e8glementaire du projet urbain Toulouse Euro Sud Ouest (TESO). Une concertation qui va s\u2019\u00e9tirer \u00a0jusqu\u2019au 28 juin 2016. Pendant trois mois, le dossier de concertation et le registre recueillant les avis et observations seront mis \u00e0 disposition du public au si\u00e8ge de Toulouse M\u00e9tropole, au Capitole, dans les mairies annexes de Bonnefoy, des Minimes et de la Roseraie et sur le site internet d\u00e9di\u00e9 <a href=\"http:\/\/www.toulouse-eurosudouest.eu\/\" target=\"_blank\">www.toulouse-eurosudouest.eu.<\/a><\/p>\n<p>Le moment fort de la concertation sera la r\u00e9union publique qui sera organis\u00e9e le jeudi 12 mai \u00e0 18h30 aux Espaces Vanel de l\u2019arche Marengo, en pr\u00e9sence de l\u2019ensemble des acteurs du projet.<\/p>\n<p>Avant ceci, pour bien comprendre l\u2019ensemble des enjeux, nous vous rappelons les trois choses \u00e0 savoir de ce grand projet du centre-ville de Toulouse.<\/p>\n<p><a href=\"http:\/\/actu.cotetoulouse.fr\/toulouse-trois-choses-savoir-projet-matabiau-grande-concertation-demarre_32617\/\" target=\"_blank\">lire la suite<\/a><\/p>\n","protected":false},"excerpt":{"rendered":"<p>Un article de David St-Sernin paru le 29\/03\/2016 Mardi 29 mars 2016 d\u00e9marre la concertation sur le projet Toulouse Euro Sud-Ouest (TESO). Voici ce qu&rsquo;il faut savoir sur le projet du futur quartier de la gare Matabiau. \u00c0 partir du mardi 29 mars 2016 d\u00e9bute la phase de concertation r\u00e8glementaire du projet urbain Toulouse Euro<\/p>\n<p class=\"more-link\"><a href=\"https:\/\/autate.fr\/site\/actucotetoulouse-les-trois-choses-a-savoir-du-projet-matabiau-alors-que-la-grande-concertation-demarre\/\" class=\"themebutton2\">VOIR PLUS<\/a><\/p>\n","protected":false},"author":1,"featured_media":455,"comment_status":"open","ping_status":"open","sticky":false,"template":"","format":"standard","meta":{"footnotes":""},"categories":[7],"tags":[129,41,130,131,42],"class_list":["post-454","post","type-post","status-publish","format-standard","has-post-thumbnail","hentry","category-revue-de-presse","tag-concertation","tag-gare-matabiau","tag-joan-busquets","tag-rue-bayard","tag-teso"],"yoast_head":"<!-- This site is optimized with the Yoast SEO plugin v27.4 - https:\/\/yoast.com\/product\/yoast-seo-wordpress\/ -->\n<title>[actuC\u00f4t\u00e9Toulouse] Les trois choses \u00e0 savoir du projet Matabiau alors que la grande concertation d\u00e9marre - AUTATE<\/title>\n<meta name=\"robots\" content=\"index, follow, max-snippet:-1, max-image-preview:large, max-video-preview:-1\" \/>\n<link rel=\"canonical\" href=\"https:\/\/autate.fr\/site\/actucotetoulouse-les-trois-choses-a-savoir-du-projet-matabiau-alors-que-la-grande-concertation-demarre\/\" \/>\n<meta property=\"og:locale\" content=\"fr_FR\" \/>\n<meta property=\"og:type\" content=\"article\" \/>\n<meta property=\"og:title\" content=\"[actuC\u00f4t\u00e9Toulouse] Les trois choses \u00e0 savoir du projet Matabiau alors que la grande concertation d\u00e9marre - AUTATE\" \/>\n<meta property=\"og:description\" content=\"Un article de David St-Sernin paru le 29\/03\/2016 Mardi 29 mars 2016 d\u00e9marre la concertation sur le projet Toulouse Euro Sud-Ouest (TESO). Voici ce qu&rsquo;il faut savoir sur le projet du futur quartier de la gare Matabiau. \u00c0 partir du mardi 29 mars 2016 d\u00e9bute la phase de concertation r\u00e8glementaire du projet urbain Toulouse EuroVOIR PLUS\" \/>\n<meta property=\"og:url\" content=\"https:\/\/autate.fr\/site\/actucotetoulouse-les-trois-choses-a-savoir-du-projet-matabiau-alors-que-la-grande-concertation-demarre\/\" \/>\n<meta property=\"og:site_name\" content=\"AUTATE\" \/>\n<meta property=\"article:publisher\" content=\"https:\/\/www.facebook.com\/AutateToulouse\" \/>\n<meta property=\"article:published_time\" content=\"2016-03-30T08:38:39+00:00\" \/>\n<meta property=\"article:modified_time\" content=\"2016-04-15T08:42:53+00:00\" \/>\n<meta property=\"og:image\" content=\"https:\/\/autate.fr\/site\/wp-content\/uploads\/2016\/04\/le-projet-en-bref_hd-630x0.jpg\" \/>\n\t<meta property=\"og:image:width\" content=\"630\" \/>\n\t<meta property=\"og:image:height\" content=\"334\" \/>\n\t<meta property=\"og:image:type\" content=\"image\/jpeg\" \/>\n<meta name=\"author\" content=\"pascalbarbier\" \/>\n<meta name=\"twitter:card\" content=\"summary_large_image\" \/>\n<meta name=\"twitter:creator\" content=\"@AutateToulouse\" \/>\n<meta name=\"twitter:site\" content=\"@AutateToulouse\" \/>\n<meta name=\"twitter:label1\" content=\"\u00c9crit par\" \/>\n\t<meta name=\"twitter:data1\" content=\"pascalbarbier\" \/>\n\t<meta name=\"twitter:label2\" content=\"Dur\u00e9e de lecture estim\u00e9e\" \/>\n\t<meta name=\"twitter:data2\" content=\"1 minute\" \/>\n<script type=\"application\/ld+json\" class=\"yoast-schema-graph\">{\"@context\":\"https:\\\/\\\/schema.org\",\"@graph\":[{\"@type\":\"Article\",\"@id\":\"https:\\\/\\\/autate.fr\\\/site\\\/actucotetoulouse-les-trois-choses-a-savoir-du-projet-matabiau-alors-que-la-grande-concertation-demarre\\\/#article\",\"isPartOf\":{\"@id\":\"https:\\\/\\\/autate.fr\\\/site\\\/actucotetoulouse-les-trois-choses-a-savoir-du-projet-matabiau-alors-que-la-grande-concertation-demarre\\\/\"},\"author\":{\"name\":\"pascalbarbier\",\"@id\":\"https:\\\/\\\/autate.fr\\\/site\\\/#\\\/schema\\\/person\\\/ae1ab8bdaa7b41d2a9b52d2557ce8254\"},\"headline\":\"[actuC\u00f4t\u00e9Toulouse] Les trois choses \u00e0 savoir du projet Matabiau alors que la grande concertation d\u00e9marre\",\"datePublished\":\"2016-03-30T08:38:39+00:00\",\"dateModified\":\"2016-04-15T08:42:53+00:00\",\"mainEntityOfPage\":{\"@id\":\"https:\\\/\\\/autate.fr\\\/site\\\/actucotetoulouse-les-trois-choses-a-savoir-du-projet-matabiau-alors-que-la-grande-concertation-demarre\\\/\"},\"wordCount\":195,\"commentCount\":0,\"publisher\":{\"@id\":\"https:\\\/\\\/autate.fr\\\/site\\\/#organization\"},\"image\":{\"@id\":\"https:\\\/\\\/autate.fr\\\/site\\\/actucotetoulouse-les-trois-choses-a-savoir-du-projet-matabiau-alors-que-la-grande-concertation-demarre\\\/#primaryimage\"},\"thumbnailUrl\":\"https:\\\/\\\/autate.fr\\\/site\\\/wp-content\\\/uploads\\\/2016\\\/04\\\/le-projet-en-bref_hd-630x0.jpg\",\"keywords\":[\"concertation\",\"gare Matabiau\",\"Joan Busquets\",\"rue Bayard\",\"TESO\"],\"articleSection\":[\"Revue de presse\"],\"inLanguage\":\"fr-FR\",\"potentialAction\":[{\"@type\":\"CommentAction\",\"name\":\"Comment\",\"target\":[\"https:\\\/\\\/autate.fr\\\/site\\\/actucotetoulouse-les-trois-choses-a-savoir-du-projet-matabiau-alors-que-la-grande-concertation-demarre\\\/#respond\"]}]},{\"@type\":\"WebPage\",\"@id\":\"https:\\\/\\\/autate.fr\\\/site\\\/actucotetoulouse-les-trois-choses-a-savoir-du-projet-matabiau-alors-que-la-grande-concertation-demarre\\\/\",\"url\":\"https:\\\/\\\/autate.fr\\\/site\\\/actucotetoulouse-les-trois-choses-a-savoir-du-projet-matabiau-alors-que-la-grande-concertation-demarre\\\/\",\"name\":\"[actuC\u00f4t\u00e9Toulouse] Les trois choses \u00e0 savoir du projet Matabiau alors que la grande concertation d\u00e9marre - AUTATE\",\"isPartOf\":{\"@id\":\"https:\\\/\\\/autate.fr\\\/site\\\/#website\"},\"primaryImageOfPage\":{\"@id\":\"https:\\\/\\\/autate.fr\\\/site\\\/actucotetoulouse-les-trois-choses-a-savoir-du-projet-matabiau-alors-que-la-grande-concertation-demarre\\\/#primaryimage\"},\"image\":{\"@id\":\"https:\\\/\\\/autate.fr\\\/site\\\/actucotetoulouse-les-trois-choses-a-savoir-du-projet-matabiau-alors-que-la-grande-concertation-demarre\\\/#primaryimage\"},\"thumbnailUrl\":\"https:\\\/\\\/autate.fr\\\/site\\\/wp-content\\\/uploads\\\/2016\\\/04\\\/le-projet-en-bref_hd-630x0.jpg\",\"datePublished\":\"2016-03-30T08:38:39+00:00\",\"dateModified\":\"2016-04-15T08:42:53+00:00\",\"breadcrumb\":{\"@id\":\"https:\\\/\\\/autate.fr\\\/site\\\/actucotetoulouse-les-trois-choses-a-savoir-du-projet-matabiau-alors-que-la-grande-concertation-demarre\\\/#breadcrumb\"},\"inLanguage\":\"fr-FR\",\"potentialAction\":[{\"@type\":\"ReadAction\",\"target\":[\"https:\\\/\\\/autate.fr\\\/site\\\/actucotetoulouse-les-trois-choses-a-savoir-du-projet-matabiau-alors-que-la-grande-concertation-demarre\\\/\"]}]},{\"@type\":\"ImageObject\",\"inLanguage\":\"fr-FR\",\"@id\":\"https:\\\/\\\/autate.fr\\\/site\\\/actucotetoulouse-les-trois-choses-a-savoir-du-projet-matabiau-alors-que-la-grande-concertation-demarre\\\/#primaryimage\",\"url\":\"https:\\\/\\\/autate.fr\\\/site\\\/wp-content\\\/uploads\\\/2016\\\/04\\\/le-projet-en-bref_hd-630x0.jpg\",\"contentUrl\":\"https:\\\/\\\/autate.fr\\\/site\\\/wp-content\\\/uploads\\\/2016\\\/04\\\/le-projet-en-bref_hd-630x0.jpg\",\"width\":630,\"height\":334},{\"@type\":\"BreadcrumbList\",\"@id\":\"https:\\\/\\\/autate.fr\\\/site\\\/actucotetoulouse-les-trois-choses-a-savoir-du-projet-matabiau-alors-que-la-grande-concertation-demarre\\\/#breadcrumb\",\"itemListElement\":[{\"@type\":\"ListItem\",\"position\":1,\"name\":\"Accueil\",\"item\":\"https:\\\/\\\/autate.fr\\\/site\\\/\"},{\"@type\":\"ListItem\",\"position\":2,\"name\":\"[actuC\u00f4t\u00e9Toulouse] Les trois choses \u00e0 savoir du projet Matabiau alors que la grande concertation d\u00e9marre\"}]},{\"@type\":\"WebSite\",\"@id\":\"https:\\\/\\\/autate.fr\\\/site\\\/#website\",\"url\":\"https:\\\/\\\/autate.fr\\\/site\\\/\",\"name\":\"AUTATE\",\"description\":\"Association des usagers des transports de l&#039;agglom\u00e9ration Toulousaine et de ses environs\",\"publisher\":{\"@id\":\"https:\\\/\\\/autate.fr\\\/site\\\/#organization\"},\"potentialAction\":[{\"@type\":\"SearchAction\",\"target\":{\"@type\":\"EntryPoint\",\"urlTemplate\":\"https:\\\/\\\/autate.fr\\\/site\\\/?s={search_term_string}\"},\"query-input\":{\"@type\":\"PropertyValueSpecification\",\"valueRequired\":true,\"valueName\":\"search_term_string\"}}],\"inLanguage\":\"fr-FR\"},{\"@type\":\"Organization\",\"@id\":\"https:\\\/\\\/autate.fr\\\/site\\\/#organization\",\"name\":\"AUTATE\",\"url\":\"https:\\\/\\\/autate.fr\\\/site\\\/\",\"logo\":{\"@type\":\"ImageObject\",\"inLanguage\":\"fr-FR\",\"@id\":\"https:\\\/\\\/autate.fr\\\/site\\\/#\\\/schema\\\/logo\\\/image\\\/\",\"url\":\"http:\\\/\\\/autate.fr\\\/site\\\/wp-content\\\/uploads\\\/2019\\\/01\\\/logo.png\",\"contentUrl\":\"http:\\\/\\\/autate.fr\\\/site\\\/wp-content\\\/uploads\\\/2019\\\/01\\\/logo.png\",\"width\":506,\"height\":280,\"caption\":\"AUTATE\"},\"image\":{\"@id\":\"https:\\\/\\\/autate.fr\\\/site\\\/#\\\/schema\\\/logo\\\/image\\\/\"},\"sameAs\":[\"https:\\\/\\\/www.facebook.com\\\/AutateToulouse\",\"https:\\\/\\\/x.com\\\/AutateToulouse\"]},{\"@type\":\"Person\",\"@id\":\"https:\\\/\\\/autate.fr\\\/site\\\/#\\\/schema\\\/person\\\/ae1ab8bdaa7b41d2a9b52d2557ce8254\",\"name\":\"pascalbarbier\",\"image\":{\"@type\":\"ImageObject\",\"inLanguage\":\"fr-FR\",\"@id\":\"https:\\\/\\\/secure.gravatar.com\\\/avatar\\\/03f4e8ced09894b72c67e83142540730d4b3bbf619bf46341b0074e3bf5f08a0?s=96&d=mm&r=g\",\"url\":\"https:\\\/\\\/secure.gravatar.com\\\/avatar\\\/03f4e8ced09894b72c67e83142540730d4b3bbf619bf46341b0074e3bf5f08a0?s=96&d=mm&r=g\",\"contentUrl\":\"https:\\\/\\\/secure.gravatar.com\\\/avatar\\\/03f4e8ced09894b72c67e83142540730d4b3bbf619bf46341b0074e3bf5f08a0?s=96&d=mm&r=g\",\"caption\":\"pascalbarbier\"},\"url\":\"https:\\\/\\\/autate.fr\\\/site\\\/author\\\/pascalbarbier\\\/\"}]}<\/script>\n<!-- \/ Yoast SEO plugin. -->","yoast_head_json":{"title":"[actuC\u00f4t\u00e9Toulouse] Les trois choses \u00e0 savoir du projet Matabiau alors que la grande concertation d\u00e9marre - AUTATE","robots":{"index":"index","follow":"follow","max-snippet":"max-snippet:-1","max-image-preview":"max-image-preview:large","max-video-preview":"max-video-preview:-1"},"canonical":"https:\/\/autate.fr\/site\/actucotetoulouse-les-trois-choses-a-savoir-du-projet-matabiau-alors-que-la-grande-concertation-demarre\/","og_locale":"fr_FR","og_type":"article","og_title":"[actuC\u00f4t\u00e9Toulouse] Les trois choses \u00e0 savoir du projet Matabiau alors que la grande concertation d\u00e9marre - AUTATE","og_description":"Un article de David St-Sernin paru le 29\/03\/2016 Mardi 29 mars 2016 d\u00e9marre la concertation sur le projet Toulouse Euro Sud-Ouest (TESO). Voici ce qu&rsquo;il faut savoir sur le projet du futur quartier de la gare Matabiau. \u00c0 partir du mardi 29 mars 2016 d\u00e9bute la phase de concertation r\u00e8glementaire du projet urbain Toulouse EuroVOIR PLUS","og_url":"https:\/\/autate.fr\/site\/actucotetoulouse-les-trois-choses-a-savoir-du-projet-matabiau-alors-que-la-grande-concertation-demarre\/","og_site_name":"AUTATE","article_publisher":"https:\/\/www.facebook.com\/AutateToulouse","article_published_time":"2016-03-30T08:38:39+00:00","article_modified_time":"2016-04-15T08:42:53+00:00","og_image":[{"width":630,"height":334,"url":"https:\/\/autate.fr\/site\/wp-content\/uploads\/2016\/04\/le-projet-en-bref_hd-630x0.jpg","type":"image\/jpeg"}],"author":"pascalbarbier","twitter_card":"summary_large_image","twitter_creator":"@AutateToulouse","twitter_site":"@AutateToulouse","twitter_misc":{"\u00c9crit par":"pascalbarbier","Dur\u00e9e de lecture estim\u00e9e":"1 minute"},"schema":{"@context":"https:\/\/schema.org","@graph":[{"@type":"Article","@id":"https:\/\/autate.fr\/site\/actucotetoulouse-les-trois-choses-a-savoir-du-projet-matabiau-alors-que-la-grande-concertation-demarre\/#article","isPartOf":{"@id":"https:\/\/autate.fr\/site\/actucotetoulouse-les-trois-choses-a-savoir-du-projet-matabiau-alors-que-la-grande-concertation-demarre\/"},"author":{"name":"pascalbarbier","@id":"https:\/\/autate.fr\/site\/#\/schema\/person\/ae1ab8bdaa7b41d2a9b52d2557ce8254"},"headline":"[actuC\u00f4t\u00e9Toulouse] Les trois choses \u00e0 savoir du projet Matabiau alors que la grande concertation d\u00e9marre","datePublished":"2016-03-30T08:38:39+00:00","dateModified":"2016-04-15T08:42:53+00:00","mainEntityOfPage":{"@id":"https:\/\/autate.fr\/site\/actucotetoulouse-les-trois-choses-a-savoir-du-projet-matabiau-alors-que-la-grande-concertation-demarre\/"},"wordCount":195,"commentCount":0,"publisher":{"@id":"https:\/\/autate.fr\/site\/#organization"},"image":{"@id":"https:\/\/autate.fr\/site\/actucotetoulouse-les-trois-choses-a-savoir-du-projet-matabiau-alors-que-la-grande-concertation-demarre\/#primaryimage"},"thumbnailUrl":"https:\/\/autate.fr\/site\/wp-content\/uploads\/2016\/04\/le-projet-en-bref_hd-630x0.jpg","keywords":["concertation","gare Matabiau","Joan Busquets","rue Bayard","TESO"],"articleSection":["Revue de presse"],"inLanguage":"fr-FR","potentialAction":[{"@type":"CommentAction","name":"Comment","target":["https:\/\/autate.fr\/site\/actucotetoulouse-les-trois-choses-a-savoir-du-projet-matabiau-alors-que-la-grande-concertation-demarre\/#respond"]}]},{"@type":"WebPage","@id":"https:\/\/autate.fr\/site\/actucotetoulouse-les-trois-choses-a-savoir-du-projet-matabiau-alors-que-la-grande-concertation-demarre\/","url":"https:\/\/autate.fr\/site\/actucotetoulouse-les-trois-choses-a-savoir-du-projet-matabiau-alors-que-la-grande-concertation-demarre\/","name":"[actuC\u00f4t\u00e9Toulouse] Les trois choses \u00e0 savoir du projet Matabiau alors que la grande concertation d\u00e9marre - AUTATE","isPartOf":{"@id":"https:\/\/autate.fr\/site\/#website"},"primaryImageOfPage":{"@id":"https:\/\/autate.fr\/site\/actucotetoulouse-les-trois-choses-a-savoir-du-projet-matabiau-alors-que-la-grande-concertation-demarre\/#primaryimage"},"image":{"@id":"https:\/\/autate.fr\/site\/actucotetoulouse-les-trois-choses-a-savoir-du-projet-matabiau-alors-que-la-grande-concertation-demarre\/#primaryimage"},"thumbnailUrl":"https:\/\/autate.fr\/site\/wp-content\/uploads\/2016\/04\/le-projet-en-bref_hd-630x0.jpg","datePublished":"2016-03-30T08:38:39+00:00","dateModified":"2016-04-15T08:42:53+00:00","breadcrumb":{"@id":"https:\/\/autate.fr\/site\/actucotetoulouse-les-trois-choses-a-savoir-du-projet-matabiau-alors-que-la-grande-concertation-demarre\/#breadcrumb"},"inLanguage":"fr-FR","potentialAction":[{"@type":"ReadAction","target":["https:\/\/autate.fr\/site\/actucotetoulouse-les-trois-choses-a-savoir-du-projet-matabiau-alors-que-la-grande-concertation-demarre\/"]}]},{"@type":"ImageObject","inLanguage":"fr-FR","@id":"https:\/\/autate.fr\/site\/actucotetoulouse-les-trois-choses-a-savoir-du-projet-matabiau-alors-que-la-grande-concertation-demarre\/#primaryimage","url":"https:\/\/autate.fr\/site\/wp-content\/uploads\/2016\/04\/le-projet-en-bref_hd-630x0.jpg","contentUrl":"https:\/\/autate.fr\/site\/wp-content\/uploads\/2016\/04\/le-projet-en-bref_hd-630x0.jpg","width":630,"height":334},{"@type":"BreadcrumbList","@id":"https:\/\/autate.fr\/site\/actucotetoulouse-les-trois-choses-a-savoir-du-projet-matabiau-alors-que-la-grande-concertation-demarre\/#breadcrumb","itemListElement":[{"@type":"ListItem","position":1,"name":"Accueil","item":"https:\/\/autate.fr\/site\/"},{"@type":"ListItem","position":2,"name":"[actuC\u00f4t\u00e9Toulouse] Les trois choses \u00e0 savoir du projet Matabiau alors que la grande concertation d\u00e9marre"}]},{"@type":"WebSite","@id":"https:\/\/autate.fr\/site\/#website","url":"https:\/\/autate.fr\/site\/","name":"AUTATE","description":"Association des usagers des transports de l&#039;agglom\u00e9ration Toulousaine et de ses environs","publisher":{"@id":"https:\/\/autate.fr\/site\/#organization"},"potentialAction":[{"@type":"SearchAction","target":{"@type":"EntryPoint","urlTemplate":"https:\/\/autate.fr\/site\/?s={search_term_string}"},"query-input":{"@type":"PropertyValueSpecification","valueRequired":true,"valueName":"search_term_string"}}],"inLanguage":"fr-FR"},{"@type":"Organization","@id":"https:\/\/autate.fr\/site\/#organization","name":"AUTATE","url":"https:\/\/autate.fr\/site\/","logo":{"@type":"ImageObject","inLanguage":"fr-FR","@id":"https:\/\/autate.fr\/site\/#\/schema\/logo\/image\/","url":"http:\/\/autate.fr\/site\/wp-content\/uploads\/2019\/01\/logo.png","contentUrl":"http:\/\/autate.fr\/site\/wp-content\/uploads\/2019\/01\/logo.png","width":506,"height":280,"caption":"AUTATE"},"image":{"@id":"https:\/\/autate.fr\/site\/#\/schema\/logo\/image\/"},"sameAs":["https:\/\/www.facebook.com\/AutateToulouse","https:\/\/x.com\/AutateToulouse"]},{"@type":"Person","@id":"https:\/\/autate.fr\/site\/#\/schema\/person\/ae1ab8bdaa7b41d2a9b52d2557ce8254","name":"pascalbarbier","image":{"@type":"ImageObject","inLanguage":"fr-FR","@id":"https:\/\/secure.gravatar.com\/avatar\/03f4e8ced09894b72c67e83142540730d4b3bbf619bf46341b0074e3bf5f08a0?s=96&d=mm&r=g","url":"https:\/\/secure.gravatar.com\/avatar\/03f4e8ced09894b72c67e83142540730d4b3bbf619bf46341b0074e3bf5f08a0?s=96&d=mm&r=g","contentUrl":"https:\/\/secure.gravatar.com\/avatar\/03f4e8ced09894b72c67e83142540730d4b3bbf619bf46341b0074e3bf5f08a0?s=96&d=mm&r=g","caption":"pascalbarbier"},"url":"https:\/\/autate.fr\/site\/author\/pascalbarbier\/"}]}},"_links":{"self":[{"href":"https:\/\/autate.fr\/site\/wp-json\/wp\/v2\/posts\/454","targetHints":{"allow":["GET"]}}],"collection":[{"href":"https:\/\/autate.fr\/site\/wp-json\/wp\/v2\/posts"}],"about":[{"href":"https:\/\/autate.fr\/site\/wp-json\/wp\/v2\/types\/post"}],"author":[{"embeddable":true,"href":"https:\/\/autate.fr\/site\/wp-json\/wp\/v2\/users\/1"}],"replies":[{"embeddable":true,"href":"https:\/\/autate.fr\/site\/wp-json\/wp\/v2\/comments?post=454"}],"version-history":[{"count":1,"href":"https:\/\/autate.fr\/site\/wp-json\/wp\/v2\/posts\/454\/revisions"}],"predecessor-version":[{"id":456,"href":"https:\/\/autate.fr\/site\/wp-json\/wp\/v2\/posts\/454\/revisions\/456"}],"wp:featuredmedia":[{"embeddable":true,"href":"https:\/\/autate.fr\/site\/wp-json\/wp\/v2\/media\/455"}],"wp:attachment":[{"href":"https:\/\/autate.fr\/site\/wp-json\/wp\/v2\/media?parent=454"}],"wp:term":[{"taxonomy":"category","embeddable":true,"href":"https:\/\/autate.fr\/site\/wp-json\/wp\/v2\/categories?post=454"},{"taxonomy":"post_tag","embeddable":true,"href":"https:\/\/autate.fr\/site\/wp-json\/wp\/v2\/tags?post=454"}],"curies":[{"name":"wp","href":"https:\/\/api.w.org\/{rel}","templated":true}]}}