{"id":4531,"date":"2025-03-12T15:23:16","date_gmt":"2025-03-12T14:23:16","guid":{"rendered":"https:\/\/autate.fr\/site\/?p=4531"},"modified":"2025-03-12T15:23:17","modified_gmt":"2025-03-12T14:23:17","slug":"lineo7-adaptation-du-programme-itineraire-et-terminus","status":"publish","type":"post","link":"https:\/\/autate.fr\/site\/lineo7-adaptation-du-programme-itineraire-et-terminus\/","title":{"rendered":"LINEO7 adaptation du programme : itin\u00e9raire et terminus."},"content":{"rendered":"\n<p>Le conseil de Toulouse M\u00e9tropole de f\u00e9vrier 2025 approuve les modifications port\u00e9es au projet de requalification de la M2 suite au changement de programme de la nouvelle ligne LINEO 7 port\u00e9 par Tiss\u00e9o .<br \/>Concernant l\u2019itin\u00e9raire : afin de conserver une desserte directe entre le quartier Catala et le campus de Rangueil, le trac\u00e9 du LINEO7 est modifi\u00e9 pour reprendre celui de l\u2019actuelle ligne 78 entre Champs Pinsons et Malep\u00e8re.<br \/>Concernant le terminus : une extension de l\u2019itin\u00e9raire vers le coll\u00e8ge et la piscine de Saint-Orens-de-<br \/>Gameville.<\/p>\n<p>La d\u00e9cision du conseil de Toulouse M\u00e9tropole :\u00a0 :<a href=\"https:\/\/autate.fr\/site\/wp-content\/uploads\/2025\/03\/ToulouseMetropole_Dossier-des-deliberations_20250213_pageLineo7.pdf\">ToulouseMetropole_Dossier des d\u00e9lib\u00e9rations_20250213_pageLineo7<\/a><br \/><br \/>Ces \u00e9volutions sont tr\u00e8s bien accueillies par\u00a0 les usagers et les associations qui ont particip\u00e9 aux nombreux \u00e9changes sur les 12 derniers mois.<\/p>\n","protected":false},"excerpt":{"rendered":"<p>Le conseil de Toulouse M\u00e9tropole de f\u00e9vrier 2025 approuve les modifications port\u00e9es au projet de requalification de la M2 suite au changement de programme de la nouvelle ligne LINEO 7 port\u00e9 par Tiss\u00e9o .Concernant l\u2019itin\u00e9raire : afin de conserver une desserte directe entre le quartier Catala et le campus de Rangueil, le trac\u00e9 du LINEO7<\/p>\n<p class=\"more-link\"><a href=\"https:\/\/autate.fr\/site\/lineo7-adaptation-du-programme-itineraire-et-terminus\/\" class=\"themebutton2\">VOIR PLUS<\/a><\/p>\n","protected":false},"author":11,"featured_media":0,"comment_status":"open","ping_status":"open","sticky":false,"template":"","format":"standard","meta":{"footnotes":""},"categories":[4,298,336],"tags":[],"class_list":["post-4531","post","type-post","status-publish","format-standard","hentry","category-actualite-association","category-lineo","category-temoignages"],"yoast_head":"<!-- This site is optimized with the Yoast SEO plugin v27.4 - https:\/\/yoast.com\/product\/yoast-seo-wordpress\/ -->\n<title>LINEO7 adaptation du programme : itin\u00e9raire et terminus. - AUTATE<\/title>\n<meta name=\"robots\" content=\"index, follow, max-snippet:-1, max-image-preview:large, max-video-preview:-1\" \/>\n<link rel=\"canonical\" href=\"https:\/\/autate.fr\/site\/lineo7-adaptation-du-programme-itineraire-et-terminus\/\" \/>\n<meta property=\"og:locale\" content=\"fr_FR\" \/>\n<meta property=\"og:type\" content=\"article\" \/>\n<meta property=\"og:title\" content=\"LINEO7 adaptation du programme : itin\u00e9raire et terminus. - AUTATE\" \/>\n<meta property=\"og:description\" content=\"Le conseil de Toulouse M\u00e9tropole de f\u00e9vrier 2025 approuve les modifications port\u00e9es au projet de requalification de la M2 suite au changement de programme de la nouvelle ligne LINEO 7 port\u00e9 par Tiss\u00e9o .Concernant l\u2019itin\u00e9raire : afin de conserver une desserte directe entre le quartier Catala et le campus de Rangueil, le trac\u00e9 du LINEO7VOIR PLUS\" \/>\n<meta property=\"og:url\" content=\"https:\/\/autate.fr\/site\/lineo7-adaptation-du-programme-itineraire-et-terminus\/\" \/>\n<meta property=\"og:site_name\" content=\"AUTATE\" \/>\n<meta property=\"article:publisher\" content=\"https:\/\/www.facebook.com\/AutateToulouse\" \/>\n<meta property=\"article:published_time\" content=\"2025-03-12T14:23:16+00:00\" \/>\n<meta property=\"article:modified_time\" content=\"2025-03-12T14:23:17+00:00\" \/>\n<meta name=\"author\" content=\"Nicole Asencio\" \/>\n<meta name=\"twitter:card\" content=\"summary_large_image\" \/>\n<meta name=\"twitter:creator\" content=\"@AutateToulouse\" \/>\n<meta name=\"twitter:site\" content=\"@AutateToulouse\" \/>\n<meta name=\"twitter:label1\" content=\"\u00c9crit par\" \/>\n\t<meta name=\"twitter:data1\" content=\"Nicole Asencio\" \/>\n\t<meta name=\"twitter:label2\" content=\"Dur\u00e9e de lecture estim\u00e9e\" \/>\n\t<meta name=\"twitter:data2\" content=\"1 minute\" \/>\n<script type=\"application\/ld+json\" class=\"yoast-schema-graph\">{\"@context\":\"https:\\\/\\\/schema.org\",\"@graph\":[{\"@type\":\"Article\",\"@id\":\"https:\\\/\\\/autate.fr\\\/site\\\/lineo7-adaptation-du-programme-itineraire-et-terminus\\\/#article\",\"isPartOf\":{\"@id\":\"https:\\\/\\\/autate.fr\\\/site\\\/lineo7-adaptation-du-programme-itineraire-et-terminus\\\/\"},\"author\":{\"name\":\"Nicole Asencio\",\"@id\":\"https:\\\/\\\/autate.fr\\\/site\\\/#\\\/schema\\\/person\\\/0bb5ca7e46998673c4b91b0c2e00d68f\"},\"headline\":\"LINEO7 adaptation du programme : itin\u00e9raire et terminus.\",\"datePublished\":\"2025-03-12T14:23:16+00:00\",\"dateModified\":\"2025-03-12T14:23:17+00:00\",\"mainEntityOfPage\":{\"@id\":\"https:\\\/\\\/autate.fr\\\/site\\\/lineo7-adaptation-du-programme-itineraire-et-terminus\\\/\"},\"wordCount\":138,\"commentCount\":0,\"publisher\":{\"@id\":\"https:\\\/\\\/autate.fr\\\/site\\\/#organization\"},\"articleSection\":[\"Actualit\u00e9s-AUTATE\",\"Lin\u00e9o\",\"T\u00e9moignages\"],\"inLanguage\":\"fr-FR\",\"potentialAction\":[{\"@type\":\"CommentAction\",\"name\":\"Comment\",\"target\":[\"https:\\\/\\\/autate.fr\\\/site\\\/lineo7-adaptation-du-programme-itineraire-et-terminus\\\/#respond\"]}]},{\"@type\":\"WebPage\",\"@id\":\"https:\\\/\\\/autate.fr\\\/site\\\/lineo7-adaptation-du-programme-itineraire-et-terminus\\\/\",\"url\":\"https:\\\/\\\/autate.fr\\\/site\\\/lineo7-adaptation-du-programme-itineraire-et-terminus\\\/\",\"name\":\"LINEO7 adaptation du programme : itin\u00e9raire et terminus. - AUTATE\",\"isPartOf\":{\"@id\":\"https:\\\/\\\/autate.fr\\\/site\\\/#website\"},\"datePublished\":\"2025-03-12T14:23:16+00:00\",\"dateModified\":\"2025-03-12T14:23:17+00:00\",\"breadcrumb\":{\"@id\":\"https:\\\/\\\/autate.fr\\\/site\\\/lineo7-adaptation-du-programme-itineraire-et-terminus\\\/#breadcrumb\"},\"inLanguage\":\"fr-FR\",\"potentialAction\":[{\"@type\":\"ReadAction\",\"target\":[\"https:\\\/\\\/autate.fr\\\/site\\\/lineo7-adaptation-du-programme-itineraire-et-terminus\\\/\"]}]},{\"@type\":\"BreadcrumbList\",\"@id\":\"https:\\\/\\\/autate.fr\\\/site\\\/lineo7-adaptation-du-programme-itineraire-et-terminus\\\/#breadcrumb\",\"itemListElement\":[{\"@type\":\"ListItem\",\"position\":1,\"name\":\"Accueil\",\"item\":\"https:\\\/\\\/autate.fr\\\/site\\\/\"},{\"@type\":\"ListItem\",\"position\":2,\"name\":\"LINEO7 adaptation du programme : itin\u00e9raire et terminus.\"}]},{\"@type\":\"WebSite\",\"@id\":\"https:\\\/\\\/autate.fr\\\/site\\\/#website\",\"url\":\"https:\\\/\\\/autate.fr\\\/site\\\/\",\"name\":\"AUTATE\",\"description\":\"Association des usagers des transports de l&#039;agglom\u00e9ration Toulousaine et de ses environs\",\"publisher\":{\"@id\":\"https:\\\/\\\/autate.fr\\\/site\\\/#organization\"},\"potentialAction\":[{\"@type\":\"SearchAction\",\"target\":{\"@type\":\"EntryPoint\",\"urlTemplate\":\"https:\\\/\\\/autate.fr\\\/site\\\/?s={search_term_string}\"},\"query-input\":{\"@type\":\"PropertyValueSpecification\",\"valueRequired\":true,\"valueName\":\"search_term_string\"}}],\"inLanguage\":\"fr-FR\"},{\"@type\":\"Organization\",\"@id\":\"https:\\\/\\\/autate.fr\\\/site\\\/#organization\",\"name\":\"AUTATE\",\"url\":\"https:\\\/\\\/autate.fr\\\/site\\\/\",\"logo\":{\"@type\":\"ImageObject\",\"inLanguage\":\"fr-FR\",\"@id\":\"https:\\\/\\\/autate.fr\\\/site\\\/#\\\/schema\\\/logo\\\/image\\\/\",\"url\":\"http:\\\/\\\/autate.fr\\\/site\\\/wp-content\\\/uploads\\\/2019\\\/01\\\/logo.png\",\"contentUrl\":\"http:\\\/\\\/autate.fr\\\/site\\\/wp-content\\\/uploads\\\/2019\\\/01\\\/logo.png\",\"width\":506,\"height\":280,\"caption\":\"AUTATE\"},\"image\":{\"@id\":\"https:\\\/\\\/autate.fr\\\/site\\\/#\\\/schema\\\/logo\\\/image\\\/\"},\"sameAs\":[\"https:\\\/\\\/www.facebook.com\\\/AutateToulouse\",\"https:\\\/\\\/x.com\\\/AutateToulouse\"]},{\"@type\":\"Person\",\"@id\":\"https:\\\/\\\/autate.fr\\\/site\\\/#\\\/schema\\\/person\\\/0bb5ca7e46998673c4b91b0c2e00d68f\",\"name\":\"Nicole Asencio\",\"image\":{\"@type\":\"ImageObject\",\"inLanguage\":\"fr-FR\",\"@id\":\"https:\\\/\\\/secure.gravatar.com\\\/avatar\\\/e0ab2745834273b8d9e7e210cd89aa3d65862c09d22826783f467afd86533c8a?s=96&d=mm&r=g\",\"url\":\"https:\\\/\\\/secure.gravatar.com\\\/avatar\\\/e0ab2745834273b8d9e7e210cd89aa3d65862c09d22826783f467afd86533c8a?s=96&d=mm&r=g\",\"contentUrl\":\"https:\\\/\\\/secure.gravatar.com\\\/avatar\\\/e0ab2745834273b8d9e7e210cd89aa3d65862c09d22826783f467afd86533c8a?s=96&d=mm&r=g\",\"caption\":\"Nicole Asencio\"},\"url\":\"https:\\\/\\\/autate.fr\\\/site\\\/author\\\/nicoleasencio\\\/\"}]}<\/script>\n<!-- \/ Yoast SEO plugin. -->","yoast_head_json":{"title":"LINEO7 adaptation du programme : itin\u00e9raire et terminus. - AUTATE","robots":{"index":"index","follow":"follow","max-snippet":"max-snippet:-1","max-image-preview":"max-image-preview:large","max-video-preview":"max-video-preview:-1"},"canonical":"https:\/\/autate.fr\/site\/lineo7-adaptation-du-programme-itineraire-et-terminus\/","og_locale":"fr_FR","og_type":"article","og_title":"LINEO7 adaptation du programme : itin\u00e9raire et terminus. - AUTATE","og_description":"Le conseil de Toulouse M\u00e9tropole de f\u00e9vrier 2025 approuve les modifications port\u00e9es au projet de requalification de la M2 suite au changement de programme de la nouvelle ligne LINEO 7 port\u00e9 par Tiss\u00e9o .Concernant l\u2019itin\u00e9raire : afin de conserver une desserte directe entre le quartier Catala et le campus de Rangueil, le trac\u00e9 du LINEO7VOIR PLUS","og_url":"https:\/\/autate.fr\/site\/lineo7-adaptation-du-programme-itineraire-et-terminus\/","og_site_name":"AUTATE","article_publisher":"https:\/\/www.facebook.com\/AutateToulouse","article_published_time":"2025-03-12T14:23:16+00:00","article_modified_time":"2025-03-12T14:23:17+00:00","author":"Nicole Asencio","twitter_card":"summary_large_image","twitter_creator":"@AutateToulouse","twitter_site":"@AutateToulouse","twitter_misc":{"\u00c9crit par":"Nicole Asencio","Dur\u00e9e de lecture estim\u00e9e":"1 minute"},"schema":{"@context":"https:\/\/schema.org","@graph":[{"@type":"Article","@id":"https:\/\/autate.fr\/site\/lineo7-adaptation-du-programme-itineraire-et-terminus\/#article","isPartOf":{"@id":"https:\/\/autate.fr\/site\/lineo7-adaptation-du-programme-itineraire-et-terminus\/"},"author":{"name":"Nicole Asencio","@id":"https:\/\/autate.fr\/site\/#\/schema\/person\/0bb5ca7e46998673c4b91b0c2e00d68f"},"headline":"LINEO7 adaptation du programme : itin\u00e9raire et terminus.","datePublished":"2025-03-12T14:23:16+00:00","dateModified":"2025-03-12T14:23:17+00:00","mainEntityOfPage":{"@id":"https:\/\/autate.fr\/site\/lineo7-adaptation-du-programme-itineraire-et-terminus\/"},"wordCount":138,"commentCount":0,"publisher":{"@id":"https:\/\/autate.fr\/site\/#organization"},"articleSection":["Actualit\u00e9s-AUTATE","Lin\u00e9o","T\u00e9moignages"],"inLanguage":"fr-FR","potentialAction":[{"@type":"CommentAction","name":"Comment","target":["https:\/\/autate.fr\/site\/lineo7-adaptation-du-programme-itineraire-et-terminus\/#respond"]}]},{"@type":"WebPage","@id":"https:\/\/autate.fr\/site\/lineo7-adaptation-du-programme-itineraire-et-terminus\/","url":"https:\/\/autate.fr\/site\/lineo7-adaptation-du-programme-itineraire-et-terminus\/","name":"LINEO7 adaptation du programme : itin\u00e9raire et terminus. - AUTATE","isPartOf":{"@id":"https:\/\/autate.fr\/site\/#website"},"datePublished":"2025-03-12T14:23:16+00:00","dateModified":"2025-03-12T14:23:17+00:00","breadcrumb":{"@id":"https:\/\/autate.fr\/site\/lineo7-adaptation-du-programme-itineraire-et-terminus\/#breadcrumb"},"inLanguage":"fr-FR","potentialAction":[{"@type":"ReadAction","target":["https:\/\/autate.fr\/site\/lineo7-adaptation-du-programme-itineraire-et-terminus\/"]}]},{"@type":"BreadcrumbList","@id":"https:\/\/autate.fr\/site\/lineo7-adaptation-du-programme-itineraire-et-terminus\/#breadcrumb","itemListElement":[{"@type":"ListItem","position":1,"name":"Accueil","item":"https:\/\/autate.fr\/site\/"},{"@type":"ListItem","position":2,"name":"LINEO7 adaptation du programme : itin\u00e9raire et terminus."}]},{"@type":"WebSite","@id":"https:\/\/autate.fr\/site\/#website","url":"https:\/\/autate.fr\/site\/","name":"AUTATE","description":"Association des usagers des transports de l&#039;agglom\u00e9ration Toulousaine et de ses environs","publisher":{"@id":"https:\/\/autate.fr\/site\/#organization"},"potentialAction":[{"@type":"SearchAction","target":{"@type":"EntryPoint","urlTemplate":"https:\/\/autate.fr\/site\/?s={search_term_string}"},"query-input":{"@type":"PropertyValueSpecification","valueRequired":true,"valueName":"search_term_string"}}],"inLanguage":"fr-FR"},{"@type":"Organization","@id":"https:\/\/autate.fr\/site\/#organization","name":"AUTATE","url":"https:\/\/autate.fr\/site\/","logo":{"@type":"ImageObject","inLanguage":"fr-FR","@id":"https:\/\/autate.fr\/site\/#\/schema\/logo\/image\/","url":"http:\/\/autate.fr\/site\/wp-content\/uploads\/2019\/01\/logo.png","contentUrl":"http:\/\/autate.fr\/site\/wp-content\/uploads\/2019\/01\/logo.png","width":506,"height":280,"caption":"AUTATE"},"image":{"@id":"https:\/\/autate.fr\/site\/#\/schema\/logo\/image\/"},"sameAs":["https:\/\/www.facebook.com\/AutateToulouse","https:\/\/x.com\/AutateToulouse"]},{"@type":"Person","@id":"https:\/\/autate.fr\/site\/#\/schema\/person\/0bb5ca7e46998673c4b91b0c2e00d68f","name":"Nicole Asencio","image":{"@type":"ImageObject","inLanguage":"fr-FR","@id":"https:\/\/secure.gravatar.com\/avatar\/e0ab2745834273b8d9e7e210cd89aa3d65862c09d22826783f467afd86533c8a?s=96&d=mm&r=g","url":"https:\/\/secure.gravatar.com\/avatar\/e0ab2745834273b8d9e7e210cd89aa3d65862c09d22826783f467afd86533c8a?s=96&d=mm&r=g","contentUrl":"https:\/\/secure.gravatar.com\/avatar\/e0ab2745834273b8d9e7e210cd89aa3d65862c09d22826783f467afd86533c8a?s=96&d=mm&r=g","caption":"Nicole Asencio"},"url":"https:\/\/autate.fr\/site\/author\/nicoleasencio\/"}]}},"_links":{"self":[{"href":"https:\/\/autate.fr\/site\/wp-json\/wp\/v2\/posts\/4531","targetHints":{"allow":["GET"]}}],"collection":[{"href":"https:\/\/autate.fr\/site\/wp-json\/wp\/v2\/posts"}],"about":[{"href":"https:\/\/autate.fr\/site\/wp-json\/wp\/v2\/types\/post"}],"author":[{"embeddable":true,"href":"https:\/\/autate.fr\/site\/wp-json\/wp\/v2\/users\/11"}],"replies":[{"embeddable":true,"href":"https:\/\/autate.fr\/site\/wp-json\/wp\/v2\/comments?post=4531"}],"version-history":[{"count":2,"href":"https:\/\/autate.fr\/site\/wp-json\/wp\/v2\/posts\/4531\/revisions"}],"predecessor-version":[{"id":4591,"href":"https:\/\/autate.fr\/site\/wp-json\/wp\/v2\/posts\/4531\/revisions\/4591"}],"wp:attachment":[{"href":"https:\/\/autate.fr\/site\/wp-json\/wp\/v2\/media?parent=4531"}],"wp:term":[{"taxonomy":"category","embeddable":true,"href":"https:\/\/autate.fr\/site\/wp-json\/wp\/v2\/categories?post=4531"},{"taxonomy":"post_tag","embeddable":true,"href":"https:\/\/autate.fr\/site\/wp-json\/wp\/v2\/tags?post=4531"}],"curies":[{"name":"wp","href":"https:\/\/api.w.org\/{rel}","templated":true}]}}