{"id":450,"date":"2016-03-23T10:30:54","date_gmt":"2016-03-23T09:30:54","guid":{"rendered":"http:\/\/autate.fr\/site\/?p=450"},"modified":"2016-04-16T00:38:34","modified_gmt":"2016-04-15T22:38:34","slug":"touleco-transports-si-la-region-ne-prend-pas-le-relais-de-letat-le-service-public-ne-sera-pas-assure","status":"publish","type":"post","link":"https:\/\/autate.fr\/site\/touleco-transports-si-la-region-ne-prend-pas-le-relais-de-letat-le-service-public-ne-sera-pas-assure\/","title":{"rendered":"[Toul\u00e9co] Transports. \u00ab Si la R\u00e9gion ne prend pas le relais de l\u2019Etat, le service public ne sera pas assur\u00e9 \u00bb"},"content":{"rendered":"<p><i>Propos recueillis par Virginie Mailles Viard. Article paru le 22\/03\/2016<\/i><\/p>\n<p>Les \u00c9tats g\u00e9n\u00e9raux du rail et de l\u2019intermodalit\u00e9 de la r\u00e9gion LRMP qui seront lanc\u00e9s le 25\u00a0mars auront pour but d\u2019\u00e9couter les usagers et fixer une politique de transports pour les 20 ans \u00e0 venir. Rencontre avec Jean-Luc Gibelin, vice-pr\u00e9sident de r\u00e9gion en charge des transports.<\/p>\n<p><strong class=\"spip\">Jean-Luc Gibelin, pourquoi des \u00c9tats g\u00e9n\u00e9raux du rail et de l\u2019intermodalit\u00e9 en Languedoc-Roussillon Midi-Pyr\u00e9n\u00e9es<small class=\"fine\">\u00a0<\/small>?\u2028<\/strong>\u2028<br class=\"autobr\" \/>Ces \u00c9tats g\u00e9n\u00e9raux partent du constat que le rail a souvent fait conflit. Il y a aussi la volont\u00e9 que le rail soit un des motifs de coh\u00e9sion de la R\u00e9gion. Il faut passer par cette \u00e9tape pour qu\u2019il y ait une appropriation des probl\u00e9matiques de transports. Ensuite nous construirons une politique r\u00e9gionale pour les quinze \u00e0 vingt ans qui viennent.<\/p>\n<p><a href=\"http:\/\/www.touleco.fr\/Transports-Si-la-Region-ne-prend-pas-le-relais-de-l-Etat-le,18794\" target=\"_blank\">lire la suite<\/a><\/p>\n","protected":false},"excerpt":{"rendered":"<p>Propos recueillis par Virginie Mailles Viard. Article paru le 22\/03\/2016 Les \u00c9tats g\u00e9n\u00e9raux du rail et de l\u2019intermodalit\u00e9 de la r\u00e9gion LRMP qui seront lanc\u00e9s le 25\u00a0mars auront pour but d\u2019\u00e9couter les usagers et fixer une politique de transports pour les 20 ans \u00e0 venir. Rencontre avec Jean-Luc Gibelin, vice-pr\u00e9sident de r\u00e9gion en charge des<\/p>\n<p class=\"more-link\"><a href=\"https:\/\/autate.fr\/site\/touleco-transports-si-la-region-ne-prend-pas-le-relais-de-letat-le-service-public-ne-sera-pas-assure\/\" class=\"themebutton2\">VOIR PLUS<\/a><\/p>\n","protected":false},"author":1,"featured_media":0,"comment_status":"open","ping_status":"open","sticky":false,"template":"","format":"standard","meta":{"footnotes":""},"categories":[7],"tags":[125,124,123,126],"class_list":["post-450","post","type-post","status-publish","format-standard","hentry","category-revue-de-presse","tag-intermodalite","tag-jlgibelin","tag-region","tag-service-public"],"yoast_head":"<!-- This site is optimized with the Yoast SEO plugin v27.4 - https:\/\/yoast.com\/product\/yoast-seo-wordpress\/ -->\n<title>[Toul\u00e9co] Transports. \u00ab Si la R\u00e9gion ne prend pas le relais de l\u2019Etat, le service public ne sera pas assur\u00e9 \u00bb - AUTATE<\/title>\n<meta name=\"robots\" content=\"index, follow, max-snippet:-1, max-image-preview:large, max-video-preview:-1\" \/>\n<link rel=\"canonical\" href=\"https:\/\/autate.fr\/site\/touleco-transports-si-la-region-ne-prend-pas-le-relais-de-letat-le-service-public-ne-sera-pas-assure\/\" \/>\n<meta property=\"og:locale\" content=\"fr_FR\" \/>\n<meta property=\"og:type\" content=\"article\" \/>\n<meta property=\"og:title\" content=\"[Toul\u00e9co] Transports. \u00ab Si la R\u00e9gion ne prend pas le relais de l\u2019Etat, le service public ne sera pas assur\u00e9 \u00bb - AUTATE\" \/>\n<meta property=\"og:description\" content=\"Propos recueillis par Virginie Mailles Viard. Article paru le 22\/03\/2016 Les \u00c9tats g\u00e9n\u00e9raux du rail et de l\u2019intermodalit\u00e9 de la r\u00e9gion LRMP qui seront lanc\u00e9s le 25\u00a0mars auront pour but d\u2019\u00e9couter les usagers et fixer une politique de transports pour les 20 ans \u00e0 venir. Rencontre avec Jean-Luc Gibelin, vice-pr\u00e9sident de r\u00e9gion en charge desVOIR PLUS\" \/>\n<meta property=\"og:url\" content=\"https:\/\/autate.fr\/site\/touleco-transports-si-la-region-ne-prend-pas-le-relais-de-letat-le-service-public-ne-sera-pas-assure\/\" \/>\n<meta property=\"og:site_name\" content=\"AUTATE\" \/>\n<meta property=\"article:publisher\" content=\"https:\/\/www.facebook.com\/AutateToulouse\" \/>\n<meta property=\"article:published_time\" content=\"2016-03-23T09:30:54+00:00\" \/>\n<meta property=\"article:modified_time\" content=\"2016-04-15T22:38:34+00:00\" \/>\n<meta name=\"author\" content=\"pascalbarbier\" \/>\n<meta name=\"twitter:card\" content=\"summary_large_image\" \/>\n<meta name=\"twitter:creator\" content=\"@AutateToulouse\" \/>\n<meta name=\"twitter:site\" content=\"@AutateToulouse\" \/>\n<meta name=\"twitter:label1\" content=\"\u00c9crit par\" \/>\n\t<meta name=\"twitter:data1\" content=\"pascalbarbier\" \/>\n\t<meta name=\"twitter:label2\" content=\"Dur\u00e9e de lecture estim\u00e9e\" \/>\n\t<meta name=\"twitter:data2\" content=\"1 minute\" \/>\n<script type=\"application\/ld+json\" class=\"yoast-schema-graph\">{\"@context\":\"https:\\\/\\\/schema.org\",\"@graph\":[{\"@type\":\"Article\",\"@id\":\"https:\\\/\\\/autate.fr\\\/site\\\/touleco-transports-si-la-region-ne-prend-pas-le-relais-de-letat-le-service-public-ne-sera-pas-assure\\\/#article\",\"isPartOf\":{\"@id\":\"https:\\\/\\\/autate.fr\\\/site\\\/touleco-transports-si-la-region-ne-prend-pas-le-relais-de-letat-le-service-public-ne-sera-pas-assure\\\/\"},\"author\":{\"name\":\"pascalbarbier\",\"@id\":\"https:\\\/\\\/autate.fr\\\/site\\\/#\\\/schema\\\/person\\\/ae1ab8bdaa7b41d2a9b52d2557ce8254\"},\"headline\":\"[Toul\u00e9co] Transports. \u00ab Si la R\u00e9gion ne prend pas le relais de l\u2019Etat, le service public ne sera pas assur\u00e9 \u00bb\",\"datePublished\":\"2016-03-23T09:30:54+00:00\",\"dateModified\":\"2016-04-15T22:38:34+00:00\",\"mainEntityOfPage\":{\"@id\":\"https:\\\/\\\/autate.fr\\\/site\\\/touleco-transports-si-la-region-ne-prend-pas-le-relais-de-letat-le-service-public-ne-sera-pas-assure\\\/\"},\"wordCount\":172,\"commentCount\":0,\"publisher\":{\"@id\":\"https:\\\/\\\/autate.fr\\\/site\\\/#organization\"},\"keywords\":[\"intermodalit\u00e9\",\"JLGibelin\",\"r\u00e9gion\",\"service public\"],\"articleSection\":[\"Revue de presse\"],\"inLanguage\":\"fr-FR\",\"potentialAction\":[{\"@type\":\"CommentAction\",\"name\":\"Comment\",\"target\":[\"https:\\\/\\\/autate.fr\\\/site\\\/touleco-transports-si-la-region-ne-prend-pas-le-relais-de-letat-le-service-public-ne-sera-pas-assure\\\/#respond\"]}]},{\"@type\":\"WebPage\",\"@id\":\"https:\\\/\\\/autate.fr\\\/site\\\/touleco-transports-si-la-region-ne-prend-pas-le-relais-de-letat-le-service-public-ne-sera-pas-assure\\\/\",\"url\":\"https:\\\/\\\/autate.fr\\\/site\\\/touleco-transports-si-la-region-ne-prend-pas-le-relais-de-letat-le-service-public-ne-sera-pas-assure\\\/\",\"name\":\"[Toul\u00e9co] Transports. \u00ab Si la R\u00e9gion ne prend pas le relais de l\u2019Etat, le service public ne sera pas assur\u00e9 \u00bb - AUTATE\",\"isPartOf\":{\"@id\":\"https:\\\/\\\/autate.fr\\\/site\\\/#website\"},\"datePublished\":\"2016-03-23T09:30:54+00:00\",\"dateModified\":\"2016-04-15T22:38:34+00:00\",\"breadcrumb\":{\"@id\":\"https:\\\/\\\/autate.fr\\\/site\\\/touleco-transports-si-la-region-ne-prend-pas-le-relais-de-letat-le-service-public-ne-sera-pas-assure\\\/#breadcrumb\"},\"inLanguage\":\"fr-FR\",\"potentialAction\":[{\"@type\":\"ReadAction\",\"target\":[\"https:\\\/\\\/autate.fr\\\/site\\\/touleco-transports-si-la-region-ne-prend-pas-le-relais-de-letat-le-service-public-ne-sera-pas-assure\\\/\"]}]},{\"@type\":\"BreadcrumbList\",\"@id\":\"https:\\\/\\\/autate.fr\\\/site\\\/touleco-transports-si-la-region-ne-prend-pas-le-relais-de-letat-le-service-public-ne-sera-pas-assure\\\/#breadcrumb\",\"itemListElement\":[{\"@type\":\"ListItem\",\"position\":1,\"name\":\"Accueil\",\"item\":\"https:\\\/\\\/autate.fr\\\/site\\\/\"},{\"@type\":\"ListItem\",\"position\":2,\"name\":\"[Toul\u00e9co] Transports. \u00ab Si la R\u00e9gion ne prend pas le relais de l\u2019Etat, le service public ne sera pas assur\u00e9 \u00bb\"}]},{\"@type\":\"WebSite\",\"@id\":\"https:\\\/\\\/autate.fr\\\/site\\\/#website\",\"url\":\"https:\\\/\\\/autate.fr\\\/site\\\/\",\"name\":\"AUTATE\",\"description\":\"Association des usagers des transports de l&#039;agglom\u00e9ration Toulousaine et de ses environs\",\"publisher\":{\"@id\":\"https:\\\/\\\/autate.fr\\\/site\\\/#organization\"},\"potentialAction\":[{\"@type\":\"SearchAction\",\"target\":{\"@type\":\"EntryPoint\",\"urlTemplate\":\"https:\\\/\\\/autate.fr\\\/site\\\/?s={search_term_string}\"},\"query-input\":{\"@type\":\"PropertyValueSpecification\",\"valueRequired\":true,\"valueName\":\"search_term_string\"}}],\"inLanguage\":\"fr-FR\"},{\"@type\":\"Organization\",\"@id\":\"https:\\\/\\\/autate.fr\\\/site\\\/#organization\",\"name\":\"AUTATE\",\"url\":\"https:\\\/\\\/autate.fr\\\/site\\\/\",\"logo\":{\"@type\":\"ImageObject\",\"inLanguage\":\"fr-FR\",\"@id\":\"https:\\\/\\\/autate.fr\\\/site\\\/#\\\/schema\\\/logo\\\/image\\\/\",\"url\":\"http:\\\/\\\/autate.fr\\\/site\\\/wp-content\\\/uploads\\\/2019\\\/01\\\/logo.png\",\"contentUrl\":\"http:\\\/\\\/autate.fr\\\/site\\\/wp-content\\\/uploads\\\/2019\\\/01\\\/logo.png\",\"width\":506,\"height\":280,\"caption\":\"AUTATE\"},\"image\":{\"@id\":\"https:\\\/\\\/autate.fr\\\/site\\\/#\\\/schema\\\/logo\\\/image\\\/\"},\"sameAs\":[\"https:\\\/\\\/www.facebook.com\\\/AutateToulouse\",\"https:\\\/\\\/x.com\\\/AutateToulouse\"]},{\"@type\":\"Person\",\"@id\":\"https:\\\/\\\/autate.fr\\\/site\\\/#\\\/schema\\\/person\\\/ae1ab8bdaa7b41d2a9b52d2557ce8254\",\"name\":\"pascalbarbier\",\"image\":{\"@type\":\"ImageObject\",\"inLanguage\":\"fr-FR\",\"@id\":\"https:\\\/\\\/secure.gravatar.com\\\/avatar\\\/03f4e8ced09894b72c67e83142540730d4b3bbf619bf46341b0074e3bf5f08a0?s=96&d=mm&r=g\",\"url\":\"https:\\\/\\\/secure.gravatar.com\\\/avatar\\\/03f4e8ced09894b72c67e83142540730d4b3bbf619bf46341b0074e3bf5f08a0?s=96&d=mm&r=g\",\"contentUrl\":\"https:\\\/\\\/secure.gravatar.com\\\/avatar\\\/03f4e8ced09894b72c67e83142540730d4b3bbf619bf46341b0074e3bf5f08a0?s=96&d=mm&r=g\",\"caption\":\"pascalbarbier\"},\"url\":\"https:\\\/\\\/autate.fr\\\/site\\\/author\\\/pascalbarbier\\\/\"}]}<\/script>\n<!-- \/ Yoast SEO plugin. -->","yoast_head_json":{"title":"[Toul\u00e9co] Transports. \u00ab Si la R\u00e9gion ne prend pas le relais de l\u2019Etat, le service public ne sera pas assur\u00e9 \u00bb - AUTATE","robots":{"index":"index","follow":"follow","max-snippet":"max-snippet:-1","max-image-preview":"max-image-preview:large","max-video-preview":"max-video-preview:-1"},"canonical":"https:\/\/autate.fr\/site\/touleco-transports-si-la-region-ne-prend-pas-le-relais-de-letat-le-service-public-ne-sera-pas-assure\/","og_locale":"fr_FR","og_type":"article","og_title":"[Toul\u00e9co] Transports. \u00ab Si la R\u00e9gion ne prend pas le relais de l\u2019Etat, le service public ne sera pas assur\u00e9 \u00bb - AUTATE","og_description":"Propos recueillis par Virginie Mailles Viard. Article paru le 22\/03\/2016 Les \u00c9tats g\u00e9n\u00e9raux du rail et de l\u2019intermodalit\u00e9 de la r\u00e9gion LRMP qui seront lanc\u00e9s le 25\u00a0mars auront pour but d\u2019\u00e9couter les usagers et fixer une politique de transports pour les 20 ans \u00e0 venir. Rencontre avec Jean-Luc Gibelin, vice-pr\u00e9sident de r\u00e9gion en charge desVOIR PLUS","og_url":"https:\/\/autate.fr\/site\/touleco-transports-si-la-region-ne-prend-pas-le-relais-de-letat-le-service-public-ne-sera-pas-assure\/","og_site_name":"AUTATE","article_publisher":"https:\/\/www.facebook.com\/AutateToulouse","article_published_time":"2016-03-23T09:30:54+00:00","article_modified_time":"2016-04-15T22:38:34+00:00","author":"pascalbarbier","twitter_card":"summary_large_image","twitter_creator":"@AutateToulouse","twitter_site":"@AutateToulouse","twitter_misc":{"\u00c9crit par":"pascalbarbier","Dur\u00e9e de lecture estim\u00e9e":"1 minute"},"schema":{"@context":"https:\/\/schema.org","@graph":[{"@type":"Article","@id":"https:\/\/autate.fr\/site\/touleco-transports-si-la-region-ne-prend-pas-le-relais-de-letat-le-service-public-ne-sera-pas-assure\/#article","isPartOf":{"@id":"https:\/\/autate.fr\/site\/touleco-transports-si-la-region-ne-prend-pas-le-relais-de-letat-le-service-public-ne-sera-pas-assure\/"},"author":{"name":"pascalbarbier","@id":"https:\/\/autate.fr\/site\/#\/schema\/person\/ae1ab8bdaa7b41d2a9b52d2557ce8254"},"headline":"[Toul\u00e9co] Transports. \u00ab Si la R\u00e9gion ne prend pas le relais de l\u2019Etat, le service public ne sera pas assur\u00e9 \u00bb","datePublished":"2016-03-23T09:30:54+00:00","dateModified":"2016-04-15T22:38:34+00:00","mainEntityOfPage":{"@id":"https:\/\/autate.fr\/site\/touleco-transports-si-la-region-ne-prend-pas-le-relais-de-letat-le-service-public-ne-sera-pas-assure\/"},"wordCount":172,"commentCount":0,"publisher":{"@id":"https:\/\/autate.fr\/site\/#organization"},"keywords":["intermodalit\u00e9","JLGibelin","r\u00e9gion","service public"],"articleSection":["Revue de presse"],"inLanguage":"fr-FR","potentialAction":[{"@type":"CommentAction","name":"Comment","target":["https:\/\/autate.fr\/site\/touleco-transports-si-la-region-ne-prend-pas-le-relais-de-letat-le-service-public-ne-sera-pas-assure\/#respond"]}]},{"@type":"WebPage","@id":"https:\/\/autate.fr\/site\/touleco-transports-si-la-region-ne-prend-pas-le-relais-de-letat-le-service-public-ne-sera-pas-assure\/","url":"https:\/\/autate.fr\/site\/touleco-transports-si-la-region-ne-prend-pas-le-relais-de-letat-le-service-public-ne-sera-pas-assure\/","name":"[Toul\u00e9co] Transports. \u00ab Si la R\u00e9gion ne prend pas le relais de l\u2019Etat, le service public ne sera pas assur\u00e9 \u00bb - AUTATE","isPartOf":{"@id":"https:\/\/autate.fr\/site\/#website"},"datePublished":"2016-03-23T09:30:54+00:00","dateModified":"2016-04-15T22:38:34+00:00","breadcrumb":{"@id":"https:\/\/autate.fr\/site\/touleco-transports-si-la-region-ne-prend-pas-le-relais-de-letat-le-service-public-ne-sera-pas-assure\/#breadcrumb"},"inLanguage":"fr-FR","potentialAction":[{"@type":"ReadAction","target":["https:\/\/autate.fr\/site\/touleco-transports-si-la-region-ne-prend-pas-le-relais-de-letat-le-service-public-ne-sera-pas-assure\/"]}]},{"@type":"BreadcrumbList","@id":"https:\/\/autate.fr\/site\/touleco-transports-si-la-region-ne-prend-pas-le-relais-de-letat-le-service-public-ne-sera-pas-assure\/#breadcrumb","itemListElement":[{"@type":"ListItem","position":1,"name":"Accueil","item":"https:\/\/autate.fr\/site\/"},{"@type":"ListItem","position":2,"name":"[Toul\u00e9co] Transports. \u00ab Si la R\u00e9gion ne prend pas le relais de l\u2019Etat, le service public ne sera pas assur\u00e9 \u00bb"}]},{"@type":"WebSite","@id":"https:\/\/autate.fr\/site\/#website","url":"https:\/\/autate.fr\/site\/","name":"AUTATE","description":"Association des usagers des transports de l&#039;agglom\u00e9ration Toulousaine et de ses environs","publisher":{"@id":"https:\/\/autate.fr\/site\/#organization"},"potentialAction":[{"@type":"SearchAction","target":{"@type":"EntryPoint","urlTemplate":"https:\/\/autate.fr\/site\/?s={search_term_string}"},"query-input":{"@type":"PropertyValueSpecification","valueRequired":true,"valueName":"search_term_string"}}],"inLanguage":"fr-FR"},{"@type":"Organization","@id":"https:\/\/autate.fr\/site\/#organization","name":"AUTATE","url":"https:\/\/autate.fr\/site\/","logo":{"@type":"ImageObject","inLanguage":"fr-FR","@id":"https:\/\/autate.fr\/site\/#\/schema\/logo\/image\/","url":"http:\/\/autate.fr\/site\/wp-content\/uploads\/2019\/01\/logo.png","contentUrl":"http:\/\/autate.fr\/site\/wp-content\/uploads\/2019\/01\/logo.png","width":506,"height":280,"caption":"AUTATE"},"image":{"@id":"https:\/\/autate.fr\/site\/#\/schema\/logo\/image\/"},"sameAs":["https:\/\/www.facebook.com\/AutateToulouse","https:\/\/x.com\/AutateToulouse"]},{"@type":"Person","@id":"https:\/\/autate.fr\/site\/#\/schema\/person\/ae1ab8bdaa7b41d2a9b52d2557ce8254","name":"pascalbarbier","image":{"@type":"ImageObject","inLanguage":"fr-FR","@id":"https:\/\/secure.gravatar.com\/avatar\/03f4e8ced09894b72c67e83142540730d4b3bbf619bf46341b0074e3bf5f08a0?s=96&d=mm&r=g","url":"https:\/\/secure.gravatar.com\/avatar\/03f4e8ced09894b72c67e83142540730d4b3bbf619bf46341b0074e3bf5f08a0?s=96&d=mm&r=g","contentUrl":"https:\/\/secure.gravatar.com\/avatar\/03f4e8ced09894b72c67e83142540730d4b3bbf619bf46341b0074e3bf5f08a0?s=96&d=mm&r=g","caption":"pascalbarbier"},"url":"https:\/\/autate.fr\/site\/author\/pascalbarbier\/"}]}},"_links":{"self":[{"href":"https:\/\/autate.fr\/site\/wp-json\/wp\/v2\/posts\/450","targetHints":{"allow":["GET"]}}],"collection":[{"href":"https:\/\/autate.fr\/site\/wp-json\/wp\/v2\/posts"}],"about":[{"href":"https:\/\/autate.fr\/site\/wp-json\/wp\/v2\/types\/post"}],"author":[{"embeddable":true,"href":"https:\/\/autate.fr\/site\/wp-json\/wp\/v2\/users\/1"}],"replies":[{"embeddable":true,"href":"https:\/\/autate.fr\/site\/wp-json\/wp\/v2\/comments?post=450"}],"version-history":[{"count":2,"href":"https:\/\/autate.fr\/site\/wp-json\/wp\/v2\/posts\/450\/revisions"}],"predecessor-version":[{"id":476,"href":"https:\/\/autate.fr\/site\/wp-json\/wp\/v2\/posts\/450\/revisions\/476"}],"wp:attachment":[{"href":"https:\/\/autate.fr\/site\/wp-json\/wp\/v2\/media?parent=450"}],"wp:term":[{"taxonomy":"category","embeddable":true,"href":"https:\/\/autate.fr\/site\/wp-json\/wp\/v2\/categories?post=450"},{"taxonomy":"post_tag","embeddable":true,"href":"https:\/\/autate.fr\/site\/wp-json\/wp\/v2\/tags?post=450"}],"curies":[{"name":"wp","href":"https:\/\/api.w.org\/{rel}","templated":true}]}}