{"id":4468,"date":"2025-01-27T00:07:20","date_gmt":"2025-01-26T23:07:20","guid":{"rendered":"https:\/\/autate.fr\/site\/?p=4468"},"modified":"2025-11-11T17:29:37","modified_gmt":"2025-11-11T16:29:37","slug":"contribution-autate-au-futur-pdm-urgence-de-repondre-aux-besoins-de-mobilite-en-banlieue","status":"publish","type":"post","link":"https:\/\/autate.fr\/site\/contribution-autate-au-futur-pdm-urgence-de-repondre-aux-besoins-de-mobilite-en-banlieue\/","title":{"rendered":"[Contribution au PDM] Urgence de r\u00e9pondre aux besoins de mobilit\u00e9 en banlieue"},"content":{"rendered":"\n<h2 class=\"title text-title-section margin-y-sm\">Contribution de l&rsquo;AUTATE au futur Plan De Mobilit\u00e9s: urgence de r\u00e9pondre aux besoins de mobilit\u00e9 en banlieue<\/h2>\n<div>\n<div class=\"gradient\">\u00a0<\/div>\n<div class=\"from-user-input description padding-y-xs\">\n<div class=\"d-flex flex-column excerpt-container h-100\">\n<div class=\"contribution-content\">\n<div id=\"excerptable-container10\" class=\"excerpt-container-inner\" role=\"region\">\n<div class=\"highlighted-string\">\n<p>Tisseo a positionn\u00e9 la concertation \u00e0 l\u2019horizon post 2030, apr\u00e8s la mise en service de la ligne C du m\u00e9tro. Cela ne correspond pas \u00e0 ce qui est attendu des usager.e.s.<\/p>\n<p>Les r\u00e9sultats de l\u2019enqu\u00eate EMC2 confortent le ressentis des usagers et les analyses de notre association\u00a0:<strong> Il est urgent de r\u00e9\u00e9quilibrer les moyens d\u2019exploitation et les investissements en infrastructures <\/strong><strong>au sein du<\/strong><strong> territoire et <\/strong><strong>aussi de redistribuer les moyens <\/strong><strong>entre le m\u00e9tro et le r\u00e9seau de bus.<\/strong>.<br \/>L\u2019enqu\u00eate EMC2 indique une forte disparit\u00e9 entre les territoires concernant le % d\u2019habitants desservis par un mode structurant ou pas desservis du tout.<\/p>\n<p><img decoding=\"async\" src=\"https:\/\/cdn.jenparle.net\/rails\/active_storage\/blobs\/redirect\/eyJfcmFpbHMiOnsibWVzc2FnZSI6IkJBaHBBMkx2QVE9PSIsImV4cCI6bnVsbCwicHVyIjoiYmxvYl9pZCJ9fQ==--dc73919b696b1b56c8032645afc089ac1cdb79da\/tab_pourcentage.png\" alt=\"\" data-height-processed=\"true\" \/><\/p>\n<p>L\u2019\u00e9volution des TC en 10 ans (enqu\u00eate m\u00e9nage 2013 et enqu\u00eate EMC2 2023) n\u2019a pas permis de r\u00e9pondre \u00e0 l\u2019ensemble des besoins de notre agglom\u00e9ration.<br \/>A cette vitesse il faudra encore 10 ans pour desservir tous les habitants et plus de 30 ans pour proposer une ligne structurante \u00e0 tous.<\/p>\n<p tabindex=\"-1\" data-first-hidden-element=\"true\">L&rsquo;association AUTATE ( https:\/\/autate.fr)\u00a0 porte les propositions suivantes :<\/p>\n<ul>\n<li>\n<p>Un moratoire des d\u00e9veloppements de nouveaux TC sur Toulouse centre (qui sont suffisamment dot\u00e9s)<\/p>\n<\/li>\n<li>\n<p>Une utilisation optimale des lignes de m\u00e9tros et de tram en pr\u00e9voyant un budget ad\u00e9quat pour acheter des rames et passer de 50\u00a0% \u00e0 100\u00a0% du potentiel de chaque ligne\u00a0: m\u00e9tro A , m\u00e9tro B, Tram .<\/p>\n<\/li>\n<li>\n<p>Un r\u00e9seau de lignes non structurantes couvrant la p\u00e9riode du soir (apr\u00e8s 21h et le week-end) dans chaque bassin de mobilit\u00e9: \u00e0 d\u00e9velopper selon l\u2019exemple du bus 106.<\/p>\n<\/li>\n<li>\n<p>Une am\u00e9lioration des fr\u00e9quences aux heures de pointe (en journ\u00e9e) sur l\u2019ensemble des lignes non structurantes: 15 min sur le cr\u00e9neau des HP. Ces lignes deviendront plus attrayantes et les correspondances plus acceptables<\/p>\n<\/li>\n<li>\n<p>Rechercher la compl\u00e9mentarit\u00e9 des moyens de transport en fonction de la localisation dans l\u2019agglom\u00e9ration\u00a0: r\u00e9seau LIO train (cf. projet de SERM et voir aussi contribution RLE) , covoiturage et autopartage (cf contribution de Citiz), stationnements et parcs-relais, r\u00e9seau de bus urbains ou cars LIO, moyens lourds m\u00e9tro, tram et T\u00e9l\u00e9o, v\u00e9los ou marche.<\/p>\n<\/li>\n<li>\n<p>Simplifier la tarification en mettant en place un ticket unique sur une dur\u00e9e de validit\u00e9 de 1h30. (temps n\u00e9cessaire pour traverser l\u2019agglom\u00e9ration du NE au SO )<\/p>\n<\/li>\n<li>\n<p>Prolonger les Lin\u00e9os et augmenter l\u2019offre des lignes non structurantes pour se rapprocher du service Lin\u00e9o en journ\u00e9e. Le r\u00e9seau de nuit et week-end cit\u00e9 ci-dessus assura la continuit\u00e9 de service.<\/p>\n<\/li>\n<li>\n<p>Augmenter les p\u00f4les de covoiturage en deuxi\u00e8me et troisi\u00e8me couronne et au-del\u00e0 en plus de l\u2019am\u00e9nagement de parking relais avec places r\u00e9serv\u00e9es au covoiturage d\u00e8s l\u2019entr\u00e9e en zone urbaine.<\/p>\n<\/li>\n<li>\n<p>Cr\u00e9ation de nouvelles lignes structurantes en banlieue (Lin\u00e9o ou Tram) : pour cela, utiliser les r\u00e9sultats de l\u2019enqu\u00eate EMC2 qui expriment le besoin des m\u00e9nages pour se d\u00e9placer, en particulier de banlieue \u00e0 banlieue : dans l\u2019Ouest par exemple, le besoin d\u2019aller de Portet \u00e0 Tournefeuille puis \u00e0 Blagnac est urgent \u00e0 consid\u00e9rer.<\/p>\n<\/li>\n<li>\n<p>L\u2019ensemble des partenaires participant \u00e0 cette concertation m\u00e9rite d\u2019\u00eatre inform\u00e9 sur le suivi du r\u00e9seau de TC. Un accord sur les indicateurs \u00e0 suivre conforterait la volont\u00e9 de travailler ensemble et de coop\u00e9rer dans la dur\u00e9e.<\/p>\n<\/li>\n<li>\n<p>Donner une image positive des transports en commun\u00a0: ne plus entendre cette phrase \u00ab\u00a0 tu ne vas pas prendre les transports en commun\u00a0! Je te raccompagne en voiture.\u00a0\u00bb<\/p>\n<\/li>\n<\/ul>\n<\/div>\n<\/div>\n<\/div>\n<\/div>\n<\/div>\n<\/div>\n","protected":false},"excerpt":{"rendered":"<p>Contribution de l&rsquo;AUTATE au futur Plan De Mobilit\u00e9s: urgence de r\u00e9pondre aux besoins de mobilit\u00e9 en banlieue \u00a0 Tisseo a positionn\u00e9 la concertation \u00e0 l\u2019horizon post 2030, apr\u00e8s la mise en service de la ligne C du m\u00e9tro. Cela ne correspond pas \u00e0 ce qui est attendu des usager.e.s. Les r\u00e9sultats de l\u2019enqu\u00eate EMC2 confortent<\/p>\n<p class=\"more-link\"><a href=\"https:\/\/autate.fr\/site\/contribution-autate-au-futur-pdm-urgence-de-repondre-aux-besoins-de-mobilite-en-banlieue\/\" class=\"themebutton2\">VOIR PLUS<\/a><\/p>\n","protected":false},"author":10,"featured_media":4466,"comment_status":"open","ping_status":"open","sticky":false,"template":"","format":"standard","meta":{"footnotes":""},"categories":[4,500,527,525],"tags":[],"class_list":["post-4468","post","type-post","status-publish","format-standard","has-post-thumbnail","hentry","category-actualite-association","category-bus-tisseo","category-nos-dossiers","category-pdm"],"yoast_head":"<!-- This site is optimized with the Yoast SEO plugin v27.4 - https:\/\/yoast.com\/product\/yoast-seo-wordpress\/ -->\n<title>[Contribution au PDM] Urgence de r\u00e9pondre aux besoins de mobilit\u00e9 en banlieue - AUTATE<\/title>\n<meta name=\"robots\" content=\"index, follow, max-snippet:-1, max-image-preview:large, max-video-preview:-1\" \/>\n<link rel=\"canonical\" href=\"https:\/\/autate.fr\/site\/contribution-autate-au-futur-pdm-urgence-de-repondre-aux-besoins-de-mobilite-en-banlieue\/\" \/>\n<meta property=\"og:locale\" content=\"fr_FR\" \/>\n<meta property=\"og:type\" content=\"article\" \/>\n<meta property=\"og:title\" content=\"[Contribution au PDM] Urgence de r\u00e9pondre aux besoins de mobilit\u00e9 en banlieue - AUTATE\" \/>\n<meta property=\"og:description\" content=\"Contribution de l&rsquo;AUTATE au futur Plan De Mobilit\u00e9s: urgence de r\u00e9pondre aux besoins de mobilit\u00e9 en banlieue \u00a0 Tisseo a positionn\u00e9 la concertation \u00e0 l\u2019horizon post 2030, apr\u00e8s la mise en service de la ligne C du m\u00e9tro. Cela ne correspond pas \u00e0 ce qui est attendu des usager.e.s. Les r\u00e9sultats de l\u2019enqu\u00eate EMC2 confortentVOIR PLUS\" \/>\n<meta property=\"og:url\" content=\"https:\/\/autate.fr\/site\/contribution-autate-au-futur-pdm-urgence-de-repondre-aux-besoins-de-mobilite-en-banlieue\/\" \/>\n<meta property=\"og:site_name\" content=\"AUTATE\" \/>\n<meta property=\"article:publisher\" content=\"https:\/\/www.facebook.com\/AutateToulouse\" \/>\n<meta property=\"article:published_time\" content=\"2025-01-26T23:07:20+00:00\" \/>\n<meta property=\"article:modified_time\" content=\"2025-11-11T16:29:37+00:00\" \/>\n<meta property=\"og:image\" content=\"https:\/\/autate.fr\/site\/wp-content\/uploads\/2025\/01\/Logo-PLan-de-mobilites-e1762783776838.jpg\" \/>\n\t<meta property=\"og:image:width\" content=\"300\" \/>\n\t<meta property=\"og:image:height\" content=\"114\" \/>\n\t<meta property=\"og:image:type\" content=\"image\/jpeg\" \/>\n<meta name=\"author\" content=\"Agn\u00e8s D\u00e9fosse\" \/>\n<meta name=\"twitter:card\" content=\"summary_large_image\" \/>\n<meta name=\"twitter:creator\" content=\"@AutateToulouse\" \/>\n<meta name=\"twitter:site\" content=\"@AutateToulouse\" \/>\n<meta name=\"twitter:label1\" content=\"\u00c9crit par\" \/>\n\t<meta name=\"twitter:data1\" content=\"Agn\u00e8s D\u00e9fosse\" \/>\n\t<meta name=\"twitter:label2\" content=\"Dur\u00e9e de lecture estim\u00e9e\" \/>\n\t<meta name=\"twitter:data2\" content=\"4 minutes\" \/>\n<script type=\"application\/ld+json\" class=\"yoast-schema-graph\">{\"@context\":\"https:\\\/\\\/schema.org\",\"@graph\":[{\"@type\":\"Article\",\"@id\":\"https:\\\/\\\/autate.fr\\\/site\\\/contribution-autate-au-futur-pdm-urgence-de-repondre-aux-besoins-de-mobilite-en-banlieue\\\/#article\",\"isPartOf\":{\"@id\":\"https:\\\/\\\/autate.fr\\\/site\\\/contribution-autate-au-futur-pdm-urgence-de-repondre-aux-besoins-de-mobilite-en-banlieue\\\/\"},\"author\":{\"name\":\"Agn\u00e8s D\u00e9fosse\",\"@id\":\"https:\\\/\\\/autate.fr\\\/site\\\/#\\\/schema\\\/person\\\/5dd2db09ec53d78638dc66bb99c1a96b\"},\"headline\":\"[Contribution au PDM] Urgence de r\u00e9pondre aux besoins de mobilit\u00e9 en banlieue\",\"datePublished\":\"2025-01-26T23:07:20+00:00\",\"dateModified\":\"2025-11-11T16:29:37+00:00\",\"mainEntityOfPage\":{\"@id\":\"https:\\\/\\\/autate.fr\\\/site\\\/contribution-autate-au-futur-pdm-urgence-de-repondre-aux-besoins-de-mobilite-en-banlieue\\\/\"},\"wordCount\":615,\"commentCount\":0,\"publisher\":{\"@id\":\"https:\\\/\\\/autate.fr\\\/site\\\/#organization\"},\"image\":{\"@id\":\"https:\\\/\\\/autate.fr\\\/site\\\/contribution-autate-au-futur-pdm-urgence-de-repondre-aux-besoins-de-mobilite-en-banlieue\\\/#primaryimage\"},\"thumbnailUrl\":\"https:\\\/\\\/autate.fr\\\/site\\\/wp-content\\\/uploads\\\/2025\\\/01\\\/Logo-PLan-de-mobilites-e1762783776838.jpg\",\"articleSection\":[\"Actualit\u00e9s-AUTATE\",\"Bus Tisseo\",\"Nos dossiers\",\"PlanDeMobilit\u00e9\"],\"inLanguage\":\"fr-FR\",\"potentialAction\":[{\"@type\":\"CommentAction\",\"name\":\"Comment\",\"target\":[\"https:\\\/\\\/autate.fr\\\/site\\\/contribution-autate-au-futur-pdm-urgence-de-repondre-aux-besoins-de-mobilite-en-banlieue\\\/#respond\"]}]},{\"@type\":\"WebPage\",\"@id\":\"https:\\\/\\\/autate.fr\\\/site\\\/contribution-autate-au-futur-pdm-urgence-de-repondre-aux-besoins-de-mobilite-en-banlieue\\\/\",\"url\":\"https:\\\/\\\/autate.fr\\\/site\\\/contribution-autate-au-futur-pdm-urgence-de-repondre-aux-besoins-de-mobilite-en-banlieue\\\/\",\"name\":\"[Contribution au PDM] Urgence de r\u00e9pondre aux besoins de mobilit\u00e9 en banlieue - AUTATE\",\"isPartOf\":{\"@id\":\"https:\\\/\\\/autate.fr\\\/site\\\/#website\"},\"primaryImageOfPage\":{\"@id\":\"https:\\\/\\\/autate.fr\\\/site\\\/contribution-autate-au-futur-pdm-urgence-de-repondre-aux-besoins-de-mobilite-en-banlieue\\\/#primaryimage\"},\"image\":{\"@id\":\"https:\\\/\\\/autate.fr\\\/site\\\/contribution-autate-au-futur-pdm-urgence-de-repondre-aux-besoins-de-mobilite-en-banlieue\\\/#primaryimage\"},\"thumbnailUrl\":\"https:\\\/\\\/autate.fr\\\/site\\\/wp-content\\\/uploads\\\/2025\\\/01\\\/Logo-PLan-de-mobilites-e1762783776838.jpg\",\"datePublished\":\"2025-01-26T23:07:20+00:00\",\"dateModified\":\"2025-11-11T16:29:37+00:00\",\"breadcrumb\":{\"@id\":\"https:\\\/\\\/autate.fr\\\/site\\\/contribution-autate-au-futur-pdm-urgence-de-repondre-aux-besoins-de-mobilite-en-banlieue\\\/#breadcrumb\"},\"inLanguage\":\"fr-FR\",\"potentialAction\":[{\"@type\":\"ReadAction\",\"target\":[\"https:\\\/\\\/autate.fr\\\/site\\\/contribution-autate-au-futur-pdm-urgence-de-repondre-aux-besoins-de-mobilite-en-banlieue\\\/\"]}]},{\"@type\":\"ImageObject\",\"inLanguage\":\"fr-FR\",\"@id\":\"https:\\\/\\\/autate.fr\\\/site\\\/contribution-autate-au-futur-pdm-urgence-de-repondre-aux-besoins-de-mobilite-en-banlieue\\\/#primaryimage\",\"url\":\"https:\\\/\\\/autate.fr\\\/site\\\/wp-content\\\/uploads\\\/2025\\\/01\\\/Logo-PLan-de-mobilites-e1762783776838.jpg\",\"contentUrl\":\"https:\\\/\\\/autate.fr\\\/site\\\/wp-content\\\/uploads\\\/2025\\\/01\\\/Logo-PLan-de-mobilites-e1762783776838.jpg\",\"width\":300,\"height\":114},{\"@type\":\"BreadcrumbList\",\"@id\":\"https:\\\/\\\/autate.fr\\\/site\\\/contribution-autate-au-futur-pdm-urgence-de-repondre-aux-besoins-de-mobilite-en-banlieue\\\/#breadcrumb\",\"itemListElement\":[{\"@type\":\"ListItem\",\"position\":1,\"name\":\"Accueil\",\"item\":\"https:\\\/\\\/autate.fr\\\/site\\\/\"},{\"@type\":\"ListItem\",\"position\":2,\"name\":\"[Contribution au PDM] Urgence de r\u00e9pondre aux besoins de mobilit\u00e9 en banlieue\"}]},{\"@type\":\"WebSite\",\"@id\":\"https:\\\/\\\/autate.fr\\\/site\\\/#website\",\"url\":\"https:\\\/\\\/autate.fr\\\/site\\\/\",\"name\":\"AUTATE\",\"description\":\"Association des usagers des transports de l&#039;agglom\u00e9ration Toulousaine et de ses environs\",\"publisher\":{\"@id\":\"https:\\\/\\\/autate.fr\\\/site\\\/#organization\"},\"potentialAction\":[{\"@type\":\"SearchAction\",\"target\":{\"@type\":\"EntryPoint\",\"urlTemplate\":\"https:\\\/\\\/autate.fr\\\/site\\\/?s={search_term_string}\"},\"query-input\":{\"@type\":\"PropertyValueSpecification\",\"valueRequired\":true,\"valueName\":\"search_term_string\"}}],\"inLanguage\":\"fr-FR\"},{\"@type\":\"Organization\",\"@id\":\"https:\\\/\\\/autate.fr\\\/site\\\/#organization\",\"name\":\"AUTATE\",\"url\":\"https:\\\/\\\/autate.fr\\\/site\\\/\",\"logo\":{\"@type\":\"ImageObject\",\"inLanguage\":\"fr-FR\",\"@id\":\"https:\\\/\\\/autate.fr\\\/site\\\/#\\\/schema\\\/logo\\\/image\\\/\",\"url\":\"http:\\\/\\\/autate.fr\\\/site\\\/wp-content\\\/uploads\\\/2019\\\/01\\\/logo.png\",\"contentUrl\":\"http:\\\/\\\/autate.fr\\\/site\\\/wp-content\\\/uploads\\\/2019\\\/01\\\/logo.png\",\"width\":506,\"height\":280,\"caption\":\"AUTATE\"},\"image\":{\"@id\":\"https:\\\/\\\/autate.fr\\\/site\\\/#\\\/schema\\\/logo\\\/image\\\/\"},\"sameAs\":[\"https:\\\/\\\/www.facebook.com\\\/AutateToulouse\",\"https:\\\/\\\/x.com\\\/AutateToulouse\"]},{\"@type\":\"Person\",\"@id\":\"https:\\\/\\\/autate.fr\\\/site\\\/#\\\/schema\\\/person\\\/5dd2db09ec53d78638dc66bb99c1a96b\",\"name\":\"Agn\u00e8s D\u00e9fosse\",\"image\":{\"@type\":\"ImageObject\",\"inLanguage\":\"fr-FR\",\"@id\":\"https:\\\/\\\/secure.gravatar.com\\\/avatar\\\/95c9cd4b94e5a0c0ea8b60b9bdbb3225980cf1f6d229a870c299992be19d6804?s=96&d=mm&r=g\",\"url\":\"https:\\\/\\\/secure.gravatar.com\\\/avatar\\\/95c9cd4b94e5a0c0ea8b60b9bdbb3225980cf1f6d229a870c299992be19d6804?s=96&d=mm&r=g\",\"contentUrl\":\"https:\\\/\\\/secure.gravatar.com\\\/avatar\\\/95c9cd4b94e5a0c0ea8b60b9bdbb3225980cf1f6d229a870c299992be19d6804?s=96&d=mm&r=g\",\"caption\":\"Agn\u00e8s D\u00e9fosse\"},\"url\":\"https:\\\/\\\/autate.fr\\\/site\\\/author\\\/agnesdefosse\\\/\"}]}<\/script>\n<!-- \/ Yoast SEO plugin. -->","yoast_head_json":{"title":"[Contribution au PDM] Urgence de r\u00e9pondre aux besoins de mobilit\u00e9 en banlieue - AUTATE","robots":{"index":"index","follow":"follow","max-snippet":"max-snippet:-1","max-image-preview":"max-image-preview:large","max-video-preview":"max-video-preview:-1"},"canonical":"https:\/\/autate.fr\/site\/contribution-autate-au-futur-pdm-urgence-de-repondre-aux-besoins-de-mobilite-en-banlieue\/","og_locale":"fr_FR","og_type":"article","og_title":"[Contribution au PDM] Urgence de r\u00e9pondre aux besoins de mobilit\u00e9 en banlieue - AUTATE","og_description":"Contribution de l&rsquo;AUTATE au futur Plan De Mobilit\u00e9s: urgence de r\u00e9pondre aux besoins de mobilit\u00e9 en banlieue \u00a0 Tisseo a positionn\u00e9 la concertation \u00e0 l\u2019horizon post 2030, apr\u00e8s la mise en service de la ligne C du m\u00e9tro. Cela ne correspond pas \u00e0 ce qui est attendu des usager.e.s. Les r\u00e9sultats de l\u2019enqu\u00eate EMC2 confortentVOIR PLUS","og_url":"https:\/\/autate.fr\/site\/contribution-autate-au-futur-pdm-urgence-de-repondre-aux-besoins-de-mobilite-en-banlieue\/","og_site_name":"AUTATE","article_publisher":"https:\/\/www.facebook.com\/AutateToulouse","article_published_time":"2025-01-26T23:07:20+00:00","article_modified_time":"2025-11-11T16:29:37+00:00","og_image":[{"width":300,"height":114,"url":"https:\/\/autate.fr\/site\/wp-content\/uploads\/2025\/01\/Logo-PLan-de-mobilites-e1762783776838.jpg","type":"image\/jpeg"}],"author":"Agn\u00e8s D\u00e9fosse","twitter_card":"summary_large_image","twitter_creator":"@AutateToulouse","twitter_site":"@AutateToulouse","twitter_misc":{"\u00c9crit par":"Agn\u00e8s D\u00e9fosse","Dur\u00e9e de lecture estim\u00e9e":"4 minutes"},"schema":{"@context":"https:\/\/schema.org","@graph":[{"@type":"Article","@id":"https:\/\/autate.fr\/site\/contribution-autate-au-futur-pdm-urgence-de-repondre-aux-besoins-de-mobilite-en-banlieue\/#article","isPartOf":{"@id":"https:\/\/autate.fr\/site\/contribution-autate-au-futur-pdm-urgence-de-repondre-aux-besoins-de-mobilite-en-banlieue\/"},"author":{"name":"Agn\u00e8s D\u00e9fosse","@id":"https:\/\/autate.fr\/site\/#\/schema\/person\/5dd2db09ec53d78638dc66bb99c1a96b"},"headline":"[Contribution au PDM] Urgence de r\u00e9pondre aux besoins de mobilit\u00e9 en banlieue","datePublished":"2025-01-26T23:07:20+00:00","dateModified":"2025-11-11T16:29:37+00:00","mainEntityOfPage":{"@id":"https:\/\/autate.fr\/site\/contribution-autate-au-futur-pdm-urgence-de-repondre-aux-besoins-de-mobilite-en-banlieue\/"},"wordCount":615,"commentCount":0,"publisher":{"@id":"https:\/\/autate.fr\/site\/#organization"},"image":{"@id":"https:\/\/autate.fr\/site\/contribution-autate-au-futur-pdm-urgence-de-repondre-aux-besoins-de-mobilite-en-banlieue\/#primaryimage"},"thumbnailUrl":"https:\/\/autate.fr\/site\/wp-content\/uploads\/2025\/01\/Logo-PLan-de-mobilites-e1762783776838.jpg","articleSection":["Actualit\u00e9s-AUTATE","Bus Tisseo","Nos dossiers","PlanDeMobilit\u00e9"],"inLanguage":"fr-FR","potentialAction":[{"@type":"CommentAction","name":"Comment","target":["https:\/\/autate.fr\/site\/contribution-autate-au-futur-pdm-urgence-de-repondre-aux-besoins-de-mobilite-en-banlieue\/#respond"]}]},{"@type":"WebPage","@id":"https:\/\/autate.fr\/site\/contribution-autate-au-futur-pdm-urgence-de-repondre-aux-besoins-de-mobilite-en-banlieue\/","url":"https:\/\/autate.fr\/site\/contribution-autate-au-futur-pdm-urgence-de-repondre-aux-besoins-de-mobilite-en-banlieue\/","name":"[Contribution au PDM] Urgence de r\u00e9pondre aux besoins de mobilit\u00e9 en banlieue - AUTATE","isPartOf":{"@id":"https:\/\/autate.fr\/site\/#website"},"primaryImageOfPage":{"@id":"https:\/\/autate.fr\/site\/contribution-autate-au-futur-pdm-urgence-de-repondre-aux-besoins-de-mobilite-en-banlieue\/#primaryimage"},"image":{"@id":"https:\/\/autate.fr\/site\/contribution-autate-au-futur-pdm-urgence-de-repondre-aux-besoins-de-mobilite-en-banlieue\/#primaryimage"},"thumbnailUrl":"https:\/\/autate.fr\/site\/wp-content\/uploads\/2025\/01\/Logo-PLan-de-mobilites-e1762783776838.jpg","datePublished":"2025-01-26T23:07:20+00:00","dateModified":"2025-11-11T16:29:37+00:00","breadcrumb":{"@id":"https:\/\/autate.fr\/site\/contribution-autate-au-futur-pdm-urgence-de-repondre-aux-besoins-de-mobilite-en-banlieue\/#breadcrumb"},"inLanguage":"fr-FR","potentialAction":[{"@type":"ReadAction","target":["https:\/\/autate.fr\/site\/contribution-autate-au-futur-pdm-urgence-de-repondre-aux-besoins-de-mobilite-en-banlieue\/"]}]},{"@type":"ImageObject","inLanguage":"fr-FR","@id":"https:\/\/autate.fr\/site\/contribution-autate-au-futur-pdm-urgence-de-repondre-aux-besoins-de-mobilite-en-banlieue\/#primaryimage","url":"https:\/\/autate.fr\/site\/wp-content\/uploads\/2025\/01\/Logo-PLan-de-mobilites-e1762783776838.jpg","contentUrl":"https:\/\/autate.fr\/site\/wp-content\/uploads\/2025\/01\/Logo-PLan-de-mobilites-e1762783776838.jpg","width":300,"height":114},{"@type":"BreadcrumbList","@id":"https:\/\/autate.fr\/site\/contribution-autate-au-futur-pdm-urgence-de-repondre-aux-besoins-de-mobilite-en-banlieue\/#breadcrumb","itemListElement":[{"@type":"ListItem","position":1,"name":"Accueil","item":"https:\/\/autate.fr\/site\/"},{"@type":"ListItem","position":2,"name":"[Contribution au PDM] Urgence de r\u00e9pondre aux besoins de mobilit\u00e9 en banlieue"}]},{"@type":"WebSite","@id":"https:\/\/autate.fr\/site\/#website","url":"https:\/\/autate.fr\/site\/","name":"AUTATE","description":"Association des usagers des transports de l&#039;agglom\u00e9ration Toulousaine et de ses environs","publisher":{"@id":"https:\/\/autate.fr\/site\/#organization"},"potentialAction":[{"@type":"SearchAction","target":{"@type":"EntryPoint","urlTemplate":"https:\/\/autate.fr\/site\/?s={search_term_string}"},"query-input":{"@type":"PropertyValueSpecification","valueRequired":true,"valueName":"search_term_string"}}],"inLanguage":"fr-FR"},{"@type":"Organization","@id":"https:\/\/autate.fr\/site\/#organization","name":"AUTATE","url":"https:\/\/autate.fr\/site\/","logo":{"@type":"ImageObject","inLanguage":"fr-FR","@id":"https:\/\/autate.fr\/site\/#\/schema\/logo\/image\/","url":"http:\/\/autate.fr\/site\/wp-content\/uploads\/2019\/01\/logo.png","contentUrl":"http:\/\/autate.fr\/site\/wp-content\/uploads\/2019\/01\/logo.png","width":506,"height":280,"caption":"AUTATE"},"image":{"@id":"https:\/\/autate.fr\/site\/#\/schema\/logo\/image\/"},"sameAs":["https:\/\/www.facebook.com\/AutateToulouse","https:\/\/x.com\/AutateToulouse"]},{"@type":"Person","@id":"https:\/\/autate.fr\/site\/#\/schema\/person\/5dd2db09ec53d78638dc66bb99c1a96b","name":"Agn\u00e8s D\u00e9fosse","image":{"@type":"ImageObject","inLanguage":"fr-FR","@id":"https:\/\/secure.gravatar.com\/avatar\/95c9cd4b94e5a0c0ea8b60b9bdbb3225980cf1f6d229a870c299992be19d6804?s=96&d=mm&r=g","url":"https:\/\/secure.gravatar.com\/avatar\/95c9cd4b94e5a0c0ea8b60b9bdbb3225980cf1f6d229a870c299992be19d6804?s=96&d=mm&r=g","contentUrl":"https:\/\/secure.gravatar.com\/avatar\/95c9cd4b94e5a0c0ea8b60b9bdbb3225980cf1f6d229a870c299992be19d6804?s=96&d=mm&r=g","caption":"Agn\u00e8s D\u00e9fosse"},"url":"https:\/\/autate.fr\/site\/author\/agnesdefosse\/"}]}},"_links":{"self":[{"href":"https:\/\/autate.fr\/site\/wp-json\/wp\/v2\/posts\/4468","targetHints":{"allow":["GET"]}}],"collection":[{"href":"https:\/\/autate.fr\/site\/wp-json\/wp\/v2\/posts"}],"about":[{"href":"https:\/\/autate.fr\/site\/wp-json\/wp\/v2\/types\/post"}],"author":[{"embeddable":true,"href":"https:\/\/autate.fr\/site\/wp-json\/wp\/v2\/users\/10"}],"replies":[{"embeddable":true,"href":"https:\/\/autate.fr\/site\/wp-json\/wp\/v2\/comments?post=4468"}],"version-history":[{"count":6,"href":"https:\/\/autate.fr\/site\/wp-json\/wp\/v2\/posts\/4468\/revisions"}],"predecessor-version":[{"id":4616,"href":"https:\/\/autate.fr\/site\/wp-json\/wp\/v2\/posts\/4468\/revisions\/4616"}],"wp:featuredmedia":[{"embeddable":true,"href":"https:\/\/autate.fr\/site\/wp-json\/wp\/v2\/media\/4466"}],"wp:attachment":[{"href":"https:\/\/autate.fr\/site\/wp-json\/wp\/v2\/media?parent=4468"}],"wp:term":[{"taxonomy":"category","embeddable":true,"href":"https:\/\/autate.fr\/site\/wp-json\/wp\/v2\/categories?post=4468"},{"taxonomy":"post_tag","embeddable":true,"href":"https:\/\/autate.fr\/site\/wp-json\/wp\/v2\/tags?post=4468"}],"curies":[{"name":"wp","href":"https:\/\/api.w.org\/{rel}","templated":true}]}}