{"id":4455,"date":"2025-01-26T23:32:42","date_gmt":"2025-01-26T22:32:42","guid":{"rendered":"https:\/\/autate.fr\/site\/?p=4455"},"modified":"2025-11-21T21:24:50","modified_gmt":"2025-11-21T20:24:50","slug":"contribution-autate-a-la-concertation-du-plan-des-mobilites-pour-une-nouvelle-gouvernance-des-developpements-des-transports-en-commun-avec-les-usagers","status":"publish","type":"post","link":"https:\/\/autate.fr\/site\/contribution-autate-a-la-concertation-du-plan-des-mobilites-pour-une-nouvelle-gouvernance-des-developpements-des-transports-en-commun-avec-les-usagers\/","title":{"rendered":"[Contribution au PDM]  Pour une nouvelle gouvernance des d\u00e9veloppements des Transports en commun avec les usagers"},"content":{"rendered":"\n\n\n\n\n<div>\n<div class=\"from-user-input description padding-y-xs\">\n<div class=\"d-flex flex-column excerpt-container h-100\">\n<div class=\"contribution-content\">\n<div id=\"excerptable-container10\" class=\"excerpt-container-inner\" role=\"region\">\n<div class=\"highlighted-string\">\n<h4>Contribution AUTATE \u00e0 la concertation du Plan des Mobilit\u00e9s:<\/h4>\n<h4>Pour une nouvelle gouvernance des d\u00e9veloppements des Transports en Commun avec les usagers<\/h4>\n<p>Actuellement l&rsquo;adaptation de l&rsquo;offre de bus suit un processus tr\u00e8s bien d\u00e9crit dans le webinaire \u00ab\u00a0Quel transports pour quel territoire ?\u00a0\u00bb<br \/>Les associations d&rsquo;usagers tout comme les usagers individuels, les \u00e9lus, les entreprises\u00a0 peuvent envoyer leur demande d&rsquo;adaptation; toutes les demandes sont trait\u00e9es mais la seule information en acc\u00e8s public\u00a0 sera l&rsquo;annonce des nouvelles offres de la rentr\u00e9e de septembre ou de janvier. <br \/>Pas de donn\u00e9es publiques sur les demandes, pas d&rsquo;information sur les crit\u00e8res de s\u00e9l\u00e9ction des demandes.<br \/><br \/>L&rsquo;association AUTATE propose une nouvelle organisation : le document complet est\u00a0<a href=\"https:\/\/drive.google.com\/file\/d\/1FPTMhCxkqfg_QgF28XLC7JY5Ia9Lsz8S\/view?usp=sharing\" target=\"_blank\" rel=\"noopener\">ICI<\/a><\/p>\nSituation future souhait\u00e9e\n<ul>\n<li>\n<p><strong>Acc\u00e8s publics \u00e0 tous les documents<\/strong>\u00a0des commissions territoriales, et des conseils syndicaux Tisseo <strong>en amont de<\/strong><strong>s<\/strong><strong> r\u00e9union<\/strong><strong>s<\/strong>.<br \/>C\u2019est en place depuis 2 ans pour les documents du comit\u00e9 des partenaires qui sont diffus\u00e9s 48h avant la date de r\u00e9union et cela est appr\u00e9ci\u00e9 par les participants<\/p>\n<\/li>\n<li tabindex=\"-1\" data-first-hidden-element=\"true\">\n<p>Enregistrement vid\u00e9o des s\u00e9ances du Conseil Syndical (comme c\u2019\u00e9tait le cas auparavant)<\/p>\n<\/li>\n<li>\n<p>Crit\u00e8res de suivi du r\u00e9seau de TC : les associations ont besoin des indicateurs suivants :<\/p>\n<table>\n<tbody>\n<tr>\n<td>\n<p>Objectif du suivi des indicateurs<\/p>\n<\/td>\n<td>\n<p>Indicateurs \u00e0 diffuser tous les mois pour chaque ligne du r\u00e9seau<\/p>\n<\/td>\n<\/tr>\n<tr>\n<td>\n<p>Mesure du confort des usagers<\/p>\n<\/td>\n<td>\n<p>&#8211; taux de remplissage du TC<br \/>&#8211; vitesse commerciale<\/p>\n<\/td>\n<\/tr>\n<tr>\n<td>\n<p>Mesure de l\u2019offre<\/p>\n<\/td>\n<td>\n<p>&#8211; nombre de validations<br \/>&#8211; nombre de km<br \/>&#8211; nombre de passages<\/p>\n<\/td>\n<\/tr>\n<tr>\n<td>\n<p>Mesure climato-sociale<\/p>\n<\/td>\n<td>\n<p>&#8211; taux de pollution <br \/>&#8211; \u00e9mission de GES<br \/>&#8211; nombre de v\u00e9hicules \u00e9vit\u00e9s<\/p>\n<\/td>\n<\/tr>\n<tr>\n<td>\n<p>D\u00e9finition du trajet d\u2019une ligne<\/p>\n<\/td>\n<td>\n<p>&#8211; densit\u00e9 d\u2019habitants des zones desservies<br \/>&#8211; densit\u00e9 d\u2019attractivit\u00e9 \u00e9conomique des zones desservies <br \/>&#8211; flux de d\u00e9placement d\u2019apr\u00e8s enqu\u00eate EMC2 de la zone desservie<\/p>\n<\/td>\n<\/tr>\n<\/tbody>\n<\/table>\n<\/li>\n<\/ul>\n<\/div>\n<\/div>\n<\/div>\n<\/div>\n<\/div>\n<\/div>\n","protected":false},"excerpt":{"rendered":"<p>Contribution AUTATE \u00e0 la concertation du Plan des Mobilit\u00e9s: Pour une nouvelle gouvernance des d\u00e9veloppements des Transports en Commun avec les usagers Actuellement l&rsquo;adaptation de l&rsquo;offre de bus suit un processus tr\u00e8s bien d\u00e9crit dans le webinaire \u00ab\u00a0Quel transports pour quel territoire ?\u00a0\u00bbLes associations d&rsquo;usagers tout comme les usagers individuels, les \u00e9lus, les entreprises\u00a0 peuvent<\/p>\n<p class=\"more-link\"><a href=\"https:\/\/autate.fr\/site\/contribution-autate-a-la-concertation-du-plan-des-mobilites-pour-une-nouvelle-gouvernance-des-developpements-des-transports-en-commun-avec-les-usagers\/\" class=\"themebutton2\">VOIR PLUS<\/a><\/p>\n","protected":false},"author":10,"featured_media":4466,"comment_status":"open","ping_status":"open","sticky":false,"template":"","format":"standard","meta":{"footnotes":""},"categories":[4,500,525,526],"tags":[539],"class_list":["post-4455","post","type-post","status-publish","format-standard","has-post-thumbnail","hentry","category-actualite-association","category-bus-tisseo","category-pdm","category-tisseo","tag-gouvernance"],"yoast_head":"<!-- This site is optimized with the Yoast SEO plugin v27.4 - https:\/\/yoast.com\/product\/yoast-seo-wordpress\/ -->\n<title>[Contribution au PDM] Pour une nouvelle gouvernance des d\u00e9veloppements des Transports en commun avec les usagers - AUTATE<\/title>\n<meta name=\"robots\" content=\"index, follow, max-snippet:-1, max-image-preview:large, max-video-preview:-1\" \/>\n<link rel=\"canonical\" href=\"https:\/\/autate.fr\/site\/contribution-autate-a-la-concertation-du-plan-des-mobilites-pour-une-nouvelle-gouvernance-des-developpements-des-transports-en-commun-avec-les-usagers\/\" \/>\n<meta property=\"og:locale\" content=\"fr_FR\" \/>\n<meta property=\"og:type\" content=\"article\" \/>\n<meta property=\"og:title\" content=\"[Contribution au PDM] Pour une nouvelle gouvernance des d\u00e9veloppements des Transports en commun avec les usagers - AUTATE\" \/>\n<meta property=\"og:description\" content=\"Contribution AUTATE \u00e0 la concertation du Plan des Mobilit\u00e9s: Pour une nouvelle gouvernance des d\u00e9veloppements des Transports en Commun avec les usagers Actuellement l&rsquo;adaptation de l&rsquo;offre de bus suit un processus tr\u00e8s bien d\u00e9crit dans le webinaire \u00ab\u00a0Quel transports pour quel territoire ?\u00a0\u00bbLes associations d&rsquo;usagers tout comme les usagers individuels, les \u00e9lus, les entreprises\u00a0 peuventVOIR PLUS\" \/>\n<meta property=\"og:url\" content=\"https:\/\/autate.fr\/site\/contribution-autate-a-la-concertation-du-plan-des-mobilites-pour-une-nouvelle-gouvernance-des-developpements-des-transports-en-commun-avec-les-usagers\/\" \/>\n<meta property=\"og:site_name\" content=\"AUTATE\" \/>\n<meta property=\"article:publisher\" content=\"https:\/\/www.facebook.com\/AutateToulouse\" \/>\n<meta property=\"article:published_time\" content=\"2025-01-26T22:32:42+00:00\" \/>\n<meta property=\"article:modified_time\" content=\"2025-11-21T20:24:50+00:00\" \/>\n<meta property=\"og:image\" content=\"https:\/\/autate.fr\/site\/wp-content\/uploads\/2025\/01\/Logo-PLan-de-mobilites-e1762783776838.jpg\" \/>\n\t<meta property=\"og:image:width\" content=\"300\" \/>\n\t<meta property=\"og:image:height\" content=\"114\" \/>\n\t<meta property=\"og:image:type\" content=\"image\/jpeg\" \/>\n<meta name=\"author\" content=\"Agn\u00e8s D\u00e9fosse\" \/>\n<meta name=\"twitter:card\" content=\"summary_large_image\" \/>\n<meta name=\"twitter:creator\" content=\"@AutateToulouse\" \/>\n<meta name=\"twitter:site\" content=\"@AutateToulouse\" \/>\n<meta name=\"twitter:label1\" content=\"\u00c9crit par\" \/>\n\t<meta name=\"twitter:data1\" content=\"Agn\u00e8s D\u00e9fosse\" \/>\n\t<meta name=\"twitter:label2\" content=\"Dur\u00e9e de lecture estim\u00e9e\" \/>\n\t<meta name=\"twitter:data2\" content=\"2 minutes\" \/>\n<script type=\"application\/ld+json\" class=\"yoast-schema-graph\">{\"@context\":\"https:\\\/\\\/schema.org\",\"@graph\":[{\"@type\":\"Article\",\"@id\":\"https:\\\/\\\/autate.fr\\\/site\\\/contribution-autate-a-la-concertation-du-plan-des-mobilites-pour-une-nouvelle-gouvernance-des-developpements-des-transports-en-commun-avec-les-usagers\\\/#article\",\"isPartOf\":{\"@id\":\"https:\\\/\\\/autate.fr\\\/site\\\/contribution-autate-a-la-concertation-du-plan-des-mobilites-pour-une-nouvelle-gouvernance-des-developpements-des-transports-en-commun-avec-les-usagers\\\/\"},\"author\":{\"name\":\"Agn\u00e8s D\u00e9fosse\",\"@id\":\"https:\\\/\\\/autate.fr\\\/site\\\/#\\\/schema\\\/person\\\/5dd2db09ec53d78638dc66bb99c1a96b\"},\"headline\":\"[Contribution au PDM] Pour une nouvelle gouvernance des d\u00e9veloppements des Transports en commun avec les usagers\",\"datePublished\":\"2025-01-26T22:32:42+00:00\",\"dateModified\":\"2025-11-21T20:24:50+00:00\",\"mainEntityOfPage\":{\"@id\":\"https:\\\/\\\/autate.fr\\\/site\\\/contribution-autate-a-la-concertation-du-plan-des-mobilites-pour-une-nouvelle-gouvernance-des-developpements-des-transports-en-commun-avec-les-usagers\\\/\"},\"wordCount\":321,\"commentCount\":0,\"publisher\":{\"@id\":\"https:\\\/\\\/autate.fr\\\/site\\\/#organization\"},\"image\":{\"@id\":\"https:\\\/\\\/autate.fr\\\/site\\\/contribution-autate-a-la-concertation-du-plan-des-mobilites-pour-une-nouvelle-gouvernance-des-developpements-des-transports-en-commun-avec-les-usagers\\\/#primaryimage\"},\"thumbnailUrl\":\"https:\\\/\\\/autate.fr\\\/site\\\/wp-content\\\/uploads\\\/2025\\\/01\\\/Logo-PLan-de-mobilites-e1762783776838.jpg\",\"keywords\":[\"gouvernance\"],\"articleSection\":[\"Actualit\u00e9s-AUTATE\",\"Bus Tisseo\",\"PlanDeMobilit\u00e9\",\"TISSEO\"],\"inLanguage\":\"fr-FR\",\"potentialAction\":[{\"@type\":\"CommentAction\",\"name\":\"Comment\",\"target\":[\"https:\\\/\\\/autate.fr\\\/site\\\/contribution-autate-a-la-concertation-du-plan-des-mobilites-pour-une-nouvelle-gouvernance-des-developpements-des-transports-en-commun-avec-les-usagers\\\/#respond\"]}]},{\"@type\":\"WebPage\",\"@id\":\"https:\\\/\\\/autate.fr\\\/site\\\/contribution-autate-a-la-concertation-du-plan-des-mobilites-pour-une-nouvelle-gouvernance-des-developpements-des-transports-en-commun-avec-les-usagers\\\/\",\"url\":\"https:\\\/\\\/autate.fr\\\/site\\\/contribution-autate-a-la-concertation-du-plan-des-mobilites-pour-une-nouvelle-gouvernance-des-developpements-des-transports-en-commun-avec-les-usagers\\\/\",\"name\":\"[Contribution au PDM] Pour une nouvelle gouvernance des d\u00e9veloppements des Transports en commun avec les usagers - AUTATE\",\"isPartOf\":{\"@id\":\"https:\\\/\\\/autate.fr\\\/site\\\/#website\"},\"primaryImageOfPage\":{\"@id\":\"https:\\\/\\\/autate.fr\\\/site\\\/contribution-autate-a-la-concertation-du-plan-des-mobilites-pour-une-nouvelle-gouvernance-des-developpements-des-transports-en-commun-avec-les-usagers\\\/#primaryimage\"},\"image\":{\"@id\":\"https:\\\/\\\/autate.fr\\\/site\\\/contribution-autate-a-la-concertation-du-plan-des-mobilites-pour-une-nouvelle-gouvernance-des-developpements-des-transports-en-commun-avec-les-usagers\\\/#primaryimage\"},\"thumbnailUrl\":\"https:\\\/\\\/autate.fr\\\/site\\\/wp-content\\\/uploads\\\/2025\\\/01\\\/Logo-PLan-de-mobilites-e1762783776838.jpg\",\"datePublished\":\"2025-01-26T22:32:42+00:00\",\"dateModified\":\"2025-11-21T20:24:50+00:00\",\"breadcrumb\":{\"@id\":\"https:\\\/\\\/autate.fr\\\/site\\\/contribution-autate-a-la-concertation-du-plan-des-mobilites-pour-une-nouvelle-gouvernance-des-developpements-des-transports-en-commun-avec-les-usagers\\\/#breadcrumb\"},\"inLanguage\":\"fr-FR\",\"potentialAction\":[{\"@type\":\"ReadAction\",\"target\":[\"https:\\\/\\\/autate.fr\\\/site\\\/contribution-autate-a-la-concertation-du-plan-des-mobilites-pour-une-nouvelle-gouvernance-des-developpements-des-transports-en-commun-avec-les-usagers\\\/\"]}]},{\"@type\":\"ImageObject\",\"inLanguage\":\"fr-FR\",\"@id\":\"https:\\\/\\\/autate.fr\\\/site\\\/contribution-autate-a-la-concertation-du-plan-des-mobilites-pour-une-nouvelle-gouvernance-des-developpements-des-transports-en-commun-avec-les-usagers\\\/#primaryimage\",\"url\":\"https:\\\/\\\/autate.fr\\\/site\\\/wp-content\\\/uploads\\\/2025\\\/01\\\/Logo-PLan-de-mobilites-e1762783776838.jpg\",\"contentUrl\":\"https:\\\/\\\/autate.fr\\\/site\\\/wp-content\\\/uploads\\\/2025\\\/01\\\/Logo-PLan-de-mobilites-e1762783776838.jpg\",\"width\":300,\"height\":114},{\"@type\":\"BreadcrumbList\",\"@id\":\"https:\\\/\\\/autate.fr\\\/site\\\/contribution-autate-a-la-concertation-du-plan-des-mobilites-pour-une-nouvelle-gouvernance-des-developpements-des-transports-en-commun-avec-les-usagers\\\/#breadcrumb\",\"itemListElement\":[{\"@type\":\"ListItem\",\"position\":1,\"name\":\"Accueil\",\"item\":\"https:\\\/\\\/autate.fr\\\/site\\\/\"},{\"@type\":\"ListItem\",\"position\":2,\"name\":\"[Contribution au PDM] Pour une nouvelle gouvernance des d\u00e9veloppements des Transports en commun avec les usagers\"}]},{\"@type\":\"WebSite\",\"@id\":\"https:\\\/\\\/autate.fr\\\/site\\\/#website\",\"url\":\"https:\\\/\\\/autate.fr\\\/site\\\/\",\"name\":\"AUTATE\",\"description\":\"Association des usagers des transports de l&#039;agglom\u00e9ration Toulousaine et de ses environs\",\"publisher\":{\"@id\":\"https:\\\/\\\/autate.fr\\\/site\\\/#organization\"},\"potentialAction\":[{\"@type\":\"SearchAction\",\"target\":{\"@type\":\"EntryPoint\",\"urlTemplate\":\"https:\\\/\\\/autate.fr\\\/site\\\/?s={search_term_string}\"},\"query-input\":{\"@type\":\"PropertyValueSpecification\",\"valueRequired\":true,\"valueName\":\"search_term_string\"}}],\"inLanguage\":\"fr-FR\"},{\"@type\":\"Organization\",\"@id\":\"https:\\\/\\\/autate.fr\\\/site\\\/#organization\",\"name\":\"AUTATE\",\"url\":\"https:\\\/\\\/autate.fr\\\/site\\\/\",\"logo\":{\"@type\":\"ImageObject\",\"inLanguage\":\"fr-FR\",\"@id\":\"https:\\\/\\\/autate.fr\\\/site\\\/#\\\/schema\\\/logo\\\/image\\\/\",\"url\":\"http:\\\/\\\/autate.fr\\\/site\\\/wp-content\\\/uploads\\\/2019\\\/01\\\/logo.png\",\"contentUrl\":\"http:\\\/\\\/autate.fr\\\/site\\\/wp-content\\\/uploads\\\/2019\\\/01\\\/logo.png\",\"width\":506,\"height\":280,\"caption\":\"AUTATE\"},\"image\":{\"@id\":\"https:\\\/\\\/autate.fr\\\/site\\\/#\\\/schema\\\/logo\\\/image\\\/\"},\"sameAs\":[\"https:\\\/\\\/www.facebook.com\\\/AutateToulouse\",\"https:\\\/\\\/x.com\\\/AutateToulouse\"]},{\"@type\":\"Person\",\"@id\":\"https:\\\/\\\/autate.fr\\\/site\\\/#\\\/schema\\\/person\\\/5dd2db09ec53d78638dc66bb99c1a96b\",\"name\":\"Agn\u00e8s D\u00e9fosse\",\"image\":{\"@type\":\"ImageObject\",\"inLanguage\":\"fr-FR\",\"@id\":\"https:\\\/\\\/secure.gravatar.com\\\/avatar\\\/95c9cd4b94e5a0c0ea8b60b9bdbb3225980cf1f6d229a870c299992be19d6804?s=96&d=mm&r=g\",\"url\":\"https:\\\/\\\/secure.gravatar.com\\\/avatar\\\/95c9cd4b94e5a0c0ea8b60b9bdbb3225980cf1f6d229a870c299992be19d6804?s=96&d=mm&r=g\",\"contentUrl\":\"https:\\\/\\\/secure.gravatar.com\\\/avatar\\\/95c9cd4b94e5a0c0ea8b60b9bdbb3225980cf1f6d229a870c299992be19d6804?s=96&d=mm&r=g\",\"caption\":\"Agn\u00e8s D\u00e9fosse\"},\"url\":\"https:\\\/\\\/autate.fr\\\/site\\\/author\\\/agnesdefosse\\\/\"}]}<\/script>\n<!-- \/ Yoast SEO plugin. -->","yoast_head_json":{"title":"[Contribution au PDM] Pour une nouvelle gouvernance des d\u00e9veloppements des Transports en commun avec les usagers - AUTATE","robots":{"index":"index","follow":"follow","max-snippet":"max-snippet:-1","max-image-preview":"max-image-preview:large","max-video-preview":"max-video-preview:-1"},"canonical":"https:\/\/autate.fr\/site\/contribution-autate-a-la-concertation-du-plan-des-mobilites-pour-une-nouvelle-gouvernance-des-developpements-des-transports-en-commun-avec-les-usagers\/","og_locale":"fr_FR","og_type":"article","og_title":"[Contribution au PDM] Pour une nouvelle gouvernance des d\u00e9veloppements des Transports en commun avec les usagers - AUTATE","og_description":"Contribution AUTATE \u00e0 la concertation du Plan des Mobilit\u00e9s: Pour une nouvelle gouvernance des d\u00e9veloppements des Transports en Commun avec les usagers Actuellement l&rsquo;adaptation de l&rsquo;offre de bus suit un processus tr\u00e8s bien d\u00e9crit dans le webinaire \u00ab\u00a0Quel transports pour quel territoire ?\u00a0\u00bbLes associations d&rsquo;usagers tout comme les usagers individuels, les \u00e9lus, les entreprises\u00a0 peuventVOIR PLUS","og_url":"https:\/\/autate.fr\/site\/contribution-autate-a-la-concertation-du-plan-des-mobilites-pour-une-nouvelle-gouvernance-des-developpements-des-transports-en-commun-avec-les-usagers\/","og_site_name":"AUTATE","article_publisher":"https:\/\/www.facebook.com\/AutateToulouse","article_published_time":"2025-01-26T22:32:42+00:00","article_modified_time":"2025-11-21T20:24:50+00:00","og_image":[{"width":300,"height":114,"url":"https:\/\/autate.fr\/site\/wp-content\/uploads\/2025\/01\/Logo-PLan-de-mobilites-e1762783776838.jpg","type":"image\/jpeg"}],"author":"Agn\u00e8s D\u00e9fosse","twitter_card":"summary_large_image","twitter_creator":"@AutateToulouse","twitter_site":"@AutateToulouse","twitter_misc":{"\u00c9crit par":"Agn\u00e8s D\u00e9fosse","Dur\u00e9e de lecture estim\u00e9e":"2 minutes"},"schema":{"@context":"https:\/\/schema.org","@graph":[{"@type":"Article","@id":"https:\/\/autate.fr\/site\/contribution-autate-a-la-concertation-du-plan-des-mobilites-pour-une-nouvelle-gouvernance-des-developpements-des-transports-en-commun-avec-les-usagers\/#article","isPartOf":{"@id":"https:\/\/autate.fr\/site\/contribution-autate-a-la-concertation-du-plan-des-mobilites-pour-une-nouvelle-gouvernance-des-developpements-des-transports-en-commun-avec-les-usagers\/"},"author":{"name":"Agn\u00e8s D\u00e9fosse","@id":"https:\/\/autate.fr\/site\/#\/schema\/person\/5dd2db09ec53d78638dc66bb99c1a96b"},"headline":"[Contribution au PDM] Pour une nouvelle gouvernance des d\u00e9veloppements des Transports en commun avec les usagers","datePublished":"2025-01-26T22:32:42+00:00","dateModified":"2025-11-21T20:24:50+00:00","mainEntityOfPage":{"@id":"https:\/\/autate.fr\/site\/contribution-autate-a-la-concertation-du-plan-des-mobilites-pour-une-nouvelle-gouvernance-des-developpements-des-transports-en-commun-avec-les-usagers\/"},"wordCount":321,"commentCount":0,"publisher":{"@id":"https:\/\/autate.fr\/site\/#organization"},"image":{"@id":"https:\/\/autate.fr\/site\/contribution-autate-a-la-concertation-du-plan-des-mobilites-pour-une-nouvelle-gouvernance-des-developpements-des-transports-en-commun-avec-les-usagers\/#primaryimage"},"thumbnailUrl":"https:\/\/autate.fr\/site\/wp-content\/uploads\/2025\/01\/Logo-PLan-de-mobilites-e1762783776838.jpg","keywords":["gouvernance"],"articleSection":["Actualit\u00e9s-AUTATE","Bus Tisseo","PlanDeMobilit\u00e9","TISSEO"],"inLanguage":"fr-FR","potentialAction":[{"@type":"CommentAction","name":"Comment","target":["https:\/\/autate.fr\/site\/contribution-autate-a-la-concertation-du-plan-des-mobilites-pour-une-nouvelle-gouvernance-des-developpements-des-transports-en-commun-avec-les-usagers\/#respond"]}]},{"@type":"WebPage","@id":"https:\/\/autate.fr\/site\/contribution-autate-a-la-concertation-du-plan-des-mobilites-pour-une-nouvelle-gouvernance-des-developpements-des-transports-en-commun-avec-les-usagers\/","url":"https:\/\/autate.fr\/site\/contribution-autate-a-la-concertation-du-plan-des-mobilites-pour-une-nouvelle-gouvernance-des-developpements-des-transports-en-commun-avec-les-usagers\/","name":"[Contribution au PDM] Pour une nouvelle gouvernance des d\u00e9veloppements des Transports en commun avec les usagers - AUTATE","isPartOf":{"@id":"https:\/\/autate.fr\/site\/#website"},"primaryImageOfPage":{"@id":"https:\/\/autate.fr\/site\/contribution-autate-a-la-concertation-du-plan-des-mobilites-pour-une-nouvelle-gouvernance-des-developpements-des-transports-en-commun-avec-les-usagers\/#primaryimage"},"image":{"@id":"https:\/\/autate.fr\/site\/contribution-autate-a-la-concertation-du-plan-des-mobilites-pour-une-nouvelle-gouvernance-des-developpements-des-transports-en-commun-avec-les-usagers\/#primaryimage"},"thumbnailUrl":"https:\/\/autate.fr\/site\/wp-content\/uploads\/2025\/01\/Logo-PLan-de-mobilites-e1762783776838.jpg","datePublished":"2025-01-26T22:32:42+00:00","dateModified":"2025-11-21T20:24:50+00:00","breadcrumb":{"@id":"https:\/\/autate.fr\/site\/contribution-autate-a-la-concertation-du-plan-des-mobilites-pour-une-nouvelle-gouvernance-des-developpements-des-transports-en-commun-avec-les-usagers\/#breadcrumb"},"inLanguage":"fr-FR","potentialAction":[{"@type":"ReadAction","target":["https:\/\/autate.fr\/site\/contribution-autate-a-la-concertation-du-plan-des-mobilites-pour-une-nouvelle-gouvernance-des-developpements-des-transports-en-commun-avec-les-usagers\/"]}]},{"@type":"ImageObject","inLanguage":"fr-FR","@id":"https:\/\/autate.fr\/site\/contribution-autate-a-la-concertation-du-plan-des-mobilites-pour-une-nouvelle-gouvernance-des-developpements-des-transports-en-commun-avec-les-usagers\/#primaryimage","url":"https:\/\/autate.fr\/site\/wp-content\/uploads\/2025\/01\/Logo-PLan-de-mobilites-e1762783776838.jpg","contentUrl":"https:\/\/autate.fr\/site\/wp-content\/uploads\/2025\/01\/Logo-PLan-de-mobilites-e1762783776838.jpg","width":300,"height":114},{"@type":"BreadcrumbList","@id":"https:\/\/autate.fr\/site\/contribution-autate-a-la-concertation-du-plan-des-mobilites-pour-une-nouvelle-gouvernance-des-developpements-des-transports-en-commun-avec-les-usagers\/#breadcrumb","itemListElement":[{"@type":"ListItem","position":1,"name":"Accueil","item":"https:\/\/autate.fr\/site\/"},{"@type":"ListItem","position":2,"name":"[Contribution au PDM] Pour une nouvelle gouvernance des d\u00e9veloppements des Transports en commun avec les usagers"}]},{"@type":"WebSite","@id":"https:\/\/autate.fr\/site\/#website","url":"https:\/\/autate.fr\/site\/","name":"AUTATE","description":"Association des usagers des transports de l&#039;agglom\u00e9ration Toulousaine et de ses environs","publisher":{"@id":"https:\/\/autate.fr\/site\/#organization"},"potentialAction":[{"@type":"SearchAction","target":{"@type":"EntryPoint","urlTemplate":"https:\/\/autate.fr\/site\/?s={search_term_string}"},"query-input":{"@type":"PropertyValueSpecification","valueRequired":true,"valueName":"search_term_string"}}],"inLanguage":"fr-FR"},{"@type":"Organization","@id":"https:\/\/autate.fr\/site\/#organization","name":"AUTATE","url":"https:\/\/autate.fr\/site\/","logo":{"@type":"ImageObject","inLanguage":"fr-FR","@id":"https:\/\/autate.fr\/site\/#\/schema\/logo\/image\/","url":"http:\/\/autate.fr\/site\/wp-content\/uploads\/2019\/01\/logo.png","contentUrl":"http:\/\/autate.fr\/site\/wp-content\/uploads\/2019\/01\/logo.png","width":506,"height":280,"caption":"AUTATE"},"image":{"@id":"https:\/\/autate.fr\/site\/#\/schema\/logo\/image\/"},"sameAs":["https:\/\/www.facebook.com\/AutateToulouse","https:\/\/x.com\/AutateToulouse"]},{"@type":"Person","@id":"https:\/\/autate.fr\/site\/#\/schema\/person\/5dd2db09ec53d78638dc66bb99c1a96b","name":"Agn\u00e8s D\u00e9fosse","image":{"@type":"ImageObject","inLanguage":"fr-FR","@id":"https:\/\/secure.gravatar.com\/avatar\/95c9cd4b94e5a0c0ea8b60b9bdbb3225980cf1f6d229a870c299992be19d6804?s=96&d=mm&r=g","url":"https:\/\/secure.gravatar.com\/avatar\/95c9cd4b94e5a0c0ea8b60b9bdbb3225980cf1f6d229a870c299992be19d6804?s=96&d=mm&r=g","contentUrl":"https:\/\/secure.gravatar.com\/avatar\/95c9cd4b94e5a0c0ea8b60b9bdbb3225980cf1f6d229a870c299992be19d6804?s=96&d=mm&r=g","caption":"Agn\u00e8s D\u00e9fosse"},"url":"https:\/\/autate.fr\/site\/author\/agnesdefosse\/"}]}},"_links":{"self":[{"href":"https:\/\/autate.fr\/site\/wp-json\/wp\/v2\/posts\/4455","targetHints":{"allow":["GET"]}}],"collection":[{"href":"https:\/\/autate.fr\/site\/wp-json\/wp\/v2\/posts"}],"about":[{"href":"https:\/\/autate.fr\/site\/wp-json\/wp\/v2\/types\/post"}],"author":[{"embeddable":true,"href":"https:\/\/autate.fr\/site\/wp-json\/wp\/v2\/users\/10"}],"replies":[{"embeddable":true,"href":"https:\/\/autate.fr\/site\/wp-json\/wp\/v2\/comments?post=4455"}],"version-history":[{"count":9,"href":"https:\/\/autate.fr\/site\/wp-json\/wp\/v2\/posts\/4455\/revisions"}],"predecessor-version":[{"id":4617,"href":"https:\/\/autate.fr\/site\/wp-json\/wp\/v2\/posts\/4455\/revisions\/4617"}],"wp:featuredmedia":[{"embeddable":true,"href":"https:\/\/autate.fr\/site\/wp-json\/wp\/v2\/media\/4466"}],"wp:attachment":[{"href":"https:\/\/autate.fr\/site\/wp-json\/wp\/v2\/media?parent=4455"}],"wp:term":[{"taxonomy":"category","embeddable":true,"href":"https:\/\/autate.fr\/site\/wp-json\/wp\/v2\/categories?post=4455"},{"taxonomy":"post_tag","embeddable":true,"href":"https:\/\/autate.fr\/site\/wp-json\/wp\/v2\/tags?post=4455"}],"curies":[{"name":"wp","href":"https:\/\/api.w.org\/{rel}","templated":true}]}}