{"id":442,"date":"2016-03-18T10:18:05","date_gmt":"2016-03-18T09:18:05","guid":{"rendered":"http:\/\/autate.fr\/site\/?p=442"},"modified":"2017-10-21T20:57:25","modified_gmt":"2017-10-21T18:57:25","slug":"france-3-midi-py-sncf-des-usagers-du-ter-auchtoulouse-font-greve-des-billets-de-train","status":"publish","type":"post","link":"https:\/\/autate.fr\/site\/france-3-midi-py-sncf-des-usagers-du-ter-auchtoulouse-font-greve-des-billets-de-train\/","title":{"rendered":"[France 3 Midi-Py] SNCF : des usagers du TER Auch\/Toulouse font gr\u00e8ve des billets de train"},"content":{"rendered":"<p>Un article d&rsquo;Hanissa Harraou paru le 17\/03\/2016<\/p>\n<p>Il n&rsquo;y a pas que la SNCF qui peut faire gr\u00e8ve. Une poign\u00e9e de voyageurs de la ligne Auch\/Toulouse a d\u00e9cid\u00e9 de ne plus acheter de titres de transports. Ils demandent que le terminus de ce trajet soit de nouveau la gare Matabiau et non plus les Ar\u00e8nes comme c&rsquo;est le cas depuis d\u00e9cembre 2015.<\/p>\n<p>En d\u00e9cembre dernier, les usagers gersois de la ligne Auch-Toulouse ont eu une une mauvaise nouvelle : le train qu&rsquo;ils empruntent tous les matins depuis pour aller travailler, ne s&rsquo;arr\u00eate plus \u00e0 la gare de Toulouse Matabiau, mais 15 minutes plus t\u00f4t, \u00e0 l&rsquo;arr\u00eat Saint-Cyprien-Ar\u00e8nes. Une situation inacceptable pour ces voyageurs, qui ont d\u00e9cid\u00e9 de ne plus acheter leur ticket de transport.<\/p>\n<p><a href=\"http:\/\/france3-regions.francetvinfo.fr\/midi-pyrenees\/haute-garonne\/toulouse\/sncf-des-usagers-du-ter-auchtoulouse-font-greve-des-billets-de-train-953753.html\" target=\"_blank\">lire la suite<\/a><\/p>\n","protected":false},"excerpt":{"rendered":"<p>Un article d&rsquo;Hanissa Harraou paru le 17\/03\/2016 Il n&rsquo;y a pas que la SNCF qui peut faire gr\u00e8ve. Une poign\u00e9e de voyageurs de la ligne Auch\/Toulouse a d\u00e9cid\u00e9 de ne plus acheter de titres de transports. Ils demandent que le terminus de ce trajet soit de nouveau la gare Matabiau et non plus les Ar\u00e8nes<\/p>\n<p class=\"more-link\"><a href=\"https:\/\/autate.fr\/site\/france-3-midi-py-sncf-des-usagers-du-ter-auchtoulouse-font-greve-des-billets-de-train\/\" class=\"themebutton2\">VOIR PLUS<\/a><\/p>\n","protected":false},"author":1,"featured_media":0,"comment_status":"open","ping_status":"open","sticky":false,"template":"","format":"standard","meta":{"footnotes":""},"categories":[7,418],"tags":[119,120,11,121,8,118],"class_list":["post-442","post","type-post","status-publish","format-standard","hentry","category-revue-de-presse","category-trains-urbains","tag-auch","tag-greve","tag-sncf","tag-st-cyprien-arenes","tag-ter","tag-train"],"yoast_head":"<!-- This site is optimized with the Yoast SEO plugin v27.4 - https:\/\/yoast.com\/product\/yoast-seo-wordpress\/ -->\n<title>[France 3 Midi-Py] SNCF : des usagers du TER Auch\/Toulouse font gr\u00e8ve des billets de train - AUTATE<\/title>\n<meta name=\"robots\" content=\"index, follow, max-snippet:-1, max-image-preview:large, max-video-preview:-1\" \/>\n<link rel=\"canonical\" href=\"https:\/\/autate.fr\/site\/france-3-midi-py-sncf-des-usagers-du-ter-auchtoulouse-font-greve-des-billets-de-train\/\" \/>\n<meta property=\"og:locale\" content=\"fr_FR\" \/>\n<meta property=\"og:type\" content=\"article\" \/>\n<meta property=\"og:title\" content=\"[France 3 Midi-Py] SNCF : des usagers du TER Auch\/Toulouse font gr\u00e8ve des billets de train - AUTATE\" \/>\n<meta property=\"og:description\" content=\"Un article d&rsquo;Hanissa Harraou paru le 17\/03\/2016 Il n&rsquo;y a pas que la SNCF qui peut faire gr\u00e8ve. Une poign\u00e9e de voyageurs de la ligne Auch\/Toulouse a d\u00e9cid\u00e9 de ne plus acheter de titres de transports. Ils demandent que le terminus de ce trajet soit de nouveau la gare Matabiau et non plus les Ar\u00e8nesVOIR PLUS\" \/>\n<meta property=\"og:url\" content=\"https:\/\/autate.fr\/site\/france-3-midi-py-sncf-des-usagers-du-ter-auchtoulouse-font-greve-des-billets-de-train\/\" \/>\n<meta property=\"og:site_name\" content=\"AUTATE\" \/>\n<meta property=\"article:publisher\" content=\"https:\/\/www.facebook.com\/AutateToulouse\" \/>\n<meta property=\"article:published_time\" content=\"2016-03-18T09:18:05+00:00\" \/>\n<meta property=\"article:modified_time\" content=\"2017-10-21T18:57:25+00:00\" \/>\n<meta name=\"author\" content=\"pascalbarbier\" \/>\n<meta name=\"twitter:card\" content=\"summary_large_image\" \/>\n<meta name=\"twitter:creator\" content=\"@AutateToulouse\" \/>\n<meta name=\"twitter:site\" content=\"@AutateToulouse\" \/>\n<meta name=\"twitter:label1\" content=\"\u00c9crit par\" \/>\n\t<meta name=\"twitter:data1\" content=\"pascalbarbier\" \/>\n\t<meta name=\"twitter:label2\" content=\"Dur\u00e9e de lecture estim\u00e9e\" \/>\n\t<meta name=\"twitter:data2\" content=\"1 minute\" \/>\n<script type=\"application\/ld+json\" class=\"yoast-schema-graph\">{\"@context\":\"https:\\\/\\\/schema.org\",\"@graph\":[{\"@type\":\"Article\",\"@id\":\"https:\\\/\\\/autate.fr\\\/site\\\/france-3-midi-py-sncf-des-usagers-du-ter-auchtoulouse-font-greve-des-billets-de-train\\\/#article\",\"isPartOf\":{\"@id\":\"https:\\\/\\\/autate.fr\\\/site\\\/france-3-midi-py-sncf-des-usagers-du-ter-auchtoulouse-font-greve-des-billets-de-train\\\/\"},\"author\":{\"name\":\"pascalbarbier\",\"@id\":\"https:\\\/\\\/autate.fr\\\/site\\\/#\\\/schema\\\/person\\\/ae1ab8bdaa7b41d2a9b52d2557ce8254\"},\"headline\":\"[France 3 Midi-Py] SNCF : des usagers du TER Auch\\\/Toulouse font gr\u00e8ve des billets de train\",\"datePublished\":\"2016-03-18T09:18:05+00:00\",\"dateModified\":\"2017-10-21T18:57:25+00:00\",\"mainEntityOfPage\":{\"@id\":\"https:\\\/\\\/autate.fr\\\/site\\\/france-3-midi-py-sncf-des-usagers-du-ter-auchtoulouse-font-greve-des-billets-de-train\\\/\"},\"wordCount\":149,\"commentCount\":0,\"publisher\":{\"@id\":\"https:\\\/\\\/autate.fr\\\/site\\\/#organization\"},\"keywords\":[\"Auch\",\"gr\u00e8ve\",\"SNCF\",\"St Cyprien-Ar\u00e8nes\",\"TER\",\"train\"],\"articleSection\":[\"Revue de presse\",\"Trains urbains\"],\"inLanguage\":\"fr-FR\",\"potentialAction\":[{\"@type\":\"CommentAction\",\"name\":\"Comment\",\"target\":[\"https:\\\/\\\/autate.fr\\\/site\\\/france-3-midi-py-sncf-des-usagers-du-ter-auchtoulouse-font-greve-des-billets-de-train\\\/#respond\"]}]},{\"@type\":\"WebPage\",\"@id\":\"https:\\\/\\\/autate.fr\\\/site\\\/france-3-midi-py-sncf-des-usagers-du-ter-auchtoulouse-font-greve-des-billets-de-train\\\/\",\"url\":\"https:\\\/\\\/autate.fr\\\/site\\\/france-3-midi-py-sncf-des-usagers-du-ter-auchtoulouse-font-greve-des-billets-de-train\\\/\",\"name\":\"[France 3 Midi-Py] SNCF : des usagers du TER Auch\\\/Toulouse font gr\u00e8ve des billets de train - AUTATE\",\"isPartOf\":{\"@id\":\"https:\\\/\\\/autate.fr\\\/site\\\/#website\"},\"datePublished\":\"2016-03-18T09:18:05+00:00\",\"dateModified\":\"2017-10-21T18:57:25+00:00\",\"breadcrumb\":{\"@id\":\"https:\\\/\\\/autate.fr\\\/site\\\/france-3-midi-py-sncf-des-usagers-du-ter-auchtoulouse-font-greve-des-billets-de-train\\\/#breadcrumb\"},\"inLanguage\":\"fr-FR\",\"potentialAction\":[{\"@type\":\"ReadAction\",\"target\":[\"https:\\\/\\\/autate.fr\\\/site\\\/france-3-midi-py-sncf-des-usagers-du-ter-auchtoulouse-font-greve-des-billets-de-train\\\/\"]}]},{\"@type\":\"BreadcrumbList\",\"@id\":\"https:\\\/\\\/autate.fr\\\/site\\\/france-3-midi-py-sncf-des-usagers-du-ter-auchtoulouse-font-greve-des-billets-de-train\\\/#breadcrumb\",\"itemListElement\":[{\"@type\":\"ListItem\",\"position\":1,\"name\":\"Accueil\",\"item\":\"https:\\\/\\\/autate.fr\\\/site\\\/\"},{\"@type\":\"ListItem\",\"position\":2,\"name\":\"[France 3 Midi-Py] SNCF : des usagers du TER Auch\\\/Toulouse font gr\u00e8ve des billets de train\"}]},{\"@type\":\"WebSite\",\"@id\":\"https:\\\/\\\/autate.fr\\\/site\\\/#website\",\"url\":\"https:\\\/\\\/autate.fr\\\/site\\\/\",\"name\":\"AUTATE\",\"description\":\"Association des usagers des transports de l&#039;agglom\u00e9ration Toulousaine et de ses environs\",\"publisher\":{\"@id\":\"https:\\\/\\\/autate.fr\\\/site\\\/#organization\"},\"potentialAction\":[{\"@type\":\"SearchAction\",\"target\":{\"@type\":\"EntryPoint\",\"urlTemplate\":\"https:\\\/\\\/autate.fr\\\/site\\\/?s={search_term_string}\"},\"query-input\":{\"@type\":\"PropertyValueSpecification\",\"valueRequired\":true,\"valueName\":\"search_term_string\"}}],\"inLanguage\":\"fr-FR\"},{\"@type\":\"Organization\",\"@id\":\"https:\\\/\\\/autate.fr\\\/site\\\/#organization\",\"name\":\"AUTATE\",\"url\":\"https:\\\/\\\/autate.fr\\\/site\\\/\",\"logo\":{\"@type\":\"ImageObject\",\"inLanguage\":\"fr-FR\",\"@id\":\"https:\\\/\\\/autate.fr\\\/site\\\/#\\\/schema\\\/logo\\\/image\\\/\",\"url\":\"http:\\\/\\\/autate.fr\\\/site\\\/wp-content\\\/uploads\\\/2019\\\/01\\\/logo.png\",\"contentUrl\":\"http:\\\/\\\/autate.fr\\\/site\\\/wp-content\\\/uploads\\\/2019\\\/01\\\/logo.png\",\"width\":506,\"height\":280,\"caption\":\"AUTATE\"},\"image\":{\"@id\":\"https:\\\/\\\/autate.fr\\\/site\\\/#\\\/schema\\\/logo\\\/image\\\/\"},\"sameAs\":[\"https:\\\/\\\/www.facebook.com\\\/AutateToulouse\",\"https:\\\/\\\/x.com\\\/AutateToulouse\"]},{\"@type\":\"Person\",\"@id\":\"https:\\\/\\\/autate.fr\\\/site\\\/#\\\/schema\\\/person\\\/ae1ab8bdaa7b41d2a9b52d2557ce8254\",\"name\":\"pascalbarbier\",\"image\":{\"@type\":\"ImageObject\",\"inLanguage\":\"fr-FR\",\"@id\":\"https:\\\/\\\/secure.gravatar.com\\\/avatar\\\/03f4e8ced09894b72c67e83142540730d4b3bbf619bf46341b0074e3bf5f08a0?s=96&d=mm&r=g\",\"url\":\"https:\\\/\\\/secure.gravatar.com\\\/avatar\\\/03f4e8ced09894b72c67e83142540730d4b3bbf619bf46341b0074e3bf5f08a0?s=96&d=mm&r=g\",\"contentUrl\":\"https:\\\/\\\/secure.gravatar.com\\\/avatar\\\/03f4e8ced09894b72c67e83142540730d4b3bbf619bf46341b0074e3bf5f08a0?s=96&d=mm&r=g\",\"caption\":\"pascalbarbier\"},\"url\":\"https:\\\/\\\/autate.fr\\\/site\\\/author\\\/pascalbarbier\\\/\"}]}<\/script>\n<!-- \/ Yoast SEO plugin. -->","yoast_head_json":{"title":"[France 3 Midi-Py] SNCF : des usagers du TER Auch\/Toulouse font gr\u00e8ve des billets de train - AUTATE","robots":{"index":"index","follow":"follow","max-snippet":"max-snippet:-1","max-image-preview":"max-image-preview:large","max-video-preview":"max-video-preview:-1"},"canonical":"https:\/\/autate.fr\/site\/france-3-midi-py-sncf-des-usagers-du-ter-auchtoulouse-font-greve-des-billets-de-train\/","og_locale":"fr_FR","og_type":"article","og_title":"[France 3 Midi-Py] SNCF : des usagers du TER Auch\/Toulouse font gr\u00e8ve des billets de train - AUTATE","og_description":"Un article d&rsquo;Hanissa Harraou paru le 17\/03\/2016 Il n&rsquo;y a pas que la SNCF qui peut faire gr\u00e8ve. Une poign\u00e9e de voyageurs de la ligne Auch\/Toulouse a d\u00e9cid\u00e9 de ne plus acheter de titres de transports. Ils demandent que le terminus de ce trajet soit de nouveau la gare Matabiau et non plus les Ar\u00e8nesVOIR PLUS","og_url":"https:\/\/autate.fr\/site\/france-3-midi-py-sncf-des-usagers-du-ter-auchtoulouse-font-greve-des-billets-de-train\/","og_site_name":"AUTATE","article_publisher":"https:\/\/www.facebook.com\/AutateToulouse","article_published_time":"2016-03-18T09:18:05+00:00","article_modified_time":"2017-10-21T18:57:25+00:00","author":"pascalbarbier","twitter_card":"summary_large_image","twitter_creator":"@AutateToulouse","twitter_site":"@AutateToulouse","twitter_misc":{"\u00c9crit par":"pascalbarbier","Dur\u00e9e de lecture estim\u00e9e":"1 minute"},"schema":{"@context":"https:\/\/schema.org","@graph":[{"@type":"Article","@id":"https:\/\/autate.fr\/site\/france-3-midi-py-sncf-des-usagers-du-ter-auchtoulouse-font-greve-des-billets-de-train\/#article","isPartOf":{"@id":"https:\/\/autate.fr\/site\/france-3-midi-py-sncf-des-usagers-du-ter-auchtoulouse-font-greve-des-billets-de-train\/"},"author":{"name":"pascalbarbier","@id":"https:\/\/autate.fr\/site\/#\/schema\/person\/ae1ab8bdaa7b41d2a9b52d2557ce8254"},"headline":"[France 3 Midi-Py] SNCF : des usagers du TER Auch\/Toulouse font gr\u00e8ve des billets de train","datePublished":"2016-03-18T09:18:05+00:00","dateModified":"2017-10-21T18:57:25+00:00","mainEntityOfPage":{"@id":"https:\/\/autate.fr\/site\/france-3-midi-py-sncf-des-usagers-du-ter-auchtoulouse-font-greve-des-billets-de-train\/"},"wordCount":149,"commentCount":0,"publisher":{"@id":"https:\/\/autate.fr\/site\/#organization"},"keywords":["Auch","gr\u00e8ve","SNCF","St Cyprien-Ar\u00e8nes","TER","train"],"articleSection":["Revue de presse","Trains urbains"],"inLanguage":"fr-FR","potentialAction":[{"@type":"CommentAction","name":"Comment","target":["https:\/\/autate.fr\/site\/france-3-midi-py-sncf-des-usagers-du-ter-auchtoulouse-font-greve-des-billets-de-train\/#respond"]}]},{"@type":"WebPage","@id":"https:\/\/autate.fr\/site\/france-3-midi-py-sncf-des-usagers-du-ter-auchtoulouse-font-greve-des-billets-de-train\/","url":"https:\/\/autate.fr\/site\/france-3-midi-py-sncf-des-usagers-du-ter-auchtoulouse-font-greve-des-billets-de-train\/","name":"[France 3 Midi-Py] SNCF : des usagers du TER Auch\/Toulouse font gr\u00e8ve des billets de train - AUTATE","isPartOf":{"@id":"https:\/\/autate.fr\/site\/#website"},"datePublished":"2016-03-18T09:18:05+00:00","dateModified":"2017-10-21T18:57:25+00:00","breadcrumb":{"@id":"https:\/\/autate.fr\/site\/france-3-midi-py-sncf-des-usagers-du-ter-auchtoulouse-font-greve-des-billets-de-train\/#breadcrumb"},"inLanguage":"fr-FR","potentialAction":[{"@type":"ReadAction","target":["https:\/\/autate.fr\/site\/france-3-midi-py-sncf-des-usagers-du-ter-auchtoulouse-font-greve-des-billets-de-train\/"]}]},{"@type":"BreadcrumbList","@id":"https:\/\/autate.fr\/site\/france-3-midi-py-sncf-des-usagers-du-ter-auchtoulouse-font-greve-des-billets-de-train\/#breadcrumb","itemListElement":[{"@type":"ListItem","position":1,"name":"Accueil","item":"https:\/\/autate.fr\/site\/"},{"@type":"ListItem","position":2,"name":"[France 3 Midi-Py] SNCF : des usagers du TER Auch\/Toulouse font gr\u00e8ve des billets de train"}]},{"@type":"WebSite","@id":"https:\/\/autate.fr\/site\/#website","url":"https:\/\/autate.fr\/site\/","name":"AUTATE","description":"Association des usagers des transports de l&#039;agglom\u00e9ration Toulousaine et de ses environs","publisher":{"@id":"https:\/\/autate.fr\/site\/#organization"},"potentialAction":[{"@type":"SearchAction","target":{"@type":"EntryPoint","urlTemplate":"https:\/\/autate.fr\/site\/?s={search_term_string}"},"query-input":{"@type":"PropertyValueSpecification","valueRequired":true,"valueName":"search_term_string"}}],"inLanguage":"fr-FR"},{"@type":"Organization","@id":"https:\/\/autate.fr\/site\/#organization","name":"AUTATE","url":"https:\/\/autate.fr\/site\/","logo":{"@type":"ImageObject","inLanguage":"fr-FR","@id":"https:\/\/autate.fr\/site\/#\/schema\/logo\/image\/","url":"http:\/\/autate.fr\/site\/wp-content\/uploads\/2019\/01\/logo.png","contentUrl":"http:\/\/autate.fr\/site\/wp-content\/uploads\/2019\/01\/logo.png","width":506,"height":280,"caption":"AUTATE"},"image":{"@id":"https:\/\/autate.fr\/site\/#\/schema\/logo\/image\/"},"sameAs":["https:\/\/www.facebook.com\/AutateToulouse","https:\/\/x.com\/AutateToulouse"]},{"@type":"Person","@id":"https:\/\/autate.fr\/site\/#\/schema\/person\/ae1ab8bdaa7b41d2a9b52d2557ce8254","name":"pascalbarbier","image":{"@type":"ImageObject","inLanguage":"fr-FR","@id":"https:\/\/secure.gravatar.com\/avatar\/03f4e8ced09894b72c67e83142540730d4b3bbf619bf46341b0074e3bf5f08a0?s=96&d=mm&r=g","url":"https:\/\/secure.gravatar.com\/avatar\/03f4e8ced09894b72c67e83142540730d4b3bbf619bf46341b0074e3bf5f08a0?s=96&d=mm&r=g","contentUrl":"https:\/\/secure.gravatar.com\/avatar\/03f4e8ced09894b72c67e83142540730d4b3bbf619bf46341b0074e3bf5f08a0?s=96&d=mm&r=g","caption":"pascalbarbier"},"url":"https:\/\/autate.fr\/site\/author\/pascalbarbier\/"}]}},"_links":{"self":[{"href":"https:\/\/autate.fr\/site\/wp-json\/wp\/v2\/posts\/442","targetHints":{"allow":["GET"]}}],"collection":[{"href":"https:\/\/autate.fr\/site\/wp-json\/wp\/v2\/posts"}],"about":[{"href":"https:\/\/autate.fr\/site\/wp-json\/wp\/v2\/types\/post"}],"author":[{"embeddable":true,"href":"https:\/\/autate.fr\/site\/wp-json\/wp\/v2\/users\/1"}],"replies":[{"embeddable":true,"href":"https:\/\/autate.fr\/site\/wp-json\/wp\/v2\/comments?post=442"}],"version-history":[{"count":1,"href":"https:\/\/autate.fr\/site\/wp-json\/wp\/v2\/posts\/442\/revisions"}],"predecessor-version":[{"id":443,"href":"https:\/\/autate.fr\/site\/wp-json\/wp\/v2\/posts\/442\/revisions\/443"}],"wp:attachment":[{"href":"https:\/\/autate.fr\/site\/wp-json\/wp\/v2\/media?parent=442"}],"wp:term":[{"taxonomy":"category","embeddable":true,"href":"https:\/\/autate.fr\/site\/wp-json\/wp\/v2\/categories?post=442"},{"taxonomy":"post_tag","embeddable":true,"href":"https:\/\/autate.fr\/site\/wp-json\/wp\/v2\/tags?post=442"}],"curies":[{"name":"wp","href":"https:\/\/api.w.org\/{rel}","templated":true}]}}