{"id":4411,"date":"2024-09-23T00:43:08","date_gmt":"2024-09-22T22:43:08","guid":{"rendered":"https:\/\/autate.fr\/site\/?p=4411"},"modified":"2025-11-21T22:34:36","modified_gmt":"2025-11-21T21:34:36","slug":"retours-du-forum-des-associations-de-tournefeuille-le-7-sept-2024","status":"publish","type":"post","link":"https:\/\/autate.fr\/site\/retours-du-forum-des-associations-de-tournefeuille-le-7-sept-2024\/","title":{"rendered":"Retours du forum des associations de Tournefeuille le 7 sept 2024"},"content":{"rendered":"\n<p>Voici les avis ou commentaires des personnes qui sont pass\u00e9es sur notre stand AUTATE au forum des associations de Tournefeuille le 7 septembre 2024 :<\/p>\n<ul>\n<li>Une personne qui habite \u00e0 Pahin et qui travaille au tribunal : elle prend le bus 21 jusqu\u2019\u00e0 la gare de Colomiers, puis le train jusqu\u2019\u00e0 la gare de St Agne. Elle doit payer 33\u20ac\/mois en plus du ticket Tisseo pour faire Ar\u00e8nes-St Agne, et regrette donc que le tarif Tisseo ne soit pas appliqu\u00e9 au-del\u00e0 des Ar\u00e8nes jusqu\u2019\u00e0 St Agne ou Matabiau ; de ce fait, il lui arrive aussi de faire le trajet Ar\u00e8nes-Palais de Justice en tramway, ce qui est plus long \u2026<\/li>\n<li>Une dame utilisatrice du Lineo 3 dit qu\u2019il est trop bourr\u00e9 matin et soir<\/li>\n<li>Une dame habitante au clos des Gen\u00eats dit qu\u2019elle voit passer beaucoup de gens dans la rue des Alouettes\u00a0; c\u2019est le seul passage pour atteindre le Lineo 3 qui est de l\u2019autre c\u00f4t\u00e9 de la route de Tarbes. Le gros probl\u00e8me est qu\u2019il n\u2019y a pas de passage pi\u00e9ton sur la route de Tarbes et c\u2019est tr\u00e8s dangereux; de plus les trottoirs sont en tr\u00e8s mauvais \u00e9tat sur la route de Tarbes.<\/li>\n<li>Plusieurs personnes demandent s\u2019il est pr\u00e9vu de cr\u00e9er une ligne de bus directe entre le secteur Labitrie et la gare de Colomiers, et entre le centre de Tournefeuille et la gare de Colomiers, en vue de rejoindre la future ligne C.<\/li>\n<li>Il faudrait am\u00e9liorer la desserte de l\u2019a\u00e9roport \u00e0 partir de Tournefeuille.<\/li>\n<li>Synchronisation \u00e0 am\u00e9liorer\u00a0:\n<ul>\n<li>Ligne C (train) \u2013 bus 21<\/li>\n<li>Ligne C (train) \u2013 bus 63<\/li>\n<li>Horaires lyc\u00e9e \u2013 horaire bus 48 (probl\u00e8me \u00e0 confirmer, la personne n\u2019\u00e9tait pas s\u00fbre qu\u2019il soit encore pr\u00e9sent)<\/li>\n<\/ul>\n<\/li>\n<\/ul>\n\n\n","protected":false},"excerpt":{"rendered":"<p>Voici les avis ou commentaires des personnes qui sont pass\u00e9es sur notre stand AUTATE au forum des associations de Tournefeuille le 7 septembre 2024 : Une personne qui habite \u00e0 Pahin et qui travaille au tribunal : elle prend le bus 21 jusqu\u2019\u00e0 la gare de Colomiers, puis le train jusqu\u2019\u00e0 la gare de St<\/p>\n<p class=\"more-link\"><a href=\"https:\/\/autate.fr\/site\/retours-du-forum-des-associations-de-tournefeuille-le-7-sept-2024\/\" class=\"themebutton2\">VOIR PLUS<\/a><\/p>\n","protected":false},"author":10,"featured_media":0,"comment_status":"open","ping_status":"open","sticky":false,"template":"","format":"standard","meta":{"footnotes":""},"categories":[500,508,298,265,336],"tags":[],"class_list":["post-4411","post","type-post","status-publish","format-standard","hentry","category-bus-tisseo","category-gares","category-lineo","category-contribution-au-debat-public-3eme-ligne","category-temoignages"],"yoast_head":"<!-- This site is optimized with the Yoast SEO plugin v27.4 - https:\/\/yoast.com\/product\/yoast-seo-wordpress\/ -->\n<title>Retours du forum des associations de Tournefeuille le 7 sept 2024 - AUTATE<\/title>\n<meta name=\"robots\" content=\"index, follow, max-snippet:-1, max-image-preview:large, max-video-preview:-1\" \/>\n<link rel=\"canonical\" href=\"https:\/\/autate.fr\/site\/retours-du-forum-des-associations-de-tournefeuille-le-7-sept-2024\/\" \/>\n<meta property=\"og:locale\" content=\"fr_FR\" \/>\n<meta property=\"og:type\" content=\"article\" \/>\n<meta property=\"og:title\" content=\"Retours du forum des associations de Tournefeuille le 7 sept 2024 - AUTATE\" \/>\n<meta property=\"og:description\" content=\"Voici les avis ou commentaires des personnes qui sont pass\u00e9es sur notre stand AUTATE au forum des associations de Tournefeuille le 7 septembre 2024 : Une personne qui habite \u00e0 Pahin et qui travaille au tribunal : elle prend le bus 21 jusqu\u2019\u00e0 la gare de Colomiers, puis le train jusqu\u2019\u00e0 la gare de StVOIR PLUS\" \/>\n<meta property=\"og:url\" content=\"https:\/\/autate.fr\/site\/retours-du-forum-des-associations-de-tournefeuille-le-7-sept-2024\/\" \/>\n<meta property=\"og:site_name\" content=\"AUTATE\" \/>\n<meta property=\"article:publisher\" content=\"https:\/\/www.facebook.com\/AutateToulouse\" \/>\n<meta property=\"article:published_time\" content=\"2024-09-22T22:43:08+00:00\" \/>\n<meta property=\"article:modified_time\" content=\"2025-11-21T21:34:36+00:00\" \/>\n<meta name=\"author\" content=\"Agn\u00e8s D\u00e9fosse\" \/>\n<meta name=\"twitter:card\" content=\"summary_large_image\" \/>\n<meta name=\"twitter:creator\" content=\"@AutateToulouse\" \/>\n<meta name=\"twitter:site\" content=\"@AutateToulouse\" \/>\n<meta name=\"twitter:label1\" content=\"\u00c9crit par\" \/>\n\t<meta name=\"twitter:data1\" content=\"Agn\u00e8s D\u00e9fosse\" \/>\n\t<meta name=\"twitter:label2\" content=\"Dur\u00e9e de lecture estim\u00e9e\" \/>\n\t<meta name=\"twitter:data2\" content=\"2 minutes\" \/>\n<script type=\"application\/ld+json\" class=\"yoast-schema-graph\">{\"@context\":\"https:\\\/\\\/schema.org\",\"@graph\":[{\"@type\":\"Article\",\"@id\":\"https:\\\/\\\/autate.fr\\\/site\\\/retours-du-forum-des-associations-de-tournefeuille-le-7-sept-2024\\\/#article\",\"isPartOf\":{\"@id\":\"https:\\\/\\\/autate.fr\\\/site\\\/retours-du-forum-des-associations-de-tournefeuille-le-7-sept-2024\\\/\"},\"author\":{\"name\":\"Agn\u00e8s D\u00e9fosse\",\"@id\":\"https:\\\/\\\/autate.fr\\\/site\\\/#\\\/schema\\\/person\\\/5dd2db09ec53d78638dc66bb99c1a96b\"},\"headline\":\"Retours du forum des associations de Tournefeuille le 7 sept 2024\",\"datePublished\":\"2024-09-22T22:43:08+00:00\",\"dateModified\":\"2025-11-21T21:34:36+00:00\",\"mainEntityOfPage\":{\"@id\":\"https:\\\/\\\/autate.fr\\\/site\\\/retours-du-forum-des-associations-de-tournefeuille-le-7-sept-2024\\\/\"},\"wordCount\":302,\"commentCount\":0,\"publisher\":{\"@id\":\"https:\\\/\\\/autate.fr\\\/site\\\/#organization\"},\"articleSection\":[\"Bus Tisseo\",\"Gares-SERM\",\"Lin\u00e9o\",\"M\u00e9tro\",\"T\u00e9moignages\"],\"inLanguage\":\"fr-FR\",\"potentialAction\":[{\"@type\":\"CommentAction\",\"name\":\"Comment\",\"target\":[\"https:\\\/\\\/autate.fr\\\/site\\\/retours-du-forum-des-associations-de-tournefeuille-le-7-sept-2024\\\/#respond\"]}]},{\"@type\":\"WebPage\",\"@id\":\"https:\\\/\\\/autate.fr\\\/site\\\/retours-du-forum-des-associations-de-tournefeuille-le-7-sept-2024\\\/\",\"url\":\"https:\\\/\\\/autate.fr\\\/site\\\/retours-du-forum-des-associations-de-tournefeuille-le-7-sept-2024\\\/\",\"name\":\"Retours du forum des associations de Tournefeuille le 7 sept 2024 - AUTATE\",\"isPartOf\":{\"@id\":\"https:\\\/\\\/autate.fr\\\/site\\\/#website\"},\"datePublished\":\"2024-09-22T22:43:08+00:00\",\"dateModified\":\"2025-11-21T21:34:36+00:00\",\"breadcrumb\":{\"@id\":\"https:\\\/\\\/autate.fr\\\/site\\\/retours-du-forum-des-associations-de-tournefeuille-le-7-sept-2024\\\/#breadcrumb\"},\"inLanguage\":\"fr-FR\",\"potentialAction\":[{\"@type\":\"ReadAction\",\"target\":[\"https:\\\/\\\/autate.fr\\\/site\\\/retours-du-forum-des-associations-de-tournefeuille-le-7-sept-2024\\\/\"]}]},{\"@type\":\"BreadcrumbList\",\"@id\":\"https:\\\/\\\/autate.fr\\\/site\\\/retours-du-forum-des-associations-de-tournefeuille-le-7-sept-2024\\\/#breadcrumb\",\"itemListElement\":[{\"@type\":\"ListItem\",\"position\":1,\"name\":\"Accueil\",\"item\":\"https:\\\/\\\/autate.fr\\\/site\\\/\"},{\"@type\":\"ListItem\",\"position\":2,\"name\":\"Retours du forum des associations de Tournefeuille le 7 sept 2024\"}]},{\"@type\":\"WebSite\",\"@id\":\"https:\\\/\\\/autate.fr\\\/site\\\/#website\",\"url\":\"https:\\\/\\\/autate.fr\\\/site\\\/\",\"name\":\"AUTATE\",\"description\":\"Association des usagers des transports de l&#039;agglom\u00e9ration Toulousaine et de ses environs\",\"publisher\":{\"@id\":\"https:\\\/\\\/autate.fr\\\/site\\\/#organization\"},\"potentialAction\":[{\"@type\":\"SearchAction\",\"target\":{\"@type\":\"EntryPoint\",\"urlTemplate\":\"https:\\\/\\\/autate.fr\\\/site\\\/?s={search_term_string}\"},\"query-input\":{\"@type\":\"PropertyValueSpecification\",\"valueRequired\":true,\"valueName\":\"search_term_string\"}}],\"inLanguage\":\"fr-FR\"},{\"@type\":\"Organization\",\"@id\":\"https:\\\/\\\/autate.fr\\\/site\\\/#organization\",\"name\":\"AUTATE\",\"url\":\"https:\\\/\\\/autate.fr\\\/site\\\/\",\"logo\":{\"@type\":\"ImageObject\",\"inLanguage\":\"fr-FR\",\"@id\":\"https:\\\/\\\/autate.fr\\\/site\\\/#\\\/schema\\\/logo\\\/image\\\/\",\"url\":\"http:\\\/\\\/autate.fr\\\/site\\\/wp-content\\\/uploads\\\/2019\\\/01\\\/logo.png\",\"contentUrl\":\"http:\\\/\\\/autate.fr\\\/site\\\/wp-content\\\/uploads\\\/2019\\\/01\\\/logo.png\",\"width\":506,\"height\":280,\"caption\":\"AUTATE\"},\"image\":{\"@id\":\"https:\\\/\\\/autate.fr\\\/site\\\/#\\\/schema\\\/logo\\\/image\\\/\"},\"sameAs\":[\"https:\\\/\\\/www.facebook.com\\\/AutateToulouse\",\"https:\\\/\\\/x.com\\\/AutateToulouse\"]},{\"@type\":\"Person\",\"@id\":\"https:\\\/\\\/autate.fr\\\/site\\\/#\\\/schema\\\/person\\\/5dd2db09ec53d78638dc66bb99c1a96b\",\"name\":\"Agn\u00e8s D\u00e9fosse\",\"image\":{\"@type\":\"ImageObject\",\"inLanguage\":\"fr-FR\",\"@id\":\"https:\\\/\\\/secure.gravatar.com\\\/avatar\\\/95c9cd4b94e5a0c0ea8b60b9bdbb3225980cf1f6d229a870c299992be19d6804?s=96&d=mm&r=g\",\"url\":\"https:\\\/\\\/secure.gravatar.com\\\/avatar\\\/95c9cd4b94e5a0c0ea8b60b9bdbb3225980cf1f6d229a870c299992be19d6804?s=96&d=mm&r=g\",\"contentUrl\":\"https:\\\/\\\/secure.gravatar.com\\\/avatar\\\/95c9cd4b94e5a0c0ea8b60b9bdbb3225980cf1f6d229a870c299992be19d6804?s=96&d=mm&r=g\",\"caption\":\"Agn\u00e8s D\u00e9fosse\"},\"url\":\"https:\\\/\\\/autate.fr\\\/site\\\/author\\\/agnesdefosse\\\/\"}]}<\/script>\n<!-- \/ Yoast SEO plugin. -->","yoast_head_json":{"title":"Retours du forum des associations de Tournefeuille le 7 sept 2024 - AUTATE","robots":{"index":"index","follow":"follow","max-snippet":"max-snippet:-1","max-image-preview":"max-image-preview:large","max-video-preview":"max-video-preview:-1"},"canonical":"https:\/\/autate.fr\/site\/retours-du-forum-des-associations-de-tournefeuille-le-7-sept-2024\/","og_locale":"fr_FR","og_type":"article","og_title":"Retours du forum des associations de Tournefeuille le 7 sept 2024 - AUTATE","og_description":"Voici les avis ou commentaires des personnes qui sont pass\u00e9es sur notre stand AUTATE au forum des associations de Tournefeuille le 7 septembre 2024 : Une personne qui habite \u00e0 Pahin et qui travaille au tribunal : elle prend le bus 21 jusqu\u2019\u00e0 la gare de Colomiers, puis le train jusqu\u2019\u00e0 la gare de StVOIR PLUS","og_url":"https:\/\/autate.fr\/site\/retours-du-forum-des-associations-de-tournefeuille-le-7-sept-2024\/","og_site_name":"AUTATE","article_publisher":"https:\/\/www.facebook.com\/AutateToulouse","article_published_time":"2024-09-22T22:43:08+00:00","article_modified_time":"2025-11-21T21:34:36+00:00","author":"Agn\u00e8s D\u00e9fosse","twitter_card":"summary_large_image","twitter_creator":"@AutateToulouse","twitter_site":"@AutateToulouse","twitter_misc":{"\u00c9crit par":"Agn\u00e8s D\u00e9fosse","Dur\u00e9e de lecture estim\u00e9e":"2 minutes"},"schema":{"@context":"https:\/\/schema.org","@graph":[{"@type":"Article","@id":"https:\/\/autate.fr\/site\/retours-du-forum-des-associations-de-tournefeuille-le-7-sept-2024\/#article","isPartOf":{"@id":"https:\/\/autate.fr\/site\/retours-du-forum-des-associations-de-tournefeuille-le-7-sept-2024\/"},"author":{"name":"Agn\u00e8s D\u00e9fosse","@id":"https:\/\/autate.fr\/site\/#\/schema\/person\/5dd2db09ec53d78638dc66bb99c1a96b"},"headline":"Retours du forum des associations de Tournefeuille le 7 sept 2024","datePublished":"2024-09-22T22:43:08+00:00","dateModified":"2025-11-21T21:34:36+00:00","mainEntityOfPage":{"@id":"https:\/\/autate.fr\/site\/retours-du-forum-des-associations-de-tournefeuille-le-7-sept-2024\/"},"wordCount":302,"commentCount":0,"publisher":{"@id":"https:\/\/autate.fr\/site\/#organization"},"articleSection":["Bus Tisseo","Gares-SERM","Lin\u00e9o","M\u00e9tro","T\u00e9moignages"],"inLanguage":"fr-FR","potentialAction":[{"@type":"CommentAction","name":"Comment","target":["https:\/\/autate.fr\/site\/retours-du-forum-des-associations-de-tournefeuille-le-7-sept-2024\/#respond"]}]},{"@type":"WebPage","@id":"https:\/\/autate.fr\/site\/retours-du-forum-des-associations-de-tournefeuille-le-7-sept-2024\/","url":"https:\/\/autate.fr\/site\/retours-du-forum-des-associations-de-tournefeuille-le-7-sept-2024\/","name":"Retours du forum des associations de Tournefeuille le 7 sept 2024 - AUTATE","isPartOf":{"@id":"https:\/\/autate.fr\/site\/#website"},"datePublished":"2024-09-22T22:43:08+00:00","dateModified":"2025-11-21T21:34:36+00:00","breadcrumb":{"@id":"https:\/\/autate.fr\/site\/retours-du-forum-des-associations-de-tournefeuille-le-7-sept-2024\/#breadcrumb"},"inLanguage":"fr-FR","potentialAction":[{"@type":"ReadAction","target":["https:\/\/autate.fr\/site\/retours-du-forum-des-associations-de-tournefeuille-le-7-sept-2024\/"]}]},{"@type":"BreadcrumbList","@id":"https:\/\/autate.fr\/site\/retours-du-forum-des-associations-de-tournefeuille-le-7-sept-2024\/#breadcrumb","itemListElement":[{"@type":"ListItem","position":1,"name":"Accueil","item":"https:\/\/autate.fr\/site\/"},{"@type":"ListItem","position":2,"name":"Retours du forum des associations de Tournefeuille le 7 sept 2024"}]},{"@type":"WebSite","@id":"https:\/\/autate.fr\/site\/#website","url":"https:\/\/autate.fr\/site\/","name":"AUTATE","description":"Association des usagers des transports de l&#039;agglom\u00e9ration Toulousaine et de ses environs","publisher":{"@id":"https:\/\/autate.fr\/site\/#organization"},"potentialAction":[{"@type":"SearchAction","target":{"@type":"EntryPoint","urlTemplate":"https:\/\/autate.fr\/site\/?s={search_term_string}"},"query-input":{"@type":"PropertyValueSpecification","valueRequired":true,"valueName":"search_term_string"}}],"inLanguage":"fr-FR"},{"@type":"Organization","@id":"https:\/\/autate.fr\/site\/#organization","name":"AUTATE","url":"https:\/\/autate.fr\/site\/","logo":{"@type":"ImageObject","inLanguage":"fr-FR","@id":"https:\/\/autate.fr\/site\/#\/schema\/logo\/image\/","url":"http:\/\/autate.fr\/site\/wp-content\/uploads\/2019\/01\/logo.png","contentUrl":"http:\/\/autate.fr\/site\/wp-content\/uploads\/2019\/01\/logo.png","width":506,"height":280,"caption":"AUTATE"},"image":{"@id":"https:\/\/autate.fr\/site\/#\/schema\/logo\/image\/"},"sameAs":["https:\/\/www.facebook.com\/AutateToulouse","https:\/\/x.com\/AutateToulouse"]},{"@type":"Person","@id":"https:\/\/autate.fr\/site\/#\/schema\/person\/5dd2db09ec53d78638dc66bb99c1a96b","name":"Agn\u00e8s D\u00e9fosse","image":{"@type":"ImageObject","inLanguage":"fr-FR","@id":"https:\/\/secure.gravatar.com\/avatar\/95c9cd4b94e5a0c0ea8b60b9bdbb3225980cf1f6d229a870c299992be19d6804?s=96&d=mm&r=g","url":"https:\/\/secure.gravatar.com\/avatar\/95c9cd4b94e5a0c0ea8b60b9bdbb3225980cf1f6d229a870c299992be19d6804?s=96&d=mm&r=g","contentUrl":"https:\/\/secure.gravatar.com\/avatar\/95c9cd4b94e5a0c0ea8b60b9bdbb3225980cf1f6d229a870c299992be19d6804?s=96&d=mm&r=g","caption":"Agn\u00e8s D\u00e9fosse"},"url":"https:\/\/autate.fr\/site\/author\/agnesdefosse\/"}]}},"_links":{"self":[{"href":"https:\/\/autate.fr\/site\/wp-json\/wp\/v2\/posts\/4411","targetHints":{"allow":["GET"]}}],"collection":[{"href":"https:\/\/autate.fr\/site\/wp-json\/wp\/v2\/posts"}],"about":[{"href":"https:\/\/autate.fr\/site\/wp-json\/wp\/v2\/types\/post"}],"author":[{"embeddable":true,"href":"https:\/\/autate.fr\/site\/wp-json\/wp\/v2\/users\/10"}],"replies":[{"embeddable":true,"href":"https:\/\/autate.fr\/site\/wp-json\/wp\/v2\/comments?post=4411"}],"version-history":[{"count":2,"href":"https:\/\/autate.fr\/site\/wp-json\/wp\/v2\/posts\/4411\/revisions"}],"predecessor-version":[{"id":4413,"href":"https:\/\/autate.fr\/site\/wp-json\/wp\/v2\/posts\/4411\/revisions\/4413"}],"wp:attachment":[{"href":"https:\/\/autate.fr\/site\/wp-json\/wp\/v2\/media?parent=4411"}],"wp:term":[{"taxonomy":"category","embeddable":true,"href":"https:\/\/autate.fr\/site\/wp-json\/wp\/v2\/categories?post=4411"},{"taxonomy":"post_tag","embeddable":true,"href":"https:\/\/autate.fr\/site\/wp-json\/wp\/v2\/tags?post=4411"}],"curies":[{"name":"wp","href":"https:\/\/api.w.org\/{rel}","templated":true}]}}