{"id":44,"date":"2015-11-26T21:37:48","date_gmt":"2015-11-26T20:37:48","guid":{"rendered":"http:\/\/autate.fr\/site\/?p=44"},"modified":"2025-11-21T22:32:58","modified_gmt":"2025-11-21T21:32:58","slug":"actu-cote-toulouse-bouchons-a-toulouse-une-association-des-usagers-des-transports-se-relance","status":"publish","type":"post","link":"https:\/\/autate.fr\/site\/actu-cote-toulouse-bouchons-a-toulouse-une-association-des-usagers-des-transports-se-relance\/","title":{"rendered":"[Actu C\u00f4t\u00e9 Toulouse] Bouchons. \u00c0 Toulouse, une association des usagers des transports se relance"},"content":{"rendered":"<header><span style=\"color: #ff0000;\"><strong class=\"bl xsmall colorUniv\">Transports<\/strong><\/span><\/p>\n<h1>Bouchons. \u00c0 Toulouse, une association des usagers des transports se relance<\/h1>\n<h4 class=\"bigger mts mbs\" data-role=\"chapo\">Mardi 24 novembre 2015, l&rsquo;association AUTATE, cr\u00e9\u00e9e en 2007, se relance et organise une r\u00e9union publique pour porter la voix des usagers des transports de l&rsquo;agglom\u00e9ration.<\/h4>\n<p><span class=\"small\">Publi\u00e9 le : 24\/11\/2015 \u00e0 13:47<\/span><\/header>\n<div id=\"share-top\" class=\"line share\"><\/div>\n<div class=\"content\">\n<p>\u00c0 Toulouse, cela fait des ann\u00e9es que l\u2019exasp\u00e9ration monte chez les habitants, quel que soit son mode de transport pour se d\u00e9placer. Bouchons monstres sur la rocade, mauvaises connexions entre les diff\u00e9rents modes de transport, zones urbaines mal desservies : face \u00e0 ces constats, les usagers veulent reprendre la parole.<\/p>\n<h3>Une premi\u00e8re r\u00e9union mardi soir<\/h3>\n<p>Apr\u00e8s le lancement par le Sicoval de la campagne Marre des Bouchons, l\u2019Association des Usager-e-s \u00a0des Transports de l\u2019Agglom\u00e9ration Toulousaine et de ses Environs, l\u2019AUTATE, relance ses activit\u00e9s.<\/p>\n<p>Cr\u00e9\u00e9e en 2007, l\u2019association s\u2019\u00e9tait mise en sommeil sous le mandat de Pierre Cohen. Elle reprend son b\u00e2ton de p\u00e8lerin sur la base d\u2019un constat : \u00ab\u00a0la situation loin de s\u2019arranger, se d\u00e9grade de jour en jour \u00bb, selon sa porte-parole Marie-Pierre B\u00e8s.<\/p>\n<p>Mardi 24 novembre 2015, \u00e0 20 h, l\u2019association organise une premi\u00e8re r\u00e9union dans la salle San Subra (quartier Saint-Cyprien) \u00e0 Toulouse.<\/p>\n<h3>Faire remonter les probl\u00e8mes sur l\u2019ensemble de l\u2019agglom\u00e9ration\u2026<\/h3>\n<p><a href=\"http:\/\/actu.cotetoulouse.fr\/bouchons-toulouse-association-usagers-transports-voix-habitants_24036\/\" target=\"_blank\">Lire la suite sur actu.cotetoulouse.fr<\/a><\/p>\n<p>&nbsp;<\/p>\n<\/div>\n","protected":false},"excerpt":{"rendered":"<p>Transports Bouchons. \u00c0 Toulouse, une association des usagers des transports se relance Mardi 24 novembre 2015, l&rsquo;association AUTATE, cr\u00e9\u00e9e en 2007, se relance et organise une r\u00e9union publique pour porter la voix des usagers des transports de l&rsquo;agglom\u00e9ration. Publi\u00e9 le : 24\/11\/2015 \u00e0 13:47 \u00c0 Toulouse, cela fait des ann\u00e9es que l\u2019exasp\u00e9ration monte chez les<\/p>\n<p class=\"more-link\"><a href=\"https:\/\/autate.fr\/site\/actu-cote-toulouse-bouchons-a-toulouse-une-association-des-usagers-des-transports-se-relance\/\" class=\"themebutton2\">VOIR PLUS<\/a><\/p>\n","protected":false},"author":1,"featured_media":0,"comment_status":"open","ping_status":"open","sticky":false,"template":"","format":"standard","meta":{"footnotes":""},"categories":[7],"tags":[24,25],"class_list":["post-44","post","type-post","status-publish","format-standard","hentry","category-revue-de-presse","tag-autate","tag-usager-es"],"yoast_head":"<!-- This site is optimized with the Yoast SEO plugin v27.4 - https:\/\/yoast.com\/product\/yoast-seo-wordpress\/ -->\n<title>[Actu C\u00f4t\u00e9 Toulouse] Bouchons. \u00c0 Toulouse, une association des usagers des transports se relance - AUTATE<\/title>\n<meta name=\"robots\" content=\"index, follow, max-snippet:-1, max-image-preview:large, max-video-preview:-1\" \/>\n<link rel=\"canonical\" href=\"https:\/\/autate.fr\/site\/actu-cote-toulouse-bouchons-a-toulouse-une-association-des-usagers-des-transports-se-relance\/\" \/>\n<meta property=\"og:locale\" content=\"fr_FR\" \/>\n<meta property=\"og:type\" content=\"article\" \/>\n<meta property=\"og:title\" content=\"[Actu C\u00f4t\u00e9 Toulouse] Bouchons. \u00c0 Toulouse, une association des usagers des transports se relance - AUTATE\" \/>\n<meta property=\"og:description\" content=\"Transports Bouchons. \u00c0 Toulouse, une association des usagers des transports se relance Mardi 24 novembre 2015, l&rsquo;association AUTATE, cr\u00e9\u00e9e en 2007, se relance et organise une r\u00e9union publique pour porter la voix des usagers des transports de l&rsquo;agglom\u00e9ration. Publi\u00e9 le : 24\/11\/2015 \u00e0 13:47 \u00c0 Toulouse, cela fait des ann\u00e9es que l\u2019exasp\u00e9ration monte chez lesVOIR PLUS\" \/>\n<meta property=\"og:url\" content=\"https:\/\/autate.fr\/site\/actu-cote-toulouse-bouchons-a-toulouse-une-association-des-usagers-des-transports-se-relance\/\" \/>\n<meta property=\"og:site_name\" content=\"AUTATE\" \/>\n<meta property=\"article:publisher\" content=\"https:\/\/www.facebook.com\/AutateToulouse\" \/>\n<meta property=\"article:published_time\" content=\"2015-11-26T20:37:48+00:00\" \/>\n<meta property=\"article:modified_time\" content=\"2025-11-21T21:32:58+00:00\" \/>\n<meta name=\"author\" content=\"pascalbarbier\" \/>\n<meta name=\"twitter:card\" content=\"summary_large_image\" \/>\n<meta name=\"twitter:creator\" content=\"@AutateToulouse\" \/>\n<meta name=\"twitter:site\" content=\"@AutateToulouse\" \/>\n<meta name=\"twitter:label1\" content=\"\u00c9crit par\" \/>\n\t<meta name=\"twitter:data1\" content=\"pascalbarbier\" \/>\n\t<meta name=\"twitter:label2\" content=\"Dur\u00e9e de lecture estim\u00e9e\" \/>\n\t<meta name=\"twitter:data2\" content=\"1 minute\" \/>\n<script type=\"application\/ld+json\" class=\"yoast-schema-graph\">{\"@context\":\"https:\\\/\\\/schema.org\",\"@graph\":[{\"@type\":\"Article\",\"@id\":\"https:\\\/\\\/autate.fr\\\/site\\\/actu-cote-toulouse-bouchons-a-toulouse-une-association-des-usagers-des-transports-se-relance\\\/#article\",\"isPartOf\":{\"@id\":\"https:\\\/\\\/autate.fr\\\/site\\\/actu-cote-toulouse-bouchons-a-toulouse-une-association-des-usagers-des-transports-se-relance\\\/\"},\"author\":{\"name\":\"pascalbarbier\",\"@id\":\"https:\\\/\\\/autate.fr\\\/site\\\/#\\\/schema\\\/person\\\/ae1ab8bdaa7b41d2a9b52d2557ce8254\"},\"headline\":\"[Actu C\u00f4t\u00e9 Toulouse] Bouchons. \u00c0 Toulouse, une association des usagers des transports se relance\",\"datePublished\":\"2015-11-26T20:37:48+00:00\",\"dateModified\":\"2025-11-21T21:32:58+00:00\",\"mainEntityOfPage\":{\"@id\":\"https:\\\/\\\/autate.fr\\\/site\\\/actu-cote-toulouse-bouchons-a-toulouse-une-association-des-usagers-des-transports-se-relance\\\/\"},\"wordCount\":234,\"commentCount\":0,\"publisher\":{\"@id\":\"https:\\\/\\\/autate.fr\\\/site\\\/#organization\"},\"keywords\":[\"AUTATE\",\"usager-es\"],\"articleSection\":[\"Revue de presse\"],\"inLanguage\":\"fr-FR\",\"potentialAction\":[{\"@type\":\"CommentAction\",\"name\":\"Comment\",\"target\":[\"https:\\\/\\\/autate.fr\\\/site\\\/actu-cote-toulouse-bouchons-a-toulouse-une-association-des-usagers-des-transports-se-relance\\\/#respond\"]}]},{\"@type\":\"WebPage\",\"@id\":\"https:\\\/\\\/autate.fr\\\/site\\\/actu-cote-toulouse-bouchons-a-toulouse-une-association-des-usagers-des-transports-se-relance\\\/\",\"url\":\"https:\\\/\\\/autate.fr\\\/site\\\/actu-cote-toulouse-bouchons-a-toulouse-une-association-des-usagers-des-transports-se-relance\\\/\",\"name\":\"[Actu C\u00f4t\u00e9 Toulouse] Bouchons. \u00c0 Toulouse, une association des usagers des transports se relance - AUTATE\",\"isPartOf\":{\"@id\":\"https:\\\/\\\/autate.fr\\\/site\\\/#website\"},\"datePublished\":\"2015-11-26T20:37:48+00:00\",\"dateModified\":\"2025-11-21T21:32:58+00:00\",\"breadcrumb\":{\"@id\":\"https:\\\/\\\/autate.fr\\\/site\\\/actu-cote-toulouse-bouchons-a-toulouse-une-association-des-usagers-des-transports-se-relance\\\/#breadcrumb\"},\"inLanguage\":\"fr-FR\",\"potentialAction\":[{\"@type\":\"ReadAction\",\"target\":[\"https:\\\/\\\/autate.fr\\\/site\\\/actu-cote-toulouse-bouchons-a-toulouse-une-association-des-usagers-des-transports-se-relance\\\/\"]}]},{\"@type\":\"BreadcrumbList\",\"@id\":\"https:\\\/\\\/autate.fr\\\/site\\\/actu-cote-toulouse-bouchons-a-toulouse-une-association-des-usagers-des-transports-se-relance\\\/#breadcrumb\",\"itemListElement\":[{\"@type\":\"ListItem\",\"position\":1,\"name\":\"Accueil\",\"item\":\"https:\\\/\\\/autate.fr\\\/site\\\/\"},{\"@type\":\"ListItem\",\"position\":2,\"name\":\"[Actu C\u00f4t\u00e9 Toulouse] Bouchons. \u00c0 Toulouse, une association des usagers des transports se relance\"}]},{\"@type\":\"WebSite\",\"@id\":\"https:\\\/\\\/autate.fr\\\/site\\\/#website\",\"url\":\"https:\\\/\\\/autate.fr\\\/site\\\/\",\"name\":\"AUTATE\",\"description\":\"Association des usagers des transports de l&#039;agglom\u00e9ration Toulousaine et de ses environs\",\"publisher\":{\"@id\":\"https:\\\/\\\/autate.fr\\\/site\\\/#organization\"},\"potentialAction\":[{\"@type\":\"SearchAction\",\"target\":{\"@type\":\"EntryPoint\",\"urlTemplate\":\"https:\\\/\\\/autate.fr\\\/site\\\/?s={search_term_string}\"},\"query-input\":{\"@type\":\"PropertyValueSpecification\",\"valueRequired\":true,\"valueName\":\"search_term_string\"}}],\"inLanguage\":\"fr-FR\"},{\"@type\":\"Organization\",\"@id\":\"https:\\\/\\\/autate.fr\\\/site\\\/#organization\",\"name\":\"AUTATE\",\"url\":\"https:\\\/\\\/autate.fr\\\/site\\\/\",\"logo\":{\"@type\":\"ImageObject\",\"inLanguage\":\"fr-FR\",\"@id\":\"https:\\\/\\\/autate.fr\\\/site\\\/#\\\/schema\\\/logo\\\/image\\\/\",\"url\":\"http:\\\/\\\/autate.fr\\\/site\\\/wp-content\\\/uploads\\\/2019\\\/01\\\/logo.png\",\"contentUrl\":\"http:\\\/\\\/autate.fr\\\/site\\\/wp-content\\\/uploads\\\/2019\\\/01\\\/logo.png\",\"width\":506,\"height\":280,\"caption\":\"AUTATE\"},\"image\":{\"@id\":\"https:\\\/\\\/autate.fr\\\/site\\\/#\\\/schema\\\/logo\\\/image\\\/\"},\"sameAs\":[\"https:\\\/\\\/www.facebook.com\\\/AutateToulouse\",\"https:\\\/\\\/x.com\\\/AutateToulouse\"]},{\"@type\":\"Person\",\"@id\":\"https:\\\/\\\/autate.fr\\\/site\\\/#\\\/schema\\\/person\\\/ae1ab8bdaa7b41d2a9b52d2557ce8254\",\"name\":\"pascalbarbier\",\"image\":{\"@type\":\"ImageObject\",\"inLanguage\":\"fr-FR\",\"@id\":\"https:\\\/\\\/secure.gravatar.com\\\/avatar\\\/03f4e8ced09894b72c67e83142540730d4b3bbf619bf46341b0074e3bf5f08a0?s=96&d=mm&r=g\",\"url\":\"https:\\\/\\\/secure.gravatar.com\\\/avatar\\\/03f4e8ced09894b72c67e83142540730d4b3bbf619bf46341b0074e3bf5f08a0?s=96&d=mm&r=g\",\"contentUrl\":\"https:\\\/\\\/secure.gravatar.com\\\/avatar\\\/03f4e8ced09894b72c67e83142540730d4b3bbf619bf46341b0074e3bf5f08a0?s=96&d=mm&r=g\",\"caption\":\"pascalbarbier\"},\"url\":\"https:\\\/\\\/autate.fr\\\/site\\\/author\\\/pascalbarbier\\\/\"}]}<\/script>\n<!-- \/ Yoast SEO plugin. -->","yoast_head_json":{"title":"[Actu C\u00f4t\u00e9 Toulouse] Bouchons. \u00c0 Toulouse, une association des usagers des transports se relance - AUTATE","robots":{"index":"index","follow":"follow","max-snippet":"max-snippet:-1","max-image-preview":"max-image-preview:large","max-video-preview":"max-video-preview:-1"},"canonical":"https:\/\/autate.fr\/site\/actu-cote-toulouse-bouchons-a-toulouse-une-association-des-usagers-des-transports-se-relance\/","og_locale":"fr_FR","og_type":"article","og_title":"[Actu C\u00f4t\u00e9 Toulouse] Bouchons. \u00c0 Toulouse, une association des usagers des transports se relance - AUTATE","og_description":"Transports Bouchons. \u00c0 Toulouse, une association des usagers des transports se relance Mardi 24 novembre 2015, l&rsquo;association AUTATE, cr\u00e9\u00e9e en 2007, se relance et organise une r\u00e9union publique pour porter la voix des usagers des transports de l&rsquo;agglom\u00e9ration. Publi\u00e9 le : 24\/11\/2015 \u00e0 13:47 \u00c0 Toulouse, cela fait des ann\u00e9es que l\u2019exasp\u00e9ration monte chez lesVOIR PLUS","og_url":"https:\/\/autate.fr\/site\/actu-cote-toulouse-bouchons-a-toulouse-une-association-des-usagers-des-transports-se-relance\/","og_site_name":"AUTATE","article_publisher":"https:\/\/www.facebook.com\/AutateToulouse","article_published_time":"2015-11-26T20:37:48+00:00","article_modified_time":"2025-11-21T21:32:58+00:00","author":"pascalbarbier","twitter_card":"summary_large_image","twitter_creator":"@AutateToulouse","twitter_site":"@AutateToulouse","twitter_misc":{"\u00c9crit par":"pascalbarbier","Dur\u00e9e de lecture estim\u00e9e":"1 minute"},"schema":{"@context":"https:\/\/schema.org","@graph":[{"@type":"Article","@id":"https:\/\/autate.fr\/site\/actu-cote-toulouse-bouchons-a-toulouse-une-association-des-usagers-des-transports-se-relance\/#article","isPartOf":{"@id":"https:\/\/autate.fr\/site\/actu-cote-toulouse-bouchons-a-toulouse-une-association-des-usagers-des-transports-se-relance\/"},"author":{"name":"pascalbarbier","@id":"https:\/\/autate.fr\/site\/#\/schema\/person\/ae1ab8bdaa7b41d2a9b52d2557ce8254"},"headline":"[Actu C\u00f4t\u00e9 Toulouse] Bouchons. \u00c0 Toulouse, une association des usagers des transports se relance","datePublished":"2015-11-26T20:37:48+00:00","dateModified":"2025-11-21T21:32:58+00:00","mainEntityOfPage":{"@id":"https:\/\/autate.fr\/site\/actu-cote-toulouse-bouchons-a-toulouse-une-association-des-usagers-des-transports-se-relance\/"},"wordCount":234,"commentCount":0,"publisher":{"@id":"https:\/\/autate.fr\/site\/#organization"},"keywords":["AUTATE","usager-es"],"articleSection":["Revue de presse"],"inLanguage":"fr-FR","potentialAction":[{"@type":"CommentAction","name":"Comment","target":["https:\/\/autate.fr\/site\/actu-cote-toulouse-bouchons-a-toulouse-une-association-des-usagers-des-transports-se-relance\/#respond"]}]},{"@type":"WebPage","@id":"https:\/\/autate.fr\/site\/actu-cote-toulouse-bouchons-a-toulouse-une-association-des-usagers-des-transports-se-relance\/","url":"https:\/\/autate.fr\/site\/actu-cote-toulouse-bouchons-a-toulouse-une-association-des-usagers-des-transports-se-relance\/","name":"[Actu C\u00f4t\u00e9 Toulouse] Bouchons. \u00c0 Toulouse, une association des usagers des transports se relance - AUTATE","isPartOf":{"@id":"https:\/\/autate.fr\/site\/#website"},"datePublished":"2015-11-26T20:37:48+00:00","dateModified":"2025-11-21T21:32:58+00:00","breadcrumb":{"@id":"https:\/\/autate.fr\/site\/actu-cote-toulouse-bouchons-a-toulouse-une-association-des-usagers-des-transports-se-relance\/#breadcrumb"},"inLanguage":"fr-FR","potentialAction":[{"@type":"ReadAction","target":["https:\/\/autate.fr\/site\/actu-cote-toulouse-bouchons-a-toulouse-une-association-des-usagers-des-transports-se-relance\/"]}]},{"@type":"BreadcrumbList","@id":"https:\/\/autate.fr\/site\/actu-cote-toulouse-bouchons-a-toulouse-une-association-des-usagers-des-transports-se-relance\/#breadcrumb","itemListElement":[{"@type":"ListItem","position":1,"name":"Accueil","item":"https:\/\/autate.fr\/site\/"},{"@type":"ListItem","position":2,"name":"[Actu C\u00f4t\u00e9 Toulouse] Bouchons. \u00c0 Toulouse, une association des usagers des transports se relance"}]},{"@type":"WebSite","@id":"https:\/\/autate.fr\/site\/#website","url":"https:\/\/autate.fr\/site\/","name":"AUTATE","description":"Association des usagers des transports de l&#039;agglom\u00e9ration Toulousaine et de ses environs","publisher":{"@id":"https:\/\/autate.fr\/site\/#organization"},"potentialAction":[{"@type":"SearchAction","target":{"@type":"EntryPoint","urlTemplate":"https:\/\/autate.fr\/site\/?s={search_term_string}"},"query-input":{"@type":"PropertyValueSpecification","valueRequired":true,"valueName":"search_term_string"}}],"inLanguage":"fr-FR"},{"@type":"Organization","@id":"https:\/\/autate.fr\/site\/#organization","name":"AUTATE","url":"https:\/\/autate.fr\/site\/","logo":{"@type":"ImageObject","inLanguage":"fr-FR","@id":"https:\/\/autate.fr\/site\/#\/schema\/logo\/image\/","url":"http:\/\/autate.fr\/site\/wp-content\/uploads\/2019\/01\/logo.png","contentUrl":"http:\/\/autate.fr\/site\/wp-content\/uploads\/2019\/01\/logo.png","width":506,"height":280,"caption":"AUTATE"},"image":{"@id":"https:\/\/autate.fr\/site\/#\/schema\/logo\/image\/"},"sameAs":["https:\/\/www.facebook.com\/AutateToulouse","https:\/\/x.com\/AutateToulouse"]},{"@type":"Person","@id":"https:\/\/autate.fr\/site\/#\/schema\/person\/ae1ab8bdaa7b41d2a9b52d2557ce8254","name":"pascalbarbier","image":{"@type":"ImageObject","inLanguage":"fr-FR","@id":"https:\/\/secure.gravatar.com\/avatar\/03f4e8ced09894b72c67e83142540730d4b3bbf619bf46341b0074e3bf5f08a0?s=96&d=mm&r=g","url":"https:\/\/secure.gravatar.com\/avatar\/03f4e8ced09894b72c67e83142540730d4b3bbf619bf46341b0074e3bf5f08a0?s=96&d=mm&r=g","contentUrl":"https:\/\/secure.gravatar.com\/avatar\/03f4e8ced09894b72c67e83142540730d4b3bbf619bf46341b0074e3bf5f08a0?s=96&d=mm&r=g","caption":"pascalbarbier"},"url":"https:\/\/autate.fr\/site\/author\/pascalbarbier\/"}]}},"_links":{"self":[{"href":"https:\/\/autate.fr\/site\/wp-json\/wp\/v2\/posts\/44","targetHints":{"allow":["GET"]}}],"collection":[{"href":"https:\/\/autate.fr\/site\/wp-json\/wp\/v2\/posts"}],"about":[{"href":"https:\/\/autate.fr\/site\/wp-json\/wp\/v2\/types\/post"}],"author":[{"embeddable":true,"href":"https:\/\/autate.fr\/site\/wp-json\/wp\/v2\/users\/1"}],"replies":[{"embeddable":true,"href":"https:\/\/autate.fr\/site\/wp-json\/wp\/v2\/comments?post=44"}],"version-history":[{"count":3,"href":"https:\/\/autate.fr\/site\/wp-json\/wp\/v2\/posts\/44\/revisions"}],"predecessor-version":[{"id":127,"href":"https:\/\/autate.fr\/site\/wp-json\/wp\/v2\/posts\/44\/revisions\/127"}],"wp:attachment":[{"href":"https:\/\/autate.fr\/site\/wp-json\/wp\/v2\/media?parent=44"}],"wp:term":[{"taxonomy":"category","embeddable":true,"href":"https:\/\/autate.fr\/site\/wp-json\/wp\/v2\/categories?post=44"},{"taxonomy":"post_tag","embeddable":true,"href":"https:\/\/autate.fr\/site\/wp-json\/wp\/v2\/tags?post=44"}],"curies":[{"name":"wp","href":"https:\/\/api.w.org\/{rel}","templated":true}]}}