{"id":438,"date":"2016-03-18T10:10:40","date_gmt":"2016-03-18T09:10:40","guid":{"rendered":"http:\/\/autate.fr\/site\/?p=438"},"modified":"2016-08-10T21:14:02","modified_gmt":"2016-08-10T19:14:02","slug":"la-depeche-prolongement-de-la-ligne-b-du-metro-labege-na-pas-dit-son-dernier-mot","status":"publish","type":"post","link":"https:\/\/autate.fr\/site\/la-depeche-prolongement-de-la-ligne-b-du-metro-labege-na-pas-dit-son-dernier-mot\/","title":{"rendered":"[La D\u00e9p\u00eache] Prolongement de la ligne B du m\u00e9tro : Lab\u00e8ge n&rsquo;a pas dit son dernier mot"},"content":{"rendered":"<p>Un article de Jean-No\u00ebl Gros paru dans la D\u00e9p\u00eache le 17\/03\/2016<\/p>\n<p>Le Sicoval va proposer aujourd&rsquo;hui \u00e0 la M\u00e9tropole la reprise des n\u00e9gociations sur la base de son projet : le prolongement de la ligne B de deux stations vers <a href=\"http:\/\/www.ladepeche.fr\/communes\/labege,31254.html\">Lab\u00e8ge<\/a>.<\/p>\n<p>Tendre la main puis, si cela ne marche pas, montrer les dents. Silencieux depuis deux semaines apr\u00e8s la rupture des n\u00e9gociations avec Toulouse M\u00e9tropole sur la desserte de Lab\u00e8ge en m\u00e9tro, le Sicoval avait le choix entre deux attitudes et opte, finalement, pour chacune des deux. Selon nos informations, la communaut\u00e9 d&rsquo;agglo du Sud-est va proposer aujourd&rsquo;hui \u00e0 Jean-Luc Moudenc, pr\u00e9sident de la M\u00e9tropole, de reprendre le dialogue et cela sur la base du projet Sicoval : le prolongement de la ligne B de deux stations, au Parc technologique et \u00e0 l&rsquo;INPT, au lieu des cinq initiales, pour rejoindre la troisi\u00e8me ligne.<\/p>\n<p><a href=\"http:\/\/www.ladepeche.fr\/article\/2016\/03\/17\/2305815-prolongement-ligne-b-metro-labege-dit-dernier-mot.html\">lire la suite<\/a><\/p>\n","protected":false},"excerpt":{"rendered":"<p>Un article de Jean-No\u00ebl Gros paru dans la D\u00e9p\u00eache le 17\/03\/2016 Le Sicoval va proposer aujourd&rsquo;hui \u00e0 la M\u00e9tropole la reprise des n\u00e9gociations sur la base de son projet : le prolongement de la ligne B de deux stations vers Lab\u00e8ge. Tendre la main puis, si cela ne marche pas, montrer les dents. Silencieux depuis<\/p>\n<p class=\"more-link\"><a href=\"https:\/\/autate.fr\/site\/la-depeche-prolongement-de-la-ligne-b-du-metro-labege-na-pas-dit-son-dernier-mot\/\" class=\"themebutton2\">VOIR PLUS<\/a><\/p>\n","protected":false},"author":1,"featured_media":0,"comment_status":"open","ping_status":"open","sticky":false,"template":"","format":"standard","meta":{"footnotes":""},"categories":[7],"tags":[165,153,22,12,17,23],"class_list":["post-438","post","type-post","status-publish","format-standard","hentry","category-revue-de-presse","tag-j-oberti","tag-jl-moudenc","tag-labege","tag-metro","tag-plb","tag-sicoval"],"yoast_head":"<!-- This site is optimized with the Yoast SEO plugin v27.4 - https:\/\/yoast.com\/product\/yoast-seo-wordpress\/ -->\n<title>[La D\u00e9p\u00eache] Prolongement de la ligne B du m\u00e9tro : Lab\u00e8ge n&#039;a pas dit son dernier mot - AUTATE<\/title>\n<meta name=\"robots\" content=\"index, follow, max-snippet:-1, max-image-preview:large, max-video-preview:-1\" \/>\n<link rel=\"canonical\" href=\"https:\/\/autate.fr\/site\/la-depeche-prolongement-de-la-ligne-b-du-metro-labege-na-pas-dit-son-dernier-mot\/\" \/>\n<meta property=\"og:locale\" content=\"fr_FR\" \/>\n<meta property=\"og:type\" content=\"article\" \/>\n<meta property=\"og:title\" content=\"[La D\u00e9p\u00eache] Prolongement de la ligne B du m\u00e9tro : Lab\u00e8ge n&#039;a pas dit son dernier mot - AUTATE\" \/>\n<meta property=\"og:description\" content=\"Un article de Jean-No\u00ebl Gros paru dans la D\u00e9p\u00eache le 17\/03\/2016 Le Sicoval va proposer aujourd&rsquo;hui \u00e0 la M\u00e9tropole la reprise des n\u00e9gociations sur la base de son projet : le prolongement de la ligne B de deux stations vers Lab\u00e8ge. Tendre la main puis, si cela ne marche pas, montrer les dents. Silencieux depuisVOIR PLUS\" \/>\n<meta property=\"og:url\" content=\"https:\/\/autate.fr\/site\/la-depeche-prolongement-de-la-ligne-b-du-metro-labege-na-pas-dit-son-dernier-mot\/\" \/>\n<meta property=\"og:site_name\" content=\"AUTATE\" \/>\n<meta property=\"article:publisher\" content=\"https:\/\/www.facebook.com\/AutateToulouse\" \/>\n<meta property=\"article:published_time\" content=\"2016-03-18T09:10:40+00:00\" \/>\n<meta property=\"article:modified_time\" content=\"2016-08-10T19:14:02+00:00\" \/>\n<meta name=\"author\" content=\"pascalbarbier\" \/>\n<meta name=\"twitter:card\" content=\"summary_large_image\" \/>\n<meta name=\"twitter:creator\" content=\"@AutateToulouse\" \/>\n<meta name=\"twitter:site\" content=\"@AutateToulouse\" \/>\n<meta name=\"twitter:label1\" content=\"\u00c9crit par\" \/>\n\t<meta name=\"twitter:data1\" content=\"pascalbarbier\" \/>\n\t<meta name=\"twitter:label2\" content=\"Dur\u00e9e de lecture estim\u00e9e\" \/>\n\t<meta name=\"twitter:data2\" content=\"1 minute\" \/>\n<script type=\"application\/ld+json\" class=\"yoast-schema-graph\">{\"@context\":\"https:\\\/\\\/schema.org\",\"@graph\":[{\"@type\":\"Article\",\"@id\":\"https:\\\/\\\/autate.fr\\\/site\\\/la-depeche-prolongement-de-la-ligne-b-du-metro-labege-na-pas-dit-son-dernier-mot\\\/#article\",\"isPartOf\":{\"@id\":\"https:\\\/\\\/autate.fr\\\/site\\\/la-depeche-prolongement-de-la-ligne-b-du-metro-labege-na-pas-dit-son-dernier-mot\\\/\"},\"author\":{\"name\":\"pascalbarbier\",\"@id\":\"https:\\\/\\\/autate.fr\\\/site\\\/#\\\/schema\\\/person\\\/ae1ab8bdaa7b41d2a9b52d2557ce8254\"},\"headline\":\"[La D\u00e9p\u00eache] Prolongement de la ligne B du m\u00e9tro : Lab\u00e8ge n&rsquo;a pas dit son dernier mot\",\"datePublished\":\"2016-03-18T09:10:40+00:00\",\"dateModified\":\"2016-08-10T19:14:02+00:00\",\"mainEntityOfPage\":{\"@id\":\"https:\\\/\\\/autate.fr\\\/site\\\/la-depeche-prolongement-de-la-ligne-b-du-metro-labege-na-pas-dit-son-dernier-mot\\\/\"},\"wordCount\":174,\"commentCount\":0,\"publisher\":{\"@id\":\"https:\\\/\\\/autate.fr\\\/site\\\/#organization\"},\"keywords\":[\"J.Oberti\",\"JL.Moudenc\",\"Lab\u00e8ge\",\"m\u00e9tro\",\"PLB\",\"Sicoval\"],\"articleSection\":[\"Revue de presse\"],\"inLanguage\":\"fr-FR\",\"potentialAction\":[{\"@type\":\"CommentAction\",\"name\":\"Comment\",\"target\":[\"https:\\\/\\\/autate.fr\\\/site\\\/la-depeche-prolongement-de-la-ligne-b-du-metro-labege-na-pas-dit-son-dernier-mot\\\/#respond\"]}]},{\"@type\":\"WebPage\",\"@id\":\"https:\\\/\\\/autate.fr\\\/site\\\/la-depeche-prolongement-de-la-ligne-b-du-metro-labege-na-pas-dit-son-dernier-mot\\\/\",\"url\":\"https:\\\/\\\/autate.fr\\\/site\\\/la-depeche-prolongement-de-la-ligne-b-du-metro-labege-na-pas-dit-son-dernier-mot\\\/\",\"name\":\"[La D\u00e9p\u00eache] Prolongement de la ligne B du m\u00e9tro : Lab\u00e8ge n'a pas dit son dernier mot - AUTATE\",\"isPartOf\":{\"@id\":\"https:\\\/\\\/autate.fr\\\/site\\\/#website\"},\"datePublished\":\"2016-03-18T09:10:40+00:00\",\"dateModified\":\"2016-08-10T19:14:02+00:00\",\"breadcrumb\":{\"@id\":\"https:\\\/\\\/autate.fr\\\/site\\\/la-depeche-prolongement-de-la-ligne-b-du-metro-labege-na-pas-dit-son-dernier-mot\\\/#breadcrumb\"},\"inLanguage\":\"fr-FR\",\"potentialAction\":[{\"@type\":\"ReadAction\",\"target\":[\"https:\\\/\\\/autate.fr\\\/site\\\/la-depeche-prolongement-de-la-ligne-b-du-metro-labege-na-pas-dit-son-dernier-mot\\\/\"]}]},{\"@type\":\"BreadcrumbList\",\"@id\":\"https:\\\/\\\/autate.fr\\\/site\\\/la-depeche-prolongement-de-la-ligne-b-du-metro-labege-na-pas-dit-son-dernier-mot\\\/#breadcrumb\",\"itemListElement\":[{\"@type\":\"ListItem\",\"position\":1,\"name\":\"Accueil\",\"item\":\"https:\\\/\\\/autate.fr\\\/site\\\/\"},{\"@type\":\"ListItem\",\"position\":2,\"name\":\"[La D\u00e9p\u00eache] Prolongement de la ligne B du m\u00e9tro : Lab\u00e8ge n&rsquo;a pas dit son dernier mot\"}]},{\"@type\":\"WebSite\",\"@id\":\"https:\\\/\\\/autate.fr\\\/site\\\/#website\",\"url\":\"https:\\\/\\\/autate.fr\\\/site\\\/\",\"name\":\"AUTATE\",\"description\":\"Association des usagers des transports de l&#039;agglom\u00e9ration Toulousaine et de ses environs\",\"publisher\":{\"@id\":\"https:\\\/\\\/autate.fr\\\/site\\\/#organization\"},\"potentialAction\":[{\"@type\":\"SearchAction\",\"target\":{\"@type\":\"EntryPoint\",\"urlTemplate\":\"https:\\\/\\\/autate.fr\\\/site\\\/?s={search_term_string}\"},\"query-input\":{\"@type\":\"PropertyValueSpecification\",\"valueRequired\":true,\"valueName\":\"search_term_string\"}}],\"inLanguage\":\"fr-FR\"},{\"@type\":\"Organization\",\"@id\":\"https:\\\/\\\/autate.fr\\\/site\\\/#organization\",\"name\":\"AUTATE\",\"url\":\"https:\\\/\\\/autate.fr\\\/site\\\/\",\"logo\":{\"@type\":\"ImageObject\",\"inLanguage\":\"fr-FR\",\"@id\":\"https:\\\/\\\/autate.fr\\\/site\\\/#\\\/schema\\\/logo\\\/image\\\/\",\"url\":\"http:\\\/\\\/autate.fr\\\/site\\\/wp-content\\\/uploads\\\/2019\\\/01\\\/logo.png\",\"contentUrl\":\"http:\\\/\\\/autate.fr\\\/site\\\/wp-content\\\/uploads\\\/2019\\\/01\\\/logo.png\",\"width\":506,\"height\":280,\"caption\":\"AUTATE\"},\"image\":{\"@id\":\"https:\\\/\\\/autate.fr\\\/site\\\/#\\\/schema\\\/logo\\\/image\\\/\"},\"sameAs\":[\"https:\\\/\\\/www.facebook.com\\\/AutateToulouse\",\"https:\\\/\\\/x.com\\\/AutateToulouse\"]},{\"@type\":\"Person\",\"@id\":\"https:\\\/\\\/autate.fr\\\/site\\\/#\\\/schema\\\/person\\\/ae1ab8bdaa7b41d2a9b52d2557ce8254\",\"name\":\"pascalbarbier\",\"image\":{\"@type\":\"ImageObject\",\"inLanguage\":\"fr-FR\",\"@id\":\"https:\\\/\\\/secure.gravatar.com\\\/avatar\\\/03f4e8ced09894b72c67e83142540730d4b3bbf619bf46341b0074e3bf5f08a0?s=96&d=mm&r=g\",\"url\":\"https:\\\/\\\/secure.gravatar.com\\\/avatar\\\/03f4e8ced09894b72c67e83142540730d4b3bbf619bf46341b0074e3bf5f08a0?s=96&d=mm&r=g\",\"contentUrl\":\"https:\\\/\\\/secure.gravatar.com\\\/avatar\\\/03f4e8ced09894b72c67e83142540730d4b3bbf619bf46341b0074e3bf5f08a0?s=96&d=mm&r=g\",\"caption\":\"pascalbarbier\"},\"url\":\"https:\\\/\\\/autate.fr\\\/site\\\/author\\\/pascalbarbier\\\/\"}]}<\/script>\n<!-- \/ Yoast SEO plugin. -->","yoast_head_json":{"title":"[La D\u00e9p\u00eache] Prolongement de la ligne B du m\u00e9tro : Lab\u00e8ge n'a pas dit son dernier mot - AUTATE","robots":{"index":"index","follow":"follow","max-snippet":"max-snippet:-1","max-image-preview":"max-image-preview:large","max-video-preview":"max-video-preview:-1"},"canonical":"https:\/\/autate.fr\/site\/la-depeche-prolongement-de-la-ligne-b-du-metro-labege-na-pas-dit-son-dernier-mot\/","og_locale":"fr_FR","og_type":"article","og_title":"[La D\u00e9p\u00eache] Prolongement de la ligne B du m\u00e9tro : Lab\u00e8ge n'a pas dit son dernier mot - AUTATE","og_description":"Un article de Jean-No\u00ebl Gros paru dans la D\u00e9p\u00eache le 17\/03\/2016 Le Sicoval va proposer aujourd&rsquo;hui \u00e0 la M\u00e9tropole la reprise des n\u00e9gociations sur la base de son projet : le prolongement de la ligne B de deux stations vers Lab\u00e8ge. Tendre la main puis, si cela ne marche pas, montrer les dents. Silencieux depuisVOIR PLUS","og_url":"https:\/\/autate.fr\/site\/la-depeche-prolongement-de-la-ligne-b-du-metro-labege-na-pas-dit-son-dernier-mot\/","og_site_name":"AUTATE","article_publisher":"https:\/\/www.facebook.com\/AutateToulouse","article_published_time":"2016-03-18T09:10:40+00:00","article_modified_time":"2016-08-10T19:14:02+00:00","author":"pascalbarbier","twitter_card":"summary_large_image","twitter_creator":"@AutateToulouse","twitter_site":"@AutateToulouse","twitter_misc":{"\u00c9crit par":"pascalbarbier","Dur\u00e9e de lecture estim\u00e9e":"1 minute"},"schema":{"@context":"https:\/\/schema.org","@graph":[{"@type":"Article","@id":"https:\/\/autate.fr\/site\/la-depeche-prolongement-de-la-ligne-b-du-metro-labege-na-pas-dit-son-dernier-mot\/#article","isPartOf":{"@id":"https:\/\/autate.fr\/site\/la-depeche-prolongement-de-la-ligne-b-du-metro-labege-na-pas-dit-son-dernier-mot\/"},"author":{"name":"pascalbarbier","@id":"https:\/\/autate.fr\/site\/#\/schema\/person\/ae1ab8bdaa7b41d2a9b52d2557ce8254"},"headline":"[La D\u00e9p\u00eache] Prolongement de la ligne B du m\u00e9tro : Lab\u00e8ge n&rsquo;a pas dit son dernier mot","datePublished":"2016-03-18T09:10:40+00:00","dateModified":"2016-08-10T19:14:02+00:00","mainEntityOfPage":{"@id":"https:\/\/autate.fr\/site\/la-depeche-prolongement-de-la-ligne-b-du-metro-labege-na-pas-dit-son-dernier-mot\/"},"wordCount":174,"commentCount":0,"publisher":{"@id":"https:\/\/autate.fr\/site\/#organization"},"keywords":["J.Oberti","JL.Moudenc","Lab\u00e8ge","m\u00e9tro","PLB","Sicoval"],"articleSection":["Revue de presse"],"inLanguage":"fr-FR","potentialAction":[{"@type":"CommentAction","name":"Comment","target":["https:\/\/autate.fr\/site\/la-depeche-prolongement-de-la-ligne-b-du-metro-labege-na-pas-dit-son-dernier-mot\/#respond"]}]},{"@type":"WebPage","@id":"https:\/\/autate.fr\/site\/la-depeche-prolongement-de-la-ligne-b-du-metro-labege-na-pas-dit-son-dernier-mot\/","url":"https:\/\/autate.fr\/site\/la-depeche-prolongement-de-la-ligne-b-du-metro-labege-na-pas-dit-son-dernier-mot\/","name":"[La D\u00e9p\u00eache] Prolongement de la ligne B du m\u00e9tro : Lab\u00e8ge n'a pas dit son dernier mot - AUTATE","isPartOf":{"@id":"https:\/\/autate.fr\/site\/#website"},"datePublished":"2016-03-18T09:10:40+00:00","dateModified":"2016-08-10T19:14:02+00:00","breadcrumb":{"@id":"https:\/\/autate.fr\/site\/la-depeche-prolongement-de-la-ligne-b-du-metro-labege-na-pas-dit-son-dernier-mot\/#breadcrumb"},"inLanguage":"fr-FR","potentialAction":[{"@type":"ReadAction","target":["https:\/\/autate.fr\/site\/la-depeche-prolongement-de-la-ligne-b-du-metro-labege-na-pas-dit-son-dernier-mot\/"]}]},{"@type":"BreadcrumbList","@id":"https:\/\/autate.fr\/site\/la-depeche-prolongement-de-la-ligne-b-du-metro-labege-na-pas-dit-son-dernier-mot\/#breadcrumb","itemListElement":[{"@type":"ListItem","position":1,"name":"Accueil","item":"https:\/\/autate.fr\/site\/"},{"@type":"ListItem","position":2,"name":"[La D\u00e9p\u00eache] Prolongement de la ligne B du m\u00e9tro : Lab\u00e8ge n&rsquo;a pas dit son dernier mot"}]},{"@type":"WebSite","@id":"https:\/\/autate.fr\/site\/#website","url":"https:\/\/autate.fr\/site\/","name":"AUTATE","description":"Association des usagers des transports de l&#039;agglom\u00e9ration Toulousaine et de ses environs","publisher":{"@id":"https:\/\/autate.fr\/site\/#organization"},"potentialAction":[{"@type":"SearchAction","target":{"@type":"EntryPoint","urlTemplate":"https:\/\/autate.fr\/site\/?s={search_term_string}"},"query-input":{"@type":"PropertyValueSpecification","valueRequired":true,"valueName":"search_term_string"}}],"inLanguage":"fr-FR"},{"@type":"Organization","@id":"https:\/\/autate.fr\/site\/#organization","name":"AUTATE","url":"https:\/\/autate.fr\/site\/","logo":{"@type":"ImageObject","inLanguage":"fr-FR","@id":"https:\/\/autate.fr\/site\/#\/schema\/logo\/image\/","url":"http:\/\/autate.fr\/site\/wp-content\/uploads\/2019\/01\/logo.png","contentUrl":"http:\/\/autate.fr\/site\/wp-content\/uploads\/2019\/01\/logo.png","width":506,"height":280,"caption":"AUTATE"},"image":{"@id":"https:\/\/autate.fr\/site\/#\/schema\/logo\/image\/"},"sameAs":["https:\/\/www.facebook.com\/AutateToulouse","https:\/\/x.com\/AutateToulouse"]},{"@type":"Person","@id":"https:\/\/autate.fr\/site\/#\/schema\/person\/ae1ab8bdaa7b41d2a9b52d2557ce8254","name":"pascalbarbier","image":{"@type":"ImageObject","inLanguage":"fr-FR","@id":"https:\/\/secure.gravatar.com\/avatar\/03f4e8ced09894b72c67e83142540730d4b3bbf619bf46341b0074e3bf5f08a0?s=96&d=mm&r=g","url":"https:\/\/secure.gravatar.com\/avatar\/03f4e8ced09894b72c67e83142540730d4b3bbf619bf46341b0074e3bf5f08a0?s=96&d=mm&r=g","contentUrl":"https:\/\/secure.gravatar.com\/avatar\/03f4e8ced09894b72c67e83142540730d4b3bbf619bf46341b0074e3bf5f08a0?s=96&d=mm&r=g","caption":"pascalbarbier"},"url":"https:\/\/autate.fr\/site\/author\/pascalbarbier\/"}]}},"_links":{"self":[{"href":"https:\/\/autate.fr\/site\/wp-json\/wp\/v2\/posts\/438","targetHints":{"allow":["GET"]}}],"collection":[{"href":"https:\/\/autate.fr\/site\/wp-json\/wp\/v2\/posts"}],"about":[{"href":"https:\/\/autate.fr\/site\/wp-json\/wp\/v2\/types\/post"}],"author":[{"embeddable":true,"href":"https:\/\/autate.fr\/site\/wp-json\/wp\/v2\/users\/1"}],"replies":[{"embeddable":true,"href":"https:\/\/autate.fr\/site\/wp-json\/wp\/v2\/comments?post=438"}],"version-history":[{"count":2,"href":"https:\/\/autate.fr\/site\/wp-json\/wp\/v2\/posts\/438\/revisions"}],"predecessor-version":[{"id":444,"href":"https:\/\/autate.fr\/site\/wp-json\/wp\/v2\/posts\/438\/revisions\/444"}],"wp:attachment":[{"href":"https:\/\/autate.fr\/site\/wp-json\/wp\/v2\/media?parent=438"}],"wp:term":[{"taxonomy":"category","embeddable":true,"href":"https:\/\/autate.fr\/site\/wp-json\/wp\/v2\/categories?post=438"},{"taxonomy":"post_tag","embeddable":true,"href":"https:\/\/autate.fr\/site\/wp-json\/wp\/v2\/tags?post=438"}],"curies":[{"name":"wp","href":"https:\/\/api.w.org\/{rel}","templated":true}]}}