{"id":4273,"date":"2024-02-16T12:01:02","date_gmt":"2024-02-16T11:01:02","guid":{"rendered":"https:\/\/autate.fr\/site\/?p=4273"},"modified":"2025-11-21T22:35:30","modified_gmt":"2025-11-21T21:35:30","slug":"futur-lineo-7-sur-st-orens-un-quartier-sacrifie-et-pas-de-parc-relais-programme","status":"publish","type":"post","link":"https:\/\/autate.fr\/site\/futur-lineo-7-sur-st-orens-un-quartier-sacrifie-et-pas-de-parc-relais-programme\/","title":{"rendered":"Futur LINEO 7 sur St Orens : un quartier sacrifi\u00e9 et pas de parc-relais programm\u00e9"},"content":{"rendered":"\n<p>Le bus 78 appr\u00e9ci\u00e9 de tous ses usagers a \u00e9t\u00e9 s\u00e9lectionn\u00e9 pour passer dans la cat\u00e9gorie des LINEOS.<br \/>MAIS contrairement \u00e0 l&rsquo;attendu, cette promotion s&rsquo;accompagne d&rsquo;une baisse de l&rsquo;offre pour un quartier important de ST Orens et son terminus au Lyc\u00e9e de St Orens sera r\u00e9-amm\u00e9nag\u00e9 sans cr\u00e9ation de parc-relais pour le report modal voiture vers Lin\u00e9o.<br \/>Les usagers expriment leur d\u00e9saccord : participez aux p\u00e9titions en cours<\/p>\n<p><a href=\"https:\/\/chng.it\/M56kwrRpSg\" target=\"_blank\" rel=\"noopener\">p\u00e9tition Lineo7 terminus<\/a>\u00a0 et \u00a0 <a href=\"https:\/\/chng.it\/HYHTb2wsxd\">p\u00e9tition Lineo7 et quartier Catala<\/a><br \/><br \/>De nombreuses rencontres avec les acteurs du projet sont toujours en cours pour infl\u00e9chir ce projet : TISSEO, Mairie de ST Orens, Toulouse M\u00e9tropole, usagers \u00e0 l&rsquo;initiative des p\u00e9titions, AUTATE.<\/p>\n<p>Un r\u00e9sum\u00e9 des points importants et des propositions\u00a0 est disponible \u00a0 <a href=\"https:\/\/autate.fr\/site\/wp-content\/uploads\/2024\/02\/Contribution-AUTATE-L7_trajet_et_terminus_Vdef2.pdf\">ICI<\/a><\/p>\n","protected":false},"excerpt":{"rendered":"<p>Le bus 78 appr\u00e9ci\u00e9 de tous ses usagers a \u00e9t\u00e9 s\u00e9lectionn\u00e9 pour passer dans la cat\u00e9gorie des LINEOS.MAIS contrairement \u00e0 l&rsquo;attendu, cette promotion s&rsquo;accompagne d&rsquo;une baisse de l&rsquo;offre pour un quartier important de ST Orens et son terminus au Lyc\u00e9e de St Orens sera r\u00e9-amm\u00e9nag\u00e9 sans cr\u00e9ation de parc-relais pour le report modal voiture vers<\/p>\n<p class=\"more-link\"><a href=\"https:\/\/autate.fr\/site\/futur-lineo-7-sur-st-orens-un-quartier-sacrifie-et-pas-de-parc-relais-programme\/\" class=\"themebutton2\">VOIR PLUS<\/a><\/p>\n","protected":false},"author":11,"featured_media":0,"comment_status":"open","ping_status":"open","sticky":false,"template":"","format":"standard","meta":{"footnotes":""},"categories":[298,336],"tags":[36],"class_list":["post-4273","post","type-post","status-publish","format-standard","hentry","category-lineo","category-temoignages","tag-lineo"],"yoast_head":"<!-- This site is optimized with the Yoast SEO plugin v27.4 - https:\/\/yoast.com\/product\/yoast-seo-wordpress\/ -->\n<title>Futur LINEO 7 sur St Orens : un quartier sacrifi\u00e9 et pas de parc-relais programm\u00e9 - AUTATE<\/title>\n<meta name=\"robots\" content=\"index, follow, max-snippet:-1, max-image-preview:large, max-video-preview:-1\" \/>\n<link rel=\"canonical\" href=\"https:\/\/autate.fr\/site\/futur-lineo-7-sur-st-orens-un-quartier-sacrifie-et-pas-de-parc-relais-programme\/\" \/>\n<meta property=\"og:locale\" content=\"fr_FR\" \/>\n<meta property=\"og:type\" content=\"article\" \/>\n<meta property=\"og:title\" content=\"Futur LINEO 7 sur St Orens : un quartier sacrifi\u00e9 et pas de parc-relais programm\u00e9 - AUTATE\" \/>\n<meta property=\"og:description\" content=\"Le bus 78 appr\u00e9ci\u00e9 de tous ses usagers a \u00e9t\u00e9 s\u00e9lectionn\u00e9 pour passer dans la cat\u00e9gorie des LINEOS.MAIS contrairement \u00e0 l&rsquo;attendu, cette promotion s&rsquo;accompagne d&rsquo;une baisse de l&rsquo;offre pour un quartier important de ST Orens et son terminus au Lyc\u00e9e de St Orens sera r\u00e9-amm\u00e9nag\u00e9 sans cr\u00e9ation de parc-relais pour le report modal voiture versVOIR PLUS\" \/>\n<meta property=\"og:url\" content=\"https:\/\/autate.fr\/site\/futur-lineo-7-sur-st-orens-un-quartier-sacrifie-et-pas-de-parc-relais-programme\/\" \/>\n<meta property=\"og:site_name\" content=\"AUTATE\" \/>\n<meta property=\"article:publisher\" content=\"https:\/\/www.facebook.com\/AutateToulouse\" \/>\n<meta property=\"article:published_time\" content=\"2024-02-16T11:01:02+00:00\" \/>\n<meta property=\"article:modified_time\" content=\"2025-11-21T21:35:30+00:00\" \/>\n<meta name=\"author\" content=\"Nicole Asencio\" \/>\n<meta name=\"twitter:card\" content=\"summary_large_image\" \/>\n<meta name=\"twitter:creator\" content=\"@AutateToulouse\" \/>\n<meta name=\"twitter:site\" content=\"@AutateToulouse\" \/>\n<meta name=\"twitter:label1\" content=\"\u00c9crit par\" \/>\n\t<meta name=\"twitter:data1\" content=\"Nicole Asencio\" \/>\n\t<meta name=\"twitter:label2\" content=\"Dur\u00e9e de lecture estim\u00e9e\" \/>\n\t<meta name=\"twitter:data2\" content=\"1 minute\" \/>\n<script type=\"application\/ld+json\" class=\"yoast-schema-graph\">{\"@context\":\"https:\\\/\\\/schema.org\",\"@graph\":[{\"@type\":\"Article\",\"@id\":\"https:\\\/\\\/autate.fr\\\/site\\\/futur-lineo-7-sur-st-orens-un-quartier-sacrifie-et-pas-de-parc-relais-programme\\\/#article\",\"isPartOf\":{\"@id\":\"https:\\\/\\\/autate.fr\\\/site\\\/futur-lineo-7-sur-st-orens-un-quartier-sacrifie-et-pas-de-parc-relais-programme\\\/\"},\"author\":{\"name\":\"Nicole Asencio\",\"@id\":\"https:\\\/\\\/autate.fr\\\/site\\\/#\\\/schema\\\/person\\\/0bb5ca7e46998673c4b91b0c2e00d68f\"},\"headline\":\"Futur LINEO 7 sur St Orens : un quartier sacrifi\u00e9 et pas de parc-relais programm\u00e9\",\"datePublished\":\"2024-02-16T11:01:02+00:00\",\"dateModified\":\"2025-11-21T21:35:30+00:00\",\"mainEntityOfPage\":{\"@id\":\"https:\\\/\\\/autate.fr\\\/site\\\/futur-lineo-7-sur-st-orens-un-quartier-sacrifie-et-pas-de-parc-relais-programme\\\/\"},\"wordCount\":142,\"commentCount\":1,\"publisher\":{\"@id\":\"https:\\\/\\\/autate.fr\\\/site\\\/#organization\"},\"keywords\":[\"Lin\u00e9o\"],\"articleSection\":[\"Lin\u00e9o\",\"T\u00e9moignages\"],\"inLanguage\":\"fr-FR\",\"potentialAction\":[{\"@type\":\"CommentAction\",\"name\":\"Comment\",\"target\":[\"https:\\\/\\\/autate.fr\\\/site\\\/futur-lineo-7-sur-st-orens-un-quartier-sacrifie-et-pas-de-parc-relais-programme\\\/#respond\"]}]},{\"@type\":\"WebPage\",\"@id\":\"https:\\\/\\\/autate.fr\\\/site\\\/futur-lineo-7-sur-st-orens-un-quartier-sacrifie-et-pas-de-parc-relais-programme\\\/\",\"url\":\"https:\\\/\\\/autate.fr\\\/site\\\/futur-lineo-7-sur-st-orens-un-quartier-sacrifie-et-pas-de-parc-relais-programme\\\/\",\"name\":\"Futur LINEO 7 sur St Orens : un quartier sacrifi\u00e9 et pas de parc-relais programm\u00e9 - AUTATE\",\"isPartOf\":{\"@id\":\"https:\\\/\\\/autate.fr\\\/site\\\/#website\"},\"datePublished\":\"2024-02-16T11:01:02+00:00\",\"dateModified\":\"2025-11-21T21:35:30+00:00\",\"breadcrumb\":{\"@id\":\"https:\\\/\\\/autate.fr\\\/site\\\/futur-lineo-7-sur-st-orens-un-quartier-sacrifie-et-pas-de-parc-relais-programme\\\/#breadcrumb\"},\"inLanguage\":\"fr-FR\",\"potentialAction\":[{\"@type\":\"ReadAction\",\"target\":[\"https:\\\/\\\/autate.fr\\\/site\\\/futur-lineo-7-sur-st-orens-un-quartier-sacrifie-et-pas-de-parc-relais-programme\\\/\"]}]},{\"@type\":\"BreadcrumbList\",\"@id\":\"https:\\\/\\\/autate.fr\\\/site\\\/futur-lineo-7-sur-st-orens-un-quartier-sacrifie-et-pas-de-parc-relais-programme\\\/#breadcrumb\",\"itemListElement\":[{\"@type\":\"ListItem\",\"position\":1,\"name\":\"Accueil\",\"item\":\"https:\\\/\\\/autate.fr\\\/site\\\/\"},{\"@type\":\"ListItem\",\"position\":2,\"name\":\"Futur LINEO 7 sur St Orens : un quartier sacrifi\u00e9 et pas de parc-relais programm\u00e9\"}]},{\"@type\":\"WebSite\",\"@id\":\"https:\\\/\\\/autate.fr\\\/site\\\/#website\",\"url\":\"https:\\\/\\\/autate.fr\\\/site\\\/\",\"name\":\"AUTATE\",\"description\":\"Association des usagers des transports de l&#039;agglom\u00e9ration Toulousaine et de ses environs\",\"publisher\":{\"@id\":\"https:\\\/\\\/autate.fr\\\/site\\\/#organization\"},\"potentialAction\":[{\"@type\":\"SearchAction\",\"target\":{\"@type\":\"EntryPoint\",\"urlTemplate\":\"https:\\\/\\\/autate.fr\\\/site\\\/?s={search_term_string}\"},\"query-input\":{\"@type\":\"PropertyValueSpecification\",\"valueRequired\":true,\"valueName\":\"search_term_string\"}}],\"inLanguage\":\"fr-FR\"},{\"@type\":\"Organization\",\"@id\":\"https:\\\/\\\/autate.fr\\\/site\\\/#organization\",\"name\":\"AUTATE\",\"url\":\"https:\\\/\\\/autate.fr\\\/site\\\/\",\"logo\":{\"@type\":\"ImageObject\",\"inLanguage\":\"fr-FR\",\"@id\":\"https:\\\/\\\/autate.fr\\\/site\\\/#\\\/schema\\\/logo\\\/image\\\/\",\"url\":\"http:\\\/\\\/autate.fr\\\/site\\\/wp-content\\\/uploads\\\/2019\\\/01\\\/logo.png\",\"contentUrl\":\"http:\\\/\\\/autate.fr\\\/site\\\/wp-content\\\/uploads\\\/2019\\\/01\\\/logo.png\",\"width\":506,\"height\":280,\"caption\":\"AUTATE\"},\"image\":{\"@id\":\"https:\\\/\\\/autate.fr\\\/site\\\/#\\\/schema\\\/logo\\\/image\\\/\"},\"sameAs\":[\"https:\\\/\\\/www.facebook.com\\\/AutateToulouse\",\"https:\\\/\\\/x.com\\\/AutateToulouse\"]},{\"@type\":\"Person\",\"@id\":\"https:\\\/\\\/autate.fr\\\/site\\\/#\\\/schema\\\/person\\\/0bb5ca7e46998673c4b91b0c2e00d68f\",\"name\":\"Nicole Asencio\",\"image\":{\"@type\":\"ImageObject\",\"inLanguage\":\"fr-FR\",\"@id\":\"https:\\\/\\\/secure.gravatar.com\\\/avatar\\\/e0ab2745834273b8d9e7e210cd89aa3d65862c09d22826783f467afd86533c8a?s=96&d=mm&r=g\",\"url\":\"https:\\\/\\\/secure.gravatar.com\\\/avatar\\\/e0ab2745834273b8d9e7e210cd89aa3d65862c09d22826783f467afd86533c8a?s=96&d=mm&r=g\",\"contentUrl\":\"https:\\\/\\\/secure.gravatar.com\\\/avatar\\\/e0ab2745834273b8d9e7e210cd89aa3d65862c09d22826783f467afd86533c8a?s=96&d=mm&r=g\",\"caption\":\"Nicole Asencio\"},\"url\":\"https:\\\/\\\/autate.fr\\\/site\\\/author\\\/nicoleasencio\\\/\"}]}<\/script>\n<!-- \/ Yoast SEO plugin. -->","yoast_head_json":{"title":"Futur LINEO 7 sur St Orens : un quartier sacrifi\u00e9 et pas de parc-relais programm\u00e9 - AUTATE","robots":{"index":"index","follow":"follow","max-snippet":"max-snippet:-1","max-image-preview":"max-image-preview:large","max-video-preview":"max-video-preview:-1"},"canonical":"https:\/\/autate.fr\/site\/futur-lineo-7-sur-st-orens-un-quartier-sacrifie-et-pas-de-parc-relais-programme\/","og_locale":"fr_FR","og_type":"article","og_title":"Futur LINEO 7 sur St Orens : un quartier sacrifi\u00e9 et pas de parc-relais programm\u00e9 - AUTATE","og_description":"Le bus 78 appr\u00e9ci\u00e9 de tous ses usagers a \u00e9t\u00e9 s\u00e9lectionn\u00e9 pour passer dans la cat\u00e9gorie des LINEOS.MAIS contrairement \u00e0 l&rsquo;attendu, cette promotion s&rsquo;accompagne d&rsquo;une baisse de l&rsquo;offre pour un quartier important de ST Orens et son terminus au Lyc\u00e9e de St Orens sera r\u00e9-amm\u00e9nag\u00e9 sans cr\u00e9ation de parc-relais pour le report modal voiture versVOIR PLUS","og_url":"https:\/\/autate.fr\/site\/futur-lineo-7-sur-st-orens-un-quartier-sacrifie-et-pas-de-parc-relais-programme\/","og_site_name":"AUTATE","article_publisher":"https:\/\/www.facebook.com\/AutateToulouse","article_published_time":"2024-02-16T11:01:02+00:00","article_modified_time":"2025-11-21T21:35:30+00:00","author":"Nicole Asencio","twitter_card":"summary_large_image","twitter_creator":"@AutateToulouse","twitter_site":"@AutateToulouse","twitter_misc":{"\u00c9crit par":"Nicole Asencio","Dur\u00e9e de lecture estim\u00e9e":"1 minute"},"schema":{"@context":"https:\/\/schema.org","@graph":[{"@type":"Article","@id":"https:\/\/autate.fr\/site\/futur-lineo-7-sur-st-orens-un-quartier-sacrifie-et-pas-de-parc-relais-programme\/#article","isPartOf":{"@id":"https:\/\/autate.fr\/site\/futur-lineo-7-sur-st-orens-un-quartier-sacrifie-et-pas-de-parc-relais-programme\/"},"author":{"name":"Nicole Asencio","@id":"https:\/\/autate.fr\/site\/#\/schema\/person\/0bb5ca7e46998673c4b91b0c2e00d68f"},"headline":"Futur LINEO 7 sur St Orens : un quartier sacrifi\u00e9 et pas de parc-relais programm\u00e9","datePublished":"2024-02-16T11:01:02+00:00","dateModified":"2025-11-21T21:35:30+00:00","mainEntityOfPage":{"@id":"https:\/\/autate.fr\/site\/futur-lineo-7-sur-st-orens-un-quartier-sacrifie-et-pas-de-parc-relais-programme\/"},"wordCount":142,"commentCount":1,"publisher":{"@id":"https:\/\/autate.fr\/site\/#organization"},"keywords":["Lin\u00e9o"],"articleSection":["Lin\u00e9o","T\u00e9moignages"],"inLanguage":"fr-FR","potentialAction":[{"@type":"CommentAction","name":"Comment","target":["https:\/\/autate.fr\/site\/futur-lineo-7-sur-st-orens-un-quartier-sacrifie-et-pas-de-parc-relais-programme\/#respond"]}]},{"@type":"WebPage","@id":"https:\/\/autate.fr\/site\/futur-lineo-7-sur-st-orens-un-quartier-sacrifie-et-pas-de-parc-relais-programme\/","url":"https:\/\/autate.fr\/site\/futur-lineo-7-sur-st-orens-un-quartier-sacrifie-et-pas-de-parc-relais-programme\/","name":"Futur LINEO 7 sur St Orens : un quartier sacrifi\u00e9 et pas de parc-relais programm\u00e9 - AUTATE","isPartOf":{"@id":"https:\/\/autate.fr\/site\/#website"},"datePublished":"2024-02-16T11:01:02+00:00","dateModified":"2025-11-21T21:35:30+00:00","breadcrumb":{"@id":"https:\/\/autate.fr\/site\/futur-lineo-7-sur-st-orens-un-quartier-sacrifie-et-pas-de-parc-relais-programme\/#breadcrumb"},"inLanguage":"fr-FR","potentialAction":[{"@type":"ReadAction","target":["https:\/\/autate.fr\/site\/futur-lineo-7-sur-st-orens-un-quartier-sacrifie-et-pas-de-parc-relais-programme\/"]}]},{"@type":"BreadcrumbList","@id":"https:\/\/autate.fr\/site\/futur-lineo-7-sur-st-orens-un-quartier-sacrifie-et-pas-de-parc-relais-programme\/#breadcrumb","itemListElement":[{"@type":"ListItem","position":1,"name":"Accueil","item":"https:\/\/autate.fr\/site\/"},{"@type":"ListItem","position":2,"name":"Futur LINEO 7 sur St Orens : un quartier sacrifi\u00e9 et pas de parc-relais programm\u00e9"}]},{"@type":"WebSite","@id":"https:\/\/autate.fr\/site\/#website","url":"https:\/\/autate.fr\/site\/","name":"AUTATE","description":"Association des usagers des transports de l&#039;agglom\u00e9ration Toulousaine et de ses environs","publisher":{"@id":"https:\/\/autate.fr\/site\/#organization"},"potentialAction":[{"@type":"SearchAction","target":{"@type":"EntryPoint","urlTemplate":"https:\/\/autate.fr\/site\/?s={search_term_string}"},"query-input":{"@type":"PropertyValueSpecification","valueRequired":true,"valueName":"search_term_string"}}],"inLanguage":"fr-FR"},{"@type":"Organization","@id":"https:\/\/autate.fr\/site\/#organization","name":"AUTATE","url":"https:\/\/autate.fr\/site\/","logo":{"@type":"ImageObject","inLanguage":"fr-FR","@id":"https:\/\/autate.fr\/site\/#\/schema\/logo\/image\/","url":"http:\/\/autate.fr\/site\/wp-content\/uploads\/2019\/01\/logo.png","contentUrl":"http:\/\/autate.fr\/site\/wp-content\/uploads\/2019\/01\/logo.png","width":506,"height":280,"caption":"AUTATE"},"image":{"@id":"https:\/\/autate.fr\/site\/#\/schema\/logo\/image\/"},"sameAs":["https:\/\/www.facebook.com\/AutateToulouse","https:\/\/x.com\/AutateToulouse"]},{"@type":"Person","@id":"https:\/\/autate.fr\/site\/#\/schema\/person\/0bb5ca7e46998673c4b91b0c2e00d68f","name":"Nicole Asencio","image":{"@type":"ImageObject","inLanguage":"fr-FR","@id":"https:\/\/secure.gravatar.com\/avatar\/e0ab2745834273b8d9e7e210cd89aa3d65862c09d22826783f467afd86533c8a?s=96&d=mm&r=g","url":"https:\/\/secure.gravatar.com\/avatar\/e0ab2745834273b8d9e7e210cd89aa3d65862c09d22826783f467afd86533c8a?s=96&d=mm&r=g","contentUrl":"https:\/\/secure.gravatar.com\/avatar\/e0ab2745834273b8d9e7e210cd89aa3d65862c09d22826783f467afd86533c8a?s=96&d=mm&r=g","caption":"Nicole Asencio"},"url":"https:\/\/autate.fr\/site\/author\/nicoleasencio\/"}]}},"_links":{"self":[{"href":"https:\/\/autate.fr\/site\/wp-json\/wp\/v2\/posts\/4273","targetHints":{"allow":["GET"]}}],"collection":[{"href":"https:\/\/autate.fr\/site\/wp-json\/wp\/v2\/posts"}],"about":[{"href":"https:\/\/autate.fr\/site\/wp-json\/wp\/v2\/types\/post"}],"author":[{"embeddable":true,"href":"https:\/\/autate.fr\/site\/wp-json\/wp\/v2\/users\/11"}],"replies":[{"embeddable":true,"href":"https:\/\/autate.fr\/site\/wp-json\/wp\/v2\/comments?post=4273"}],"version-history":[{"count":2,"href":"https:\/\/autate.fr\/site\/wp-json\/wp\/v2\/posts\/4273\/revisions"}],"predecessor-version":[{"id":4277,"href":"https:\/\/autate.fr\/site\/wp-json\/wp\/v2\/posts\/4273\/revisions\/4277"}],"wp:attachment":[{"href":"https:\/\/autate.fr\/site\/wp-json\/wp\/v2\/media?parent=4273"}],"wp:term":[{"taxonomy":"category","embeddable":true,"href":"https:\/\/autate.fr\/site\/wp-json\/wp\/v2\/categories?post=4273"},{"taxonomy":"post_tag","embeddable":true,"href":"https:\/\/autate.fr\/site\/wp-json\/wp\/v2\/tags?post=4273"}],"curies":[{"name":"wp","href":"https:\/\/api.w.org\/{rel}","templated":true}]}}