{"id":4251,"date":"2023-11-23T10:55:05","date_gmt":"2023-11-23T09:55:05","guid":{"rendered":"https:\/\/autate.fr\/site\/?p=4251"},"modified":"2024-06-25T09:32:01","modified_gmt":"2024-06-25T07:32:01","slug":"ag-1er-decembre-2023","status":"publish","type":"post","link":"https:\/\/autate.fr\/site\/ag-1er-decembre-2023\/","title":{"rendered":"AG &#8211; 1er d\u00e9cembre 2023"},"content":{"rendered":"\n\n\n<p align=\"center\">INVITATION ASSEMBLEE GENERALE AUTATE<\/p>\n<p align=\"center\">Vendredi 1<sup>er<\/sup>\u00a0d\u00e9cembre 2023 \u00e0 20h<u><\/u><u><\/u><\/p>\n<p align=\"center\">Maison des associations &#8211; Tournefeuille<u><\/u><u><\/u><\/p>\n<p><u><\/u>\u00a0<u><\/u>Vous \u00eates cordialement invit\u00e9s \u00e0 la prochaine Assembl\u00e9e G\u00e9n\u00e9rale de l&rsquo;AUTATE, qui se tiendra le vendredi 1<sup>er<\/sup>\u00a0d\u00e9cembre de 20h \u00e0 23h \u00e0 Tournefeuille Maison des associations (entre la mairie et Utopia)<u><\/u><u><\/u><\/p>\n<p>La pand\u00e9mie Covid s&rsquo;\u00e9tant traduite par une \u00e9rosion cons\u00e9quente des adh\u00e9sions \u00e0 l&rsquo;association, le Conseil d&rsquo;Administration a d\u00e9cid\u00e9 d&rsquo;inviter \u00e0 cette Assembl\u00e9e G\u00e9n\u00e9rale l&rsquo;ensemble des adh\u00e9rents actuels, mais aussi tous ceux qui ont \u00e9t\u00e9 adh\u00e9rents plusieurs ann\u00e9es pr\u00e9c\u00e9demment.<u><\/u><u><\/u><\/p>\n<p>Malgr\u00e9 la pand\u00e9mie, de nombreuses actions ont \u00e9t\u00e9 men\u00e9es ces trois derni\u00e8res ann\u00e9es. Les principales ont \u00e9t\u00e9 les suivantes:<u><\/u><u><\/u><\/p>\n<ol start=\"1\" type=\"1\">\n<li style=\"list-style-type: none;\">\n<ol start=\"1\" type=\"1\">\n<li style=\"list-style-type: none;\">\n<ol start=\"1\" type=\"1\">\n<li>Un dossier \u00abconstat\u00bb et \u00abpropositions\u00bb pour le r\u00e9seau de bus de Tiss\u00e9o, avec un projet imagin\u00e9 par l&rsquo;AUTATE d&rsquo;un r\u00e9seau bus am\u00e9lior\u00e9 appel\u00e9 TEB.<u><\/u><u><\/u><\/li>\n<li>Le suivi de la concertation engag\u00e9e pour la ZFE, et plusieurs contributions sur ce dossier.<u><\/u><u><\/u><\/li>\n<li>Une \u00abtribune\u00bb commune avec 9 autres associations ou collectifs, pour r\u00e9clamer un nouveau PDU.<u><\/u><u><\/u><\/li>\n<li>Un questionnaire grand public sur les modes de mobilit\u00e9s et leurs raisons.<u><\/u><u><\/u><\/li>\n<li>Un flyer de pr\u00e9sentation de l&rsquo;association, et de notre conviction du besoin de \u00abpartage de l&rsquo;espace public entre tous les modes\u00bb afin d&rsquo;am\u00e9liorer la vitesse commerciale des bus pour les usagers.<u><\/u><u><\/u><\/li>\n<li>Le suivi des Commissions Consultatives du Service Public \u00e0 Tiss\u00e9o, et la participation aux r\u00e9unions du Comit\u00e9 des Partenaires de ce Syndicat Mixte.<u><\/u><u><\/u><\/li>\n<\/ol>\n<\/li>\n<\/ol>\n<\/li>\n<\/ol>\n<p>Ces actions ont \u00e9t\u00e9 r\u00e9alis\u00e9es gr\u00e2ce \u00e0 une implication forte de seulement quelques personnes, voire d&rsquo;une seule pour nombre d&rsquo;entre elles.<u><\/u><u><\/u><\/p>\n<p>Les propositions diverses de l&rsquo;association, vers Tiss\u00e9o, ne nous semblent pas entendues. La troisi\u00e8me ligne de\u00a0<u><\/u><u><\/u>m\u00e9tro nous apparait capter l&rsquo;immense majorit\u00e9 des cr\u00e9dits, au d\u00e9triment du \u00abchoc d&rsquo;offre\u00bb n\u00e9cessaire sur le r\u00e9seau bus, plus particuli\u00e8rement pour les habitants du p\u00e9riurbain.<u><\/u><u><\/u><\/p>\n<p>A l&rsquo;occasion de cette Assembl\u00e9e G\u00e9n\u00e9rale, le Conseil d&rsquo;Administration souhaite que les membres pr\u00e9sents puissent \u00e9changer sur les voies et moyens de retrouver un niveau de forces vives suffisant, pour que l&rsquo;AUTATE, qui est \u00abreconnue\u00bb pour ses actions, puisse perdurer, avec son objet social sp\u00e9cifique centr\u00e9 sur les transports en commun.<u><\/u><u><\/u><\/p>\n<p>Nous vous attendons donc particuli\u00e8rement nombreux, pour en parler, trouver des solutions et de nouveaux adh\u00e9rents actifs.<u><\/u><u><\/u><\/p>\n<p><u>Ordre du jour<\/u>:<u><\/u><u><\/u><\/p>\n<ul type=\"disc\">\n<li>Rapport moral: Jan 2022 &#8211; oct 2023<u><\/u><u><\/u><\/li>\n<li>Rapport financier exercices 2022 et 2023<u><\/u><u><\/u><\/li>\n<li>Renouvellement du Conseil d&rsquo;administration<u><\/u><u><\/u><\/li>\n<li>D\u00e9bat sur le fonctionnement de l&rsquo;association et les \u00e9volutions possibles<u><\/u><u><\/u><\/li>\n<\/ul>\n<p>Le Conseil d&rsquo;Administration<\/p>\n<p>\u00a0<\/p>\n","protected":false},"excerpt":{"rendered":"<p>INVITATION ASSEMBLEE GENERALE AUTATE Vendredi 1er\u00a0d\u00e9cembre 2023 \u00e0 20h Maison des associations &#8211; Tournefeuille \u00a0Vous \u00eates cordialement invit\u00e9s \u00e0 la prochaine Assembl\u00e9e G\u00e9n\u00e9rale de l&rsquo;AUTATE, qui se tiendra le vendredi 1er\u00a0d\u00e9cembre de 20h \u00e0 23h \u00e0 Tournefeuille Maison des associations (entre la mairie et Utopia) La pand\u00e9mie Covid s&rsquo;\u00e9tant traduite par une \u00e9rosion cons\u00e9quente des<\/p>\n<p class=\"more-link\"><a href=\"https:\/\/autate.fr\/site\/ag-1er-decembre-2023\/\" class=\"themebutton2\">VOIR PLUS<\/a><\/p>\n","protected":false},"author":1,"featured_media":0,"comment_status":"open","ping_status":"open","sticky":false,"template":"","format":"standard","meta":{"footnotes":""},"categories":[518],"tags":[],"class_list":["post-4251","post","type-post","status-publish","format-standard","hentry","category-vie-association"],"yoast_head":"<!-- This site is optimized with the Yoast SEO plugin v27.4 - https:\/\/yoast.com\/product\/yoast-seo-wordpress\/ -->\n<title>AG - 1er d\u00e9cembre 2023 - AUTATE<\/title>\n<meta name=\"robots\" content=\"index, follow, max-snippet:-1, max-image-preview:large, max-video-preview:-1\" \/>\n<link rel=\"canonical\" href=\"https:\/\/autate.fr\/site\/ag-1er-decembre-2023\/\" \/>\n<meta property=\"og:locale\" content=\"fr_FR\" \/>\n<meta property=\"og:type\" content=\"article\" \/>\n<meta property=\"og:title\" content=\"AG - 1er d\u00e9cembre 2023 - AUTATE\" \/>\n<meta property=\"og:description\" content=\"INVITATION ASSEMBLEE GENERALE AUTATE Vendredi 1er\u00a0d\u00e9cembre 2023 \u00e0 20h Maison des associations &#8211; Tournefeuille \u00a0Vous \u00eates cordialement invit\u00e9s \u00e0 la prochaine Assembl\u00e9e G\u00e9n\u00e9rale de l&rsquo;AUTATE, qui se tiendra le vendredi 1er\u00a0d\u00e9cembre de 20h \u00e0 23h \u00e0 Tournefeuille Maison des associations (entre la mairie et Utopia) La pand\u00e9mie Covid s&rsquo;\u00e9tant traduite par une \u00e9rosion cons\u00e9quente desVOIR PLUS\" \/>\n<meta property=\"og:url\" content=\"https:\/\/autate.fr\/site\/ag-1er-decembre-2023\/\" \/>\n<meta property=\"og:site_name\" content=\"AUTATE\" \/>\n<meta property=\"article:publisher\" content=\"https:\/\/www.facebook.com\/AutateToulouse\" \/>\n<meta property=\"article:published_time\" content=\"2023-11-23T09:55:05+00:00\" \/>\n<meta property=\"article:modified_time\" content=\"2024-06-25T07:32:01+00:00\" \/>\n<meta name=\"author\" content=\"pascalbarbier\" \/>\n<meta name=\"twitter:card\" content=\"summary_large_image\" \/>\n<meta name=\"twitter:creator\" content=\"@AutateToulouse\" \/>\n<meta name=\"twitter:site\" content=\"@AutateToulouse\" \/>\n<meta name=\"twitter:label1\" content=\"\u00c9crit par\" \/>\n\t<meta name=\"twitter:data1\" content=\"pascalbarbier\" \/>\n\t<meta name=\"twitter:label2\" content=\"Dur\u00e9e de lecture estim\u00e9e\" \/>\n\t<meta name=\"twitter:data2\" content=\"2 minutes\" \/>\n<script type=\"application\/ld+json\" class=\"yoast-schema-graph\">{\"@context\":\"https:\\\/\\\/schema.org\",\"@graph\":[{\"@type\":\"Article\",\"@id\":\"https:\\\/\\\/autate.fr\\\/site\\\/ag-1er-decembre-2023\\\/#article\",\"isPartOf\":{\"@id\":\"https:\\\/\\\/autate.fr\\\/site\\\/ag-1er-decembre-2023\\\/\"},\"author\":{\"name\":\"pascalbarbier\",\"@id\":\"https:\\\/\\\/autate.fr\\\/site\\\/#\\\/schema\\\/person\\\/ae1ab8bdaa7b41d2a9b52d2557ce8254\"},\"headline\":\"AG &#8211; 1er d\u00e9cembre 2023\",\"datePublished\":\"2023-11-23T09:55:05+00:00\",\"dateModified\":\"2024-06-25T07:32:01+00:00\",\"mainEntityOfPage\":{\"@id\":\"https:\\\/\\\/autate.fr\\\/site\\\/ag-1er-decembre-2023\\\/\"},\"wordCount\":431,\"commentCount\":0,\"publisher\":{\"@id\":\"https:\\\/\\\/autate.fr\\\/site\\\/#organization\"},\"articleSection\":[\"Vie association\"],\"inLanguage\":\"fr-FR\",\"potentialAction\":[{\"@type\":\"CommentAction\",\"name\":\"Comment\",\"target\":[\"https:\\\/\\\/autate.fr\\\/site\\\/ag-1er-decembre-2023\\\/#respond\"]}]},{\"@type\":\"WebPage\",\"@id\":\"https:\\\/\\\/autate.fr\\\/site\\\/ag-1er-decembre-2023\\\/\",\"url\":\"https:\\\/\\\/autate.fr\\\/site\\\/ag-1er-decembre-2023\\\/\",\"name\":\"AG - 1er d\u00e9cembre 2023 - AUTATE\",\"isPartOf\":{\"@id\":\"https:\\\/\\\/autate.fr\\\/site\\\/#website\"},\"datePublished\":\"2023-11-23T09:55:05+00:00\",\"dateModified\":\"2024-06-25T07:32:01+00:00\",\"breadcrumb\":{\"@id\":\"https:\\\/\\\/autate.fr\\\/site\\\/ag-1er-decembre-2023\\\/#breadcrumb\"},\"inLanguage\":\"fr-FR\",\"potentialAction\":[{\"@type\":\"ReadAction\",\"target\":[\"https:\\\/\\\/autate.fr\\\/site\\\/ag-1er-decembre-2023\\\/\"]}]},{\"@type\":\"BreadcrumbList\",\"@id\":\"https:\\\/\\\/autate.fr\\\/site\\\/ag-1er-decembre-2023\\\/#breadcrumb\",\"itemListElement\":[{\"@type\":\"ListItem\",\"position\":1,\"name\":\"Accueil\",\"item\":\"https:\\\/\\\/autate.fr\\\/site\\\/\"},{\"@type\":\"ListItem\",\"position\":2,\"name\":\"AG &#8211; 1er d\u00e9cembre 2023\"}]},{\"@type\":\"WebSite\",\"@id\":\"https:\\\/\\\/autate.fr\\\/site\\\/#website\",\"url\":\"https:\\\/\\\/autate.fr\\\/site\\\/\",\"name\":\"AUTATE\",\"description\":\"Association des usagers des transports de l&#039;agglom\u00e9ration Toulousaine et de ses environs\",\"publisher\":{\"@id\":\"https:\\\/\\\/autate.fr\\\/site\\\/#organization\"},\"potentialAction\":[{\"@type\":\"SearchAction\",\"target\":{\"@type\":\"EntryPoint\",\"urlTemplate\":\"https:\\\/\\\/autate.fr\\\/site\\\/?s={search_term_string}\"},\"query-input\":{\"@type\":\"PropertyValueSpecification\",\"valueRequired\":true,\"valueName\":\"search_term_string\"}}],\"inLanguage\":\"fr-FR\"},{\"@type\":\"Organization\",\"@id\":\"https:\\\/\\\/autate.fr\\\/site\\\/#organization\",\"name\":\"AUTATE\",\"url\":\"https:\\\/\\\/autate.fr\\\/site\\\/\",\"logo\":{\"@type\":\"ImageObject\",\"inLanguage\":\"fr-FR\",\"@id\":\"https:\\\/\\\/autate.fr\\\/site\\\/#\\\/schema\\\/logo\\\/image\\\/\",\"url\":\"http:\\\/\\\/autate.fr\\\/site\\\/wp-content\\\/uploads\\\/2019\\\/01\\\/logo.png\",\"contentUrl\":\"http:\\\/\\\/autate.fr\\\/site\\\/wp-content\\\/uploads\\\/2019\\\/01\\\/logo.png\",\"width\":506,\"height\":280,\"caption\":\"AUTATE\"},\"image\":{\"@id\":\"https:\\\/\\\/autate.fr\\\/site\\\/#\\\/schema\\\/logo\\\/image\\\/\"},\"sameAs\":[\"https:\\\/\\\/www.facebook.com\\\/AutateToulouse\",\"https:\\\/\\\/x.com\\\/AutateToulouse\"]},{\"@type\":\"Person\",\"@id\":\"https:\\\/\\\/autate.fr\\\/site\\\/#\\\/schema\\\/person\\\/ae1ab8bdaa7b41d2a9b52d2557ce8254\",\"name\":\"pascalbarbier\",\"image\":{\"@type\":\"ImageObject\",\"inLanguage\":\"fr-FR\",\"@id\":\"https:\\\/\\\/secure.gravatar.com\\\/avatar\\\/03f4e8ced09894b72c67e83142540730d4b3bbf619bf46341b0074e3bf5f08a0?s=96&d=mm&r=g\",\"url\":\"https:\\\/\\\/secure.gravatar.com\\\/avatar\\\/03f4e8ced09894b72c67e83142540730d4b3bbf619bf46341b0074e3bf5f08a0?s=96&d=mm&r=g\",\"contentUrl\":\"https:\\\/\\\/secure.gravatar.com\\\/avatar\\\/03f4e8ced09894b72c67e83142540730d4b3bbf619bf46341b0074e3bf5f08a0?s=96&d=mm&r=g\",\"caption\":\"pascalbarbier\"},\"url\":\"https:\\\/\\\/autate.fr\\\/site\\\/author\\\/pascalbarbier\\\/\"}]}<\/script>\n<!-- \/ Yoast SEO plugin. -->","yoast_head_json":{"title":"AG - 1er d\u00e9cembre 2023 - AUTATE","robots":{"index":"index","follow":"follow","max-snippet":"max-snippet:-1","max-image-preview":"max-image-preview:large","max-video-preview":"max-video-preview:-1"},"canonical":"https:\/\/autate.fr\/site\/ag-1er-decembre-2023\/","og_locale":"fr_FR","og_type":"article","og_title":"AG - 1er d\u00e9cembre 2023 - AUTATE","og_description":"INVITATION ASSEMBLEE GENERALE AUTATE Vendredi 1er\u00a0d\u00e9cembre 2023 \u00e0 20h Maison des associations &#8211; Tournefeuille \u00a0Vous \u00eates cordialement invit\u00e9s \u00e0 la prochaine Assembl\u00e9e G\u00e9n\u00e9rale de l&rsquo;AUTATE, qui se tiendra le vendredi 1er\u00a0d\u00e9cembre de 20h \u00e0 23h \u00e0 Tournefeuille Maison des associations (entre la mairie et Utopia) La pand\u00e9mie Covid s&rsquo;\u00e9tant traduite par une \u00e9rosion cons\u00e9quente desVOIR PLUS","og_url":"https:\/\/autate.fr\/site\/ag-1er-decembre-2023\/","og_site_name":"AUTATE","article_publisher":"https:\/\/www.facebook.com\/AutateToulouse","article_published_time":"2023-11-23T09:55:05+00:00","article_modified_time":"2024-06-25T07:32:01+00:00","author":"pascalbarbier","twitter_card":"summary_large_image","twitter_creator":"@AutateToulouse","twitter_site":"@AutateToulouse","twitter_misc":{"\u00c9crit par":"pascalbarbier","Dur\u00e9e de lecture estim\u00e9e":"2 minutes"},"schema":{"@context":"https:\/\/schema.org","@graph":[{"@type":"Article","@id":"https:\/\/autate.fr\/site\/ag-1er-decembre-2023\/#article","isPartOf":{"@id":"https:\/\/autate.fr\/site\/ag-1er-decembre-2023\/"},"author":{"name":"pascalbarbier","@id":"https:\/\/autate.fr\/site\/#\/schema\/person\/ae1ab8bdaa7b41d2a9b52d2557ce8254"},"headline":"AG &#8211; 1er d\u00e9cembre 2023","datePublished":"2023-11-23T09:55:05+00:00","dateModified":"2024-06-25T07:32:01+00:00","mainEntityOfPage":{"@id":"https:\/\/autate.fr\/site\/ag-1er-decembre-2023\/"},"wordCount":431,"commentCount":0,"publisher":{"@id":"https:\/\/autate.fr\/site\/#organization"},"articleSection":["Vie association"],"inLanguage":"fr-FR","potentialAction":[{"@type":"CommentAction","name":"Comment","target":["https:\/\/autate.fr\/site\/ag-1er-decembre-2023\/#respond"]}]},{"@type":"WebPage","@id":"https:\/\/autate.fr\/site\/ag-1er-decembre-2023\/","url":"https:\/\/autate.fr\/site\/ag-1er-decembre-2023\/","name":"AG - 1er d\u00e9cembre 2023 - AUTATE","isPartOf":{"@id":"https:\/\/autate.fr\/site\/#website"},"datePublished":"2023-11-23T09:55:05+00:00","dateModified":"2024-06-25T07:32:01+00:00","breadcrumb":{"@id":"https:\/\/autate.fr\/site\/ag-1er-decembre-2023\/#breadcrumb"},"inLanguage":"fr-FR","potentialAction":[{"@type":"ReadAction","target":["https:\/\/autate.fr\/site\/ag-1er-decembre-2023\/"]}]},{"@type":"BreadcrumbList","@id":"https:\/\/autate.fr\/site\/ag-1er-decembre-2023\/#breadcrumb","itemListElement":[{"@type":"ListItem","position":1,"name":"Accueil","item":"https:\/\/autate.fr\/site\/"},{"@type":"ListItem","position":2,"name":"AG &#8211; 1er d\u00e9cembre 2023"}]},{"@type":"WebSite","@id":"https:\/\/autate.fr\/site\/#website","url":"https:\/\/autate.fr\/site\/","name":"AUTATE","description":"Association des usagers des transports de l&#039;agglom\u00e9ration Toulousaine et de ses environs","publisher":{"@id":"https:\/\/autate.fr\/site\/#organization"},"potentialAction":[{"@type":"SearchAction","target":{"@type":"EntryPoint","urlTemplate":"https:\/\/autate.fr\/site\/?s={search_term_string}"},"query-input":{"@type":"PropertyValueSpecification","valueRequired":true,"valueName":"search_term_string"}}],"inLanguage":"fr-FR"},{"@type":"Organization","@id":"https:\/\/autate.fr\/site\/#organization","name":"AUTATE","url":"https:\/\/autate.fr\/site\/","logo":{"@type":"ImageObject","inLanguage":"fr-FR","@id":"https:\/\/autate.fr\/site\/#\/schema\/logo\/image\/","url":"http:\/\/autate.fr\/site\/wp-content\/uploads\/2019\/01\/logo.png","contentUrl":"http:\/\/autate.fr\/site\/wp-content\/uploads\/2019\/01\/logo.png","width":506,"height":280,"caption":"AUTATE"},"image":{"@id":"https:\/\/autate.fr\/site\/#\/schema\/logo\/image\/"},"sameAs":["https:\/\/www.facebook.com\/AutateToulouse","https:\/\/x.com\/AutateToulouse"]},{"@type":"Person","@id":"https:\/\/autate.fr\/site\/#\/schema\/person\/ae1ab8bdaa7b41d2a9b52d2557ce8254","name":"pascalbarbier","image":{"@type":"ImageObject","inLanguage":"fr-FR","@id":"https:\/\/secure.gravatar.com\/avatar\/03f4e8ced09894b72c67e83142540730d4b3bbf619bf46341b0074e3bf5f08a0?s=96&d=mm&r=g","url":"https:\/\/secure.gravatar.com\/avatar\/03f4e8ced09894b72c67e83142540730d4b3bbf619bf46341b0074e3bf5f08a0?s=96&d=mm&r=g","contentUrl":"https:\/\/secure.gravatar.com\/avatar\/03f4e8ced09894b72c67e83142540730d4b3bbf619bf46341b0074e3bf5f08a0?s=96&d=mm&r=g","caption":"pascalbarbier"},"url":"https:\/\/autate.fr\/site\/author\/pascalbarbier\/"}]}},"_links":{"self":[{"href":"https:\/\/autate.fr\/site\/wp-json\/wp\/v2\/posts\/4251","targetHints":{"allow":["GET"]}}],"collection":[{"href":"https:\/\/autate.fr\/site\/wp-json\/wp\/v2\/posts"}],"about":[{"href":"https:\/\/autate.fr\/site\/wp-json\/wp\/v2\/types\/post"}],"author":[{"embeddable":true,"href":"https:\/\/autate.fr\/site\/wp-json\/wp\/v2\/users\/1"}],"replies":[{"embeddable":true,"href":"https:\/\/autate.fr\/site\/wp-json\/wp\/v2\/comments?post=4251"}],"version-history":[{"count":1,"href":"https:\/\/autate.fr\/site\/wp-json\/wp\/v2\/posts\/4251\/revisions"}],"predecessor-version":[{"id":4252,"href":"https:\/\/autate.fr\/site\/wp-json\/wp\/v2\/posts\/4251\/revisions\/4252"}],"wp:attachment":[{"href":"https:\/\/autate.fr\/site\/wp-json\/wp\/v2\/media?parent=4251"}],"wp:term":[{"taxonomy":"category","embeddable":true,"href":"https:\/\/autate.fr\/site\/wp-json\/wp\/v2\/categories?post=4251"},{"taxonomy":"post_tag","embeddable":true,"href":"https:\/\/autate.fr\/site\/wp-json\/wp\/v2\/tags?post=4251"}],"curies":[{"name":"wp","href":"https:\/\/api.w.org\/{rel}","templated":true}]}}