{"id":4218,"date":"2023-03-05T20:20:55","date_gmt":"2023-03-05T19:20:55","guid":{"rendered":"https:\/\/autate.fr\/site\/?p=4218"},"modified":"2023-03-23T14:11:49","modified_gmt":"2023-03-23T13:11:49","slug":"demain-6-mars-degradation-de-loffre-de-service-sur-les-l1-l2-l8-l11","status":"publish","type":"post","link":"https:\/\/autate.fr\/site\/demain-6-mars-degradation-de-loffre-de-service-sur-les-l1-l2-l8-l11\/","title":{"rendered":"Demain 6 mars : d\u00e9gradation de l&rsquo;offre de service sur les L1, L2, L8, L11"},"content":{"rendered":"\n<p>Ci-dessous, nous publions l\u2019email re\u00e7u le 5 mars 2023 d\u2019un usager de la ligne L8:<\/p>\n<pre class=\"moz-quote-pre\"><em>Bonjour,\nVous avez d\u00e9nonc\u00e9 avec raison la diminution de l\u2019offre des bus dans certains\nsecteurs de l\u2019agglom\u00e9ration...Vous n\u2019avez pas encore tout vu....!!!\nDes ce lundi 6 mars ,les nouvelles fiches horaires des lineos 1,2 et 11 ( seulement 2\nmois apr\u00e8s son ouverture)indiquent qu\u2019il y a moins de bus sur ces lignes.\nMais le pire c\u2019est la L8...Ainsi le samedi matin la fr\u00e9quence passe \u00e0 20 minutes !!!\nle matin et quinze l\u2019apr\u00e8s midi....au lieu de 12 \u00e0 13 auparavant...c\u2019\u00e9tait jusqu\u2019ici\nles fr\u00e9quences du...Dimanche!!!!...Ce jour l\u00e0 elle passe \u00e0 23 minutes au lieu de 18...\nBref ,sans vouloir exag\u00e9rer le scandale continu...\nManque de conducteurs?Economies suite \u00e0 l\u2019inflation ?( \u00e9nergie,3\u00e8me ligne m\u00e9tro )\nLa priorit\u00e9 aux transports en commun devient plus de l\u2019affichage, de la com...il y a\nun foss\u00e9 entre le discours, la th\u00e9orie et la r\u00e9alit\u00e9 !<\/em><\/pre>\n<p>En \u00e9largissant l&rsquo;analyse \u00e0 toutes les modifications annonc\u00e9es dans Info=r\u00e9seau de Tisseo , l&rsquo;AUTATE r\u00e9sume ici les impacts :<\/p>\n<ul>\n<li>Le L1 perd un passage de bus vers 18h.<\/li>\n<li>Le L2 passe en heures creuses de 9 minutes de fr\u00e9quence\u00a0 \u00e0 10 minutes de fr\u00e9quence soit environ 3 passages supprim\u00e9s.<\/li>\n<li>Le L8\u00a0 est impact\u00e9 en semaine &#8211; environ 17 passages supprim\u00e9s- , le samedi &#8211; fr\u00e9quence de 20 minutes versus 13 minutes- et le dimanche -10 passages supprim\u00e9s.<\/li>\n<li>Le L11 est impact\u00e9 avec environ 8 passages supprim\u00e9s en semaine car sa fr\u00e9quence en heures pleines passe de 9 \u00e0 10 minutes et en heures creuses de 12 \u00e0 14 minutes.<br \/><br \/><\/li>\n<\/ul>\n<p>Le d\u00e9veloppement du r\u00e9seau de bus de surface ne va pas dans le bon sens.<\/p>\n","protected":false},"excerpt":{"rendered":"<p>Ci-dessous, nous publions l\u2019email re\u00e7u le 5 mars 2023 d\u2019un usager de la ligne L8: Bonjour, Vous avez d\u00e9nonc\u00e9 avec raison la diminution de l\u2019offre des bus dans certains secteurs de l\u2019agglom\u00e9ration&#8230;Vous n\u2019avez pas encore tout vu&#8230;.!!! Des ce lundi 6 mars ,les nouvelles fiches horaires des lineos 1,2 et 11 ( seulement 2 mois<\/p>\n<p class=\"more-link\"><a href=\"https:\/\/autate.fr\/site\/demain-6-mars-degradation-de-loffre-de-service-sur-les-l1-l2-l8-l11\/\" class=\"themebutton2\">VOIR PLUS<\/a><\/p>\n","protected":false},"author":11,"featured_media":4220,"comment_status":"open","ping_status":"open","sticky":false,"template":"","format":"standard","meta":{"footnotes":""},"categories":[298,336],"tags":[],"class_list":["post-4218","post","type-post","status-publish","format-standard","has-post-thumbnail","hentry","category-lineo","category-temoignages"],"yoast_head":"<!-- This site is optimized with the Yoast SEO plugin v27.4 - https:\/\/yoast.com\/product\/yoast-seo-wordpress\/ -->\n<title>Demain 6 mars : d\u00e9gradation de l&#039;offre de service sur les L1, L2, L8, L11 - AUTATE<\/title>\n<meta name=\"robots\" content=\"index, follow, max-snippet:-1, max-image-preview:large, max-video-preview:-1\" \/>\n<link rel=\"canonical\" href=\"https:\/\/autate.fr\/site\/demain-6-mars-degradation-de-loffre-de-service-sur-les-l1-l2-l8-l11\/\" \/>\n<meta property=\"og:locale\" content=\"fr_FR\" \/>\n<meta property=\"og:type\" content=\"article\" \/>\n<meta property=\"og:title\" content=\"Demain 6 mars : d\u00e9gradation de l&#039;offre de service sur les L1, L2, L8, L11 - AUTATE\" \/>\n<meta property=\"og:description\" content=\"Ci-dessous, nous publions l\u2019email re\u00e7u le 5 mars 2023 d\u2019un usager de la ligne L8: Bonjour, Vous avez d\u00e9nonc\u00e9 avec raison la diminution de l\u2019offre des bus dans certains secteurs de l\u2019agglom\u00e9ration...Vous n\u2019avez pas encore tout vu....!!! Des ce lundi 6 mars ,les nouvelles fiches horaires des lineos 1,2 et 11 ( seulement 2 moisVOIR PLUS\" \/>\n<meta property=\"og:url\" content=\"https:\/\/autate.fr\/site\/demain-6-mars-degradation-de-loffre-de-service-sur-les-l1-l2-l8-l11\/\" \/>\n<meta property=\"og:site_name\" content=\"AUTATE\" \/>\n<meta property=\"article:publisher\" content=\"https:\/\/www.facebook.com\/AutateToulouse\" \/>\n<meta property=\"article:published_time\" content=\"2023-03-05T19:20:55+00:00\" \/>\n<meta property=\"article:modified_time\" content=\"2023-03-23T13:11:49+00:00\" \/>\n<meta property=\"og:image\" content=\"https:\/\/autate.fr\/site\/wp-content\/uploads\/2023\/03\/info_reseau_mars.png\" \/>\n\t<meta property=\"og:image:width\" content=\"264\" \/>\n\t<meta property=\"og:image:height\" content=\"332\" \/>\n\t<meta property=\"og:image:type\" content=\"image\/png\" \/>\n<meta name=\"author\" content=\"Nicole Asencio\" \/>\n<meta name=\"twitter:card\" content=\"summary_large_image\" \/>\n<meta name=\"twitter:creator\" content=\"@AutateToulouse\" \/>\n<meta name=\"twitter:site\" content=\"@AutateToulouse\" \/>\n<meta name=\"twitter:label1\" content=\"\u00c9crit par\" \/>\n\t<meta name=\"twitter:data1\" content=\"Nicole Asencio\" \/>\n\t<meta name=\"twitter:label2\" content=\"Dur\u00e9e de lecture estim\u00e9e\" \/>\n\t<meta name=\"twitter:data2\" content=\"2 minutes\" \/>\n<script type=\"application\/ld+json\" class=\"yoast-schema-graph\">{\"@context\":\"https:\\\/\\\/schema.org\",\"@graph\":[{\"@type\":\"Article\",\"@id\":\"https:\\\/\\\/autate.fr\\\/site\\\/demain-6-mars-degradation-de-loffre-de-service-sur-les-l1-l2-l8-l11\\\/#article\",\"isPartOf\":{\"@id\":\"https:\\\/\\\/autate.fr\\\/site\\\/demain-6-mars-degradation-de-loffre-de-service-sur-les-l1-l2-l8-l11\\\/\"},\"author\":{\"name\":\"Nicole Asencio\",\"@id\":\"https:\\\/\\\/autate.fr\\\/site\\\/#\\\/schema\\\/person\\\/0bb5ca7e46998673c4b91b0c2e00d68f\"},\"headline\":\"Demain 6 mars : d\u00e9gradation de l&rsquo;offre de service sur les L1, L2, L8, L11\",\"datePublished\":\"2023-03-05T19:20:55+00:00\",\"dateModified\":\"2023-03-23T13:11:49+00:00\",\"mainEntityOfPage\":{\"@id\":\"https:\\\/\\\/autate.fr\\\/site\\\/demain-6-mars-degradation-de-loffre-de-service-sur-les-l1-l2-l8-l11\\\/\"},\"wordCount\":150,\"commentCount\":0,\"publisher\":{\"@id\":\"https:\\\/\\\/autate.fr\\\/site\\\/#organization\"},\"image\":{\"@id\":\"https:\\\/\\\/autate.fr\\\/site\\\/demain-6-mars-degradation-de-loffre-de-service-sur-les-l1-l2-l8-l11\\\/#primaryimage\"},\"thumbnailUrl\":\"https:\\\/\\\/autate.fr\\\/site\\\/wp-content\\\/uploads\\\/2023\\\/03\\\/info_reseau_mars.png\",\"articleSection\":[\"Lin\u00e9o\",\"T\u00e9moignages\"],\"inLanguage\":\"fr-FR\",\"potentialAction\":[{\"@type\":\"CommentAction\",\"name\":\"Comment\",\"target\":[\"https:\\\/\\\/autate.fr\\\/site\\\/demain-6-mars-degradation-de-loffre-de-service-sur-les-l1-l2-l8-l11\\\/#respond\"]}]},{\"@type\":\"WebPage\",\"@id\":\"https:\\\/\\\/autate.fr\\\/site\\\/demain-6-mars-degradation-de-loffre-de-service-sur-les-l1-l2-l8-l11\\\/\",\"url\":\"https:\\\/\\\/autate.fr\\\/site\\\/demain-6-mars-degradation-de-loffre-de-service-sur-les-l1-l2-l8-l11\\\/\",\"name\":\"Demain 6 mars : d\u00e9gradation de l'offre de service sur les L1, L2, L8, L11 - AUTATE\",\"isPartOf\":{\"@id\":\"https:\\\/\\\/autate.fr\\\/site\\\/#website\"},\"primaryImageOfPage\":{\"@id\":\"https:\\\/\\\/autate.fr\\\/site\\\/demain-6-mars-degradation-de-loffre-de-service-sur-les-l1-l2-l8-l11\\\/#primaryimage\"},\"image\":{\"@id\":\"https:\\\/\\\/autate.fr\\\/site\\\/demain-6-mars-degradation-de-loffre-de-service-sur-les-l1-l2-l8-l11\\\/#primaryimage\"},\"thumbnailUrl\":\"https:\\\/\\\/autate.fr\\\/site\\\/wp-content\\\/uploads\\\/2023\\\/03\\\/info_reseau_mars.png\",\"datePublished\":\"2023-03-05T19:20:55+00:00\",\"dateModified\":\"2023-03-23T13:11:49+00:00\",\"breadcrumb\":{\"@id\":\"https:\\\/\\\/autate.fr\\\/site\\\/demain-6-mars-degradation-de-loffre-de-service-sur-les-l1-l2-l8-l11\\\/#breadcrumb\"},\"inLanguage\":\"fr-FR\",\"potentialAction\":[{\"@type\":\"ReadAction\",\"target\":[\"https:\\\/\\\/autate.fr\\\/site\\\/demain-6-mars-degradation-de-loffre-de-service-sur-les-l1-l2-l8-l11\\\/\"]}]},{\"@type\":\"ImageObject\",\"inLanguage\":\"fr-FR\",\"@id\":\"https:\\\/\\\/autate.fr\\\/site\\\/demain-6-mars-degradation-de-loffre-de-service-sur-les-l1-l2-l8-l11\\\/#primaryimage\",\"url\":\"https:\\\/\\\/autate.fr\\\/site\\\/wp-content\\\/uploads\\\/2023\\\/03\\\/info_reseau_mars.png\",\"contentUrl\":\"https:\\\/\\\/autate.fr\\\/site\\\/wp-content\\\/uploads\\\/2023\\\/03\\\/info_reseau_mars.png\",\"width\":264,\"height\":332},{\"@type\":\"BreadcrumbList\",\"@id\":\"https:\\\/\\\/autate.fr\\\/site\\\/demain-6-mars-degradation-de-loffre-de-service-sur-les-l1-l2-l8-l11\\\/#breadcrumb\",\"itemListElement\":[{\"@type\":\"ListItem\",\"position\":1,\"name\":\"Accueil\",\"item\":\"https:\\\/\\\/autate.fr\\\/site\\\/\"},{\"@type\":\"ListItem\",\"position\":2,\"name\":\"Demain 6 mars : d\u00e9gradation de l&rsquo;offre de service sur les L1, L2, L8, L11\"}]},{\"@type\":\"WebSite\",\"@id\":\"https:\\\/\\\/autate.fr\\\/site\\\/#website\",\"url\":\"https:\\\/\\\/autate.fr\\\/site\\\/\",\"name\":\"AUTATE\",\"description\":\"Association des usagers des transports de l&#039;agglom\u00e9ration Toulousaine et de ses environs\",\"publisher\":{\"@id\":\"https:\\\/\\\/autate.fr\\\/site\\\/#organization\"},\"potentialAction\":[{\"@type\":\"SearchAction\",\"target\":{\"@type\":\"EntryPoint\",\"urlTemplate\":\"https:\\\/\\\/autate.fr\\\/site\\\/?s={search_term_string}\"},\"query-input\":{\"@type\":\"PropertyValueSpecification\",\"valueRequired\":true,\"valueName\":\"search_term_string\"}}],\"inLanguage\":\"fr-FR\"},{\"@type\":\"Organization\",\"@id\":\"https:\\\/\\\/autate.fr\\\/site\\\/#organization\",\"name\":\"AUTATE\",\"url\":\"https:\\\/\\\/autate.fr\\\/site\\\/\",\"logo\":{\"@type\":\"ImageObject\",\"inLanguage\":\"fr-FR\",\"@id\":\"https:\\\/\\\/autate.fr\\\/site\\\/#\\\/schema\\\/logo\\\/image\\\/\",\"url\":\"http:\\\/\\\/autate.fr\\\/site\\\/wp-content\\\/uploads\\\/2019\\\/01\\\/logo.png\",\"contentUrl\":\"http:\\\/\\\/autate.fr\\\/site\\\/wp-content\\\/uploads\\\/2019\\\/01\\\/logo.png\",\"width\":506,\"height\":280,\"caption\":\"AUTATE\"},\"image\":{\"@id\":\"https:\\\/\\\/autate.fr\\\/site\\\/#\\\/schema\\\/logo\\\/image\\\/\"},\"sameAs\":[\"https:\\\/\\\/www.facebook.com\\\/AutateToulouse\",\"https:\\\/\\\/x.com\\\/AutateToulouse\"]},{\"@type\":\"Person\",\"@id\":\"https:\\\/\\\/autate.fr\\\/site\\\/#\\\/schema\\\/person\\\/0bb5ca7e46998673c4b91b0c2e00d68f\",\"name\":\"Nicole Asencio\",\"image\":{\"@type\":\"ImageObject\",\"inLanguage\":\"fr-FR\",\"@id\":\"https:\\\/\\\/secure.gravatar.com\\\/avatar\\\/e0ab2745834273b8d9e7e210cd89aa3d65862c09d22826783f467afd86533c8a?s=96&d=mm&r=g\",\"url\":\"https:\\\/\\\/secure.gravatar.com\\\/avatar\\\/e0ab2745834273b8d9e7e210cd89aa3d65862c09d22826783f467afd86533c8a?s=96&d=mm&r=g\",\"contentUrl\":\"https:\\\/\\\/secure.gravatar.com\\\/avatar\\\/e0ab2745834273b8d9e7e210cd89aa3d65862c09d22826783f467afd86533c8a?s=96&d=mm&r=g\",\"caption\":\"Nicole Asencio\"},\"url\":\"https:\\\/\\\/autate.fr\\\/site\\\/author\\\/nicoleasencio\\\/\"}]}<\/script>\n<!-- \/ Yoast SEO plugin. -->","yoast_head_json":{"title":"Demain 6 mars : d\u00e9gradation de l'offre de service sur les L1, L2, L8, L11 - AUTATE","robots":{"index":"index","follow":"follow","max-snippet":"max-snippet:-1","max-image-preview":"max-image-preview:large","max-video-preview":"max-video-preview:-1"},"canonical":"https:\/\/autate.fr\/site\/demain-6-mars-degradation-de-loffre-de-service-sur-les-l1-l2-l8-l11\/","og_locale":"fr_FR","og_type":"article","og_title":"Demain 6 mars : d\u00e9gradation de l'offre de service sur les L1, L2, L8, L11 - AUTATE","og_description":"Ci-dessous, nous publions l\u2019email re\u00e7u le 5 mars 2023 d\u2019un usager de la ligne L8: Bonjour, Vous avez d\u00e9nonc\u00e9 avec raison la diminution de l\u2019offre des bus dans certains secteurs de l\u2019agglom\u00e9ration...Vous n\u2019avez pas encore tout vu....!!! Des ce lundi 6 mars ,les nouvelles fiches horaires des lineos 1,2 et 11 ( seulement 2 moisVOIR PLUS","og_url":"https:\/\/autate.fr\/site\/demain-6-mars-degradation-de-loffre-de-service-sur-les-l1-l2-l8-l11\/","og_site_name":"AUTATE","article_publisher":"https:\/\/www.facebook.com\/AutateToulouse","article_published_time":"2023-03-05T19:20:55+00:00","article_modified_time":"2023-03-23T13:11:49+00:00","og_image":[{"width":264,"height":332,"url":"https:\/\/autate.fr\/site\/wp-content\/uploads\/2023\/03\/info_reseau_mars.png","type":"image\/png"}],"author":"Nicole Asencio","twitter_card":"summary_large_image","twitter_creator":"@AutateToulouse","twitter_site":"@AutateToulouse","twitter_misc":{"\u00c9crit par":"Nicole Asencio","Dur\u00e9e de lecture estim\u00e9e":"2 minutes"},"schema":{"@context":"https:\/\/schema.org","@graph":[{"@type":"Article","@id":"https:\/\/autate.fr\/site\/demain-6-mars-degradation-de-loffre-de-service-sur-les-l1-l2-l8-l11\/#article","isPartOf":{"@id":"https:\/\/autate.fr\/site\/demain-6-mars-degradation-de-loffre-de-service-sur-les-l1-l2-l8-l11\/"},"author":{"name":"Nicole Asencio","@id":"https:\/\/autate.fr\/site\/#\/schema\/person\/0bb5ca7e46998673c4b91b0c2e00d68f"},"headline":"Demain 6 mars : d\u00e9gradation de l&rsquo;offre de service sur les L1, L2, L8, L11","datePublished":"2023-03-05T19:20:55+00:00","dateModified":"2023-03-23T13:11:49+00:00","mainEntityOfPage":{"@id":"https:\/\/autate.fr\/site\/demain-6-mars-degradation-de-loffre-de-service-sur-les-l1-l2-l8-l11\/"},"wordCount":150,"commentCount":0,"publisher":{"@id":"https:\/\/autate.fr\/site\/#organization"},"image":{"@id":"https:\/\/autate.fr\/site\/demain-6-mars-degradation-de-loffre-de-service-sur-les-l1-l2-l8-l11\/#primaryimage"},"thumbnailUrl":"https:\/\/autate.fr\/site\/wp-content\/uploads\/2023\/03\/info_reseau_mars.png","articleSection":["Lin\u00e9o","T\u00e9moignages"],"inLanguage":"fr-FR","potentialAction":[{"@type":"CommentAction","name":"Comment","target":["https:\/\/autate.fr\/site\/demain-6-mars-degradation-de-loffre-de-service-sur-les-l1-l2-l8-l11\/#respond"]}]},{"@type":"WebPage","@id":"https:\/\/autate.fr\/site\/demain-6-mars-degradation-de-loffre-de-service-sur-les-l1-l2-l8-l11\/","url":"https:\/\/autate.fr\/site\/demain-6-mars-degradation-de-loffre-de-service-sur-les-l1-l2-l8-l11\/","name":"Demain 6 mars : d\u00e9gradation de l'offre de service sur les L1, L2, L8, L11 - AUTATE","isPartOf":{"@id":"https:\/\/autate.fr\/site\/#website"},"primaryImageOfPage":{"@id":"https:\/\/autate.fr\/site\/demain-6-mars-degradation-de-loffre-de-service-sur-les-l1-l2-l8-l11\/#primaryimage"},"image":{"@id":"https:\/\/autate.fr\/site\/demain-6-mars-degradation-de-loffre-de-service-sur-les-l1-l2-l8-l11\/#primaryimage"},"thumbnailUrl":"https:\/\/autate.fr\/site\/wp-content\/uploads\/2023\/03\/info_reseau_mars.png","datePublished":"2023-03-05T19:20:55+00:00","dateModified":"2023-03-23T13:11:49+00:00","breadcrumb":{"@id":"https:\/\/autate.fr\/site\/demain-6-mars-degradation-de-loffre-de-service-sur-les-l1-l2-l8-l11\/#breadcrumb"},"inLanguage":"fr-FR","potentialAction":[{"@type":"ReadAction","target":["https:\/\/autate.fr\/site\/demain-6-mars-degradation-de-loffre-de-service-sur-les-l1-l2-l8-l11\/"]}]},{"@type":"ImageObject","inLanguage":"fr-FR","@id":"https:\/\/autate.fr\/site\/demain-6-mars-degradation-de-loffre-de-service-sur-les-l1-l2-l8-l11\/#primaryimage","url":"https:\/\/autate.fr\/site\/wp-content\/uploads\/2023\/03\/info_reseau_mars.png","contentUrl":"https:\/\/autate.fr\/site\/wp-content\/uploads\/2023\/03\/info_reseau_mars.png","width":264,"height":332},{"@type":"BreadcrumbList","@id":"https:\/\/autate.fr\/site\/demain-6-mars-degradation-de-loffre-de-service-sur-les-l1-l2-l8-l11\/#breadcrumb","itemListElement":[{"@type":"ListItem","position":1,"name":"Accueil","item":"https:\/\/autate.fr\/site\/"},{"@type":"ListItem","position":2,"name":"Demain 6 mars : d\u00e9gradation de l&rsquo;offre de service sur les L1, L2, L8, L11"}]},{"@type":"WebSite","@id":"https:\/\/autate.fr\/site\/#website","url":"https:\/\/autate.fr\/site\/","name":"AUTATE","description":"Association des usagers des transports de l&#039;agglom\u00e9ration Toulousaine et de ses environs","publisher":{"@id":"https:\/\/autate.fr\/site\/#organization"},"potentialAction":[{"@type":"SearchAction","target":{"@type":"EntryPoint","urlTemplate":"https:\/\/autate.fr\/site\/?s={search_term_string}"},"query-input":{"@type":"PropertyValueSpecification","valueRequired":true,"valueName":"search_term_string"}}],"inLanguage":"fr-FR"},{"@type":"Organization","@id":"https:\/\/autate.fr\/site\/#organization","name":"AUTATE","url":"https:\/\/autate.fr\/site\/","logo":{"@type":"ImageObject","inLanguage":"fr-FR","@id":"https:\/\/autate.fr\/site\/#\/schema\/logo\/image\/","url":"http:\/\/autate.fr\/site\/wp-content\/uploads\/2019\/01\/logo.png","contentUrl":"http:\/\/autate.fr\/site\/wp-content\/uploads\/2019\/01\/logo.png","width":506,"height":280,"caption":"AUTATE"},"image":{"@id":"https:\/\/autate.fr\/site\/#\/schema\/logo\/image\/"},"sameAs":["https:\/\/www.facebook.com\/AutateToulouse","https:\/\/x.com\/AutateToulouse"]},{"@type":"Person","@id":"https:\/\/autate.fr\/site\/#\/schema\/person\/0bb5ca7e46998673c4b91b0c2e00d68f","name":"Nicole Asencio","image":{"@type":"ImageObject","inLanguage":"fr-FR","@id":"https:\/\/secure.gravatar.com\/avatar\/e0ab2745834273b8d9e7e210cd89aa3d65862c09d22826783f467afd86533c8a?s=96&d=mm&r=g","url":"https:\/\/secure.gravatar.com\/avatar\/e0ab2745834273b8d9e7e210cd89aa3d65862c09d22826783f467afd86533c8a?s=96&d=mm&r=g","contentUrl":"https:\/\/secure.gravatar.com\/avatar\/e0ab2745834273b8d9e7e210cd89aa3d65862c09d22826783f467afd86533c8a?s=96&d=mm&r=g","caption":"Nicole Asencio"},"url":"https:\/\/autate.fr\/site\/author\/nicoleasencio\/"}]}},"_links":{"self":[{"href":"https:\/\/autate.fr\/site\/wp-json\/wp\/v2\/posts\/4218","targetHints":{"allow":["GET"]}}],"collection":[{"href":"https:\/\/autate.fr\/site\/wp-json\/wp\/v2\/posts"}],"about":[{"href":"https:\/\/autate.fr\/site\/wp-json\/wp\/v2\/types\/post"}],"author":[{"embeddable":true,"href":"https:\/\/autate.fr\/site\/wp-json\/wp\/v2\/users\/11"}],"replies":[{"embeddable":true,"href":"https:\/\/autate.fr\/site\/wp-json\/wp\/v2\/comments?post=4218"}],"version-history":[{"count":2,"href":"https:\/\/autate.fr\/site\/wp-json\/wp\/v2\/posts\/4218\/revisions"}],"predecessor-version":[{"id":4221,"href":"https:\/\/autate.fr\/site\/wp-json\/wp\/v2\/posts\/4218\/revisions\/4221"}],"wp:featuredmedia":[{"embeddable":true,"href":"https:\/\/autate.fr\/site\/wp-json\/wp\/v2\/media\/4220"}],"wp:attachment":[{"href":"https:\/\/autate.fr\/site\/wp-json\/wp\/v2\/media?parent=4218"}],"wp:term":[{"taxonomy":"category","embeddable":true,"href":"https:\/\/autate.fr\/site\/wp-json\/wp\/v2\/categories?post=4218"},{"taxonomy":"post_tag","embeddable":true,"href":"https:\/\/autate.fr\/site\/wp-json\/wp\/v2\/tags?post=4218"}],"curies":[{"name":"wp","href":"https:\/\/api.w.org\/{rel}","templated":true}]}}