{"id":42,"date":"2015-11-26T21:32:48","date_gmt":"2015-11-26T20:32:48","guid":{"rendered":"http:\/\/autate.fr\/site\/?p=42"},"modified":"2025-11-21T22:33:11","modified_gmt":"2025-11-21T21:33:11","slug":"la-depeche-enfin-une-association-dusagers-des-transports-toulousains","status":"publish","type":"post","link":"https:\/\/autate.fr\/site\/la-depeche-enfin-une-association-dusagers-des-transports-toulousains\/","title":{"rendered":"[La D\u00e9p\u00eache] Enfin une association d&rsquo;usagers des transports toulousains"},"content":{"rendered":"<header id=\"header_article\"><time class=\"date\" datetime=\"2015-11-24T03:54:53+01:00\">Publi\u00e9 le 24\/11\/2015 \u00e0 03:54<\/time>, <time class=\"date\" datetime=\"2015-11-24T07:57:49+01:00\">Mis \u00e0 jour le 24\/11\/2015 \u00e0 07:57<\/time><\/p>\n<\/header>\n<h2 class=\"sous_titre\">Transports &#8211; M\u00e9tro, tram, bus, train<\/h2>\n<p>L&rsquo;Autate se propose de recueillir les avis des usagers des transports toulousains afin de tenter de r\u00e9gler les probl\u00e8mes concrets qui se posent \u00e0 court terme mais aussi de proposer des solutions \u00e0 plus long terme.<\/p>\n<p>\u00abLes embouteillages imposants observ\u00e9s tous les jours sur nos rocades d\u00e9montrent que l&rsquo;offre de transports pr\u00e9sente sur l&rsquo;agglom\u00e9ration toulousaine n&rsquo;est pas \u00e0 la hauteur des besoins de d\u00e9placements\u00bb. Le constat est sans appel. Il est dress\u00e9 par une association, l&rsquo;Autate (association des usagers des transports de l&rsquo;agglom\u00e9ration toulousaine et de ses environs) qui tient son assembl\u00e9e g\u00e9n\u00e9rale extraordinaire ce soir \u00e0 Saint-Cyprien (lire ci-contre).<\/p>\n<p>L&rsquo;association souhaite \u00e9couter les usagers, recueillir leur avis, relayer leurs probl\u00e8mes quotidiens aupr\u00e8s des responsables des transports pour obtenir, pourquoi pas, des modifications concr\u00e8tes (horaires, lignes, arr\u00eats) \u00e0 court terme et faire des propositions \u00e0 plus long terme.<\/p>\n<p>\u00abSur la rocade, c&rsquo;est la catastrophe, il y a deux \u00e0 trois heures chaque jour de pagaille dans l&rsquo;agglom\u00e9ration toulousaine aux heures de pointe\u00bb, constate Marie-Pierre B\u00e8s, porte-parole de l&rsquo;Autate, qui estime : \u00abIl faut mettre le paquet pour les banlieusards\u00bb.<\/p>\n<h2>Impossible de sortir de Blagnac le vendredi soir<\/h2>\n<p><a href=\"http:\/\/www.ladepeche.fr\/article\/2015\/11\/24\/2223639-enfin-une-association-d-usagers-des-transports-toulousains.html\" target=\"_blank\">Lire la suite sur ladepeche.fr<\/a><\/p>\n<p>&nbsp;<\/p>\n","protected":false},"excerpt":{"rendered":"<p>Publi\u00e9 le 24\/11\/2015 \u00e0 03:54, Mis \u00e0 jour le 24\/11\/2015 \u00e0 07:57 Transports &#8211; M\u00e9tro, tram, bus, train L&rsquo;Autate se propose de recueillir les avis des usagers des transports toulousains afin de tenter de r\u00e9gler les probl\u00e8mes concrets qui se posent \u00e0 court terme mais aussi de proposer des solutions \u00e0 plus long terme. \u00abLes<\/p>\n<p class=\"more-link\"><a href=\"https:\/\/autate.fr\/site\/la-depeche-enfin-une-association-dusagers-des-transports-toulousains\/\" class=\"themebutton2\">VOIR PLUS<\/a><\/p>\n","protected":false},"author":1,"featured_media":0,"comment_status":"open","ping_status":"open","sticky":false,"template":"","format":"standard","meta":{"footnotes":""},"categories":[7],"tags":[24,25],"class_list":["post-42","post","type-post","status-publish","format-standard","hentry","category-revue-de-presse","tag-autate","tag-usager-es"],"yoast_head":"<!-- This site is optimized with the Yoast SEO plugin v27.4 - https:\/\/yoast.com\/product\/yoast-seo-wordpress\/ -->\n<title>[La D\u00e9p\u00eache] Enfin une association d&#039;usagers des transports toulousains - AUTATE<\/title>\n<meta name=\"robots\" content=\"index, follow, max-snippet:-1, max-image-preview:large, max-video-preview:-1\" \/>\n<link rel=\"canonical\" href=\"https:\/\/autate.fr\/site\/la-depeche-enfin-une-association-dusagers-des-transports-toulousains\/\" \/>\n<meta property=\"og:locale\" content=\"fr_FR\" \/>\n<meta property=\"og:type\" content=\"article\" \/>\n<meta property=\"og:title\" content=\"[La D\u00e9p\u00eache] Enfin une association d&#039;usagers des transports toulousains - AUTATE\" \/>\n<meta property=\"og:description\" content=\"Publi\u00e9 le 24\/11\/2015 \u00e0 03:54, Mis \u00e0 jour le 24\/11\/2015 \u00e0 07:57 Transports &#8211; M\u00e9tro, tram, bus, train L&rsquo;Autate se propose de recueillir les avis des usagers des transports toulousains afin de tenter de r\u00e9gler les probl\u00e8mes concrets qui se posent \u00e0 court terme mais aussi de proposer des solutions \u00e0 plus long terme. \u00abLesVOIR PLUS\" \/>\n<meta property=\"og:url\" content=\"https:\/\/autate.fr\/site\/la-depeche-enfin-une-association-dusagers-des-transports-toulousains\/\" \/>\n<meta property=\"og:site_name\" content=\"AUTATE\" \/>\n<meta property=\"article:publisher\" content=\"https:\/\/www.facebook.com\/AutateToulouse\" \/>\n<meta property=\"article:published_time\" content=\"2015-11-26T20:32:48+00:00\" \/>\n<meta property=\"article:modified_time\" content=\"2025-11-21T21:33:11+00:00\" \/>\n<meta name=\"author\" content=\"pascalbarbier\" \/>\n<meta name=\"twitter:card\" content=\"summary_large_image\" \/>\n<meta name=\"twitter:creator\" content=\"@AutateToulouse\" \/>\n<meta name=\"twitter:site\" content=\"@AutateToulouse\" \/>\n<meta name=\"twitter:label1\" content=\"\u00c9crit par\" \/>\n\t<meta name=\"twitter:data1\" content=\"pascalbarbier\" \/>\n\t<meta name=\"twitter:label2\" content=\"Dur\u00e9e de lecture estim\u00e9e\" \/>\n\t<meta name=\"twitter:data2\" content=\"1 minute\" \/>\n<script type=\"application\/ld+json\" class=\"yoast-schema-graph\">{\"@context\":\"https:\\\/\\\/schema.org\",\"@graph\":[{\"@type\":\"Article\",\"@id\":\"https:\\\/\\\/autate.fr\\\/site\\\/la-depeche-enfin-une-association-dusagers-des-transports-toulousains\\\/#article\",\"isPartOf\":{\"@id\":\"https:\\\/\\\/autate.fr\\\/site\\\/la-depeche-enfin-une-association-dusagers-des-transports-toulousains\\\/\"},\"author\":{\"name\":\"pascalbarbier\",\"@id\":\"https:\\\/\\\/autate.fr\\\/site\\\/#\\\/schema\\\/person\\\/ae1ab8bdaa7b41d2a9b52d2557ce8254\"},\"headline\":\"[La D\u00e9p\u00eache] Enfin une association d&rsquo;usagers des transports toulousains\",\"datePublished\":\"2015-11-26T20:32:48+00:00\",\"dateModified\":\"2025-11-21T21:33:11+00:00\",\"mainEntityOfPage\":{\"@id\":\"https:\\\/\\\/autate.fr\\\/site\\\/la-depeche-enfin-une-association-dusagers-des-transports-toulousains\\\/\"},\"wordCount\":226,\"commentCount\":0,\"publisher\":{\"@id\":\"https:\\\/\\\/autate.fr\\\/site\\\/#organization\"},\"keywords\":[\"AUTATE\",\"usager-es\"],\"articleSection\":[\"Revue de presse\"],\"inLanguage\":\"fr-FR\",\"potentialAction\":[{\"@type\":\"CommentAction\",\"name\":\"Comment\",\"target\":[\"https:\\\/\\\/autate.fr\\\/site\\\/la-depeche-enfin-une-association-dusagers-des-transports-toulousains\\\/#respond\"]}]},{\"@type\":\"WebPage\",\"@id\":\"https:\\\/\\\/autate.fr\\\/site\\\/la-depeche-enfin-une-association-dusagers-des-transports-toulousains\\\/\",\"url\":\"https:\\\/\\\/autate.fr\\\/site\\\/la-depeche-enfin-une-association-dusagers-des-transports-toulousains\\\/\",\"name\":\"[La D\u00e9p\u00eache] Enfin une association d'usagers des transports toulousains - AUTATE\",\"isPartOf\":{\"@id\":\"https:\\\/\\\/autate.fr\\\/site\\\/#website\"},\"datePublished\":\"2015-11-26T20:32:48+00:00\",\"dateModified\":\"2025-11-21T21:33:11+00:00\",\"breadcrumb\":{\"@id\":\"https:\\\/\\\/autate.fr\\\/site\\\/la-depeche-enfin-une-association-dusagers-des-transports-toulousains\\\/#breadcrumb\"},\"inLanguage\":\"fr-FR\",\"potentialAction\":[{\"@type\":\"ReadAction\",\"target\":[\"https:\\\/\\\/autate.fr\\\/site\\\/la-depeche-enfin-une-association-dusagers-des-transports-toulousains\\\/\"]}]},{\"@type\":\"BreadcrumbList\",\"@id\":\"https:\\\/\\\/autate.fr\\\/site\\\/la-depeche-enfin-une-association-dusagers-des-transports-toulousains\\\/#breadcrumb\",\"itemListElement\":[{\"@type\":\"ListItem\",\"position\":1,\"name\":\"Accueil\",\"item\":\"https:\\\/\\\/autate.fr\\\/site\\\/\"},{\"@type\":\"ListItem\",\"position\":2,\"name\":\"[La D\u00e9p\u00eache] Enfin une association d&rsquo;usagers des transports toulousains\"}]},{\"@type\":\"WebSite\",\"@id\":\"https:\\\/\\\/autate.fr\\\/site\\\/#website\",\"url\":\"https:\\\/\\\/autate.fr\\\/site\\\/\",\"name\":\"AUTATE\",\"description\":\"Association des usagers des transports de l&#039;agglom\u00e9ration Toulousaine et de ses environs\",\"publisher\":{\"@id\":\"https:\\\/\\\/autate.fr\\\/site\\\/#organization\"},\"potentialAction\":[{\"@type\":\"SearchAction\",\"target\":{\"@type\":\"EntryPoint\",\"urlTemplate\":\"https:\\\/\\\/autate.fr\\\/site\\\/?s={search_term_string}\"},\"query-input\":{\"@type\":\"PropertyValueSpecification\",\"valueRequired\":true,\"valueName\":\"search_term_string\"}}],\"inLanguage\":\"fr-FR\"},{\"@type\":\"Organization\",\"@id\":\"https:\\\/\\\/autate.fr\\\/site\\\/#organization\",\"name\":\"AUTATE\",\"url\":\"https:\\\/\\\/autate.fr\\\/site\\\/\",\"logo\":{\"@type\":\"ImageObject\",\"inLanguage\":\"fr-FR\",\"@id\":\"https:\\\/\\\/autate.fr\\\/site\\\/#\\\/schema\\\/logo\\\/image\\\/\",\"url\":\"http:\\\/\\\/autate.fr\\\/site\\\/wp-content\\\/uploads\\\/2019\\\/01\\\/logo.png\",\"contentUrl\":\"http:\\\/\\\/autate.fr\\\/site\\\/wp-content\\\/uploads\\\/2019\\\/01\\\/logo.png\",\"width\":506,\"height\":280,\"caption\":\"AUTATE\"},\"image\":{\"@id\":\"https:\\\/\\\/autate.fr\\\/site\\\/#\\\/schema\\\/logo\\\/image\\\/\"},\"sameAs\":[\"https:\\\/\\\/www.facebook.com\\\/AutateToulouse\",\"https:\\\/\\\/x.com\\\/AutateToulouse\"]},{\"@type\":\"Person\",\"@id\":\"https:\\\/\\\/autate.fr\\\/site\\\/#\\\/schema\\\/person\\\/ae1ab8bdaa7b41d2a9b52d2557ce8254\",\"name\":\"pascalbarbier\",\"image\":{\"@type\":\"ImageObject\",\"inLanguage\":\"fr-FR\",\"@id\":\"https:\\\/\\\/secure.gravatar.com\\\/avatar\\\/03f4e8ced09894b72c67e83142540730d4b3bbf619bf46341b0074e3bf5f08a0?s=96&d=mm&r=g\",\"url\":\"https:\\\/\\\/secure.gravatar.com\\\/avatar\\\/03f4e8ced09894b72c67e83142540730d4b3bbf619bf46341b0074e3bf5f08a0?s=96&d=mm&r=g\",\"contentUrl\":\"https:\\\/\\\/secure.gravatar.com\\\/avatar\\\/03f4e8ced09894b72c67e83142540730d4b3bbf619bf46341b0074e3bf5f08a0?s=96&d=mm&r=g\",\"caption\":\"pascalbarbier\"},\"url\":\"https:\\\/\\\/autate.fr\\\/site\\\/author\\\/pascalbarbier\\\/\"}]}<\/script>\n<!-- \/ Yoast SEO plugin. -->","yoast_head_json":{"title":"[La D\u00e9p\u00eache] Enfin une association d'usagers des transports toulousains - AUTATE","robots":{"index":"index","follow":"follow","max-snippet":"max-snippet:-1","max-image-preview":"max-image-preview:large","max-video-preview":"max-video-preview:-1"},"canonical":"https:\/\/autate.fr\/site\/la-depeche-enfin-une-association-dusagers-des-transports-toulousains\/","og_locale":"fr_FR","og_type":"article","og_title":"[La D\u00e9p\u00eache] Enfin une association d'usagers des transports toulousains - AUTATE","og_description":"Publi\u00e9 le 24\/11\/2015 \u00e0 03:54, Mis \u00e0 jour le 24\/11\/2015 \u00e0 07:57 Transports &#8211; M\u00e9tro, tram, bus, train L&rsquo;Autate se propose de recueillir les avis des usagers des transports toulousains afin de tenter de r\u00e9gler les probl\u00e8mes concrets qui se posent \u00e0 court terme mais aussi de proposer des solutions \u00e0 plus long terme. \u00abLesVOIR PLUS","og_url":"https:\/\/autate.fr\/site\/la-depeche-enfin-une-association-dusagers-des-transports-toulousains\/","og_site_name":"AUTATE","article_publisher":"https:\/\/www.facebook.com\/AutateToulouse","article_published_time":"2015-11-26T20:32:48+00:00","article_modified_time":"2025-11-21T21:33:11+00:00","author":"pascalbarbier","twitter_card":"summary_large_image","twitter_creator":"@AutateToulouse","twitter_site":"@AutateToulouse","twitter_misc":{"\u00c9crit par":"pascalbarbier","Dur\u00e9e de lecture estim\u00e9e":"1 minute"},"schema":{"@context":"https:\/\/schema.org","@graph":[{"@type":"Article","@id":"https:\/\/autate.fr\/site\/la-depeche-enfin-une-association-dusagers-des-transports-toulousains\/#article","isPartOf":{"@id":"https:\/\/autate.fr\/site\/la-depeche-enfin-une-association-dusagers-des-transports-toulousains\/"},"author":{"name":"pascalbarbier","@id":"https:\/\/autate.fr\/site\/#\/schema\/person\/ae1ab8bdaa7b41d2a9b52d2557ce8254"},"headline":"[La D\u00e9p\u00eache] Enfin une association d&rsquo;usagers des transports toulousains","datePublished":"2015-11-26T20:32:48+00:00","dateModified":"2025-11-21T21:33:11+00:00","mainEntityOfPage":{"@id":"https:\/\/autate.fr\/site\/la-depeche-enfin-une-association-dusagers-des-transports-toulousains\/"},"wordCount":226,"commentCount":0,"publisher":{"@id":"https:\/\/autate.fr\/site\/#organization"},"keywords":["AUTATE","usager-es"],"articleSection":["Revue de presse"],"inLanguage":"fr-FR","potentialAction":[{"@type":"CommentAction","name":"Comment","target":["https:\/\/autate.fr\/site\/la-depeche-enfin-une-association-dusagers-des-transports-toulousains\/#respond"]}]},{"@type":"WebPage","@id":"https:\/\/autate.fr\/site\/la-depeche-enfin-une-association-dusagers-des-transports-toulousains\/","url":"https:\/\/autate.fr\/site\/la-depeche-enfin-une-association-dusagers-des-transports-toulousains\/","name":"[La D\u00e9p\u00eache] Enfin une association d'usagers des transports toulousains - AUTATE","isPartOf":{"@id":"https:\/\/autate.fr\/site\/#website"},"datePublished":"2015-11-26T20:32:48+00:00","dateModified":"2025-11-21T21:33:11+00:00","breadcrumb":{"@id":"https:\/\/autate.fr\/site\/la-depeche-enfin-une-association-dusagers-des-transports-toulousains\/#breadcrumb"},"inLanguage":"fr-FR","potentialAction":[{"@type":"ReadAction","target":["https:\/\/autate.fr\/site\/la-depeche-enfin-une-association-dusagers-des-transports-toulousains\/"]}]},{"@type":"BreadcrumbList","@id":"https:\/\/autate.fr\/site\/la-depeche-enfin-une-association-dusagers-des-transports-toulousains\/#breadcrumb","itemListElement":[{"@type":"ListItem","position":1,"name":"Accueil","item":"https:\/\/autate.fr\/site\/"},{"@type":"ListItem","position":2,"name":"[La D\u00e9p\u00eache] Enfin une association d&rsquo;usagers des transports toulousains"}]},{"@type":"WebSite","@id":"https:\/\/autate.fr\/site\/#website","url":"https:\/\/autate.fr\/site\/","name":"AUTATE","description":"Association des usagers des transports de l&#039;agglom\u00e9ration Toulousaine et de ses environs","publisher":{"@id":"https:\/\/autate.fr\/site\/#organization"},"potentialAction":[{"@type":"SearchAction","target":{"@type":"EntryPoint","urlTemplate":"https:\/\/autate.fr\/site\/?s={search_term_string}"},"query-input":{"@type":"PropertyValueSpecification","valueRequired":true,"valueName":"search_term_string"}}],"inLanguage":"fr-FR"},{"@type":"Organization","@id":"https:\/\/autate.fr\/site\/#organization","name":"AUTATE","url":"https:\/\/autate.fr\/site\/","logo":{"@type":"ImageObject","inLanguage":"fr-FR","@id":"https:\/\/autate.fr\/site\/#\/schema\/logo\/image\/","url":"http:\/\/autate.fr\/site\/wp-content\/uploads\/2019\/01\/logo.png","contentUrl":"http:\/\/autate.fr\/site\/wp-content\/uploads\/2019\/01\/logo.png","width":506,"height":280,"caption":"AUTATE"},"image":{"@id":"https:\/\/autate.fr\/site\/#\/schema\/logo\/image\/"},"sameAs":["https:\/\/www.facebook.com\/AutateToulouse","https:\/\/x.com\/AutateToulouse"]},{"@type":"Person","@id":"https:\/\/autate.fr\/site\/#\/schema\/person\/ae1ab8bdaa7b41d2a9b52d2557ce8254","name":"pascalbarbier","image":{"@type":"ImageObject","inLanguage":"fr-FR","@id":"https:\/\/secure.gravatar.com\/avatar\/03f4e8ced09894b72c67e83142540730d4b3bbf619bf46341b0074e3bf5f08a0?s=96&d=mm&r=g","url":"https:\/\/secure.gravatar.com\/avatar\/03f4e8ced09894b72c67e83142540730d4b3bbf619bf46341b0074e3bf5f08a0?s=96&d=mm&r=g","contentUrl":"https:\/\/secure.gravatar.com\/avatar\/03f4e8ced09894b72c67e83142540730d4b3bbf619bf46341b0074e3bf5f08a0?s=96&d=mm&r=g","caption":"pascalbarbier"},"url":"https:\/\/autate.fr\/site\/author\/pascalbarbier\/"}]}},"_links":{"self":[{"href":"https:\/\/autate.fr\/site\/wp-json\/wp\/v2\/posts\/42","targetHints":{"allow":["GET"]}}],"collection":[{"href":"https:\/\/autate.fr\/site\/wp-json\/wp\/v2\/posts"}],"about":[{"href":"https:\/\/autate.fr\/site\/wp-json\/wp\/v2\/types\/post"}],"author":[{"embeddable":true,"href":"https:\/\/autate.fr\/site\/wp-json\/wp\/v2\/users\/1"}],"replies":[{"embeddable":true,"href":"https:\/\/autate.fr\/site\/wp-json\/wp\/v2\/comments?post=42"}],"version-history":[{"count":2,"href":"https:\/\/autate.fr\/site\/wp-json\/wp\/v2\/posts\/42\/revisions"}],"predecessor-version":[{"id":128,"href":"https:\/\/autate.fr\/site\/wp-json\/wp\/v2\/posts\/42\/revisions\/128"}],"wp:attachment":[{"href":"https:\/\/autate.fr\/site\/wp-json\/wp\/v2\/media?parent=42"}],"wp:term":[{"taxonomy":"category","embeddable":true,"href":"https:\/\/autate.fr\/site\/wp-json\/wp\/v2\/categories?post=42"},{"taxonomy":"post_tag","embeddable":true,"href":"https:\/\/autate.fr\/site\/wp-json\/wp\/v2\/tags?post=42"}],"curies":[{"name":"wp","href":"https:\/\/api.w.org\/{rel}","templated":true}]}}