{"id":4194,"date":"2023-01-21T01:37:54","date_gmt":"2023-01-21T00:37:54","guid":{"rendered":"https:\/\/autate.fr\/site\/?p=4194"},"modified":"2023-11-11T21:11:35","modified_gmt":"2023-11-11T20:11:35","slug":"transformer-la-ligne-de-bus-79-en-lineo","status":"publish","type":"post","link":"https:\/\/autate.fr\/site\/transformer-la-ligne-de-bus-79-en-lineo\/","title":{"rendered":"Transformer la ligne de bus 79 en Lineo"},"content":{"rendered":"\n<p>Ci-dessous, nous publions l&#8217;email re\u00e7u le 19 janvier 2023 d&rsquo;une usag\u00e8re de la ligne 79:<\/p>\n<p>Bonjour,<\/p>\n<p>\u00a0Nous venons de d\u00e9m\u00e9nager dans le quartier de la ZI de Palays et utilisons le bus 79 pour rejoindre le m\u00e9tro 7j\/7 pour nous rendre au travail, lyc\u00e9e coll\u00e8ge ou au march\u00e9 restaurant ou autre. Bref la vie&#8230;<\/p>\n<p>Nous avons d\u00e9m\u00e9nag\u00e9 mais aussi 300 familles ont d\u00e9m\u00e9nag\u00e9 dans le\u00a0 quartier ZI de Palays, puisqu&rsquo;une nouvelle r\u00e9sidence a \u00e9t\u00e9 construite rue jean Griffon. J&rsquo;ai \u00e9chang\u00e9 avec le Maire-Adjoint de notre quartier \u00e0 ce sujet c&rsquo;est maintenant l&rsquo;AUTATE que je sollicite.<\/p>\n<p>Le bus 79 est bond\u00e9 aux heures de pointe et les rotations ne sont absolument pas adapt\u00e9es \u00e0 l&rsquo;\u00e9volution d\u00e9mographique du quartier. D&rsquo;autres part, \u00e0 partir de la fin de journ\u00e9e il est impossible voir risqu\u00e9 de prendre le bus&#8230;. attendre 40 mn le 79 aux abords du terminus du m\u00e9tro Ramonville-Saint-Agne extr\u00eamement mal fr\u00e9quent\u00e9 est inacceptable.<\/p>\n<p>Agression, sentiment d&rsquo;ins\u00e9curit\u00e9, voil\u00e0 ce que nous devons subir pour acc\u00e9der \u00e0 notre destination. Que faut-il mener comme action pour que la Direction de Tisseo prenne conscience que la cr\u00e9ation de la nouvelle ligne de m\u00e9tro pr\u00e9vue dans de lointaines ann\u00e9es sera une am\u00e9lioration, mais d&rsquo;ici l\u00e0, comment faisons-nous?<\/p>\n<p>Pourquoi ne pas cr\u00e9er des lin\u00e9o il n&rsquo;y en a si peu? Et il y a largement la possibilit\u00e9 de le faire dans cette zone. Pourquoi nous laisser quasiment sans transport en commun le soir? ou alors nous laisser dans le noir pendant 40mn en esp\u00e9rant que nous pourrons rentrer chez nous sans encombre. Toulouse est une grande M\u00e9tropole mais \u00e0 15 mn du centre nous sommes isol\u00e9s comme dans les campagnes. Comment est-ce possible d&rsquo;arriver \u00e0 un tel constat en 2023 alors que le m\u00eame constat \u00e9tait d\u00e9j\u00e0 fait y a 15 ans voir plus !<\/p>\n<p>Les nombreux usagers de la ligne 79 souhaitent que cette demande remonte par tous les canaux possibles et qu&rsquo;une nette am\u00e9lioration se fasse sentir sans attendre 6 ans&#8230;.<\/p>\n<p>Beaucoup de salari\u00e9s d&rsquo;Airbus utilisent cette ligne \u00e9galement ainsi que de nombreux salari\u00e9s travaillant sur la zone Lab\u00e8ge.<\/p>\n<p>Ce probl\u00e8me est pr\u00e9sent depuis des d\u00e9cennies dans cette zone et demander aux citoyens d&rsquo;attendre encore des ann\u00e9es la construction du m\u00e9tro est tout simplement inapte et irrecevable.<\/p>\n<p>La politique des transports et sa strat\u00e9gie sont essentielles pour le bon fonctionnement de la Cit\u00e9, de son rayonnement.<\/p>\n<p>Je vous remercie de bien vouloir lors de vos r\u00e9unions porter le message de citoyens convaincus que les transports en commun doivent \u00eatre au service de la ville et de son \u00e9volution et savoir s&rsquo;adapter. Merci de monter la marche comme nous le faisons en limitant nos d\u00e9placements en voiture pour le bien-\u00eatre de tous et en nous adaptant \u00e0 toutes les mesures impos\u00e9es (cf ZFE).<\/p>\n<p>Cordialement<\/p>\n<p>[dans notre r\u00e9ponse, nous lui avons conseill\u00e9 d&rsquo;\u00e9crire directement \u00e0 J-M Lattes pour demander la cr\u00e9ation d&rsquo;une ligne LINEO, et lui avons confirm\u00e9 porter le sujet lors d&rsquo;une prochaine rencontre avec Tisseo]<\/p>\n","protected":false},"excerpt":{"rendered":"<p>Ci-dessous, nous publions l&#8217;email re\u00e7u le 19 janvier 2023 d&rsquo;une usag\u00e8re de la ligne 79: Bonjour, \u00a0Nous venons de d\u00e9m\u00e9nager dans le quartier de la ZI de Palays et utilisons le bus 79 pour rejoindre le m\u00e9tro 7j\/7 pour nous rendre au travail, lyc\u00e9e coll\u00e8ge ou au march\u00e9 restaurant ou autre. Bref la vie&#8230; Nous<\/p>\n<p class=\"more-link\"><a href=\"https:\/\/autate.fr\/site\/transformer-la-ligne-de-bus-79-en-lineo\/\" class=\"themebutton2\">VOIR PLUS<\/a><\/p>\n","protected":false},"author":10,"featured_media":0,"comment_status":"open","ping_status":"open","sticky":false,"template":"","format":"standard","meta":{"footnotes":""},"categories":[298,336],"tags":[],"class_list":["post-4194","post","type-post","status-publish","format-standard","hentry","category-lineo","category-temoignages"],"yoast_head":"<!-- This site is optimized with the Yoast SEO plugin v27.4 - https:\/\/yoast.com\/product\/yoast-seo-wordpress\/ -->\n<title>Transformer la ligne de bus 79 en Lineo - AUTATE<\/title>\n<meta name=\"robots\" content=\"index, follow, max-snippet:-1, max-image-preview:large, max-video-preview:-1\" \/>\n<link rel=\"canonical\" href=\"https:\/\/autate.fr\/site\/transformer-la-ligne-de-bus-79-en-lineo\/\" \/>\n<meta property=\"og:locale\" content=\"fr_FR\" \/>\n<meta property=\"og:type\" content=\"article\" \/>\n<meta property=\"og:title\" content=\"Transformer la ligne de bus 79 en Lineo - AUTATE\" \/>\n<meta property=\"og:description\" content=\"Ci-dessous, nous publions l&#8217;email re\u00e7u le 19 janvier 2023 d&rsquo;une usag\u00e8re de la ligne 79: Bonjour, \u00a0Nous venons de d\u00e9m\u00e9nager dans le quartier de la ZI de Palays et utilisons le bus 79 pour rejoindre le m\u00e9tro 7j\/7 pour nous rendre au travail, lyc\u00e9e coll\u00e8ge ou au march\u00e9 restaurant ou autre. Bref la vie&#8230; NousVOIR PLUS\" \/>\n<meta property=\"og:url\" content=\"https:\/\/autate.fr\/site\/transformer-la-ligne-de-bus-79-en-lineo\/\" \/>\n<meta property=\"og:site_name\" content=\"AUTATE\" \/>\n<meta property=\"article:publisher\" content=\"https:\/\/www.facebook.com\/AutateToulouse\" \/>\n<meta property=\"article:published_time\" content=\"2023-01-21T00:37:54+00:00\" \/>\n<meta property=\"article:modified_time\" content=\"2023-11-11T20:11:35+00:00\" \/>\n<meta name=\"author\" content=\"Agn\u00e8s D\u00e9fosse\" \/>\n<meta name=\"twitter:card\" content=\"summary_large_image\" \/>\n<meta name=\"twitter:creator\" content=\"@AutateToulouse\" \/>\n<meta name=\"twitter:site\" content=\"@AutateToulouse\" \/>\n<meta name=\"twitter:label1\" content=\"\u00c9crit par\" \/>\n\t<meta name=\"twitter:data1\" content=\"Agn\u00e8s D\u00e9fosse\" \/>\n\t<meta name=\"twitter:label2\" content=\"Dur\u00e9e de lecture estim\u00e9e\" \/>\n\t<meta name=\"twitter:data2\" content=\"3 minutes\" \/>\n<script type=\"application\/ld+json\" class=\"yoast-schema-graph\">{\"@context\":\"https:\\\/\\\/schema.org\",\"@graph\":[{\"@type\":\"Article\",\"@id\":\"https:\\\/\\\/autate.fr\\\/site\\\/transformer-la-ligne-de-bus-79-en-lineo\\\/#article\",\"isPartOf\":{\"@id\":\"https:\\\/\\\/autate.fr\\\/site\\\/transformer-la-ligne-de-bus-79-en-lineo\\\/\"},\"author\":{\"name\":\"Agn\u00e8s D\u00e9fosse\",\"@id\":\"https:\\\/\\\/autate.fr\\\/site\\\/#\\\/schema\\\/person\\\/5dd2db09ec53d78638dc66bb99c1a96b\"},\"headline\":\"Transformer la ligne de bus 79 en Lineo\",\"datePublished\":\"2023-01-21T00:37:54+00:00\",\"dateModified\":\"2023-11-11T20:11:35+00:00\",\"mainEntityOfPage\":{\"@id\":\"https:\\\/\\\/autate.fr\\\/site\\\/transformer-la-ligne-de-bus-79-en-lineo\\\/\"},\"wordCount\":525,\"commentCount\":0,\"publisher\":{\"@id\":\"https:\\\/\\\/autate.fr\\\/site\\\/#organization\"},\"articleSection\":[\"Lin\u00e9o\",\"T\u00e9moignages\"],\"inLanguage\":\"fr-FR\",\"potentialAction\":[{\"@type\":\"CommentAction\",\"name\":\"Comment\",\"target\":[\"https:\\\/\\\/autate.fr\\\/site\\\/transformer-la-ligne-de-bus-79-en-lineo\\\/#respond\"]}]},{\"@type\":\"WebPage\",\"@id\":\"https:\\\/\\\/autate.fr\\\/site\\\/transformer-la-ligne-de-bus-79-en-lineo\\\/\",\"url\":\"https:\\\/\\\/autate.fr\\\/site\\\/transformer-la-ligne-de-bus-79-en-lineo\\\/\",\"name\":\"Transformer la ligne de bus 79 en Lineo - AUTATE\",\"isPartOf\":{\"@id\":\"https:\\\/\\\/autate.fr\\\/site\\\/#website\"},\"datePublished\":\"2023-01-21T00:37:54+00:00\",\"dateModified\":\"2023-11-11T20:11:35+00:00\",\"breadcrumb\":{\"@id\":\"https:\\\/\\\/autate.fr\\\/site\\\/transformer-la-ligne-de-bus-79-en-lineo\\\/#breadcrumb\"},\"inLanguage\":\"fr-FR\",\"potentialAction\":[{\"@type\":\"ReadAction\",\"target\":[\"https:\\\/\\\/autate.fr\\\/site\\\/transformer-la-ligne-de-bus-79-en-lineo\\\/\"]}]},{\"@type\":\"BreadcrumbList\",\"@id\":\"https:\\\/\\\/autate.fr\\\/site\\\/transformer-la-ligne-de-bus-79-en-lineo\\\/#breadcrumb\",\"itemListElement\":[{\"@type\":\"ListItem\",\"position\":1,\"name\":\"Accueil\",\"item\":\"https:\\\/\\\/autate.fr\\\/site\\\/\"},{\"@type\":\"ListItem\",\"position\":2,\"name\":\"Transformer la ligne de bus 79 en Lineo\"}]},{\"@type\":\"WebSite\",\"@id\":\"https:\\\/\\\/autate.fr\\\/site\\\/#website\",\"url\":\"https:\\\/\\\/autate.fr\\\/site\\\/\",\"name\":\"AUTATE\",\"description\":\"Association des usagers des transports de l&#039;agglom\u00e9ration Toulousaine et de ses environs\",\"publisher\":{\"@id\":\"https:\\\/\\\/autate.fr\\\/site\\\/#organization\"},\"potentialAction\":[{\"@type\":\"SearchAction\",\"target\":{\"@type\":\"EntryPoint\",\"urlTemplate\":\"https:\\\/\\\/autate.fr\\\/site\\\/?s={search_term_string}\"},\"query-input\":{\"@type\":\"PropertyValueSpecification\",\"valueRequired\":true,\"valueName\":\"search_term_string\"}}],\"inLanguage\":\"fr-FR\"},{\"@type\":\"Organization\",\"@id\":\"https:\\\/\\\/autate.fr\\\/site\\\/#organization\",\"name\":\"AUTATE\",\"url\":\"https:\\\/\\\/autate.fr\\\/site\\\/\",\"logo\":{\"@type\":\"ImageObject\",\"inLanguage\":\"fr-FR\",\"@id\":\"https:\\\/\\\/autate.fr\\\/site\\\/#\\\/schema\\\/logo\\\/image\\\/\",\"url\":\"http:\\\/\\\/autate.fr\\\/site\\\/wp-content\\\/uploads\\\/2019\\\/01\\\/logo.png\",\"contentUrl\":\"http:\\\/\\\/autate.fr\\\/site\\\/wp-content\\\/uploads\\\/2019\\\/01\\\/logo.png\",\"width\":506,\"height\":280,\"caption\":\"AUTATE\"},\"image\":{\"@id\":\"https:\\\/\\\/autate.fr\\\/site\\\/#\\\/schema\\\/logo\\\/image\\\/\"},\"sameAs\":[\"https:\\\/\\\/www.facebook.com\\\/AutateToulouse\",\"https:\\\/\\\/x.com\\\/AutateToulouse\"]},{\"@type\":\"Person\",\"@id\":\"https:\\\/\\\/autate.fr\\\/site\\\/#\\\/schema\\\/person\\\/5dd2db09ec53d78638dc66bb99c1a96b\",\"name\":\"Agn\u00e8s D\u00e9fosse\",\"image\":{\"@type\":\"ImageObject\",\"inLanguage\":\"fr-FR\",\"@id\":\"https:\\\/\\\/secure.gravatar.com\\\/avatar\\\/95c9cd4b94e5a0c0ea8b60b9bdbb3225980cf1f6d229a870c299992be19d6804?s=96&d=mm&r=g\",\"url\":\"https:\\\/\\\/secure.gravatar.com\\\/avatar\\\/95c9cd4b94e5a0c0ea8b60b9bdbb3225980cf1f6d229a870c299992be19d6804?s=96&d=mm&r=g\",\"contentUrl\":\"https:\\\/\\\/secure.gravatar.com\\\/avatar\\\/95c9cd4b94e5a0c0ea8b60b9bdbb3225980cf1f6d229a870c299992be19d6804?s=96&d=mm&r=g\",\"caption\":\"Agn\u00e8s D\u00e9fosse\"},\"url\":\"https:\\\/\\\/autate.fr\\\/site\\\/author\\\/agnesdefosse\\\/\"}]}<\/script>\n<!-- \/ Yoast SEO plugin. -->","yoast_head_json":{"title":"Transformer la ligne de bus 79 en Lineo - AUTATE","robots":{"index":"index","follow":"follow","max-snippet":"max-snippet:-1","max-image-preview":"max-image-preview:large","max-video-preview":"max-video-preview:-1"},"canonical":"https:\/\/autate.fr\/site\/transformer-la-ligne-de-bus-79-en-lineo\/","og_locale":"fr_FR","og_type":"article","og_title":"Transformer la ligne de bus 79 en Lineo - AUTATE","og_description":"Ci-dessous, nous publions l&#8217;email re\u00e7u le 19 janvier 2023 d&rsquo;une usag\u00e8re de la ligne 79: Bonjour, \u00a0Nous venons de d\u00e9m\u00e9nager dans le quartier de la ZI de Palays et utilisons le bus 79 pour rejoindre le m\u00e9tro 7j\/7 pour nous rendre au travail, lyc\u00e9e coll\u00e8ge ou au march\u00e9 restaurant ou autre. Bref la vie&#8230; NousVOIR PLUS","og_url":"https:\/\/autate.fr\/site\/transformer-la-ligne-de-bus-79-en-lineo\/","og_site_name":"AUTATE","article_publisher":"https:\/\/www.facebook.com\/AutateToulouse","article_published_time":"2023-01-21T00:37:54+00:00","article_modified_time":"2023-11-11T20:11:35+00:00","author":"Agn\u00e8s D\u00e9fosse","twitter_card":"summary_large_image","twitter_creator":"@AutateToulouse","twitter_site":"@AutateToulouse","twitter_misc":{"\u00c9crit par":"Agn\u00e8s D\u00e9fosse","Dur\u00e9e de lecture estim\u00e9e":"3 minutes"},"schema":{"@context":"https:\/\/schema.org","@graph":[{"@type":"Article","@id":"https:\/\/autate.fr\/site\/transformer-la-ligne-de-bus-79-en-lineo\/#article","isPartOf":{"@id":"https:\/\/autate.fr\/site\/transformer-la-ligne-de-bus-79-en-lineo\/"},"author":{"name":"Agn\u00e8s D\u00e9fosse","@id":"https:\/\/autate.fr\/site\/#\/schema\/person\/5dd2db09ec53d78638dc66bb99c1a96b"},"headline":"Transformer la ligne de bus 79 en Lineo","datePublished":"2023-01-21T00:37:54+00:00","dateModified":"2023-11-11T20:11:35+00:00","mainEntityOfPage":{"@id":"https:\/\/autate.fr\/site\/transformer-la-ligne-de-bus-79-en-lineo\/"},"wordCount":525,"commentCount":0,"publisher":{"@id":"https:\/\/autate.fr\/site\/#organization"},"articleSection":["Lin\u00e9o","T\u00e9moignages"],"inLanguage":"fr-FR","potentialAction":[{"@type":"CommentAction","name":"Comment","target":["https:\/\/autate.fr\/site\/transformer-la-ligne-de-bus-79-en-lineo\/#respond"]}]},{"@type":"WebPage","@id":"https:\/\/autate.fr\/site\/transformer-la-ligne-de-bus-79-en-lineo\/","url":"https:\/\/autate.fr\/site\/transformer-la-ligne-de-bus-79-en-lineo\/","name":"Transformer la ligne de bus 79 en Lineo - AUTATE","isPartOf":{"@id":"https:\/\/autate.fr\/site\/#website"},"datePublished":"2023-01-21T00:37:54+00:00","dateModified":"2023-11-11T20:11:35+00:00","breadcrumb":{"@id":"https:\/\/autate.fr\/site\/transformer-la-ligne-de-bus-79-en-lineo\/#breadcrumb"},"inLanguage":"fr-FR","potentialAction":[{"@type":"ReadAction","target":["https:\/\/autate.fr\/site\/transformer-la-ligne-de-bus-79-en-lineo\/"]}]},{"@type":"BreadcrumbList","@id":"https:\/\/autate.fr\/site\/transformer-la-ligne-de-bus-79-en-lineo\/#breadcrumb","itemListElement":[{"@type":"ListItem","position":1,"name":"Accueil","item":"https:\/\/autate.fr\/site\/"},{"@type":"ListItem","position":2,"name":"Transformer la ligne de bus 79 en Lineo"}]},{"@type":"WebSite","@id":"https:\/\/autate.fr\/site\/#website","url":"https:\/\/autate.fr\/site\/","name":"AUTATE","description":"Association des usagers des transports de l&#039;agglom\u00e9ration Toulousaine et de ses environs","publisher":{"@id":"https:\/\/autate.fr\/site\/#organization"},"potentialAction":[{"@type":"SearchAction","target":{"@type":"EntryPoint","urlTemplate":"https:\/\/autate.fr\/site\/?s={search_term_string}"},"query-input":{"@type":"PropertyValueSpecification","valueRequired":true,"valueName":"search_term_string"}}],"inLanguage":"fr-FR"},{"@type":"Organization","@id":"https:\/\/autate.fr\/site\/#organization","name":"AUTATE","url":"https:\/\/autate.fr\/site\/","logo":{"@type":"ImageObject","inLanguage":"fr-FR","@id":"https:\/\/autate.fr\/site\/#\/schema\/logo\/image\/","url":"http:\/\/autate.fr\/site\/wp-content\/uploads\/2019\/01\/logo.png","contentUrl":"http:\/\/autate.fr\/site\/wp-content\/uploads\/2019\/01\/logo.png","width":506,"height":280,"caption":"AUTATE"},"image":{"@id":"https:\/\/autate.fr\/site\/#\/schema\/logo\/image\/"},"sameAs":["https:\/\/www.facebook.com\/AutateToulouse","https:\/\/x.com\/AutateToulouse"]},{"@type":"Person","@id":"https:\/\/autate.fr\/site\/#\/schema\/person\/5dd2db09ec53d78638dc66bb99c1a96b","name":"Agn\u00e8s D\u00e9fosse","image":{"@type":"ImageObject","inLanguage":"fr-FR","@id":"https:\/\/secure.gravatar.com\/avatar\/95c9cd4b94e5a0c0ea8b60b9bdbb3225980cf1f6d229a870c299992be19d6804?s=96&d=mm&r=g","url":"https:\/\/secure.gravatar.com\/avatar\/95c9cd4b94e5a0c0ea8b60b9bdbb3225980cf1f6d229a870c299992be19d6804?s=96&d=mm&r=g","contentUrl":"https:\/\/secure.gravatar.com\/avatar\/95c9cd4b94e5a0c0ea8b60b9bdbb3225980cf1f6d229a870c299992be19d6804?s=96&d=mm&r=g","caption":"Agn\u00e8s D\u00e9fosse"},"url":"https:\/\/autate.fr\/site\/author\/agnesdefosse\/"}]}},"_links":{"self":[{"href":"https:\/\/autate.fr\/site\/wp-json\/wp\/v2\/posts\/4194","targetHints":{"allow":["GET"]}}],"collection":[{"href":"https:\/\/autate.fr\/site\/wp-json\/wp\/v2\/posts"}],"about":[{"href":"https:\/\/autate.fr\/site\/wp-json\/wp\/v2\/types\/post"}],"author":[{"embeddable":true,"href":"https:\/\/autate.fr\/site\/wp-json\/wp\/v2\/users\/10"}],"replies":[{"embeddable":true,"href":"https:\/\/autate.fr\/site\/wp-json\/wp\/v2\/comments?post=4194"}],"version-history":[{"count":3,"href":"https:\/\/autate.fr\/site\/wp-json\/wp\/v2\/posts\/4194\/revisions"}],"predecessor-version":[{"id":4197,"href":"https:\/\/autate.fr\/site\/wp-json\/wp\/v2\/posts\/4194\/revisions\/4197"}],"wp:attachment":[{"href":"https:\/\/autate.fr\/site\/wp-json\/wp\/v2\/media?parent=4194"}],"wp:term":[{"taxonomy":"category","embeddable":true,"href":"https:\/\/autate.fr\/site\/wp-json\/wp\/v2\/categories?post=4194"},{"taxonomy":"post_tag","embeddable":true,"href":"https:\/\/autate.fr\/site\/wp-json\/wp\/v2\/tags?post=4194"}],"curies":[{"name":"wp","href":"https:\/\/api.w.org\/{rel}","templated":true}]}}