{"id":4126,"date":"2022-09-27T12:12:13","date_gmt":"2022-09-27T10:12:13","guid":{"rendered":"https:\/\/autate.fr\/site\/?p=4126"},"modified":"2025-11-11T17:36:42","modified_gmt":"2025-11-11T16:36:42","slug":"enquete-mobilites-et-deplacement-du-grand-ouest-toulousain","status":"publish","type":"post","link":"https:\/\/autate.fr\/site\/enquete-mobilites-et-deplacement-du-grand-ouest-toulousain\/","title":{"rendered":"Enqu\u00eate Mobilit\u00e9s et D\u00e9placement du Grand Ouest Toulousain"},"content":{"rendered":"\n<p style=\"text-align: center;\">L&rsquo;enqu\u00eate suivante se termine <span style=\"color: red;\">le 3 octobre<\/span> , exprimez vous sur vos besoins en transports en commun.<br>&nbsp;<span style=\"font-size: large;\"><span style=\"color: blue;\"><a class=\"moz-txt-link-freetext\" href=\"https:\/\/enquete.plandemobilite.fr\/index.php\/828975\">https:\/\/enquete.plandemobilite.fr\/index.php\/828975<\/a><\/span><\/span> &nbsp;&nbsp;&nbsp;&nbsp;&nbsp;&nbsp;&nbsp; <\/p>\n<h1 class=\" survey-name text-center\">&nbsp;&nbsp;&nbsp;&nbsp;&nbsp;&nbsp;&nbsp;&nbsp;&nbsp;&nbsp;&nbsp;&nbsp;&nbsp; Enqu\u00eate Mobilit\u00e9s et D\u00e9placement<\/h1>\n<p><strong>Quelles sont vos habitudes de d\u00e9placement ?<\/strong><\/p>\n<p><strong>Vous habitez le territoire du Grand Ouest Toulousain ? Vous y travaillez ? Vous vous y rendez r\u00e9guli\u00e8rement pour vos loisirs ?<\/strong><\/p>\n<p>Participez \u00e0 l\u2019enqu\u00eate en ligne concernant vos habitudes de d\u00e9placement et agissez pour co-construire une offre de mobilit\u00e9 plus durable et adapt\u00e9e aux besoins de toutes et tous.<\/p>\n<p>Cela vous prendra moins de 10 mn.<\/p>\n","protected":false},"excerpt":{"rendered":"<p>L&rsquo;enqu\u00eate suivante se termine le 3 octobre , exprimez vous sur vos besoins en transports en commun.&nbsp;https:\/\/enquete.plandemobilite.fr\/index.php\/828975 &nbsp;&nbsp;&nbsp;&nbsp;&nbsp;&nbsp;&nbsp; &nbsp;&nbsp;&nbsp;&nbsp;&nbsp;&nbsp;&nbsp;&nbsp;&nbsp;&nbsp;&nbsp;&nbsp;&nbsp; Enqu\u00eate Mobilit\u00e9s et D\u00e9placement Quelles sont vos habitudes de d\u00e9placement ? Vous habitez le territoire du Grand Ouest Toulousain ? Vous y travaillez ? Vous vous y rendez r\u00e9guli\u00e8rement pour vos loisirs ? Participez \u00e0 l\u2019enqu\u00eate<\/p>\n<p class=\"more-link\"><a href=\"https:\/\/autate.fr\/site\/enquete-mobilites-et-deplacement-du-grand-ouest-toulousain\/\" class=\"themebutton2\">VOIR PLUS<\/a><\/p>\n","protected":false},"author":11,"featured_media":4138,"comment_status":"open","ping_status":"open","sticky":false,"template":"","format":"standard","meta":{"footnotes":""},"categories":[500,298],"tags":[61,532,46],"class_list":["post-4126","post","type-post","status-publish","format-standard","has-post-thumbnail","hentry","category-bus-tisseo","category-lineo","tag-bus","tag-concertation-enquete","tag-tisseo"],"yoast_head":"<!-- This site is optimized with the Yoast SEO plugin v27.4 - https:\/\/yoast.com\/product\/yoast-seo-wordpress\/ -->\n<title>Enqu\u00eate Mobilit\u00e9s et D\u00e9placement du Grand Ouest Toulousain - AUTATE<\/title>\n<meta name=\"robots\" content=\"index, follow, max-snippet:-1, max-image-preview:large, max-video-preview:-1\" \/>\n<link rel=\"canonical\" href=\"https:\/\/autate.fr\/site\/enquete-mobilites-et-deplacement-du-grand-ouest-toulousain\/\" \/>\n<meta property=\"og:locale\" content=\"fr_FR\" \/>\n<meta property=\"og:type\" content=\"article\" \/>\n<meta property=\"og:title\" content=\"Enqu\u00eate Mobilit\u00e9s et D\u00e9placement du Grand Ouest Toulousain - AUTATE\" \/>\n<meta property=\"og:description\" content=\"L&rsquo;enqu\u00eate suivante se termine le 3 octobre , exprimez vous sur vos besoins en transports en commun.&nbsp;https:\/\/enquete.plandemobilite.fr\/index.php\/828975 &nbsp;&nbsp;&nbsp;&nbsp;&nbsp;&nbsp;&nbsp; &nbsp;&nbsp;&nbsp;&nbsp;&nbsp;&nbsp;&nbsp;&nbsp;&nbsp;&nbsp;&nbsp;&nbsp;&nbsp; Enqu\u00eate Mobilit\u00e9s et D\u00e9placement Quelles sont vos habitudes de d\u00e9placement ? Vous habitez le territoire du Grand Ouest Toulousain ? Vous y travaillez ? Vous vous y rendez r\u00e9guli\u00e8rement pour vos loisirs ? Participez \u00e0 l\u2019enqu\u00eateVOIR PLUS\" \/>\n<meta property=\"og:url\" content=\"https:\/\/autate.fr\/site\/enquete-mobilites-et-deplacement-du-grand-ouest-toulousain\/\" \/>\n<meta property=\"og:site_name\" content=\"AUTATE\" \/>\n<meta property=\"article:publisher\" content=\"https:\/\/www.facebook.com\/AutateToulouse\" \/>\n<meta property=\"article:published_time\" content=\"2022-09-27T10:12:13+00:00\" \/>\n<meta property=\"article:modified_time\" content=\"2025-11-11T16:36:42+00:00\" \/>\n<meta property=\"og:image\" content=\"https:\/\/autate.fr\/site\/wp-content\/uploads\/2022\/09\/Enquete-mobilite.png\" \/>\n\t<meta property=\"og:image:width\" content=\"320\" \/>\n\t<meta property=\"og:image:height\" content=\"158\" \/>\n\t<meta property=\"og:image:type\" content=\"image\/png\" \/>\n<meta name=\"author\" content=\"Nicole Asencio\" \/>\n<meta name=\"twitter:card\" content=\"summary_large_image\" \/>\n<meta name=\"twitter:creator\" content=\"@AutateToulouse\" \/>\n<meta name=\"twitter:site\" content=\"@AutateToulouse\" \/>\n<meta name=\"twitter:label1\" content=\"\u00c9crit par\" \/>\n\t<meta name=\"twitter:data1\" content=\"Nicole Asencio\" \/>\n<script type=\"application\/ld+json\" class=\"yoast-schema-graph\">{\"@context\":\"https:\\\/\\\/schema.org\",\"@graph\":[{\"@type\":\"Article\",\"@id\":\"https:\\\/\\\/autate.fr\\\/site\\\/enquete-mobilites-et-deplacement-du-grand-ouest-toulousain\\\/#article\",\"isPartOf\":{\"@id\":\"https:\\\/\\\/autate.fr\\\/site\\\/enquete-mobilites-et-deplacement-du-grand-ouest-toulousain\\\/\"},\"author\":{\"name\":\"Nicole Asencio\",\"@id\":\"https:\\\/\\\/autate.fr\\\/site\\\/#\\\/schema\\\/person\\\/0bb5ca7e46998673c4b91b0c2e00d68f\"},\"headline\":\"Enqu\u00eate Mobilit\u00e9s et D\u00e9placement du Grand Ouest Toulousain\",\"datePublished\":\"2022-09-27T10:12:13+00:00\",\"dateModified\":\"2025-11-11T16:36:42+00:00\",\"mainEntityOfPage\":{\"@id\":\"https:\\\/\\\/autate.fr\\\/site\\\/enquete-mobilites-et-deplacement-du-grand-ouest-toulousain\\\/\"},\"wordCount\":126,\"commentCount\":0,\"publisher\":{\"@id\":\"https:\\\/\\\/autate.fr\\\/site\\\/#organization\"},\"image\":{\"@id\":\"https:\\\/\\\/autate.fr\\\/site\\\/enquete-mobilites-et-deplacement-du-grand-ouest-toulousain\\\/#primaryimage\"},\"thumbnailUrl\":\"https:\\\/\\\/autate.fr\\\/site\\\/wp-content\\\/uploads\\\/2022\\\/09\\\/Enquete-mobilite.png\",\"keywords\":[\"bus\",\"concertation-enqu\u00eate\",\"Tiss\u00e9o\"],\"articleSection\":[\"Bus Tisseo\",\"Lin\u00e9o\"],\"inLanguage\":\"fr-FR\",\"potentialAction\":[{\"@type\":\"CommentAction\",\"name\":\"Comment\",\"target\":[\"https:\\\/\\\/autate.fr\\\/site\\\/enquete-mobilites-et-deplacement-du-grand-ouest-toulousain\\\/#respond\"]}]},{\"@type\":\"WebPage\",\"@id\":\"https:\\\/\\\/autate.fr\\\/site\\\/enquete-mobilites-et-deplacement-du-grand-ouest-toulousain\\\/\",\"url\":\"https:\\\/\\\/autate.fr\\\/site\\\/enquete-mobilites-et-deplacement-du-grand-ouest-toulousain\\\/\",\"name\":\"Enqu\u00eate Mobilit\u00e9s et D\u00e9placement du Grand Ouest Toulousain - AUTATE\",\"isPartOf\":{\"@id\":\"https:\\\/\\\/autate.fr\\\/site\\\/#website\"},\"primaryImageOfPage\":{\"@id\":\"https:\\\/\\\/autate.fr\\\/site\\\/enquete-mobilites-et-deplacement-du-grand-ouest-toulousain\\\/#primaryimage\"},\"image\":{\"@id\":\"https:\\\/\\\/autate.fr\\\/site\\\/enquete-mobilites-et-deplacement-du-grand-ouest-toulousain\\\/#primaryimage\"},\"thumbnailUrl\":\"https:\\\/\\\/autate.fr\\\/site\\\/wp-content\\\/uploads\\\/2022\\\/09\\\/Enquete-mobilite.png\",\"datePublished\":\"2022-09-27T10:12:13+00:00\",\"dateModified\":\"2025-11-11T16:36:42+00:00\",\"breadcrumb\":{\"@id\":\"https:\\\/\\\/autate.fr\\\/site\\\/enquete-mobilites-et-deplacement-du-grand-ouest-toulousain\\\/#breadcrumb\"},\"inLanguage\":\"fr-FR\",\"potentialAction\":[{\"@type\":\"ReadAction\",\"target\":[\"https:\\\/\\\/autate.fr\\\/site\\\/enquete-mobilites-et-deplacement-du-grand-ouest-toulousain\\\/\"]}]},{\"@type\":\"ImageObject\",\"inLanguage\":\"fr-FR\",\"@id\":\"https:\\\/\\\/autate.fr\\\/site\\\/enquete-mobilites-et-deplacement-du-grand-ouest-toulousain\\\/#primaryimage\",\"url\":\"https:\\\/\\\/autate.fr\\\/site\\\/wp-content\\\/uploads\\\/2022\\\/09\\\/Enquete-mobilite.png\",\"contentUrl\":\"https:\\\/\\\/autate.fr\\\/site\\\/wp-content\\\/uploads\\\/2022\\\/09\\\/Enquete-mobilite.png\",\"width\":320,\"height\":158},{\"@type\":\"BreadcrumbList\",\"@id\":\"https:\\\/\\\/autate.fr\\\/site\\\/enquete-mobilites-et-deplacement-du-grand-ouest-toulousain\\\/#breadcrumb\",\"itemListElement\":[{\"@type\":\"ListItem\",\"position\":1,\"name\":\"Accueil\",\"item\":\"https:\\\/\\\/autate.fr\\\/site\\\/\"},{\"@type\":\"ListItem\",\"position\":2,\"name\":\"Enqu\u00eate Mobilit\u00e9s et D\u00e9placement du Grand Ouest Toulousain\"}]},{\"@type\":\"WebSite\",\"@id\":\"https:\\\/\\\/autate.fr\\\/site\\\/#website\",\"url\":\"https:\\\/\\\/autate.fr\\\/site\\\/\",\"name\":\"AUTATE\",\"description\":\"Association des usagers des transports de l&#039;agglom\u00e9ration Toulousaine et de ses environs\",\"publisher\":{\"@id\":\"https:\\\/\\\/autate.fr\\\/site\\\/#organization\"},\"potentialAction\":[{\"@type\":\"SearchAction\",\"target\":{\"@type\":\"EntryPoint\",\"urlTemplate\":\"https:\\\/\\\/autate.fr\\\/site\\\/?s={search_term_string}\"},\"query-input\":{\"@type\":\"PropertyValueSpecification\",\"valueRequired\":true,\"valueName\":\"search_term_string\"}}],\"inLanguage\":\"fr-FR\"},{\"@type\":\"Organization\",\"@id\":\"https:\\\/\\\/autate.fr\\\/site\\\/#organization\",\"name\":\"AUTATE\",\"url\":\"https:\\\/\\\/autate.fr\\\/site\\\/\",\"logo\":{\"@type\":\"ImageObject\",\"inLanguage\":\"fr-FR\",\"@id\":\"https:\\\/\\\/autate.fr\\\/site\\\/#\\\/schema\\\/logo\\\/image\\\/\",\"url\":\"http:\\\/\\\/autate.fr\\\/site\\\/wp-content\\\/uploads\\\/2019\\\/01\\\/logo.png\",\"contentUrl\":\"http:\\\/\\\/autate.fr\\\/site\\\/wp-content\\\/uploads\\\/2019\\\/01\\\/logo.png\",\"width\":506,\"height\":280,\"caption\":\"AUTATE\"},\"image\":{\"@id\":\"https:\\\/\\\/autate.fr\\\/site\\\/#\\\/schema\\\/logo\\\/image\\\/\"},\"sameAs\":[\"https:\\\/\\\/www.facebook.com\\\/AutateToulouse\",\"https:\\\/\\\/x.com\\\/AutateToulouse\"]},{\"@type\":\"Person\",\"@id\":\"https:\\\/\\\/autate.fr\\\/site\\\/#\\\/schema\\\/person\\\/0bb5ca7e46998673c4b91b0c2e00d68f\",\"name\":\"Nicole Asencio\",\"image\":{\"@type\":\"ImageObject\",\"inLanguage\":\"fr-FR\",\"@id\":\"https:\\\/\\\/secure.gravatar.com\\\/avatar\\\/e0ab2745834273b8d9e7e210cd89aa3d65862c09d22826783f467afd86533c8a?s=96&d=mm&r=g\",\"url\":\"https:\\\/\\\/secure.gravatar.com\\\/avatar\\\/e0ab2745834273b8d9e7e210cd89aa3d65862c09d22826783f467afd86533c8a?s=96&d=mm&r=g\",\"contentUrl\":\"https:\\\/\\\/secure.gravatar.com\\\/avatar\\\/e0ab2745834273b8d9e7e210cd89aa3d65862c09d22826783f467afd86533c8a?s=96&d=mm&r=g\",\"caption\":\"Nicole Asencio\"},\"url\":\"https:\\\/\\\/autate.fr\\\/site\\\/author\\\/nicoleasencio\\\/\"}]}<\/script>\n<!-- \/ Yoast SEO plugin. -->","yoast_head_json":{"title":"Enqu\u00eate Mobilit\u00e9s et D\u00e9placement du Grand Ouest Toulousain - AUTATE","robots":{"index":"index","follow":"follow","max-snippet":"max-snippet:-1","max-image-preview":"max-image-preview:large","max-video-preview":"max-video-preview:-1"},"canonical":"https:\/\/autate.fr\/site\/enquete-mobilites-et-deplacement-du-grand-ouest-toulousain\/","og_locale":"fr_FR","og_type":"article","og_title":"Enqu\u00eate Mobilit\u00e9s et D\u00e9placement du Grand Ouest Toulousain - AUTATE","og_description":"L&rsquo;enqu\u00eate suivante se termine le 3 octobre , exprimez vous sur vos besoins en transports en commun.&nbsp;https:\/\/enquete.plandemobilite.fr\/index.php\/828975 &nbsp;&nbsp;&nbsp;&nbsp;&nbsp;&nbsp;&nbsp; &nbsp;&nbsp;&nbsp;&nbsp;&nbsp;&nbsp;&nbsp;&nbsp;&nbsp;&nbsp;&nbsp;&nbsp;&nbsp; Enqu\u00eate Mobilit\u00e9s et D\u00e9placement Quelles sont vos habitudes de d\u00e9placement ? Vous habitez le territoire du Grand Ouest Toulousain ? Vous y travaillez ? Vous vous y rendez r\u00e9guli\u00e8rement pour vos loisirs ? Participez \u00e0 l\u2019enqu\u00eateVOIR PLUS","og_url":"https:\/\/autate.fr\/site\/enquete-mobilites-et-deplacement-du-grand-ouest-toulousain\/","og_site_name":"AUTATE","article_publisher":"https:\/\/www.facebook.com\/AutateToulouse","article_published_time":"2022-09-27T10:12:13+00:00","article_modified_time":"2025-11-11T16:36:42+00:00","og_image":[{"width":320,"height":158,"url":"https:\/\/autate.fr\/site\/wp-content\/uploads\/2022\/09\/Enquete-mobilite.png","type":"image\/png"}],"author":"Nicole Asencio","twitter_card":"summary_large_image","twitter_creator":"@AutateToulouse","twitter_site":"@AutateToulouse","twitter_misc":{"\u00c9crit par":"Nicole Asencio"},"schema":{"@context":"https:\/\/schema.org","@graph":[{"@type":"Article","@id":"https:\/\/autate.fr\/site\/enquete-mobilites-et-deplacement-du-grand-ouest-toulousain\/#article","isPartOf":{"@id":"https:\/\/autate.fr\/site\/enquete-mobilites-et-deplacement-du-grand-ouest-toulousain\/"},"author":{"name":"Nicole Asencio","@id":"https:\/\/autate.fr\/site\/#\/schema\/person\/0bb5ca7e46998673c4b91b0c2e00d68f"},"headline":"Enqu\u00eate Mobilit\u00e9s et D\u00e9placement du Grand Ouest Toulousain","datePublished":"2022-09-27T10:12:13+00:00","dateModified":"2025-11-11T16:36:42+00:00","mainEntityOfPage":{"@id":"https:\/\/autate.fr\/site\/enquete-mobilites-et-deplacement-du-grand-ouest-toulousain\/"},"wordCount":126,"commentCount":0,"publisher":{"@id":"https:\/\/autate.fr\/site\/#organization"},"image":{"@id":"https:\/\/autate.fr\/site\/enquete-mobilites-et-deplacement-du-grand-ouest-toulousain\/#primaryimage"},"thumbnailUrl":"https:\/\/autate.fr\/site\/wp-content\/uploads\/2022\/09\/Enquete-mobilite.png","keywords":["bus","concertation-enqu\u00eate","Tiss\u00e9o"],"articleSection":["Bus Tisseo","Lin\u00e9o"],"inLanguage":"fr-FR","potentialAction":[{"@type":"CommentAction","name":"Comment","target":["https:\/\/autate.fr\/site\/enquete-mobilites-et-deplacement-du-grand-ouest-toulousain\/#respond"]}]},{"@type":"WebPage","@id":"https:\/\/autate.fr\/site\/enquete-mobilites-et-deplacement-du-grand-ouest-toulousain\/","url":"https:\/\/autate.fr\/site\/enquete-mobilites-et-deplacement-du-grand-ouest-toulousain\/","name":"Enqu\u00eate Mobilit\u00e9s et D\u00e9placement du Grand Ouest Toulousain - AUTATE","isPartOf":{"@id":"https:\/\/autate.fr\/site\/#website"},"primaryImageOfPage":{"@id":"https:\/\/autate.fr\/site\/enquete-mobilites-et-deplacement-du-grand-ouest-toulousain\/#primaryimage"},"image":{"@id":"https:\/\/autate.fr\/site\/enquete-mobilites-et-deplacement-du-grand-ouest-toulousain\/#primaryimage"},"thumbnailUrl":"https:\/\/autate.fr\/site\/wp-content\/uploads\/2022\/09\/Enquete-mobilite.png","datePublished":"2022-09-27T10:12:13+00:00","dateModified":"2025-11-11T16:36:42+00:00","breadcrumb":{"@id":"https:\/\/autate.fr\/site\/enquete-mobilites-et-deplacement-du-grand-ouest-toulousain\/#breadcrumb"},"inLanguage":"fr-FR","potentialAction":[{"@type":"ReadAction","target":["https:\/\/autate.fr\/site\/enquete-mobilites-et-deplacement-du-grand-ouest-toulousain\/"]}]},{"@type":"ImageObject","inLanguage":"fr-FR","@id":"https:\/\/autate.fr\/site\/enquete-mobilites-et-deplacement-du-grand-ouest-toulousain\/#primaryimage","url":"https:\/\/autate.fr\/site\/wp-content\/uploads\/2022\/09\/Enquete-mobilite.png","contentUrl":"https:\/\/autate.fr\/site\/wp-content\/uploads\/2022\/09\/Enquete-mobilite.png","width":320,"height":158},{"@type":"BreadcrumbList","@id":"https:\/\/autate.fr\/site\/enquete-mobilites-et-deplacement-du-grand-ouest-toulousain\/#breadcrumb","itemListElement":[{"@type":"ListItem","position":1,"name":"Accueil","item":"https:\/\/autate.fr\/site\/"},{"@type":"ListItem","position":2,"name":"Enqu\u00eate Mobilit\u00e9s et D\u00e9placement du Grand Ouest Toulousain"}]},{"@type":"WebSite","@id":"https:\/\/autate.fr\/site\/#website","url":"https:\/\/autate.fr\/site\/","name":"AUTATE","description":"Association des usagers des transports de l&#039;agglom\u00e9ration Toulousaine et de ses environs","publisher":{"@id":"https:\/\/autate.fr\/site\/#organization"},"potentialAction":[{"@type":"SearchAction","target":{"@type":"EntryPoint","urlTemplate":"https:\/\/autate.fr\/site\/?s={search_term_string}"},"query-input":{"@type":"PropertyValueSpecification","valueRequired":true,"valueName":"search_term_string"}}],"inLanguage":"fr-FR"},{"@type":"Organization","@id":"https:\/\/autate.fr\/site\/#organization","name":"AUTATE","url":"https:\/\/autate.fr\/site\/","logo":{"@type":"ImageObject","inLanguage":"fr-FR","@id":"https:\/\/autate.fr\/site\/#\/schema\/logo\/image\/","url":"http:\/\/autate.fr\/site\/wp-content\/uploads\/2019\/01\/logo.png","contentUrl":"http:\/\/autate.fr\/site\/wp-content\/uploads\/2019\/01\/logo.png","width":506,"height":280,"caption":"AUTATE"},"image":{"@id":"https:\/\/autate.fr\/site\/#\/schema\/logo\/image\/"},"sameAs":["https:\/\/www.facebook.com\/AutateToulouse","https:\/\/x.com\/AutateToulouse"]},{"@type":"Person","@id":"https:\/\/autate.fr\/site\/#\/schema\/person\/0bb5ca7e46998673c4b91b0c2e00d68f","name":"Nicole Asencio","image":{"@type":"ImageObject","inLanguage":"fr-FR","@id":"https:\/\/secure.gravatar.com\/avatar\/e0ab2745834273b8d9e7e210cd89aa3d65862c09d22826783f467afd86533c8a?s=96&d=mm&r=g","url":"https:\/\/secure.gravatar.com\/avatar\/e0ab2745834273b8d9e7e210cd89aa3d65862c09d22826783f467afd86533c8a?s=96&d=mm&r=g","contentUrl":"https:\/\/secure.gravatar.com\/avatar\/e0ab2745834273b8d9e7e210cd89aa3d65862c09d22826783f467afd86533c8a?s=96&d=mm&r=g","caption":"Nicole Asencio"},"url":"https:\/\/autate.fr\/site\/author\/nicoleasencio\/"}]}},"_links":{"self":[{"href":"https:\/\/autate.fr\/site\/wp-json\/wp\/v2\/posts\/4126","targetHints":{"allow":["GET"]}}],"collection":[{"href":"https:\/\/autate.fr\/site\/wp-json\/wp\/v2\/posts"}],"about":[{"href":"https:\/\/autate.fr\/site\/wp-json\/wp\/v2\/types\/post"}],"author":[{"embeddable":true,"href":"https:\/\/autate.fr\/site\/wp-json\/wp\/v2\/users\/11"}],"replies":[{"embeddable":true,"href":"https:\/\/autate.fr\/site\/wp-json\/wp\/v2\/comments?post=4126"}],"version-history":[{"count":2,"href":"https:\/\/autate.fr\/site\/wp-json\/wp\/v2\/posts\/4126\/revisions"}],"predecessor-version":[{"id":4135,"href":"https:\/\/autate.fr\/site\/wp-json\/wp\/v2\/posts\/4126\/revisions\/4135"}],"wp:featuredmedia":[{"embeddable":true,"href":"https:\/\/autate.fr\/site\/wp-json\/wp\/v2\/media\/4138"}],"wp:attachment":[{"href":"https:\/\/autate.fr\/site\/wp-json\/wp\/v2\/media?parent=4126"}],"wp:term":[{"taxonomy":"category","embeddable":true,"href":"https:\/\/autate.fr\/site\/wp-json\/wp\/v2\/categories?post=4126"},{"taxonomy":"post_tag","embeddable":true,"href":"https:\/\/autate.fr\/site\/wp-json\/wp\/v2\/tags?post=4126"}],"curies":[{"name":"wp","href":"https:\/\/api.w.org\/{rel}","templated":true}]}}