{"id":4117,"date":"2022-09-19T00:46:28","date_gmt":"2022-09-18T22:46:28","guid":{"rendered":"https:\/\/autate.fr\/site\/?p=4117"},"modified":"2025-11-21T21:35:43","modified_gmt":"2025-11-21T20:35:43","slug":"diminution-de-loffre-de-transports-en-commun","status":"publish","type":"post","link":"https:\/\/autate.fr\/site\/diminution-de-loffre-de-transports-en-commun\/","title":{"rendered":"Diminution de l\u2019offre de transports en commun"},"content":{"rendered":"\n<p>T\u00e9moignage d&rsquo;un usager:<\/p>\n<p>Bonjour,<br \/>suite au projet de r\u00e9organisation du r\u00e9seau de bus \u00e0 partir du 29 ao\u00fbt il me semblerait utile de publier le t\u00e9moignage suivant :<br \/><br \/><em>Les passages des lignes de bus 31 et surtout 14 par la station Fer \u00e0 Cheval vont \u00eatre supprim\u00e9s sous peu (29 ao\u00fbt 2022).<br \/>Pour les personnes \u00e2g\u00e9es et\/ou \u00e0 mobilit\u00e9 r\u00e9duite, le recours au v\u00e9lo est g\u00e9n\u00e9ralement exclu, et la station de M\u00e9tro Saint-Cyprien, qui m\u00e8ne au centre ville n\u2019est pas compl\u00e8tement tout pr\u00e8s. Quant au tram, il ne va pas bien loin vers le centre ville&#8230;<br \/>La pi\u00e9tonisation de la Rue de Metz peut se comprendre \u00e0 notre \u00e9poque. En revanche la diminution de l\u2019offre de transports en commun para\u00eet bien \u00e0 contre-courant\u00a0!<br \/>Quand il est n\u00e9cessaire de modifier le r\u00e9seau il para\u00eetrait logique aujourd\u2019hui que cela se fasse en augmentant cette offre ou en la maintenant, \u00e9ventuellement d\u2019ailleurs par d\u2019autres moyens (par exemple navettes fr\u00e9quentes et \u00e0 large horaire etc.) : ici ce n\u2019est pas le cas.<br \/>Faudra t-il sortir la voiture plus souvent du garage pour compenser, y compris pour atteindre le centre ville\u00a0???<br \/>Rajoutons deux remarques\u00a0:<br \/>&#8211; D\u2019une part le plan de transport envisag\u00e9, avec en plus les modifications du L7, du L9 et du terminal \u00ab\u00a0Cours Dillon\u00a0\u00bb op\u00e8re une \u00e9tonnante coupure est\/Ouest dans Toulouse\u00a0! Un vrai p\u00e9riph\u00e9rique aurait peut-\u00eatre compens\u00e9 ce d\u00e9faut, mais il ne semble pas \u00eatre pr\u00e9vu.<br \/>&#8211; D\u2019autre part, des pays, tels que par exemple l\u2019Allemagne, qui nous ont de beaucoup pr\u00e9c\u00e9d\u00e9 dans la cr\u00e9ation de zones pi\u00e9tonni\u00e8res, n\u2019ont jamais eu l\u2019id\u00e9e bizarre que cela devait se faire aux d\u00e9pens des transports en commun\u00a0: le plus souvent les zone pi\u00e9tonni\u00e8res y sont sillonn\u00e9es de bus qui circulent \u00e0 faible vitesse.<br \/><br \/><\/em><\/p>\n","protected":false},"excerpt":{"rendered":"<p>T\u00e9moignage d&rsquo;un usager: Bonjour,suite au projet de r\u00e9organisation du r\u00e9seau de bus \u00e0 partir du 29 ao\u00fbt il me semblerait utile de publier le t\u00e9moignage suivant : Les passages des lignes de bus 31 et surtout 14 par la station Fer \u00e0 Cheval vont \u00eatre supprim\u00e9s sous peu (29 ao\u00fbt 2022).Pour les personnes \u00e2g\u00e9es et\/ou<\/p>\n<p class=\"more-link\"><a href=\"https:\/\/autate.fr\/site\/diminution-de-loffre-de-transports-en-commun\/\" class=\"themebutton2\">VOIR PLUS<\/a><\/p>\n","protected":false},"author":10,"featured_media":173,"comment_status":"open","ping_status":"open","sticky":false,"template":"","format":"standard","meta":{"footnotes":""},"categories":[4,500,336],"tags":[541],"class_list":["post-4117","post","type-post","status-publish","format-standard","has-post-thumbnail","hentry","category-actualite-association","category-bus-tisseo","category-temoignages","tag-offre"],"yoast_head":"<!-- This site is optimized with the Yoast SEO plugin v27.4 - https:\/\/yoast.com\/product\/yoast-seo-wordpress\/ -->\n<title>Diminution de l\u2019offre de transports en commun - AUTATE<\/title>\n<meta name=\"robots\" content=\"index, follow, max-snippet:-1, max-image-preview:large, max-video-preview:-1\" \/>\n<link rel=\"canonical\" href=\"https:\/\/autate.fr\/site\/diminution-de-loffre-de-transports-en-commun\/\" \/>\n<meta property=\"og:locale\" content=\"fr_FR\" \/>\n<meta property=\"og:type\" content=\"article\" \/>\n<meta property=\"og:title\" content=\"Diminution de l\u2019offre de transports en commun - AUTATE\" \/>\n<meta property=\"og:description\" content=\"T\u00e9moignage d&rsquo;un usager: Bonjour,suite au projet de r\u00e9organisation du r\u00e9seau de bus \u00e0 partir du 29 ao\u00fbt il me semblerait utile de publier le t\u00e9moignage suivant : Les passages des lignes de bus 31 et surtout 14 par la station Fer \u00e0 Cheval vont \u00eatre supprim\u00e9s sous peu (29 ao\u00fbt 2022).Pour les personnes \u00e2g\u00e9es et\/ouVOIR PLUS\" \/>\n<meta property=\"og:url\" content=\"https:\/\/autate.fr\/site\/diminution-de-loffre-de-transports-en-commun\/\" \/>\n<meta property=\"og:site_name\" content=\"AUTATE\" \/>\n<meta property=\"article:publisher\" content=\"https:\/\/www.facebook.com\/AutateToulouse\" \/>\n<meta property=\"article:published_time\" content=\"2022-09-18T22:46:28+00:00\" \/>\n<meta property=\"article:modified_time\" content=\"2025-11-21T20:35:43+00:00\" \/>\n<meta property=\"og:image\" content=\"https:\/\/autate.fr\/site\/wp-content\/uploads\/2016\/01\/lineo-tisseo-630x0.jpg\" \/>\n\t<meta property=\"og:image:width\" content=\"630\" \/>\n\t<meta property=\"og:image:height\" content=\"475\" \/>\n\t<meta property=\"og:image:type\" content=\"image\/jpeg\" \/>\n<meta name=\"author\" content=\"Agn\u00e8s D\u00e9fosse\" \/>\n<meta name=\"twitter:card\" content=\"summary_large_image\" \/>\n<meta name=\"twitter:creator\" content=\"@AutateToulouse\" \/>\n<meta name=\"twitter:site\" content=\"@AutateToulouse\" \/>\n<meta name=\"twitter:label1\" content=\"\u00c9crit par\" \/>\n\t<meta name=\"twitter:data1\" content=\"Agn\u00e8s D\u00e9fosse\" \/>\n\t<meta name=\"twitter:label2\" content=\"Dur\u00e9e de lecture estim\u00e9e\" \/>\n\t<meta name=\"twitter:data2\" content=\"2 minutes\" \/>\n<script type=\"application\/ld+json\" class=\"yoast-schema-graph\">{\"@context\":\"https:\\\/\\\/schema.org\",\"@graph\":[{\"@type\":\"Article\",\"@id\":\"https:\\\/\\\/autate.fr\\\/site\\\/diminution-de-loffre-de-transports-en-commun\\\/#article\",\"isPartOf\":{\"@id\":\"https:\\\/\\\/autate.fr\\\/site\\\/diminution-de-loffre-de-transports-en-commun\\\/\"},\"author\":{\"name\":\"Agn\u00e8s D\u00e9fosse\",\"@id\":\"https:\\\/\\\/autate.fr\\\/site\\\/#\\\/schema\\\/person\\\/5dd2db09ec53d78638dc66bb99c1a96b\"},\"headline\":\"Diminution de l\u2019offre de transports en commun\",\"datePublished\":\"2022-09-18T22:46:28+00:00\",\"dateModified\":\"2025-11-21T20:35:43+00:00\",\"mainEntityOfPage\":{\"@id\":\"https:\\\/\\\/autate.fr\\\/site\\\/diminution-de-loffre-de-transports-en-commun\\\/\"},\"wordCount\":332,\"commentCount\":4,\"publisher\":{\"@id\":\"https:\\\/\\\/autate.fr\\\/site\\\/#organization\"},\"image\":{\"@id\":\"https:\\\/\\\/autate.fr\\\/site\\\/diminution-de-loffre-de-transports-en-commun\\\/#primaryimage\"},\"thumbnailUrl\":\"https:\\\/\\\/autate.fr\\\/site\\\/wp-content\\\/uploads\\\/2016\\\/01\\\/lineo-tisseo-630x0.jpg\",\"keywords\":[\"offre\"],\"articleSection\":[\"Actualit\u00e9s-AUTATE\",\"Bus Tisseo\",\"T\u00e9moignages\"],\"inLanguage\":\"fr-FR\",\"potentialAction\":[{\"@type\":\"CommentAction\",\"name\":\"Comment\",\"target\":[\"https:\\\/\\\/autate.fr\\\/site\\\/diminution-de-loffre-de-transports-en-commun\\\/#respond\"]}]},{\"@type\":\"WebPage\",\"@id\":\"https:\\\/\\\/autate.fr\\\/site\\\/diminution-de-loffre-de-transports-en-commun\\\/\",\"url\":\"https:\\\/\\\/autate.fr\\\/site\\\/diminution-de-loffre-de-transports-en-commun\\\/\",\"name\":\"Diminution de l\u2019offre de transports en commun - AUTATE\",\"isPartOf\":{\"@id\":\"https:\\\/\\\/autate.fr\\\/site\\\/#website\"},\"primaryImageOfPage\":{\"@id\":\"https:\\\/\\\/autate.fr\\\/site\\\/diminution-de-loffre-de-transports-en-commun\\\/#primaryimage\"},\"image\":{\"@id\":\"https:\\\/\\\/autate.fr\\\/site\\\/diminution-de-loffre-de-transports-en-commun\\\/#primaryimage\"},\"thumbnailUrl\":\"https:\\\/\\\/autate.fr\\\/site\\\/wp-content\\\/uploads\\\/2016\\\/01\\\/lineo-tisseo-630x0.jpg\",\"datePublished\":\"2022-09-18T22:46:28+00:00\",\"dateModified\":\"2025-11-21T20:35:43+00:00\",\"breadcrumb\":{\"@id\":\"https:\\\/\\\/autate.fr\\\/site\\\/diminution-de-loffre-de-transports-en-commun\\\/#breadcrumb\"},\"inLanguage\":\"fr-FR\",\"potentialAction\":[{\"@type\":\"ReadAction\",\"target\":[\"https:\\\/\\\/autate.fr\\\/site\\\/diminution-de-loffre-de-transports-en-commun\\\/\"]}]},{\"@type\":\"ImageObject\",\"inLanguage\":\"fr-FR\",\"@id\":\"https:\\\/\\\/autate.fr\\\/site\\\/diminution-de-loffre-de-transports-en-commun\\\/#primaryimage\",\"url\":\"https:\\\/\\\/autate.fr\\\/site\\\/wp-content\\\/uploads\\\/2016\\\/01\\\/lineo-tisseo-630x0.jpg\",\"contentUrl\":\"https:\\\/\\\/autate.fr\\\/site\\\/wp-content\\\/uploads\\\/2016\\\/01\\\/lineo-tisseo-630x0.jpg\",\"width\":630,\"height\":475},{\"@type\":\"BreadcrumbList\",\"@id\":\"https:\\\/\\\/autate.fr\\\/site\\\/diminution-de-loffre-de-transports-en-commun\\\/#breadcrumb\",\"itemListElement\":[{\"@type\":\"ListItem\",\"position\":1,\"name\":\"Accueil\",\"item\":\"https:\\\/\\\/autate.fr\\\/site\\\/\"},{\"@type\":\"ListItem\",\"position\":2,\"name\":\"Diminution de l\u2019offre de transports en commun\"}]},{\"@type\":\"WebSite\",\"@id\":\"https:\\\/\\\/autate.fr\\\/site\\\/#website\",\"url\":\"https:\\\/\\\/autate.fr\\\/site\\\/\",\"name\":\"AUTATE\",\"description\":\"Association des usagers des transports de l&#039;agglom\u00e9ration Toulousaine et de ses environs\",\"publisher\":{\"@id\":\"https:\\\/\\\/autate.fr\\\/site\\\/#organization\"},\"potentialAction\":[{\"@type\":\"SearchAction\",\"target\":{\"@type\":\"EntryPoint\",\"urlTemplate\":\"https:\\\/\\\/autate.fr\\\/site\\\/?s={search_term_string}\"},\"query-input\":{\"@type\":\"PropertyValueSpecification\",\"valueRequired\":true,\"valueName\":\"search_term_string\"}}],\"inLanguage\":\"fr-FR\"},{\"@type\":\"Organization\",\"@id\":\"https:\\\/\\\/autate.fr\\\/site\\\/#organization\",\"name\":\"AUTATE\",\"url\":\"https:\\\/\\\/autate.fr\\\/site\\\/\",\"logo\":{\"@type\":\"ImageObject\",\"inLanguage\":\"fr-FR\",\"@id\":\"https:\\\/\\\/autate.fr\\\/site\\\/#\\\/schema\\\/logo\\\/image\\\/\",\"url\":\"http:\\\/\\\/autate.fr\\\/site\\\/wp-content\\\/uploads\\\/2019\\\/01\\\/logo.png\",\"contentUrl\":\"http:\\\/\\\/autate.fr\\\/site\\\/wp-content\\\/uploads\\\/2019\\\/01\\\/logo.png\",\"width\":506,\"height\":280,\"caption\":\"AUTATE\"},\"image\":{\"@id\":\"https:\\\/\\\/autate.fr\\\/site\\\/#\\\/schema\\\/logo\\\/image\\\/\"},\"sameAs\":[\"https:\\\/\\\/www.facebook.com\\\/AutateToulouse\",\"https:\\\/\\\/x.com\\\/AutateToulouse\"]},{\"@type\":\"Person\",\"@id\":\"https:\\\/\\\/autate.fr\\\/site\\\/#\\\/schema\\\/person\\\/5dd2db09ec53d78638dc66bb99c1a96b\",\"name\":\"Agn\u00e8s D\u00e9fosse\",\"image\":{\"@type\":\"ImageObject\",\"inLanguage\":\"fr-FR\",\"@id\":\"https:\\\/\\\/secure.gravatar.com\\\/avatar\\\/95c9cd4b94e5a0c0ea8b60b9bdbb3225980cf1f6d229a870c299992be19d6804?s=96&d=mm&r=g\",\"url\":\"https:\\\/\\\/secure.gravatar.com\\\/avatar\\\/95c9cd4b94e5a0c0ea8b60b9bdbb3225980cf1f6d229a870c299992be19d6804?s=96&d=mm&r=g\",\"contentUrl\":\"https:\\\/\\\/secure.gravatar.com\\\/avatar\\\/95c9cd4b94e5a0c0ea8b60b9bdbb3225980cf1f6d229a870c299992be19d6804?s=96&d=mm&r=g\",\"caption\":\"Agn\u00e8s D\u00e9fosse\"},\"url\":\"https:\\\/\\\/autate.fr\\\/site\\\/author\\\/agnesdefosse\\\/\"}]}<\/script>\n<!-- \/ Yoast SEO plugin. -->","yoast_head_json":{"title":"Diminution de l\u2019offre de transports en commun - AUTATE","robots":{"index":"index","follow":"follow","max-snippet":"max-snippet:-1","max-image-preview":"max-image-preview:large","max-video-preview":"max-video-preview:-1"},"canonical":"https:\/\/autate.fr\/site\/diminution-de-loffre-de-transports-en-commun\/","og_locale":"fr_FR","og_type":"article","og_title":"Diminution de l\u2019offre de transports en commun - AUTATE","og_description":"T\u00e9moignage d&rsquo;un usager: Bonjour,suite au projet de r\u00e9organisation du r\u00e9seau de bus \u00e0 partir du 29 ao\u00fbt il me semblerait utile de publier le t\u00e9moignage suivant : Les passages des lignes de bus 31 et surtout 14 par la station Fer \u00e0 Cheval vont \u00eatre supprim\u00e9s sous peu (29 ao\u00fbt 2022).Pour les personnes \u00e2g\u00e9es et\/ouVOIR PLUS","og_url":"https:\/\/autate.fr\/site\/diminution-de-loffre-de-transports-en-commun\/","og_site_name":"AUTATE","article_publisher":"https:\/\/www.facebook.com\/AutateToulouse","article_published_time":"2022-09-18T22:46:28+00:00","article_modified_time":"2025-11-21T20:35:43+00:00","og_image":[{"width":630,"height":475,"url":"https:\/\/autate.fr\/site\/wp-content\/uploads\/2016\/01\/lineo-tisseo-630x0.jpg","type":"image\/jpeg"}],"author":"Agn\u00e8s D\u00e9fosse","twitter_card":"summary_large_image","twitter_creator":"@AutateToulouse","twitter_site":"@AutateToulouse","twitter_misc":{"\u00c9crit par":"Agn\u00e8s D\u00e9fosse","Dur\u00e9e de lecture estim\u00e9e":"2 minutes"},"schema":{"@context":"https:\/\/schema.org","@graph":[{"@type":"Article","@id":"https:\/\/autate.fr\/site\/diminution-de-loffre-de-transports-en-commun\/#article","isPartOf":{"@id":"https:\/\/autate.fr\/site\/diminution-de-loffre-de-transports-en-commun\/"},"author":{"name":"Agn\u00e8s D\u00e9fosse","@id":"https:\/\/autate.fr\/site\/#\/schema\/person\/5dd2db09ec53d78638dc66bb99c1a96b"},"headline":"Diminution de l\u2019offre de transports en commun","datePublished":"2022-09-18T22:46:28+00:00","dateModified":"2025-11-21T20:35:43+00:00","mainEntityOfPage":{"@id":"https:\/\/autate.fr\/site\/diminution-de-loffre-de-transports-en-commun\/"},"wordCount":332,"commentCount":4,"publisher":{"@id":"https:\/\/autate.fr\/site\/#organization"},"image":{"@id":"https:\/\/autate.fr\/site\/diminution-de-loffre-de-transports-en-commun\/#primaryimage"},"thumbnailUrl":"https:\/\/autate.fr\/site\/wp-content\/uploads\/2016\/01\/lineo-tisseo-630x0.jpg","keywords":["offre"],"articleSection":["Actualit\u00e9s-AUTATE","Bus Tisseo","T\u00e9moignages"],"inLanguage":"fr-FR","potentialAction":[{"@type":"CommentAction","name":"Comment","target":["https:\/\/autate.fr\/site\/diminution-de-loffre-de-transports-en-commun\/#respond"]}]},{"@type":"WebPage","@id":"https:\/\/autate.fr\/site\/diminution-de-loffre-de-transports-en-commun\/","url":"https:\/\/autate.fr\/site\/diminution-de-loffre-de-transports-en-commun\/","name":"Diminution de l\u2019offre de transports en commun - AUTATE","isPartOf":{"@id":"https:\/\/autate.fr\/site\/#website"},"primaryImageOfPage":{"@id":"https:\/\/autate.fr\/site\/diminution-de-loffre-de-transports-en-commun\/#primaryimage"},"image":{"@id":"https:\/\/autate.fr\/site\/diminution-de-loffre-de-transports-en-commun\/#primaryimage"},"thumbnailUrl":"https:\/\/autate.fr\/site\/wp-content\/uploads\/2016\/01\/lineo-tisseo-630x0.jpg","datePublished":"2022-09-18T22:46:28+00:00","dateModified":"2025-11-21T20:35:43+00:00","breadcrumb":{"@id":"https:\/\/autate.fr\/site\/diminution-de-loffre-de-transports-en-commun\/#breadcrumb"},"inLanguage":"fr-FR","potentialAction":[{"@type":"ReadAction","target":["https:\/\/autate.fr\/site\/diminution-de-loffre-de-transports-en-commun\/"]}]},{"@type":"ImageObject","inLanguage":"fr-FR","@id":"https:\/\/autate.fr\/site\/diminution-de-loffre-de-transports-en-commun\/#primaryimage","url":"https:\/\/autate.fr\/site\/wp-content\/uploads\/2016\/01\/lineo-tisseo-630x0.jpg","contentUrl":"https:\/\/autate.fr\/site\/wp-content\/uploads\/2016\/01\/lineo-tisseo-630x0.jpg","width":630,"height":475},{"@type":"BreadcrumbList","@id":"https:\/\/autate.fr\/site\/diminution-de-loffre-de-transports-en-commun\/#breadcrumb","itemListElement":[{"@type":"ListItem","position":1,"name":"Accueil","item":"https:\/\/autate.fr\/site\/"},{"@type":"ListItem","position":2,"name":"Diminution de l\u2019offre de transports en commun"}]},{"@type":"WebSite","@id":"https:\/\/autate.fr\/site\/#website","url":"https:\/\/autate.fr\/site\/","name":"AUTATE","description":"Association des usagers des transports de l&#039;agglom\u00e9ration Toulousaine et de ses environs","publisher":{"@id":"https:\/\/autate.fr\/site\/#organization"},"potentialAction":[{"@type":"SearchAction","target":{"@type":"EntryPoint","urlTemplate":"https:\/\/autate.fr\/site\/?s={search_term_string}"},"query-input":{"@type":"PropertyValueSpecification","valueRequired":true,"valueName":"search_term_string"}}],"inLanguage":"fr-FR"},{"@type":"Organization","@id":"https:\/\/autate.fr\/site\/#organization","name":"AUTATE","url":"https:\/\/autate.fr\/site\/","logo":{"@type":"ImageObject","inLanguage":"fr-FR","@id":"https:\/\/autate.fr\/site\/#\/schema\/logo\/image\/","url":"http:\/\/autate.fr\/site\/wp-content\/uploads\/2019\/01\/logo.png","contentUrl":"http:\/\/autate.fr\/site\/wp-content\/uploads\/2019\/01\/logo.png","width":506,"height":280,"caption":"AUTATE"},"image":{"@id":"https:\/\/autate.fr\/site\/#\/schema\/logo\/image\/"},"sameAs":["https:\/\/www.facebook.com\/AutateToulouse","https:\/\/x.com\/AutateToulouse"]},{"@type":"Person","@id":"https:\/\/autate.fr\/site\/#\/schema\/person\/5dd2db09ec53d78638dc66bb99c1a96b","name":"Agn\u00e8s D\u00e9fosse","image":{"@type":"ImageObject","inLanguage":"fr-FR","@id":"https:\/\/secure.gravatar.com\/avatar\/95c9cd4b94e5a0c0ea8b60b9bdbb3225980cf1f6d229a870c299992be19d6804?s=96&d=mm&r=g","url":"https:\/\/secure.gravatar.com\/avatar\/95c9cd4b94e5a0c0ea8b60b9bdbb3225980cf1f6d229a870c299992be19d6804?s=96&d=mm&r=g","contentUrl":"https:\/\/secure.gravatar.com\/avatar\/95c9cd4b94e5a0c0ea8b60b9bdbb3225980cf1f6d229a870c299992be19d6804?s=96&d=mm&r=g","caption":"Agn\u00e8s D\u00e9fosse"},"url":"https:\/\/autate.fr\/site\/author\/agnesdefosse\/"}]}},"_links":{"self":[{"href":"https:\/\/autate.fr\/site\/wp-json\/wp\/v2\/posts\/4117","targetHints":{"allow":["GET"]}}],"collection":[{"href":"https:\/\/autate.fr\/site\/wp-json\/wp\/v2\/posts"}],"about":[{"href":"https:\/\/autate.fr\/site\/wp-json\/wp\/v2\/types\/post"}],"author":[{"embeddable":true,"href":"https:\/\/autate.fr\/site\/wp-json\/wp\/v2\/users\/10"}],"replies":[{"embeddable":true,"href":"https:\/\/autate.fr\/site\/wp-json\/wp\/v2\/comments?post=4117"}],"version-history":[{"count":1,"href":"https:\/\/autate.fr\/site\/wp-json\/wp\/v2\/posts\/4117\/revisions"}],"predecessor-version":[{"id":4118,"href":"https:\/\/autate.fr\/site\/wp-json\/wp\/v2\/posts\/4117\/revisions\/4118"}],"wp:featuredmedia":[{"embeddable":true,"href":"https:\/\/autate.fr\/site\/wp-json\/wp\/v2\/media\/173"}],"wp:attachment":[{"href":"https:\/\/autate.fr\/site\/wp-json\/wp\/v2\/media?parent=4117"}],"wp:term":[{"taxonomy":"category","embeddable":true,"href":"https:\/\/autate.fr\/site\/wp-json\/wp\/v2\/categories?post=4117"},{"taxonomy":"post_tag","embeddable":true,"href":"https:\/\/autate.fr\/site\/wp-json\/wp\/v2\/tags?post=4117"}],"curies":[{"name":"wp","href":"https:\/\/api.w.org\/{rel}","templated":true}]}}