{"id":3994,"date":"2021-06-03T00:30:59","date_gmt":"2021-06-02T22:30:59","guid":{"rendered":"http:\/\/autate.fr\/site\/?p=3994"},"modified":"2025-11-11T17:38:49","modified_gmt":"2025-11-11T16:38:49","slug":"projet-damenagement-de-la-zac-ferro-lebres-a-tournefeuille-contribution-de-lautate-a-lenquete-publique-29-avril-31-mai-2021","status":"publish","type":"post","link":"https:\/\/autate.fr\/site\/projet-damenagement-de-la-zac-ferro-lebres-a-tournefeuille-contribution-de-lautate-a-lenquete-publique-29-avril-31-mai-2021\/","title":{"rendered":"PROJET D\u2019AM\u00c9NAGEMENT DE LA ZAC FERRO-L\u00c8BRES A TOURNEFEUILLE &#8211; CONTRIBUTION DE L\u2019AUTATE A L\u2019ENQU\u00caTE PUBLIQUE (29 avril \u2013 31 mai 2021)"},"content":{"rendered":"\n<p>La ZAC Ferro-L\u00e8bres est une op\u00e9ration immobili\u00e8re de 750 logements situ\u00e9e en limite de la commune de Tournefeuille, de l&rsquo;autre c\u00f4t\u00e9 de la rocade Arc-en-Ciel et donc enti\u00e8rement tourn\u00e9e vers Lardenne, quartier de Toulouse.<\/p>\n\n\n\n<p>La contribution de l&rsquo;AUTATE est dans le document ci-joint.<\/p>\n\n\n\n<p><\/p>\n\n\n\n<div class=\"wp-block-file\"><a href=\"https:\/\/autate.fr\/site\/wp-content\/uploads\/2021\/06\/Contribution-AUTATE-publiee.pdf\">Contribution AUTATE <\/a><a href=\"https:\/\/autate.fr\/site\/wp-content\/uploads\/2021\/06\/Contribution-AUTATE-publiee.pdf\" class=\"wp-block-file__button\" download>T\u00e9l\u00e9charger<\/a><\/div>\n","protected":false},"excerpt":{"rendered":"<p>La ZAC Ferro-L\u00e8bres est une op\u00e9ration immobili\u00e8re de 750 logements situ\u00e9e en limite de la commune de Tournefeuille, de l&rsquo;autre c\u00f4t\u00e9 de la rocade Arc-en-Ciel et donc enti\u00e8rement tourn\u00e9e vers Lardenne, quartier de Toulouse. La contribution de l&rsquo;AUTATE est dans le document ci-joint.<\/p>\n","protected":false},"author":10,"featured_media":0,"comment_status":"open","ping_status":"open","sticky":false,"template":"","format":"standard","meta":{"footnotes":""},"categories":[426],"tags":[532,311],"class_list":["post-3994","post","type-post","status-publish","format-standard","hentry","category-urbanisme","tag-concertation-enquete","tag-urbanisme"],"yoast_head":"<!-- This site is optimized with the Yoast SEO plugin v27.4 - https:\/\/yoast.com\/product\/yoast-seo-wordpress\/ -->\n<title>PROJET D\u2019AM\u00c9NAGEMENT DE LA ZAC FERRO-L\u00c8BRES A TOURNEFEUILLE - CONTRIBUTION DE L\u2019AUTATE A L\u2019ENQU\u00caTE PUBLIQUE (29 avril \u2013 31 mai 2021) - AUTATE<\/title>\n<meta name=\"robots\" content=\"index, follow, max-snippet:-1, max-image-preview:large, max-video-preview:-1\" \/>\n<link rel=\"canonical\" href=\"https:\/\/autate.fr\/site\/projet-damenagement-de-la-zac-ferro-lebres-a-tournefeuille-contribution-de-lautate-a-lenquete-publique-29-avril-31-mai-2021\/\" \/>\n<meta property=\"og:locale\" content=\"fr_FR\" \/>\n<meta property=\"og:type\" content=\"article\" \/>\n<meta property=\"og:title\" content=\"PROJET D\u2019AM\u00c9NAGEMENT DE LA ZAC FERRO-L\u00c8BRES A TOURNEFEUILLE - CONTRIBUTION DE L\u2019AUTATE A L\u2019ENQU\u00caTE PUBLIQUE (29 avril \u2013 31 mai 2021) - AUTATE\" \/>\n<meta property=\"og:description\" content=\"La ZAC Ferro-L\u00e8bres est une op\u00e9ration immobili\u00e8re de 750 logements situ\u00e9e en limite de la commune de Tournefeuille, de l&rsquo;autre c\u00f4t\u00e9 de la rocade Arc-en-Ciel et donc enti\u00e8rement tourn\u00e9e vers Lardenne, quartier de Toulouse. La contribution de l&rsquo;AUTATE est dans le document ci-joint.\" \/>\n<meta property=\"og:url\" content=\"https:\/\/autate.fr\/site\/projet-damenagement-de-la-zac-ferro-lebres-a-tournefeuille-contribution-de-lautate-a-lenquete-publique-29-avril-31-mai-2021\/\" \/>\n<meta property=\"og:site_name\" content=\"AUTATE\" \/>\n<meta property=\"article:publisher\" content=\"https:\/\/www.facebook.com\/AutateToulouse\" \/>\n<meta property=\"article:published_time\" content=\"2021-06-02T22:30:59+00:00\" \/>\n<meta property=\"article:modified_time\" content=\"2025-11-11T16:38:49+00:00\" \/>\n<meta name=\"author\" content=\"Agn\u00e8s D\u00e9fosse\" \/>\n<meta name=\"twitter:card\" content=\"summary_large_image\" \/>\n<meta name=\"twitter:creator\" content=\"@AutateToulouse\" \/>\n<meta name=\"twitter:site\" content=\"@AutateToulouse\" \/>\n<meta name=\"twitter:label1\" content=\"\u00c9crit par\" \/>\n\t<meta name=\"twitter:data1\" content=\"Agn\u00e8s D\u00e9fosse\" \/>\n\t<meta name=\"twitter:label2\" content=\"Dur\u00e9e de lecture estim\u00e9e\" \/>\n\t<meta name=\"twitter:data2\" content=\"1 minute\" \/>\n<script type=\"application\/ld+json\" class=\"yoast-schema-graph\">{\"@context\":\"https:\\\/\\\/schema.org\",\"@graph\":[{\"@type\":\"Article\",\"@id\":\"https:\\\/\\\/autate.fr\\\/site\\\/projet-damenagement-de-la-zac-ferro-lebres-a-tournefeuille-contribution-de-lautate-a-lenquete-publique-29-avril-31-mai-2021\\\/#article\",\"isPartOf\":{\"@id\":\"https:\\\/\\\/autate.fr\\\/site\\\/projet-damenagement-de-la-zac-ferro-lebres-a-tournefeuille-contribution-de-lautate-a-lenquete-publique-29-avril-31-mai-2021\\\/\"},\"author\":{\"name\":\"Agn\u00e8s D\u00e9fosse\",\"@id\":\"https:\\\/\\\/autate.fr\\\/site\\\/#\\\/schema\\\/person\\\/5dd2db09ec53d78638dc66bb99c1a96b\"},\"headline\":\"PROJET D\u2019AM\u00c9NAGEMENT DE LA ZAC FERRO-L\u00c8BRES A TOURNEFEUILLE &#8211; CONTRIBUTION DE L\u2019AUTATE A L\u2019ENQU\u00caTE PUBLIQUE (29 avril \u2013 31 mai 2021)\",\"datePublished\":\"2021-06-02T22:30:59+00:00\",\"dateModified\":\"2025-11-11T16:38:49+00:00\",\"mainEntityOfPage\":{\"@id\":\"https:\\\/\\\/autate.fr\\\/site\\\/projet-damenagement-de-la-zac-ferro-lebres-a-tournefeuille-contribution-de-lautate-a-lenquete-publique-29-avril-31-mai-2021\\\/\"},\"wordCount\":77,\"commentCount\":0,\"publisher\":{\"@id\":\"https:\\\/\\\/autate.fr\\\/site\\\/#organization\"},\"keywords\":[\"concertation-enqu\u00eate\",\"urbanisme\"],\"articleSection\":[\"urbanisme\"],\"inLanguage\":\"fr-FR\",\"potentialAction\":[{\"@type\":\"CommentAction\",\"name\":\"Comment\",\"target\":[\"https:\\\/\\\/autate.fr\\\/site\\\/projet-damenagement-de-la-zac-ferro-lebres-a-tournefeuille-contribution-de-lautate-a-lenquete-publique-29-avril-31-mai-2021\\\/#respond\"]}]},{\"@type\":\"WebPage\",\"@id\":\"https:\\\/\\\/autate.fr\\\/site\\\/projet-damenagement-de-la-zac-ferro-lebres-a-tournefeuille-contribution-de-lautate-a-lenquete-publique-29-avril-31-mai-2021\\\/\",\"url\":\"https:\\\/\\\/autate.fr\\\/site\\\/projet-damenagement-de-la-zac-ferro-lebres-a-tournefeuille-contribution-de-lautate-a-lenquete-publique-29-avril-31-mai-2021\\\/\",\"name\":\"PROJET D\u2019AM\u00c9NAGEMENT DE LA ZAC FERRO-L\u00c8BRES A TOURNEFEUILLE - CONTRIBUTION DE L\u2019AUTATE A L\u2019ENQU\u00caTE PUBLIQUE (29 avril \u2013 31 mai 2021) - AUTATE\",\"isPartOf\":{\"@id\":\"https:\\\/\\\/autate.fr\\\/site\\\/#website\"},\"datePublished\":\"2021-06-02T22:30:59+00:00\",\"dateModified\":\"2025-11-11T16:38:49+00:00\",\"breadcrumb\":{\"@id\":\"https:\\\/\\\/autate.fr\\\/site\\\/projet-damenagement-de-la-zac-ferro-lebres-a-tournefeuille-contribution-de-lautate-a-lenquete-publique-29-avril-31-mai-2021\\\/#breadcrumb\"},\"inLanguage\":\"fr-FR\",\"potentialAction\":[{\"@type\":\"ReadAction\",\"target\":[\"https:\\\/\\\/autate.fr\\\/site\\\/projet-damenagement-de-la-zac-ferro-lebres-a-tournefeuille-contribution-de-lautate-a-lenquete-publique-29-avril-31-mai-2021\\\/\"]}]},{\"@type\":\"BreadcrumbList\",\"@id\":\"https:\\\/\\\/autate.fr\\\/site\\\/projet-damenagement-de-la-zac-ferro-lebres-a-tournefeuille-contribution-de-lautate-a-lenquete-publique-29-avril-31-mai-2021\\\/#breadcrumb\",\"itemListElement\":[{\"@type\":\"ListItem\",\"position\":1,\"name\":\"Accueil\",\"item\":\"https:\\\/\\\/autate.fr\\\/site\\\/\"},{\"@type\":\"ListItem\",\"position\":2,\"name\":\"PROJET D\u2019AM\u00c9NAGEMENT DE LA ZAC FERRO-L\u00c8BRES A TOURNEFEUILLE &#8211; CONTRIBUTION DE L\u2019AUTATE A L\u2019ENQU\u00caTE PUBLIQUE (29 avril \u2013 31 mai 2021)\"}]},{\"@type\":\"WebSite\",\"@id\":\"https:\\\/\\\/autate.fr\\\/site\\\/#website\",\"url\":\"https:\\\/\\\/autate.fr\\\/site\\\/\",\"name\":\"AUTATE\",\"description\":\"Association des usagers des transports de l&#039;agglom\u00e9ration Toulousaine et de ses environs\",\"publisher\":{\"@id\":\"https:\\\/\\\/autate.fr\\\/site\\\/#organization\"},\"potentialAction\":[{\"@type\":\"SearchAction\",\"target\":{\"@type\":\"EntryPoint\",\"urlTemplate\":\"https:\\\/\\\/autate.fr\\\/site\\\/?s={search_term_string}\"},\"query-input\":{\"@type\":\"PropertyValueSpecification\",\"valueRequired\":true,\"valueName\":\"search_term_string\"}}],\"inLanguage\":\"fr-FR\"},{\"@type\":\"Organization\",\"@id\":\"https:\\\/\\\/autate.fr\\\/site\\\/#organization\",\"name\":\"AUTATE\",\"url\":\"https:\\\/\\\/autate.fr\\\/site\\\/\",\"logo\":{\"@type\":\"ImageObject\",\"inLanguage\":\"fr-FR\",\"@id\":\"https:\\\/\\\/autate.fr\\\/site\\\/#\\\/schema\\\/logo\\\/image\\\/\",\"url\":\"http:\\\/\\\/autate.fr\\\/site\\\/wp-content\\\/uploads\\\/2019\\\/01\\\/logo.png\",\"contentUrl\":\"http:\\\/\\\/autate.fr\\\/site\\\/wp-content\\\/uploads\\\/2019\\\/01\\\/logo.png\",\"width\":506,\"height\":280,\"caption\":\"AUTATE\"},\"image\":{\"@id\":\"https:\\\/\\\/autate.fr\\\/site\\\/#\\\/schema\\\/logo\\\/image\\\/\"},\"sameAs\":[\"https:\\\/\\\/www.facebook.com\\\/AutateToulouse\",\"https:\\\/\\\/x.com\\\/AutateToulouse\"]},{\"@type\":\"Person\",\"@id\":\"https:\\\/\\\/autate.fr\\\/site\\\/#\\\/schema\\\/person\\\/5dd2db09ec53d78638dc66bb99c1a96b\",\"name\":\"Agn\u00e8s D\u00e9fosse\",\"image\":{\"@type\":\"ImageObject\",\"inLanguage\":\"fr-FR\",\"@id\":\"https:\\\/\\\/secure.gravatar.com\\\/avatar\\\/95c9cd4b94e5a0c0ea8b60b9bdbb3225980cf1f6d229a870c299992be19d6804?s=96&d=mm&r=g\",\"url\":\"https:\\\/\\\/secure.gravatar.com\\\/avatar\\\/95c9cd4b94e5a0c0ea8b60b9bdbb3225980cf1f6d229a870c299992be19d6804?s=96&d=mm&r=g\",\"contentUrl\":\"https:\\\/\\\/secure.gravatar.com\\\/avatar\\\/95c9cd4b94e5a0c0ea8b60b9bdbb3225980cf1f6d229a870c299992be19d6804?s=96&d=mm&r=g\",\"caption\":\"Agn\u00e8s D\u00e9fosse\"},\"url\":\"https:\\\/\\\/autate.fr\\\/site\\\/author\\\/agnesdefosse\\\/\"}]}<\/script>\n<!-- \/ Yoast SEO plugin. -->","yoast_head_json":{"title":"PROJET D\u2019AM\u00c9NAGEMENT DE LA ZAC FERRO-L\u00c8BRES A TOURNEFEUILLE - CONTRIBUTION DE L\u2019AUTATE A L\u2019ENQU\u00caTE PUBLIQUE (29 avril \u2013 31 mai 2021) - AUTATE","robots":{"index":"index","follow":"follow","max-snippet":"max-snippet:-1","max-image-preview":"max-image-preview:large","max-video-preview":"max-video-preview:-1"},"canonical":"https:\/\/autate.fr\/site\/projet-damenagement-de-la-zac-ferro-lebres-a-tournefeuille-contribution-de-lautate-a-lenquete-publique-29-avril-31-mai-2021\/","og_locale":"fr_FR","og_type":"article","og_title":"PROJET D\u2019AM\u00c9NAGEMENT DE LA ZAC FERRO-L\u00c8BRES A TOURNEFEUILLE - CONTRIBUTION DE L\u2019AUTATE A L\u2019ENQU\u00caTE PUBLIQUE (29 avril \u2013 31 mai 2021) - AUTATE","og_description":"La ZAC Ferro-L\u00e8bres est une op\u00e9ration immobili\u00e8re de 750 logements situ\u00e9e en limite de la commune de Tournefeuille, de l&rsquo;autre c\u00f4t\u00e9 de la rocade Arc-en-Ciel et donc enti\u00e8rement tourn\u00e9e vers Lardenne, quartier de Toulouse. La contribution de l&rsquo;AUTATE est dans le document ci-joint.","og_url":"https:\/\/autate.fr\/site\/projet-damenagement-de-la-zac-ferro-lebres-a-tournefeuille-contribution-de-lautate-a-lenquete-publique-29-avril-31-mai-2021\/","og_site_name":"AUTATE","article_publisher":"https:\/\/www.facebook.com\/AutateToulouse","article_published_time":"2021-06-02T22:30:59+00:00","article_modified_time":"2025-11-11T16:38:49+00:00","author":"Agn\u00e8s D\u00e9fosse","twitter_card":"summary_large_image","twitter_creator":"@AutateToulouse","twitter_site":"@AutateToulouse","twitter_misc":{"\u00c9crit par":"Agn\u00e8s D\u00e9fosse","Dur\u00e9e de lecture estim\u00e9e":"1 minute"},"schema":{"@context":"https:\/\/schema.org","@graph":[{"@type":"Article","@id":"https:\/\/autate.fr\/site\/projet-damenagement-de-la-zac-ferro-lebres-a-tournefeuille-contribution-de-lautate-a-lenquete-publique-29-avril-31-mai-2021\/#article","isPartOf":{"@id":"https:\/\/autate.fr\/site\/projet-damenagement-de-la-zac-ferro-lebres-a-tournefeuille-contribution-de-lautate-a-lenquete-publique-29-avril-31-mai-2021\/"},"author":{"name":"Agn\u00e8s D\u00e9fosse","@id":"https:\/\/autate.fr\/site\/#\/schema\/person\/5dd2db09ec53d78638dc66bb99c1a96b"},"headline":"PROJET D\u2019AM\u00c9NAGEMENT DE LA ZAC FERRO-L\u00c8BRES A TOURNEFEUILLE &#8211; CONTRIBUTION DE L\u2019AUTATE A L\u2019ENQU\u00caTE PUBLIQUE (29 avril \u2013 31 mai 2021)","datePublished":"2021-06-02T22:30:59+00:00","dateModified":"2025-11-11T16:38:49+00:00","mainEntityOfPage":{"@id":"https:\/\/autate.fr\/site\/projet-damenagement-de-la-zac-ferro-lebres-a-tournefeuille-contribution-de-lautate-a-lenquete-publique-29-avril-31-mai-2021\/"},"wordCount":77,"commentCount":0,"publisher":{"@id":"https:\/\/autate.fr\/site\/#organization"},"keywords":["concertation-enqu\u00eate","urbanisme"],"articleSection":["urbanisme"],"inLanguage":"fr-FR","potentialAction":[{"@type":"CommentAction","name":"Comment","target":["https:\/\/autate.fr\/site\/projet-damenagement-de-la-zac-ferro-lebres-a-tournefeuille-contribution-de-lautate-a-lenquete-publique-29-avril-31-mai-2021\/#respond"]}]},{"@type":"WebPage","@id":"https:\/\/autate.fr\/site\/projet-damenagement-de-la-zac-ferro-lebres-a-tournefeuille-contribution-de-lautate-a-lenquete-publique-29-avril-31-mai-2021\/","url":"https:\/\/autate.fr\/site\/projet-damenagement-de-la-zac-ferro-lebres-a-tournefeuille-contribution-de-lautate-a-lenquete-publique-29-avril-31-mai-2021\/","name":"PROJET D\u2019AM\u00c9NAGEMENT DE LA ZAC FERRO-L\u00c8BRES A TOURNEFEUILLE - CONTRIBUTION DE L\u2019AUTATE A L\u2019ENQU\u00caTE PUBLIQUE (29 avril \u2013 31 mai 2021) - AUTATE","isPartOf":{"@id":"https:\/\/autate.fr\/site\/#website"},"datePublished":"2021-06-02T22:30:59+00:00","dateModified":"2025-11-11T16:38:49+00:00","breadcrumb":{"@id":"https:\/\/autate.fr\/site\/projet-damenagement-de-la-zac-ferro-lebres-a-tournefeuille-contribution-de-lautate-a-lenquete-publique-29-avril-31-mai-2021\/#breadcrumb"},"inLanguage":"fr-FR","potentialAction":[{"@type":"ReadAction","target":["https:\/\/autate.fr\/site\/projet-damenagement-de-la-zac-ferro-lebres-a-tournefeuille-contribution-de-lautate-a-lenquete-publique-29-avril-31-mai-2021\/"]}]},{"@type":"BreadcrumbList","@id":"https:\/\/autate.fr\/site\/projet-damenagement-de-la-zac-ferro-lebres-a-tournefeuille-contribution-de-lautate-a-lenquete-publique-29-avril-31-mai-2021\/#breadcrumb","itemListElement":[{"@type":"ListItem","position":1,"name":"Accueil","item":"https:\/\/autate.fr\/site\/"},{"@type":"ListItem","position":2,"name":"PROJET D\u2019AM\u00c9NAGEMENT DE LA ZAC FERRO-L\u00c8BRES A TOURNEFEUILLE &#8211; CONTRIBUTION DE L\u2019AUTATE A L\u2019ENQU\u00caTE PUBLIQUE (29 avril \u2013 31 mai 2021)"}]},{"@type":"WebSite","@id":"https:\/\/autate.fr\/site\/#website","url":"https:\/\/autate.fr\/site\/","name":"AUTATE","description":"Association des usagers des transports de l&#039;agglom\u00e9ration Toulousaine et de ses environs","publisher":{"@id":"https:\/\/autate.fr\/site\/#organization"},"potentialAction":[{"@type":"SearchAction","target":{"@type":"EntryPoint","urlTemplate":"https:\/\/autate.fr\/site\/?s={search_term_string}"},"query-input":{"@type":"PropertyValueSpecification","valueRequired":true,"valueName":"search_term_string"}}],"inLanguage":"fr-FR"},{"@type":"Organization","@id":"https:\/\/autate.fr\/site\/#organization","name":"AUTATE","url":"https:\/\/autate.fr\/site\/","logo":{"@type":"ImageObject","inLanguage":"fr-FR","@id":"https:\/\/autate.fr\/site\/#\/schema\/logo\/image\/","url":"http:\/\/autate.fr\/site\/wp-content\/uploads\/2019\/01\/logo.png","contentUrl":"http:\/\/autate.fr\/site\/wp-content\/uploads\/2019\/01\/logo.png","width":506,"height":280,"caption":"AUTATE"},"image":{"@id":"https:\/\/autate.fr\/site\/#\/schema\/logo\/image\/"},"sameAs":["https:\/\/www.facebook.com\/AutateToulouse","https:\/\/x.com\/AutateToulouse"]},{"@type":"Person","@id":"https:\/\/autate.fr\/site\/#\/schema\/person\/5dd2db09ec53d78638dc66bb99c1a96b","name":"Agn\u00e8s D\u00e9fosse","image":{"@type":"ImageObject","inLanguage":"fr-FR","@id":"https:\/\/secure.gravatar.com\/avatar\/95c9cd4b94e5a0c0ea8b60b9bdbb3225980cf1f6d229a870c299992be19d6804?s=96&d=mm&r=g","url":"https:\/\/secure.gravatar.com\/avatar\/95c9cd4b94e5a0c0ea8b60b9bdbb3225980cf1f6d229a870c299992be19d6804?s=96&d=mm&r=g","contentUrl":"https:\/\/secure.gravatar.com\/avatar\/95c9cd4b94e5a0c0ea8b60b9bdbb3225980cf1f6d229a870c299992be19d6804?s=96&d=mm&r=g","caption":"Agn\u00e8s D\u00e9fosse"},"url":"https:\/\/autate.fr\/site\/author\/agnesdefosse\/"}]}},"_links":{"self":[{"href":"https:\/\/autate.fr\/site\/wp-json\/wp\/v2\/posts\/3994","targetHints":{"allow":["GET"]}}],"collection":[{"href":"https:\/\/autate.fr\/site\/wp-json\/wp\/v2\/posts"}],"about":[{"href":"https:\/\/autate.fr\/site\/wp-json\/wp\/v2\/types\/post"}],"author":[{"embeddable":true,"href":"https:\/\/autate.fr\/site\/wp-json\/wp\/v2\/users\/10"}],"replies":[{"embeddable":true,"href":"https:\/\/autate.fr\/site\/wp-json\/wp\/v2\/comments?post=3994"}],"version-history":[{"count":2,"href":"https:\/\/autate.fr\/site\/wp-json\/wp\/v2\/posts\/3994\/revisions"}],"predecessor-version":[{"id":3997,"href":"https:\/\/autate.fr\/site\/wp-json\/wp\/v2\/posts\/3994\/revisions\/3997"}],"wp:attachment":[{"href":"https:\/\/autate.fr\/site\/wp-json\/wp\/v2\/media?parent=3994"}],"wp:term":[{"taxonomy":"category","embeddable":true,"href":"https:\/\/autate.fr\/site\/wp-json\/wp\/v2\/categories?post=3994"},{"taxonomy":"post_tag","embeddable":true,"href":"https:\/\/autate.fr\/site\/wp-json\/wp\/v2\/tags?post=3994"}],"curies":[{"name":"wp","href":"https:\/\/api.w.org\/{rel}","templated":true}]}}