{"id":3961,"date":"2021-05-14T11:00:00","date_gmt":"2021-05-14T09:00:00","guid":{"rendered":"http:\/\/autate.fr\/site\/?p=3961"},"modified":"2025-11-21T21:41:34","modified_gmt":"2025-11-21T20:41:34","slug":"deconfinement-quelles-mobilites-et-modalites-de-transports-pour-construire-lapres","status":"publish","type":"post","link":"https:\/\/autate.fr\/site\/deconfinement-quelles-mobilites-et-modalites-de-transports-pour-construire-lapres\/","title":{"rendered":"D\u00c9CONFINEMENT : QUELLES MOBILIT\u00c9S ET MODALIT\u00c9S DE TRANSPORTS POUR CONSTRUIRE \u00ab L\u2019APR\u00c8S \u00bb ?"},"content":{"rendered":"\n<p>La f\u00e9d\u00e9ration <a href=\"https:\/\/www.fne-midipyrenees.fr\">FNE Midi-Pyr\u00e9n\u00e9es<\/a> et des associations membres (<a href=\"http:\/\/https:\/\/autate.fr\/site\/\">AUTATE<\/a>, <a href=\"https:\/\/rallumonsletoile.fr\/\">Rallumons l\u2019Etoile<\/a> notamment) ou partenaires (<a href=\"https:\/\/2p2r.org\/\">2 Pieds 2 Roues<\/a>), tr\u00e8s engag\u00e9es dans la probl\u00e9matique des mobilit\u00e9s et des transports \u00e0 Toulouse comme ailleurs, avancent ici des propositions simples et efficaces pour <strong>\u2018<a href=\"https:\/\/www.fne-midipyrenees.fr\/2020\/05\/28\/7-deconfinement-quelles-mobilites-et-modalites-de-transports-pour-construire-lapres\">Repartir ensemble du bon pied<\/a>\u2019<\/strong>.<\/p>\n","protected":false},"excerpt":{"rendered":"<p>La f\u00e9d\u00e9ration FNE Midi-Pyr\u00e9n\u00e9es et des associations membres (AUTATE, Rallumons l\u2019Etoile notamment) ou partenaires (2 Pieds 2 Roues), tr\u00e8s engag\u00e9es dans la probl\u00e9matique des mobilit\u00e9s et des transports \u00e0 Toulouse comme ailleurs, avancent ici des propositions simples et efficaces pour \u2018Repartir ensemble du bon pied\u2019.<\/p>\n","protected":false},"author":11,"featured_media":0,"comment_status":"open","ping_status":"open","sticky":false,"template":"","format":"standard","meta":{"footnotes":""},"categories":[510,527,525,442,7],"tags":[],"class_list":["post-3961","post","type-post","status-publish","format-standard","hentry","category-chiffres-cles","category-nos-dossiers","category-pdm","category-pollution","category-revue-de-presse"],"yoast_head":"<!-- This site is optimized with the Yoast SEO plugin v27.4 - https:\/\/yoast.com\/product\/yoast-seo-wordpress\/ -->\n<title>D\u00c9CONFINEMENT : QUELLES MOBILIT\u00c9S ET MODALIT\u00c9S DE TRANSPORTS POUR CONSTRUIRE \u00ab L\u2019APR\u00c8S \u00bb ? - AUTATE<\/title>\n<meta name=\"robots\" content=\"index, follow, max-snippet:-1, max-image-preview:large, max-video-preview:-1\" \/>\n<link rel=\"canonical\" href=\"https:\/\/autate.fr\/site\/deconfinement-quelles-mobilites-et-modalites-de-transports-pour-construire-lapres\/\" \/>\n<meta property=\"og:locale\" content=\"fr_FR\" \/>\n<meta property=\"og:type\" content=\"article\" \/>\n<meta property=\"og:title\" content=\"D\u00c9CONFINEMENT : QUELLES MOBILIT\u00c9S ET MODALIT\u00c9S DE TRANSPORTS POUR CONSTRUIRE \u00ab L\u2019APR\u00c8S \u00bb ? - AUTATE\" \/>\n<meta property=\"og:description\" content=\"La f\u00e9d\u00e9ration FNE Midi-Pyr\u00e9n\u00e9es et des associations membres (AUTATE, Rallumons l\u2019Etoile notamment) ou partenaires (2 Pieds 2 Roues), tr\u00e8s engag\u00e9es dans la probl\u00e9matique des mobilit\u00e9s et des transports \u00e0 Toulouse comme ailleurs, avancent ici des propositions simples et efficaces pour \u2018Repartir ensemble du bon pied\u2019.\" \/>\n<meta property=\"og:url\" content=\"https:\/\/autate.fr\/site\/deconfinement-quelles-mobilites-et-modalites-de-transports-pour-construire-lapres\/\" \/>\n<meta property=\"og:site_name\" content=\"AUTATE\" \/>\n<meta property=\"article:publisher\" content=\"https:\/\/www.facebook.com\/AutateToulouse\" \/>\n<meta property=\"article:published_time\" content=\"2021-05-14T09:00:00+00:00\" \/>\n<meta property=\"article:modified_time\" content=\"2025-11-21T20:41:34+00:00\" \/>\n<meta name=\"author\" content=\"Nicole Asencio\" \/>\n<meta name=\"twitter:card\" content=\"summary_large_image\" \/>\n<meta name=\"twitter:creator\" content=\"@AutateToulouse\" \/>\n<meta name=\"twitter:site\" content=\"@AutateToulouse\" \/>\n<meta name=\"twitter:label1\" content=\"\u00c9crit par\" \/>\n\t<meta name=\"twitter:data1\" content=\"Nicole Asencio\" \/>\n\t<meta name=\"twitter:label2\" content=\"Dur\u00e9e de lecture estim\u00e9e\" \/>\n\t<meta name=\"twitter:data2\" content=\"1 minute\" \/>\n<script type=\"application\/ld+json\" class=\"yoast-schema-graph\">{\"@context\":\"https:\\\/\\\/schema.org\",\"@graph\":[{\"@type\":\"Article\",\"@id\":\"https:\\\/\\\/autate.fr\\\/site\\\/deconfinement-quelles-mobilites-et-modalites-de-transports-pour-construire-lapres\\\/#article\",\"isPartOf\":{\"@id\":\"https:\\\/\\\/autate.fr\\\/site\\\/deconfinement-quelles-mobilites-et-modalites-de-transports-pour-construire-lapres\\\/\"},\"author\":{\"name\":\"Nicole Asencio\",\"@id\":\"https:\\\/\\\/autate.fr\\\/site\\\/#\\\/schema\\\/person\\\/0bb5ca7e46998673c4b91b0c2e00d68f\"},\"headline\":\"D\u00c9CONFINEMENT : QUELLES MOBILIT\u00c9S ET MODALIT\u00c9S DE TRANSPORTS POUR CONSTRUIRE \u00ab L\u2019APR\u00c8S \u00bb ?\",\"datePublished\":\"2021-05-14T09:00:00+00:00\",\"dateModified\":\"2025-11-21T20:41:34+00:00\",\"mainEntityOfPage\":{\"@id\":\"https:\\\/\\\/autate.fr\\\/site\\\/deconfinement-quelles-mobilites-et-modalites-de-transports-pour-construire-lapres\\\/\"},\"wordCount\":66,\"commentCount\":2,\"publisher\":{\"@id\":\"https:\\\/\\\/autate.fr\\\/site\\\/#organization\"},\"articleSection\":[\"Chiffres cl\u00e9s\",\"Nos dossiers\",\"PlanDeMobilit\u00e9\",\"Pollution\",\"Revue de presse\"],\"inLanguage\":\"fr-FR\",\"potentialAction\":[{\"@type\":\"CommentAction\",\"name\":\"Comment\",\"target\":[\"https:\\\/\\\/autate.fr\\\/site\\\/deconfinement-quelles-mobilites-et-modalites-de-transports-pour-construire-lapres\\\/#respond\"]}]},{\"@type\":\"WebPage\",\"@id\":\"https:\\\/\\\/autate.fr\\\/site\\\/deconfinement-quelles-mobilites-et-modalites-de-transports-pour-construire-lapres\\\/\",\"url\":\"https:\\\/\\\/autate.fr\\\/site\\\/deconfinement-quelles-mobilites-et-modalites-de-transports-pour-construire-lapres\\\/\",\"name\":\"D\u00c9CONFINEMENT : QUELLES MOBILIT\u00c9S ET MODALIT\u00c9S DE TRANSPORTS POUR CONSTRUIRE \u00ab L\u2019APR\u00c8S \u00bb ? - AUTATE\",\"isPartOf\":{\"@id\":\"https:\\\/\\\/autate.fr\\\/site\\\/#website\"},\"datePublished\":\"2021-05-14T09:00:00+00:00\",\"dateModified\":\"2025-11-21T20:41:34+00:00\",\"breadcrumb\":{\"@id\":\"https:\\\/\\\/autate.fr\\\/site\\\/deconfinement-quelles-mobilites-et-modalites-de-transports-pour-construire-lapres\\\/#breadcrumb\"},\"inLanguage\":\"fr-FR\",\"potentialAction\":[{\"@type\":\"ReadAction\",\"target\":[\"https:\\\/\\\/autate.fr\\\/site\\\/deconfinement-quelles-mobilites-et-modalites-de-transports-pour-construire-lapres\\\/\"]}]},{\"@type\":\"BreadcrumbList\",\"@id\":\"https:\\\/\\\/autate.fr\\\/site\\\/deconfinement-quelles-mobilites-et-modalites-de-transports-pour-construire-lapres\\\/#breadcrumb\",\"itemListElement\":[{\"@type\":\"ListItem\",\"position\":1,\"name\":\"Accueil\",\"item\":\"https:\\\/\\\/autate.fr\\\/site\\\/\"},{\"@type\":\"ListItem\",\"position\":2,\"name\":\"D\u00c9CONFINEMENT : QUELLES MOBILIT\u00c9S ET MODALIT\u00c9S DE TRANSPORTS POUR CONSTRUIRE \u00ab L\u2019APR\u00c8S \u00bb ?\"}]},{\"@type\":\"WebSite\",\"@id\":\"https:\\\/\\\/autate.fr\\\/site\\\/#website\",\"url\":\"https:\\\/\\\/autate.fr\\\/site\\\/\",\"name\":\"AUTATE\",\"description\":\"Association des usagers des transports de l&#039;agglom\u00e9ration Toulousaine et de ses environs\",\"publisher\":{\"@id\":\"https:\\\/\\\/autate.fr\\\/site\\\/#organization\"},\"potentialAction\":[{\"@type\":\"SearchAction\",\"target\":{\"@type\":\"EntryPoint\",\"urlTemplate\":\"https:\\\/\\\/autate.fr\\\/site\\\/?s={search_term_string}\"},\"query-input\":{\"@type\":\"PropertyValueSpecification\",\"valueRequired\":true,\"valueName\":\"search_term_string\"}}],\"inLanguage\":\"fr-FR\"},{\"@type\":\"Organization\",\"@id\":\"https:\\\/\\\/autate.fr\\\/site\\\/#organization\",\"name\":\"AUTATE\",\"url\":\"https:\\\/\\\/autate.fr\\\/site\\\/\",\"logo\":{\"@type\":\"ImageObject\",\"inLanguage\":\"fr-FR\",\"@id\":\"https:\\\/\\\/autate.fr\\\/site\\\/#\\\/schema\\\/logo\\\/image\\\/\",\"url\":\"http:\\\/\\\/autate.fr\\\/site\\\/wp-content\\\/uploads\\\/2019\\\/01\\\/logo.png\",\"contentUrl\":\"http:\\\/\\\/autate.fr\\\/site\\\/wp-content\\\/uploads\\\/2019\\\/01\\\/logo.png\",\"width\":506,\"height\":280,\"caption\":\"AUTATE\"},\"image\":{\"@id\":\"https:\\\/\\\/autate.fr\\\/site\\\/#\\\/schema\\\/logo\\\/image\\\/\"},\"sameAs\":[\"https:\\\/\\\/www.facebook.com\\\/AutateToulouse\",\"https:\\\/\\\/x.com\\\/AutateToulouse\"]},{\"@type\":\"Person\",\"@id\":\"https:\\\/\\\/autate.fr\\\/site\\\/#\\\/schema\\\/person\\\/0bb5ca7e46998673c4b91b0c2e00d68f\",\"name\":\"Nicole Asencio\",\"image\":{\"@type\":\"ImageObject\",\"inLanguage\":\"fr-FR\",\"@id\":\"https:\\\/\\\/secure.gravatar.com\\\/avatar\\\/e0ab2745834273b8d9e7e210cd89aa3d65862c09d22826783f467afd86533c8a?s=96&d=mm&r=g\",\"url\":\"https:\\\/\\\/secure.gravatar.com\\\/avatar\\\/e0ab2745834273b8d9e7e210cd89aa3d65862c09d22826783f467afd86533c8a?s=96&d=mm&r=g\",\"contentUrl\":\"https:\\\/\\\/secure.gravatar.com\\\/avatar\\\/e0ab2745834273b8d9e7e210cd89aa3d65862c09d22826783f467afd86533c8a?s=96&d=mm&r=g\",\"caption\":\"Nicole Asencio\"},\"url\":\"https:\\\/\\\/autate.fr\\\/site\\\/author\\\/nicoleasencio\\\/\"}]}<\/script>\n<!-- \/ Yoast SEO plugin. -->","yoast_head_json":{"title":"D\u00c9CONFINEMENT : QUELLES MOBILIT\u00c9S ET MODALIT\u00c9S DE TRANSPORTS POUR CONSTRUIRE \u00ab L\u2019APR\u00c8S \u00bb ? - AUTATE","robots":{"index":"index","follow":"follow","max-snippet":"max-snippet:-1","max-image-preview":"max-image-preview:large","max-video-preview":"max-video-preview:-1"},"canonical":"https:\/\/autate.fr\/site\/deconfinement-quelles-mobilites-et-modalites-de-transports-pour-construire-lapres\/","og_locale":"fr_FR","og_type":"article","og_title":"D\u00c9CONFINEMENT : QUELLES MOBILIT\u00c9S ET MODALIT\u00c9S DE TRANSPORTS POUR CONSTRUIRE \u00ab L\u2019APR\u00c8S \u00bb ? - AUTATE","og_description":"La f\u00e9d\u00e9ration FNE Midi-Pyr\u00e9n\u00e9es et des associations membres (AUTATE, Rallumons l\u2019Etoile notamment) ou partenaires (2 Pieds 2 Roues), tr\u00e8s engag\u00e9es dans la probl\u00e9matique des mobilit\u00e9s et des transports \u00e0 Toulouse comme ailleurs, avancent ici des propositions simples et efficaces pour \u2018Repartir ensemble du bon pied\u2019.","og_url":"https:\/\/autate.fr\/site\/deconfinement-quelles-mobilites-et-modalites-de-transports-pour-construire-lapres\/","og_site_name":"AUTATE","article_publisher":"https:\/\/www.facebook.com\/AutateToulouse","article_published_time":"2021-05-14T09:00:00+00:00","article_modified_time":"2025-11-21T20:41:34+00:00","author":"Nicole Asencio","twitter_card":"summary_large_image","twitter_creator":"@AutateToulouse","twitter_site":"@AutateToulouse","twitter_misc":{"\u00c9crit par":"Nicole Asencio","Dur\u00e9e de lecture estim\u00e9e":"1 minute"},"schema":{"@context":"https:\/\/schema.org","@graph":[{"@type":"Article","@id":"https:\/\/autate.fr\/site\/deconfinement-quelles-mobilites-et-modalites-de-transports-pour-construire-lapres\/#article","isPartOf":{"@id":"https:\/\/autate.fr\/site\/deconfinement-quelles-mobilites-et-modalites-de-transports-pour-construire-lapres\/"},"author":{"name":"Nicole Asencio","@id":"https:\/\/autate.fr\/site\/#\/schema\/person\/0bb5ca7e46998673c4b91b0c2e00d68f"},"headline":"D\u00c9CONFINEMENT : QUELLES MOBILIT\u00c9S ET MODALIT\u00c9S DE TRANSPORTS POUR CONSTRUIRE \u00ab L\u2019APR\u00c8S \u00bb ?","datePublished":"2021-05-14T09:00:00+00:00","dateModified":"2025-11-21T20:41:34+00:00","mainEntityOfPage":{"@id":"https:\/\/autate.fr\/site\/deconfinement-quelles-mobilites-et-modalites-de-transports-pour-construire-lapres\/"},"wordCount":66,"commentCount":2,"publisher":{"@id":"https:\/\/autate.fr\/site\/#organization"},"articleSection":["Chiffres cl\u00e9s","Nos dossiers","PlanDeMobilit\u00e9","Pollution","Revue de presse"],"inLanguage":"fr-FR","potentialAction":[{"@type":"CommentAction","name":"Comment","target":["https:\/\/autate.fr\/site\/deconfinement-quelles-mobilites-et-modalites-de-transports-pour-construire-lapres\/#respond"]}]},{"@type":"WebPage","@id":"https:\/\/autate.fr\/site\/deconfinement-quelles-mobilites-et-modalites-de-transports-pour-construire-lapres\/","url":"https:\/\/autate.fr\/site\/deconfinement-quelles-mobilites-et-modalites-de-transports-pour-construire-lapres\/","name":"D\u00c9CONFINEMENT : QUELLES MOBILIT\u00c9S ET MODALIT\u00c9S DE TRANSPORTS POUR CONSTRUIRE \u00ab L\u2019APR\u00c8S \u00bb ? - AUTATE","isPartOf":{"@id":"https:\/\/autate.fr\/site\/#website"},"datePublished":"2021-05-14T09:00:00+00:00","dateModified":"2025-11-21T20:41:34+00:00","breadcrumb":{"@id":"https:\/\/autate.fr\/site\/deconfinement-quelles-mobilites-et-modalites-de-transports-pour-construire-lapres\/#breadcrumb"},"inLanguage":"fr-FR","potentialAction":[{"@type":"ReadAction","target":["https:\/\/autate.fr\/site\/deconfinement-quelles-mobilites-et-modalites-de-transports-pour-construire-lapres\/"]}]},{"@type":"BreadcrumbList","@id":"https:\/\/autate.fr\/site\/deconfinement-quelles-mobilites-et-modalites-de-transports-pour-construire-lapres\/#breadcrumb","itemListElement":[{"@type":"ListItem","position":1,"name":"Accueil","item":"https:\/\/autate.fr\/site\/"},{"@type":"ListItem","position":2,"name":"D\u00c9CONFINEMENT : QUELLES MOBILIT\u00c9S ET MODALIT\u00c9S DE TRANSPORTS POUR CONSTRUIRE \u00ab L\u2019APR\u00c8S \u00bb ?"}]},{"@type":"WebSite","@id":"https:\/\/autate.fr\/site\/#website","url":"https:\/\/autate.fr\/site\/","name":"AUTATE","description":"Association des usagers des transports de l&#039;agglom\u00e9ration Toulousaine et de ses environs","publisher":{"@id":"https:\/\/autate.fr\/site\/#organization"},"potentialAction":[{"@type":"SearchAction","target":{"@type":"EntryPoint","urlTemplate":"https:\/\/autate.fr\/site\/?s={search_term_string}"},"query-input":{"@type":"PropertyValueSpecification","valueRequired":true,"valueName":"search_term_string"}}],"inLanguage":"fr-FR"},{"@type":"Organization","@id":"https:\/\/autate.fr\/site\/#organization","name":"AUTATE","url":"https:\/\/autate.fr\/site\/","logo":{"@type":"ImageObject","inLanguage":"fr-FR","@id":"https:\/\/autate.fr\/site\/#\/schema\/logo\/image\/","url":"http:\/\/autate.fr\/site\/wp-content\/uploads\/2019\/01\/logo.png","contentUrl":"http:\/\/autate.fr\/site\/wp-content\/uploads\/2019\/01\/logo.png","width":506,"height":280,"caption":"AUTATE"},"image":{"@id":"https:\/\/autate.fr\/site\/#\/schema\/logo\/image\/"},"sameAs":["https:\/\/www.facebook.com\/AutateToulouse","https:\/\/x.com\/AutateToulouse"]},{"@type":"Person","@id":"https:\/\/autate.fr\/site\/#\/schema\/person\/0bb5ca7e46998673c4b91b0c2e00d68f","name":"Nicole Asencio","image":{"@type":"ImageObject","inLanguage":"fr-FR","@id":"https:\/\/secure.gravatar.com\/avatar\/e0ab2745834273b8d9e7e210cd89aa3d65862c09d22826783f467afd86533c8a?s=96&d=mm&r=g","url":"https:\/\/secure.gravatar.com\/avatar\/e0ab2745834273b8d9e7e210cd89aa3d65862c09d22826783f467afd86533c8a?s=96&d=mm&r=g","contentUrl":"https:\/\/secure.gravatar.com\/avatar\/e0ab2745834273b8d9e7e210cd89aa3d65862c09d22826783f467afd86533c8a?s=96&d=mm&r=g","caption":"Nicole Asencio"},"url":"https:\/\/autate.fr\/site\/author\/nicoleasencio\/"}]}},"_links":{"self":[{"href":"https:\/\/autate.fr\/site\/wp-json\/wp\/v2\/posts\/3961","targetHints":{"allow":["GET"]}}],"collection":[{"href":"https:\/\/autate.fr\/site\/wp-json\/wp\/v2\/posts"}],"about":[{"href":"https:\/\/autate.fr\/site\/wp-json\/wp\/v2\/types\/post"}],"author":[{"embeddable":true,"href":"https:\/\/autate.fr\/site\/wp-json\/wp\/v2\/users\/11"}],"replies":[{"embeddable":true,"href":"https:\/\/autate.fr\/site\/wp-json\/wp\/v2\/comments?post=3961"}],"version-history":[{"count":1,"href":"https:\/\/autate.fr\/site\/wp-json\/wp\/v2\/posts\/3961\/revisions"}],"predecessor-version":[{"id":3962,"href":"https:\/\/autate.fr\/site\/wp-json\/wp\/v2\/posts\/3961\/revisions\/3962"}],"wp:attachment":[{"href":"https:\/\/autate.fr\/site\/wp-json\/wp\/v2\/media?parent=3961"}],"wp:term":[{"taxonomy":"category","embeddable":true,"href":"https:\/\/autate.fr\/site\/wp-json\/wp\/v2\/categories?post=3961"},{"taxonomy":"post_tag","embeddable":true,"href":"https:\/\/autate.fr\/site\/wp-json\/wp\/v2\/tags?post=3961"}],"curies":[{"name":"wp","href":"https:\/\/api.w.org\/{rel}","templated":true}]}}