{"id":3909,"date":"2021-01-29T22:26:46","date_gmt":"2021-01-29T21:26:46","guid":{"rendered":"http:\/\/autate.fr\/site\/?p=3909"},"modified":"2025-11-21T21:43:32","modified_gmt":"2025-11-21T20:43:32","slug":"communique-de-presse-annulation-du-pdu","status":"publish","type":"post","link":"https:\/\/autate.fr\/site\/communique-de-presse-annulation-du-pdu\/","title":{"rendered":"Communiqu\u00e9 de presse : Annulation du PDU"},"content":{"rendered":"\n<p style=\"text-align: center;\"><strong>PLAN DE DEPLACEMENTS URBAINS 2018<\/strong><\/p>\n<p style=\"text-align: center;\"><strong>CHRONIQUE D\u2019UNE ANNULATION ANNONCEE<\/strong><\/p>\n<p>Le tribunal administratif a <strong>annul\u00e9<\/strong> le 22 janvier dernier le plan de d\u00e9placements urbains (<strong>PDU<\/strong>) adopt\u00e9 en f\u00e9vrier 2018. <strong>L\u2019AUTATE regrette et d\u00e9nonce les nombreuses ann\u00e9es perdues<\/strong> alors que les retards dans le d\u00e9veloppement des mobilit\u00e9s continuent de s\u2019accumuler.<\/p>\n<p>En juillet dernier, l\u2019\u00e9tat a \u00e9t\u00e9 condamn\u00e9 \u00e0 une astreinte de 54.000\u20ac par jour pour ne pas avoir pris les mesures indispensables en mati\u00e8re de pollution de l\u2019air sur 8 zones dont Toulouse.<\/p>\n<p>Lors de l\u2019enqu\u00eate publique du PDU en 2017, l\u2019AUTATE en avait d\u00e9nonc\u00e9 les nombreuses lacunes\u00a0:<\/p>\n<ul>\n<li>Le PDU se <strong>concentrait<\/strong> sur des \u00e9quipements dans <strong>Toulouse<\/strong> alors que les besoins sont principalement en 1ere er 2eme couronnes<\/li>\n<li>Le PDU <strong>concentrait<\/strong> une tr\u00e8s grande majorit\u00e9 des moyens financiers sur une seule infrastructure, la <strong>troisi\u00e8me ligne<\/strong> de m\u00e9tro, au d\u00e9triment des r\u00e9seaux de surface et des mobilit\u00e9s douces<\/li>\n<li>Le PDU ne parvenait pas \u00e0 am\u00e9liorer la <strong>qualit\u00e9 de l\u2019air<\/strong>, condition pourtant exig\u00e9e par les r\u00e9glementations<\/li>\n<\/ul>\n<p>L\u2019AUTATE avait aussi contribu\u00e9 en <strong>proposant des alternatives<\/strong> qui auraient pu favoriser la diminution de l\u2019usage de la voiture et r\u00e9duire l\u2019impact des mobilit\u00e9s sur la qualit\u00e9 de l\u2019air dans la m\u00e9tropole.<\/p>\n<p>Nous avions \u00e9galement sugg\u00e9r\u00e9 qu\u2019une <strong>nouvelle gouvernance<\/strong> soit imagin\u00e9e avec toutes les parties prenantes, qu\u2019elles soient institutionnelles (M\u00e9tropole, agglom\u00e9rations, R\u00e9gion, Etat, SNCF) ou repr\u00e9sentantes des usagers, afin d\u2019assurer une multimodalit\u00e9 coordonn\u00e9e. Notre analyse \u00e9tait en ligne avec celle d\u2019\u00e9minents observateurs (Cour des comptes, CODEV, associations \u2026).<\/p>\n<p>Bien que nos alertes et propositions aient \u00e9t\u00e9 mentionn\u00e9es dans le rapport d\u2019enqu\u00eate, elles ont finalement \u00e9t\u00e9 balay\u00e9es d\u2019un revers de manche par l\u2019op\u00e9rateur. La cons\u00e9quence est s\u00e9v\u00e8re\u00a0: <strong>plusieurs ann\u00e9es perdues<\/strong> viennent s\u2019ajouter \u00e0 l\u2019immense <strong>retard<\/strong> que la m\u00e9tropole a accumul\u00e9 dans le d\u00e9veloppement des mobilit\u00e9s. Les conditions de d\u00e9placement ne cessent de se d\u00e9grader pour les habitant.e.s et notre environnement est de plus en plus pollu\u00e9.<\/p>\n<p><strong>Nous demandons aux autorit\u00e9s organisatrices de r\u00e9agir, de prendre conscience de l\u2019urgence climatique et sociale et sans attendre, de mettre en chantier un nouveau plan mobilit\u00e9 conforme aux attentes et aux besoins.<\/strong><\/p>\n<p>\u00a0<\/p>\n","protected":false},"excerpt":{"rendered":"<p>PLAN DE DEPLACEMENTS URBAINS 2018 CHRONIQUE D\u2019UNE ANNULATION ANNONCEE Le tribunal administratif a annul\u00e9 le 22 janvier dernier le plan de d\u00e9placements urbains (PDU) adopt\u00e9 en f\u00e9vrier 2018. L\u2019AUTATE regrette et d\u00e9nonce les nombreuses ann\u00e9es perdues alors que les retards dans le d\u00e9veloppement des mobilit\u00e9s continuent de s\u2019accumuler. En juillet dernier, l\u2019\u00e9tat a \u00e9t\u00e9 condamn\u00e9<\/p>\n<p class=\"more-link\"><a href=\"https:\/\/autate.fr\/site\/communique-de-presse-annulation-du-pdu\/\" class=\"themebutton2\">VOIR PLUS<\/a><\/p>\n","protected":false},"author":1,"featured_media":0,"comment_status":"open","ping_status":"open","sticky":false,"template":"","format":"standard","meta":{"footnotes":""},"categories":[525],"tags":[86,542],"class_list":["post-3909","post","type-post","status-publish","format-standard","hentry","category-pdm","tag-pdu","tag-presse"],"yoast_head":"<!-- This site is optimized with the Yoast SEO plugin v27.4 - https:\/\/yoast.com\/product\/yoast-seo-wordpress\/ -->\n<title>Communiqu\u00e9 de presse : Annulation du PDU - AUTATE<\/title>\n<meta name=\"robots\" content=\"index, follow, max-snippet:-1, max-image-preview:large, max-video-preview:-1\" \/>\n<link rel=\"canonical\" href=\"https:\/\/autate.fr\/site\/communique-de-presse-annulation-du-pdu\/\" \/>\n<meta property=\"og:locale\" content=\"fr_FR\" \/>\n<meta property=\"og:type\" content=\"article\" \/>\n<meta property=\"og:title\" content=\"Communiqu\u00e9 de presse : Annulation du PDU - AUTATE\" \/>\n<meta property=\"og:description\" content=\"PLAN DE DEPLACEMENTS URBAINS 2018 CHRONIQUE D\u2019UNE ANNULATION ANNONCEE Le tribunal administratif a annul\u00e9 le 22 janvier dernier le plan de d\u00e9placements urbains (PDU) adopt\u00e9 en f\u00e9vrier 2018. L\u2019AUTATE regrette et d\u00e9nonce les nombreuses ann\u00e9es perdues alors que les retards dans le d\u00e9veloppement des mobilit\u00e9s continuent de s\u2019accumuler. En juillet dernier, l\u2019\u00e9tat a \u00e9t\u00e9 condamn\u00e9VOIR PLUS\" \/>\n<meta property=\"og:url\" content=\"https:\/\/autate.fr\/site\/communique-de-presse-annulation-du-pdu\/\" \/>\n<meta property=\"og:site_name\" content=\"AUTATE\" \/>\n<meta property=\"article:publisher\" content=\"https:\/\/www.facebook.com\/AutateToulouse\" \/>\n<meta property=\"article:published_time\" content=\"2021-01-29T21:26:46+00:00\" \/>\n<meta property=\"article:modified_time\" content=\"2025-11-21T20:43:32+00:00\" \/>\n<meta name=\"author\" content=\"pascalbarbier\" \/>\n<meta name=\"twitter:card\" content=\"summary_large_image\" \/>\n<meta name=\"twitter:creator\" content=\"@AutateToulouse\" \/>\n<meta name=\"twitter:site\" content=\"@AutateToulouse\" \/>\n<meta name=\"twitter:label1\" content=\"\u00c9crit par\" \/>\n\t<meta name=\"twitter:data1\" content=\"pascalbarbier\" \/>\n\t<meta name=\"twitter:label2\" content=\"Dur\u00e9e de lecture estim\u00e9e\" \/>\n\t<meta name=\"twitter:data2\" content=\"2 minutes\" \/>\n<script type=\"application\/ld+json\" class=\"yoast-schema-graph\">{\"@context\":\"https:\\\/\\\/schema.org\",\"@graph\":[{\"@type\":\"Article\",\"@id\":\"https:\\\/\\\/autate.fr\\\/site\\\/communique-de-presse-annulation-du-pdu\\\/#article\",\"isPartOf\":{\"@id\":\"https:\\\/\\\/autate.fr\\\/site\\\/communique-de-presse-annulation-du-pdu\\\/\"},\"author\":{\"name\":\"pascalbarbier\",\"@id\":\"https:\\\/\\\/autate.fr\\\/site\\\/#\\\/schema\\\/person\\\/ae1ab8bdaa7b41d2a9b52d2557ce8254\"},\"headline\":\"Communiqu\u00e9 de presse : Annulation du PDU\",\"datePublished\":\"2021-01-29T21:26:46+00:00\",\"dateModified\":\"2025-11-21T20:43:32+00:00\",\"mainEntityOfPage\":{\"@id\":\"https:\\\/\\\/autate.fr\\\/site\\\/communique-de-presse-annulation-du-pdu\\\/\"},\"wordCount\":402,\"commentCount\":0,\"publisher\":{\"@id\":\"https:\\\/\\\/autate.fr\\\/site\\\/#organization\"},\"keywords\":[\"PDU\",\"presse\"],\"articleSection\":[\"PlanDeMobilit\u00e9\"],\"inLanguage\":\"fr-FR\",\"potentialAction\":[{\"@type\":\"CommentAction\",\"name\":\"Comment\",\"target\":[\"https:\\\/\\\/autate.fr\\\/site\\\/communique-de-presse-annulation-du-pdu\\\/#respond\"]}]},{\"@type\":\"WebPage\",\"@id\":\"https:\\\/\\\/autate.fr\\\/site\\\/communique-de-presse-annulation-du-pdu\\\/\",\"url\":\"https:\\\/\\\/autate.fr\\\/site\\\/communique-de-presse-annulation-du-pdu\\\/\",\"name\":\"Communiqu\u00e9 de presse : Annulation du PDU - AUTATE\",\"isPartOf\":{\"@id\":\"https:\\\/\\\/autate.fr\\\/site\\\/#website\"},\"datePublished\":\"2021-01-29T21:26:46+00:00\",\"dateModified\":\"2025-11-21T20:43:32+00:00\",\"breadcrumb\":{\"@id\":\"https:\\\/\\\/autate.fr\\\/site\\\/communique-de-presse-annulation-du-pdu\\\/#breadcrumb\"},\"inLanguage\":\"fr-FR\",\"potentialAction\":[{\"@type\":\"ReadAction\",\"target\":[\"https:\\\/\\\/autate.fr\\\/site\\\/communique-de-presse-annulation-du-pdu\\\/\"]}]},{\"@type\":\"BreadcrumbList\",\"@id\":\"https:\\\/\\\/autate.fr\\\/site\\\/communique-de-presse-annulation-du-pdu\\\/#breadcrumb\",\"itemListElement\":[{\"@type\":\"ListItem\",\"position\":1,\"name\":\"Accueil\",\"item\":\"https:\\\/\\\/autate.fr\\\/site\\\/\"},{\"@type\":\"ListItem\",\"position\":2,\"name\":\"Communiqu\u00e9 de presse : Annulation du PDU\"}]},{\"@type\":\"WebSite\",\"@id\":\"https:\\\/\\\/autate.fr\\\/site\\\/#website\",\"url\":\"https:\\\/\\\/autate.fr\\\/site\\\/\",\"name\":\"AUTATE\",\"description\":\"Association des usagers des transports de l&#039;agglom\u00e9ration Toulousaine et de ses environs\",\"publisher\":{\"@id\":\"https:\\\/\\\/autate.fr\\\/site\\\/#organization\"},\"potentialAction\":[{\"@type\":\"SearchAction\",\"target\":{\"@type\":\"EntryPoint\",\"urlTemplate\":\"https:\\\/\\\/autate.fr\\\/site\\\/?s={search_term_string}\"},\"query-input\":{\"@type\":\"PropertyValueSpecification\",\"valueRequired\":true,\"valueName\":\"search_term_string\"}}],\"inLanguage\":\"fr-FR\"},{\"@type\":\"Organization\",\"@id\":\"https:\\\/\\\/autate.fr\\\/site\\\/#organization\",\"name\":\"AUTATE\",\"url\":\"https:\\\/\\\/autate.fr\\\/site\\\/\",\"logo\":{\"@type\":\"ImageObject\",\"inLanguage\":\"fr-FR\",\"@id\":\"https:\\\/\\\/autate.fr\\\/site\\\/#\\\/schema\\\/logo\\\/image\\\/\",\"url\":\"http:\\\/\\\/autate.fr\\\/site\\\/wp-content\\\/uploads\\\/2019\\\/01\\\/logo.png\",\"contentUrl\":\"http:\\\/\\\/autate.fr\\\/site\\\/wp-content\\\/uploads\\\/2019\\\/01\\\/logo.png\",\"width\":506,\"height\":280,\"caption\":\"AUTATE\"},\"image\":{\"@id\":\"https:\\\/\\\/autate.fr\\\/site\\\/#\\\/schema\\\/logo\\\/image\\\/\"},\"sameAs\":[\"https:\\\/\\\/www.facebook.com\\\/AutateToulouse\",\"https:\\\/\\\/x.com\\\/AutateToulouse\"]},{\"@type\":\"Person\",\"@id\":\"https:\\\/\\\/autate.fr\\\/site\\\/#\\\/schema\\\/person\\\/ae1ab8bdaa7b41d2a9b52d2557ce8254\",\"name\":\"pascalbarbier\",\"image\":{\"@type\":\"ImageObject\",\"inLanguage\":\"fr-FR\",\"@id\":\"https:\\\/\\\/secure.gravatar.com\\\/avatar\\\/03f4e8ced09894b72c67e83142540730d4b3bbf619bf46341b0074e3bf5f08a0?s=96&d=mm&r=g\",\"url\":\"https:\\\/\\\/secure.gravatar.com\\\/avatar\\\/03f4e8ced09894b72c67e83142540730d4b3bbf619bf46341b0074e3bf5f08a0?s=96&d=mm&r=g\",\"contentUrl\":\"https:\\\/\\\/secure.gravatar.com\\\/avatar\\\/03f4e8ced09894b72c67e83142540730d4b3bbf619bf46341b0074e3bf5f08a0?s=96&d=mm&r=g\",\"caption\":\"pascalbarbier\"},\"url\":\"https:\\\/\\\/autate.fr\\\/site\\\/author\\\/pascalbarbier\\\/\"}]}<\/script>\n<!-- \/ Yoast SEO plugin. -->","yoast_head_json":{"title":"Communiqu\u00e9 de presse : Annulation du PDU - AUTATE","robots":{"index":"index","follow":"follow","max-snippet":"max-snippet:-1","max-image-preview":"max-image-preview:large","max-video-preview":"max-video-preview:-1"},"canonical":"https:\/\/autate.fr\/site\/communique-de-presse-annulation-du-pdu\/","og_locale":"fr_FR","og_type":"article","og_title":"Communiqu\u00e9 de presse : Annulation du PDU - AUTATE","og_description":"PLAN DE DEPLACEMENTS URBAINS 2018 CHRONIQUE D\u2019UNE ANNULATION ANNONCEE Le tribunal administratif a annul\u00e9 le 22 janvier dernier le plan de d\u00e9placements urbains (PDU) adopt\u00e9 en f\u00e9vrier 2018. L\u2019AUTATE regrette et d\u00e9nonce les nombreuses ann\u00e9es perdues alors que les retards dans le d\u00e9veloppement des mobilit\u00e9s continuent de s\u2019accumuler. En juillet dernier, l\u2019\u00e9tat a \u00e9t\u00e9 condamn\u00e9VOIR PLUS","og_url":"https:\/\/autate.fr\/site\/communique-de-presse-annulation-du-pdu\/","og_site_name":"AUTATE","article_publisher":"https:\/\/www.facebook.com\/AutateToulouse","article_published_time":"2021-01-29T21:26:46+00:00","article_modified_time":"2025-11-21T20:43:32+00:00","author":"pascalbarbier","twitter_card":"summary_large_image","twitter_creator":"@AutateToulouse","twitter_site":"@AutateToulouse","twitter_misc":{"\u00c9crit par":"pascalbarbier","Dur\u00e9e de lecture estim\u00e9e":"2 minutes"},"schema":{"@context":"https:\/\/schema.org","@graph":[{"@type":"Article","@id":"https:\/\/autate.fr\/site\/communique-de-presse-annulation-du-pdu\/#article","isPartOf":{"@id":"https:\/\/autate.fr\/site\/communique-de-presse-annulation-du-pdu\/"},"author":{"name":"pascalbarbier","@id":"https:\/\/autate.fr\/site\/#\/schema\/person\/ae1ab8bdaa7b41d2a9b52d2557ce8254"},"headline":"Communiqu\u00e9 de presse : Annulation du PDU","datePublished":"2021-01-29T21:26:46+00:00","dateModified":"2025-11-21T20:43:32+00:00","mainEntityOfPage":{"@id":"https:\/\/autate.fr\/site\/communique-de-presse-annulation-du-pdu\/"},"wordCount":402,"commentCount":0,"publisher":{"@id":"https:\/\/autate.fr\/site\/#organization"},"keywords":["PDU","presse"],"articleSection":["PlanDeMobilit\u00e9"],"inLanguage":"fr-FR","potentialAction":[{"@type":"CommentAction","name":"Comment","target":["https:\/\/autate.fr\/site\/communique-de-presse-annulation-du-pdu\/#respond"]}]},{"@type":"WebPage","@id":"https:\/\/autate.fr\/site\/communique-de-presse-annulation-du-pdu\/","url":"https:\/\/autate.fr\/site\/communique-de-presse-annulation-du-pdu\/","name":"Communiqu\u00e9 de presse : Annulation du PDU - AUTATE","isPartOf":{"@id":"https:\/\/autate.fr\/site\/#website"},"datePublished":"2021-01-29T21:26:46+00:00","dateModified":"2025-11-21T20:43:32+00:00","breadcrumb":{"@id":"https:\/\/autate.fr\/site\/communique-de-presse-annulation-du-pdu\/#breadcrumb"},"inLanguage":"fr-FR","potentialAction":[{"@type":"ReadAction","target":["https:\/\/autate.fr\/site\/communique-de-presse-annulation-du-pdu\/"]}]},{"@type":"BreadcrumbList","@id":"https:\/\/autate.fr\/site\/communique-de-presse-annulation-du-pdu\/#breadcrumb","itemListElement":[{"@type":"ListItem","position":1,"name":"Accueil","item":"https:\/\/autate.fr\/site\/"},{"@type":"ListItem","position":2,"name":"Communiqu\u00e9 de presse : Annulation du PDU"}]},{"@type":"WebSite","@id":"https:\/\/autate.fr\/site\/#website","url":"https:\/\/autate.fr\/site\/","name":"AUTATE","description":"Association des usagers des transports de l&#039;agglom\u00e9ration Toulousaine et de ses environs","publisher":{"@id":"https:\/\/autate.fr\/site\/#organization"},"potentialAction":[{"@type":"SearchAction","target":{"@type":"EntryPoint","urlTemplate":"https:\/\/autate.fr\/site\/?s={search_term_string}"},"query-input":{"@type":"PropertyValueSpecification","valueRequired":true,"valueName":"search_term_string"}}],"inLanguage":"fr-FR"},{"@type":"Organization","@id":"https:\/\/autate.fr\/site\/#organization","name":"AUTATE","url":"https:\/\/autate.fr\/site\/","logo":{"@type":"ImageObject","inLanguage":"fr-FR","@id":"https:\/\/autate.fr\/site\/#\/schema\/logo\/image\/","url":"http:\/\/autate.fr\/site\/wp-content\/uploads\/2019\/01\/logo.png","contentUrl":"http:\/\/autate.fr\/site\/wp-content\/uploads\/2019\/01\/logo.png","width":506,"height":280,"caption":"AUTATE"},"image":{"@id":"https:\/\/autate.fr\/site\/#\/schema\/logo\/image\/"},"sameAs":["https:\/\/www.facebook.com\/AutateToulouse","https:\/\/x.com\/AutateToulouse"]},{"@type":"Person","@id":"https:\/\/autate.fr\/site\/#\/schema\/person\/ae1ab8bdaa7b41d2a9b52d2557ce8254","name":"pascalbarbier","image":{"@type":"ImageObject","inLanguage":"fr-FR","@id":"https:\/\/secure.gravatar.com\/avatar\/03f4e8ced09894b72c67e83142540730d4b3bbf619bf46341b0074e3bf5f08a0?s=96&d=mm&r=g","url":"https:\/\/secure.gravatar.com\/avatar\/03f4e8ced09894b72c67e83142540730d4b3bbf619bf46341b0074e3bf5f08a0?s=96&d=mm&r=g","contentUrl":"https:\/\/secure.gravatar.com\/avatar\/03f4e8ced09894b72c67e83142540730d4b3bbf619bf46341b0074e3bf5f08a0?s=96&d=mm&r=g","caption":"pascalbarbier"},"url":"https:\/\/autate.fr\/site\/author\/pascalbarbier\/"}]}},"_links":{"self":[{"href":"https:\/\/autate.fr\/site\/wp-json\/wp\/v2\/posts\/3909","targetHints":{"allow":["GET"]}}],"collection":[{"href":"https:\/\/autate.fr\/site\/wp-json\/wp\/v2\/posts"}],"about":[{"href":"https:\/\/autate.fr\/site\/wp-json\/wp\/v2\/types\/post"}],"author":[{"embeddable":true,"href":"https:\/\/autate.fr\/site\/wp-json\/wp\/v2\/users\/1"}],"replies":[{"embeddable":true,"href":"https:\/\/autate.fr\/site\/wp-json\/wp\/v2\/comments?post=3909"}],"version-history":[{"count":2,"href":"https:\/\/autate.fr\/site\/wp-json\/wp\/v2\/posts\/3909\/revisions"}],"predecessor-version":[{"id":3911,"href":"https:\/\/autate.fr\/site\/wp-json\/wp\/v2\/posts\/3909\/revisions\/3911"}],"wp:attachment":[{"href":"https:\/\/autate.fr\/site\/wp-json\/wp\/v2\/media?parent=3909"}],"wp:term":[{"taxonomy":"category","embeddable":true,"href":"https:\/\/autate.fr\/site\/wp-json\/wp\/v2\/categories?post=3909"},{"taxonomy":"post_tag","embeddable":true,"href":"https:\/\/autate.fr\/site\/wp-json\/wp\/v2\/tags?post=3909"}],"curies":[{"name":"wp","href":"https:\/\/api.w.org\/{rel}","templated":true}]}}