{"id":3731,"date":"2020-01-20T23:42:28","date_gmt":"2020-01-20T22:42:28","guid":{"rendered":"https:\/\/autate.fr\/site\/?p=3731"},"modified":"2025-11-11T17:41:02","modified_gmt":"2025-11-11T16:41:02","slug":"comment-se-deplace-un-jeune-de-leguevin","status":"publish","type":"post","link":"https:\/\/autate.fr\/site\/comment-se-deplace-un-jeune-de-leguevin\/","title":{"rendered":"Comment se d\u00e9place un jeune de L\u00e9guevin"},"content":{"rendered":"\n<p><br \/>Suite \u00e0 notre rencontre d&rsquo;hier soir sur le forum des mobilit\u00e9s organis\u00e9 par la municipalit\u00e9 de Brax, je vous livre mon exp\u00e9rience :<\/p>\n<p>Ah ! il ne fait pas bon \u00eatre jeune \u00e0 L\u00e9guevin !<br \/>En effet, la ville n&rsquo;est pas dot\u00e9e de transports en commun, si ce n&rsquo;est les bus scolaires en semaine et aux trajets pour le moins non r\u00e9jouissants : l&rsquo;\u00e9cole\/coll\u00e8ge !<br \/>Le L\u00e9gobus, petite navette municipale \u00e0 des horaires tr\u00e8s r\u00e9duits et des arr\u00eats tr\u00e8s cibl\u00e9s ! Et pour tout dire correspond plut\u00f4t aux d\u00e9placements de concitoyens du&#8230; 3i\u00e8me \u00e2ge.<br \/>La Gare est loin (sur la commune de Brax) donc m\u00eame cette option n&rsquo;est pas satisfaisante lorsqu&rsquo;il faut faire 1\/2 heure de marche \u00e0 pied (du centre ville de L\u00e9guevin) ou 1\/4 d&rsquo;heure de v\u00e9lo, en n&rsquo;\u00e9tant pas s\u00fbr de se le retrouver au retour car partout, malheureusement, les gens se servent&#8230; Et les pistes cyclables ont une fr\u00e9quence&#8230; al\u00e9atoire.<br \/>Quand au scooter, il est polluant et oblige nos jeunes \u00e0 emprunter des axes de circulation soit tr\u00e8s fr\u00e9quent\u00e9s, soit v\u00e9tustes et mal entretenus et donc potentiellement accidentog\u00e8nes&#8230; En tant que maman, je suis plut\u00f4t inqui\u00e8te.<\/p>\n<p>Il n&rsquo;y a plus qu&rsquo;\u00e0 compter sur le d\u00e9vouement sans bornes des parents pour transporter en voiture qui de droit \u00e0 gauche ou \u00e0 droite.<br \/>Oui mais alors ? quid de l&rsquo;impact environnemental et de la qualit\u00e9 de l&rsquo; air et donc de l&rsquo;impact sur notre sant\u00e9 si tout le monde prend sa voiture pour de petits trajets \u00e0 la gare de Brax, celle de Colomiers ou au m\u00e9tro de Basso Cambo ?<\/p>\n<p>Bref, c&rsquo;est un imbroglio&#8230;<br \/>Et je ne vous parle m\u00eame pas de la saturation des axes routiers aux heures de pointe matinales et en soir\u00e9e&#8230; Alors qu&rsquo;en bus, on extrairait pas mal de v\u00e9hicules personnels de ce \u00ab\u00a0traffic jam\u00a0\u00bb.<br \/>Il parait que notre territoire de l&rsquo;Ouest Toulousain est tr\u00e8s attractif.<br \/>Mon dieu quelle horreur en mati\u00e8re de d\u00e9placement ! Cela voudrait dire que les infrastructures actuelles d\u00e9j\u00e0 fortement satur\u00e9es vont s&rsquo;\u00e9touffer encore d&rsquo;avantage&#8230;<br \/>Si rien n&rsquo;est fait rapidement, nous allons nous retrouver compl\u00e8tement paralys\u00e9s&#8230;<br \/>A bon entendeur&#8230;<\/p>\n<p>Marie Perrin, habitante de L\u00e9guevin et maman d&rsquo;une pr\u00e9-ado.<\/p>\n","protected":false},"excerpt":{"rendered":"<p>Suite \u00e0 notre rencontre d&rsquo;hier soir sur le forum des mobilit\u00e9s organis\u00e9 par la municipalit\u00e9 de Brax, je vous livre mon exp\u00e9rience : Ah ! il ne fait pas bon \u00eatre jeune \u00e0 L\u00e9guevin !En effet, la ville n&rsquo;est pas dot\u00e9e de transports en commun, si ce n&rsquo;est les bus scolaires en semaine et aux<\/p>\n<p class=\"more-link\"><a href=\"https:\/\/autate.fr\/site\/comment-se-deplace-un-jeune-de-leguevin\/\" class=\"themebutton2\">VOIR PLUS<\/a><\/p>\n","protected":false},"author":9,"featured_media":0,"comment_status":"open","ping_status":"open","sticky":false,"template":"","format":"standard","meta":{"footnotes":""},"categories":[336],"tags":[],"class_list":["post-3731","post","type-post","status-publish","format-standard","hentry","category-temoignages"],"yoast_head":"<!-- This site is optimized with the Yoast SEO plugin v27.4 - https:\/\/yoast.com\/product\/yoast-seo-wordpress\/ -->\n<title>Comment se d\u00e9place un jeune de L\u00e9guevin - AUTATE<\/title>\n<meta name=\"robots\" content=\"index, follow, max-snippet:-1, max-image-preview:large, max-video-preview:-1\" \/>\n<link rel=\"canonical\" href=\"https:\/\/autate.fr\/site\/comment-se-deplace-un-jeune-de-leguevin\/\" \/>\n<meta property=\"og:locale\" content=\"fr_FR\" \/>\n<meta property=\"og:type\" content=\"article\" \/>\n<meta property=\"og:title\" content=\"Comment se d\u00e9place un jeune de L\u00e9guevin - AUTATE\" \/>\n<meta property=\"og:description\" content=\"Suite \u00e0 notre rencontre d&rsquo;hier soir sur le forum des mobilit\u00e9s organis\u00e9 par la municipalit\u00e9 de Brax, je vous livre mon exp\u00e9rience : Ah ! il ne fait pas bon \u00eatre jeune \u00e0 L\u00e9guevin !En effet, la ville n&rsquo;est pas dot\u00e9e de transports en commun, si ce n&rsquo;est les bus scolaires en semaine et auxVOIR PLUS\" \/>\n<meta property=\"og:url\" content=\"https:\/\/autate.fr\/site\/comment-se-deplace-un-jeune-de-leguevin\/\" \/>\n<meta property=\"og:site_name\" content=\"AUTATE\" \/>\n<meta property=\"article:publisher\" content=\"https:\/\/www.facebook.com\/AutateToulouse\" \/>\n<meta property=\"article:published_time\" content=\"2020-01-20T22:42:28+00:00\" \/>\n<meta property=\"article:modified_time\" content=\"2025-11-11T16:41:02+00:00\" \/>\n<meta name=\"author\" content=\"Marie-Pierre Bes\" \/>\n<meta name=\"twitter:card\" content=\"summary_large_image\" \/>\n<meta name=\"twitter:creator\" content=\"@AutateToulouse\" \/>\n<meta name=\"twitter:site\" content=\"@AutateToulouse\" \/>\n<meta name=\"twitter:label1\" content=\"\u00c9crit par\" \/>\n\t<meta name=\"twitter:data1\" content=\"Marie-Pierre Bes\" \/>\n\t<meta name=\"twitter:label2\" content=\"Dur\u00e9e de lecture estim\u00e9e\" \/>\n\t<meta name=\"twitter:data2\" content=\"2 minutes\" \/>\n<script type=\"application\/ld+json\" class=\"yoast-schema-graph\">{\"@context\":\"https:\\\/\\\/schema.org\",\"@graph\":[{\"@type\":\"Article\",\"@id\":\"https:\\\/\\\/autate.fr\\\/site\\\/comment-se-deplace-un-jeune-de-leguevin\\\/#article\",\"isPartOf\":{\"@id\":\"https:\\\/\\\/autate.fr\\\/site\\\/comment-se-deplace-un-jeune-de-leguevin\\\/\"},\"author\":{\"name\":\"Marie-Pierre Bes\",\"@id\":\"https:\\\/\\\/autate.fr\\\/site\\\/#\\\/schema\\\/person\\\/ca1ac9182f29f02489db16f08b0834ff\"},\"headline\":\"Comment se d\u00e9place un jeune de L\u00e9guevin\",\"datePublished\":\"2020-01-20T22:42:28+00:00\",\"dateModified\":\"2025-11-11T16:41:02+00:00\",\"mainEntityOfPage\":{\"@id\":\"https:\\\/\\\/autate.fr\\\/site\\\/comment-se-deplace-un-jeune-de-leguevin\\\/\"},\"wordCount\":395,\"commentCount\":0,\"publisher\":{\"@id\":\"https:\\\/\\\/autate.fr\\\/site\\\/#organization\"},\"articleSection\":[\"T\u00e9moignages\"],\"inLanguage\":\"fr-FR\",\"potentialAction\":[{\"@type\":\"CommentAction\",\"name\":\"Comment\",\"target\":[\"https:\\\/\\\/autate.fr\\\/site\\\/comment-se-deplace-un-jeune-de-leguevin\\\/#respond\"]}]},{\"@type\":\"WebPage\",\"@id\":\"https:\\\/\\\/autate.fr\\\/site\\\/comment-se-deplace-un-jeune-de-leguevin\\\/\",\"url\":\"https:\\\/\\\/autate.fr\\\/site\\\/comment-se-deplace-un-jeune-de-leguevin\\\/\",\"name\":\"Comment se d\u00e9place un jeune de L\u00e9guevin - AUTATE\",\"isPartOf\":{\"@id\":\"https:\\\/\\\/autate.fr\\\/site\\\/#website\"},\"datePublished\":\"2020-01-20T22:42:28+00:00\",\"dateModified\":\"2025-11-11T16:41:02+00:00\",\"breadcrumb\":{\"@id\":\"https:\\\/\\\/autate.fr\\\/site\\\/comment-se-deplace-un-jeune-de-leguevin\\\/#breadcrumb\"},\"inLanguage\":\"fr-FR\",\"potentialAction\":[{\"@type\":\"ReadAction\",\"target\":[\"https:\\\/\\\/autate.fr\\\/site\\\/comment-se-deplace-un-jeune-de-leguevin\\\/\"]}]},{\"@type\":\"BreadcrumbList\",\"@id\":\"https:\\\/\\\/autate.fr\\\/site\\\/comment-se-deplace-un-jeune-de-leguevin\\\/#breadcrumb\",\"itemListElement\":[{\"@type\":\"ListItem\",\"position\":1,\"name\":\"Accueil\",\"item\":\"https:\\\/\\\/autate.fr\\\/site\\\/\"},{\"@type\":\"ListItem\",\"position\":2,\"name\":\"Comment se d\u00e9place un jeune de L\u00e9guevin\"}]},{\"@type\":\"WebSite\",\"@id\":\"https:\\\/\\\/autate.fr\\\/site\\\/#website\",\"url\":\"https:\\\/\\\/autate.fr\\\/site\\\/\",\"name\":\"AUTATE\",\"description\":\"Association des usagers des transports de l&#039;agglom\u00e9ration Toulousaine et de ses environs\",\"publisher\":{\"@id\":\"https:\\\/\\\/autate.fr\\\/site\\\/#organization\"},\"potentialAction\":[{\"@type\":\"SearchAction\",\"target\":{\"@type\":\"EntryPoint\",\"urlTemplate\":\"https:\\\/\\\/autate.fr\\\/site\\\/?s={search_term_string}\"},\"query-input\":{\"@type\":\"PropertyValueSpecification\",\"valueRequired\":true,\"valueName\":\"search_term_string\"}}],\"inLanguage\":\"fr-FR\"},{\"@type\":\"Organization\",\"@id\":\"https:\\\/\\\/autate.fr\\\/site\\\/#organization\",\"name\":\"AUTATE\",\"url\":\"https:\\\/\\\/autate.fr\\\/site\\\/\",\"logo\":{\"@type\":\"ImageObject\",\"inLanguage\":\"fr-FR\",\"@id\":\"https:\\\/\\\/autate.fr\\\/site\\\/#\\\/schema\\\/logo\\\/image\\\/\",\"url\":\"http:\\\/\\\/autate.fr\\\/site\\\/wp-content\\\/uploads\\\/2019\\\/01\\\/logo.png\",\"contentUrl\":\"http:\\\/\\\/autate.fr\\\/site\\\/wp-content\\\/uploads\\\/2019\\\/01\\\/logo.png\",\"width\":506,\"height\":280,\"caption\":\"AUTATE\"},\"image\":{\"@id\":\"https:\\\/\\\/autate.fr\\\/site\\\/#\\\/schema\\\/logo\\\/image\\\/\"},\"sameAs\":[\"https:\\\/\\\/www.facebook.com\\\/AutateToulouse\",\"https:\\\/\\\/x.com\\\/AutateToulouse\"]},{\"@type\":\"Person\",\"@id\":\"https:\\\/\\\/autate.fr\\\/site\\\/#\\\/schema\\\/person\\\/ca1ac9182f29f02489db16f08b0834ff\",\"name\":\"Marie-Pierre Bes\",\"image\":{\"@type\":\"ImageObject\",\"inLanguage\":\"fr-FR\",\"@id\":\"https:\\\/\\\/secure.gravatar.com\\\/avatar\\\/08aa632b25ee7197789b8ec59d6cbcab7d9fc182fc393ccb7ac607ba55766261?s=96&d=mm&r=g\",\"url\":\"https:\\\/\\\/secure.gravatar.com\\\/avatar\\\/08aa632b25ee7197789b8ec59d6cbcab7d9fc182fc393ccb7ac607ba55766261?s=96&d=mm&r=g\",\"contentUrl\":\"https:\\\/\\\/secure.gravatar.com\\\/avatar\\\/08aa632b25ee7197789b8ec59d6cbcab7d9fc182fc393ccb7ac607ba55766261?s=96&d=mm&r=g\",\"caption\":\"Marie-Pierre Bes\"},\"url\":\"https:\\\/\\\/autate.fr\\\/site\\\/author\\\/mariepierre\\\/\"}]}<\/script>\n<!-- \/ Yoast SEO plugin. -->","yoast_head_json":{"title":"Comment se d\u00e9place un jeune de L\u00e9guevin - AUTATE","robots":{"index":"index","follow":"follow","max-snippet":"max-snippet:-1","max-image-preview":"max-image-preview:large","max-video-preview":"max-video-preview:-1"},"canonical":"https:\/\/autate.fr\/site\/comment-se-deplace-un-jeune-de-leguevin\/","og_locale":"fr_FR","og_type":"article","og_title":"Comment se d\u00e9place un jeune de L\u00e9guevin - AUTATE","og_description":"Suite \u00e0 notre rencontre d&rsquo;hier soir sur le forum des mobilit\u00e9s organis\u00e9 par la municipalit\u00e9 de Brax, je vous livre mon exp\u00e9rience : Ah ! il ne fait pas bon \u00eatre jeune \u00e0 L\u00e9guevin !En effet, la ville n&rsquo;est pas dot\u00e9e de transports en commun, si ce n&rsquo;est les bus scolaires en semaine et auxVOIR PLUS","og_url":"https:\/\/autate.fr\/site\/comment-se-deplace-un-jeune-de-leguevin\/","og_site_name":"AUTATE","article_publisher":"https:\/\/www.facebook.com\/AutateToulouse","article_published_time":"2020-01-20T22:42:28+00:00","article_modified_time":"2025-11-11T16:41:02+00:00","author":"Marie-Pierre Bes","twitter_card":"summary_large_image","twitter_creator":"@AutateToulouse","twitter_site":"@AutateToulouse","twitter_misc":{"\u00c9crit par":"Marie-Pierre Bes","Dur\u00e9e de lecture estim\u00e9e":"2 minutes"},"schema":{"@context":"https:\/\/schema.org","@graph":[{"@type":"Article","@id":"https:\/\/autate.fr\/site\/comment-se-deplace-un-jeune-de-leguevin\/#article","isPartOf":{"@id":"https:\/\/autate.fr\/site\/comment-se-deplace-un-jeune-de-leguevin\/"},"author":{"name":"Marie-Pierre Bes","@id":"https:\/\/autate.fr\/site\/#\/schema\/person\/ca1ac9182f29f02489db16f08b0834ff"},"headline":"Comment se d\u00e9place un jeune de L\u00e9guevin","datePublished":"2020-01-20T22:42:28+00:00","dateModified":"2025-11-11T16:41:02+00:00","mainEntityOfPage":{"@id":"https:\/\/autate.fr\/site\/comment-se-deplace-un-jeune-de-leguevin\/"},"wordCount":395,"commentCount":0,"publisher":{"@id":"https:\/\/autate.fr\/site\/#organization"},"articleSection":["T\u00e9moignages"],"inLanguage":"fr-FR","potentialAction":[{"@type":"CommentAction","name":"Comment","target":["https:\/\/autate.fr\/site\/comment-se-deplace-un-jeune-de-leguevin\/#respond"]}]},{"@type":"WebPage","@id":"https:\/\/autate.fr\/site\/comment-se-deplace-un-jeune-de-leguevin\/","url":"https:\/\/autate.fr\/site\/comment-se-deplace-un-jeune-de-leguevin\/","name":"Comment se d\u00e9place un jeune de L\u00e9guevin - AUTATE","isPartOf":{"@id":"https:\/\/autate.fr\/site\/#website"},"datePublished":"2020-01-20T22:42:28+00:00","dateModified":"2025-11-11T16:41:02+00:00","breadcrumb":{"@id":"https:\/\/autate.fr\/site\/comment-se-deplace-un-jeune-de-leguevin\/#breadcrumb"},"inLanguage":"fr-FR","potentialAction":[{"@type":"ReadAction","target":["https:\/\/autate.fr\/site\/comment-se-deplace-un-jeune-de-leguevin\/"]}]},{"@type":"BreadcrumbList","@id":"https:\/\/autate.fr\/site\/comment-se-deplace-un-jeune-de-leguevin\/#breadcrumb","itemListElement":[{"@type":"ListItem","position":1,"name":"Accueil","item":"https:\/\/autate.fr\/site\/"},{"@type":"ListItem","position":2,"name":"Comment se d\u00e9place un jeune de L\u00e9guevin"}]},{"@type":"WebSite","@id":"https:\/\/autate.fr\/site\/#website","url":"https:\/\/autate.fr\/site\/","name":"AUTATE","description":"Association des usagers des transports de l&#039;agglom\u00e9ration Toulousaine et de ses environs","publisher":{"@id":"https:\/\/autate.fr\/site\/#organization"},"potentialAction":[{"@type":"SearchAction","target":{"@type":"EntryPoint","urlTemplate":"https:\/\/autate.fr\/site\/?s={search_term_string}"},"query-input":{"@type":"PropertyValueSpecification","valueRequired":true,"valueName":"search_term_string"}}],"inLanguage":"fr-FR"},{"@type":"Organization","@id":"https:\/\/autate.fr\/site\/#organization","name":"AUTATE","url":"https:\/\/autate.fr\/site\/","logo":{"@type":"ImageObject","inLanguage":"fr-FR","@id":"https:\/\/autate.fr\/site\/#\/schema\/logo\/image\/","url":"http:\/\/autate.fr\/site\/wp-content\/uploads\/2019\/01\/logo.png","contentUrl":"http:\/\/autate.fr\/site\/wp-content\/uploads\/2019\/01\/logo.png","width":506,"height":280,"caption":"AUTATE"},"image":{"@id":"https:\/\/autate.fr\/site\/#\/schema\/logo\/image\/"},"sameAs":["https:\/\/www.facebook.com\/AutateToulouse","https:\/\/x.com\/AutateToulouse"]},{"@type":"Person","@id":"https:\/\/autate.fr\/site\/#\/schema\/person\/ca1ac9182f29f02489db16f08b0834ff","name":"Marie-Pierre Bes","image":{"@type":"ImageObject","inLanguage":"fr-FR","@id":"https:\/\/secure.gravatar.com\/avatar\/08aa632b25ee7197789b8ec59d6cbcab7d9fc182fc393ccb7ac607ba55766261?s=96&d=mm&r=g","url":"https:\/\/secure.gravatar.com\/avatar\/08aa632b25ee7197789b8ec59d6cbcab7d9fc182fc393ccb7ac607ba55766261?s=96&d=mm&r=g","contentUrl":"https:\/\/secure.gravatar.com\/avatar\/08aa632b25ee7197789b8ec59d6cbcab7d9fc182fc393ccb7ac607ba55766261?s=96&d=mm&r=g","caption":"Marie-Pierre Bes"},"url":"https:\/\/autate.fr\/site\/author\/mariepierre\/"}]}},"_links":{"self":[{"href":"https:\/\/autate.fr\/site\/wp-json\/wp\/v2\/posts\/3731","targetHints":{"allow":["GET"]}}],"collection":[{"href":"https:\/\/autate.fr\/site\/wp-json\/wp\/v2\/posts"}],"about":[{"href":"https:\/\/autate.fr\/site\/wp-json\/wp\/v2\/types\/post"}],"author":[{"embeddable":true,"href":"https:\/\/autate.fr\/site\/wp-json\/wp\/v2\/users\/9"}],"replies":[{"embeddable":true,"href":"https:\/\/autate.fr\/site\/wp-json\/wp\/v2\/comments?post=3731"}],"version-history":[{"count":1,"href":"https:\/\/autate.fr\/site\/wp-json\/wp\/v2\/posts\/3731\/revisions"}],"predecessor-version":[{"id":3732,"href":"https:\/\/autate.fr\/site\/wp-json\/wp\/v2\/posts\/3731\/revisions\/3732"}],"wp:attachment":[{"href":"https:\/\/autate.fr\/site\/wp-json\/wp\/v2\/media?parent=3731"}],"wp:term":[{"taxonomy":"category","embeddable":true,"href":"https:\/\/autate.fr\/site\/wp-json\/wp\/v2\/categories?post=3731"},{"taxonomy":"post_tag","embeddable":true,"href":"https:\/\/autate.fr\/site\/wp-json\/wp\/v2\/tags?post=3731"}],"curies":[{"name":"wp","href":"https:\/\/api.w.org\/{rel}","templated":true}]}}