{"id":3709,"date":"2019-12-19T10:38:56","date_gmt":"2019-12-19T09:38:56","guid":{"rendered":"https:\/\/autate.fr\/site\/?p=3709"},"modified":"2019-12-19T10:38:57","modified_gmt":"2019-12-19T09:38:57","slug":"dysfonctionnement-du-tad-transport-a-la-demande","status":"publish","type":"post","link":"https:\/\/autate.fr\/site\/dysfonctionnement-du-tad-transport-a-la-demande\/","title":{"rendered":"Dysfonctionnement du TAD (transport \u00e0 la demande)"},"content":{"rendered":"\n<p><strong>lundi 18 novembre 2019 :<\/strong><\/p>\n<ul>\n<li>mairie de Seilh RDV TAD (T1) \u00e0 14h20<\/li>\n<li>arriv\u00e9e \u00e0 Esquirol \u00e0 18h<\/li>\n<\/ul>\n<p>r\u00e9cit : le TAD de 14h20 n&rsquo;est pas parvenu \u00e0 me r\u00e9cup\u00e9rer. La mairie de Seilh a appel\u00e9 la centrale de r\u00e9servation qui a r\u00e9pondu qu&rsquo;il avait du retard pour me dire d&rsquo;attendre 2 heures de plus apr\u00e8s 1 heure d&rsquo;attente. En cons\u00e9quence, j&rsquo;ai du aller \u00e0 pied \u00e0 Beauzelle vers le centre commercial prendre le bus 70 \u00e0 A\u00e9roconstellation. Ensuite, le tram s&rsquo;est interrompu \u00e0 la station Zenith pendant 40 minutes (sans information sur la raison). Arriv\u00e9e \u00e0 Esquirol \u00e0 18h. Donc, 4 heures de trajet pour 18 km.<\/p>\n<p><strong>le 29 Octobre 2018 :<\/strong><\/p>\n<p>Le TAD de 9 heures m&rsquo;est pass\u00e9 sous le nez, j&rsquo;ai du attendre 9h30 (double tarification), balade dans la campagne et arriv\u00e9e \u00e0 la Mairie de Seilh \u00e0 10h15.<\/p>\n<p><strong>Le 10 avril 2017 :<\/strong><\/p>\n<ul>\n<li>envoi d&rsquo;un courrier \u00e0 Tisseo au service commercial \u00e0 propos du service TAD<\/li>\n<li>\u00e0 chaque fois, plainte \u00e0\u00a0 la mairie de Seilh<\/li>\n<\/ul>\n<p>Monique.<\/p>\n","protected":false},"excerpt":{"rendered":"<p>lundi 18 novembre 2019 : mairie de Seilh RDV TAD (T1) \u00e0 14h20 arriv\u00e9e \u00e0 Esquirol \u00e0 18h r\u00e9cit : le TAD de 14h20 n&rsquo;est pas parvenu \u00e0 me r\u00e9cup\u00e9rer. La mairie de Seilh a appel\u00e9 la centrale de r\u00e9servation qui a r\u00e9pondu qu&rsquo;il avait du retard pour me dire d&rsquo;attendre 2 heures de plus<\/p>\n<p class=\"more-link\"><a href=\"https:\/\/autate.fr\/site\/dysfonctionnement-du-tad-transport-a-la-demande\/\" class=\"themebutton2\">VOIR PLUS<\/a><\/p>\n","protected":false},"author":9,"featured_media":0,"comment_status":"open","ping_status":"open","sticky":false,"template":"","format":"standard","meta":{"footnotes":""},"categories":[514,336],"tags":[],"class_list":["post-3709","post","type-post","status-publish","format-standard","hentry","category-tad","category-temoignages"],"yoast_head":"<!-- This site is optimized with the Yoast SEO plugin v27.4 - https:\/\/yoast.com\/product\/yoast-seo-wordpress\/ -->\n<title>Dysfonctionnement du TAD (transport \u00e0 la demande) - AUTATE<\/title>\n<meta name=\"robots\" content=\"index, follow, max-snippet:-1, max-image-preview:large, max-video-preview:-1\" \/>\n<link rel=\"canonical\" href=\"https:\/\/autate.fr\/site\/dysfonctionnement-du-tad-transport-a-la-demande\/\" \/>\n<meta property=\"og:locale\" content=\"fr_FR\" \/>\n<meta property=\"og:type\" content=\"article\" \/>\n<meta property=\"og:title\" content=\"Dysfonctionnement du TAD (transport \u00e0 la demande) - AUTATE\" \/>\n<meta property=\"og:description\" content=\"lundi 18 novembre 2019 : mairie de Seilh RDV TAD (T1) \u00e0 14h20 arriv\u00e9e \u00e0 Esquirol \u00e0 18h r\u00e9cit : le TAD de 14h20 n&rsquo;est pas parvenu \u00e0 me r\u00e9cup\u00e9rer. La mairie de Seilh a appel\u00e9 la centrale de r\u00e9servation qui a r\u00e9pondu qu&rsquo;il avait du retard pour me dire d&rsquo;attendre 2 heures de plusVOIR PLUS\" \/>\n<meta property=\"og:url\" content=\"https:\/\/autate.fr\/site\/dysfonctionnement-du-tad-transport-a-la-demande\/\" \/>\n<meta property=\"og:site_name\" content=\"AUTATE\" \/>\n<meta property=\"article:publisher\" content=\"https:\/\/www.facebook.com\/AutateToulouse\" \/>\n<meta property=\"article:published_time\" content=\"2019-12-19T09:38:56+00:00\" \/>\n<meta property=\"article:modified_time\" content=\"2019-12-19T09:38:57+00:00\" \/>\n<meta name=\"author\" content=\"Marie-Pierre Bes\" \/>\n<meta name=\"twitter:card\" content=\"summary_large_image\" \/>\n<meta name=\"twitter:creator\" content=\"@AutateToulouse\" \/>\n<meta name=\"twitter:site\" content=\"@AutateToulouse\" \/>\n<meta name=\"twitter:label1\" content=\"\u00c9crit par\" \/>\n\t<meta name=\"twitter:data1\" content=\"Marie-Pierre Bes\" \/>\n\t<meta name=\"twitter:label2\" content=\"Dur\u00e9e de lecture estim\u00e9e\" \/>\n\t<meta name=\"twitter:data2\" content=\"1 minute\" \/>\n<script type=\"application\/ld+json\" class=\"yoast-schema-graph\">{\"@context\":\"https:\\\/\\\/schema.org\",\"@graph\":[{\"@type\":\"Article\",\"@id\":\"https:\\\/\\\/autate.fr\\\/site\\\/dysfonctionnement-du-tad-transport-a-la-demande\\\/#article\",\"isPartOf\":{\"@id\":\"https:\\\/\\\/autate.fr\\\/site\\\/dysfonctionnement-du-tad-transport-a-la-demande\\\/\"},\"author\":{\"name\":\"Marie-Pierre Bes\",\"@id\":\"https:\\\/\\\/autate.fr\\\/site\\\/#\\\/schema\\\/person\\\/ca1ac9182f29f02489db16f08b0834ff\"},\"headline\":\"Dysfonctionnement du TAD (transport \u00e0 la demande)\",\"datePublished\":\"2019-12-19T09:38:56+00:00\",\"dateModified\":\"2019-12-19T09:38:57+00:00\",\"mainEntityOfPage\":{\"@id\":\"https:\\\/\\\/autate.fr\\\/site\\\/dysfonctionnement-du-tad-transport-a-la-demande\\\/\"},\"wordCount\":154,\"commentCount\":0,\"publisher\":{\"@id\":\"https:\\\/\\\/autate.fr\\\/site\\\/#organization\"},\"articleSection\":[\"TAD\",\"T\u00e9moignages\"],\"inLanguage\":\"fr-FR\",\"potentialAction\":[{\"@type\":\"CommentAction\",\"name\":\"Comment\",\"target\":[\"https:\\\/\\\/autate.fr\\\/site\\\/dysfonctionnement-du-tad-transport-a-la-demande\\\/#respond\"]}]},{\"@type\":\"WebPage\",\"@id\":\"https:\\\/\\\/autate.fr\\\/site\\\/dysfonctionnement-du-tad-transport-a-la-demande\\\/\",\"url\":\"https:\\\/\\\/autate.fr\\\/site\\\/dysfonctionnement-du-tad-transport-a-la-demande\\\/\",\"name\":\"Dysfonctionnement du TAD (transport \u00e0 la demande) - AUTATE\",\"isPartOf\":{\"@id\":\"https:\\\/\\\/autate.fr\\\/site\\\/#website\"},\"datePublished\":\"2019-12-19T09:38:56+00:00\",\"dateModified\":\"2019-12-19T09:38:57+00:00\",\"breadcrumb\":{\"@id\":\"https:\\\/\\\/autate.fr\\\/site\\\/dysfonctionnement-du-tad-transport-a-la-demande\\\/#breadcrumb\"},\"inLanguage\":\"fr-FR\",\"potentialAction\":[{\"@type\":\"ReadAction\",\"target\":[\"https:\\\/\\\/autate.fr\\\/site\\\/dysfonctionnement-du-tad-transport-a-la-demande\\\/\"]}]},{\"@type\":\"BreadcrumbList\",\"@id\":\"https:\\\/\\\/autate.fr\\\/site\\\/dysfonctionnement-du-tad-transport-a-la-demande\\\/#breadcrumb\",\"itemListElement\":[{\"@type\":\"ListItem\",\"position\":1,\"name\":\"Accueil\",\"item\":\"https:\\\/\\\/autate.fr\\\/site\\\/\"},{\"@type\":\"ListItem\",\"position\":2,\"name\":\"Dysfonctionnement du TAD (transport \u00e0 la demande)\"}]},{\"@type\":\"WebSite\",\"@id\":\"https:\\\/\\\/autate.fr\\\/site\\\/#website\",\"url\":\"https:\\\/\\\/autate.fr\\\/site\\\/\",\"name\":\"AUTATE\",\"description\":\"Association des usagers des transports de l&#039;agglom\u00e9ration Toulousaine et de ses environs\",\"publisher\":{\"@id\":\"https:\\\/\\\/autate.fr\\\/site\\\/#organization\"},\"potentialAction\":[{\"@type\":\"SearchAction\",\"target\":{\"@type\":\"EntryPoint\",\"urlTemplate\":\"https:\\\/\\\/autate.fr\\\/site\\\/?s={search_term_string}\"},\"query-input\":{\"@type\":\"PropertyValueSpecification\",\"valueRequired\":true,\"valueName\":\"search_term_string\"}}],\"inLanguage\":\"fr-FR\"},{\"@type\":\"Organization\",\"@id\":\"https:\\\/\\\/autate.fr\\\/site\\\/#organization\",\"name\":\"AUTATE\",\"url\":\"https:\\\/\\\/autate.fr\\\/site\\\/\",\"logo\":{\"@type\":\"ImageObject\",\"inLanguage\":\"fr-FR\",\"@id\":\"https:\\\/\\\/autate.fr\\\/site\\\/#\\\/schema\\\/logo\\\/image\\\/\",\"url\":\"http:\\\/\\\/autate.fr\\\/site\\\/wp-content\\\/uploads\\\/2019\\\/01\\\/logo.png\",\"contentUrl\":\"http:\\\/\\\/autate.fr\\\/site\\\/wp-content\\\/uploads\\\/2019\\\/01\\\/logo.png\",\"width\":506,\"height\":280,\"caption\":\"AUTATE\"},\"image\":{\"@id\":\"https:\\\/\\\/autate.fr\\\/site\\\/#\\\/schema\\\/logo\\\/image\\\/\"},\"sameAs\":[\"https:\\\/\\\/www.facebook.com\\\/AutateToulouse\",\"https:\\\/\\\/x.com\\\/AutateToulouse\"]},{\"@type\":\"Person\",\"@id\":\"https:\\\/\\\/autate.fr\\\/site\\\/#\\\/schema\\\/person\\\/ca1ac9182f29f02489db16f08b0834ff\",\"name\":\"Marie-Pierre Bes\",\"image\":{\"@type\":\"ImageObject\",\"inLanguage\":\"fr-FR\",\"@id\":\"https:\\\/\\\/secure.gravatar.com\\\/avatar\\\/08aa632b25ee7197789b8ec59d6cbcab7d9fc182fc393ccb7ac607ba55766261?s=96&d=mm&r=g\",\"url\":\"https:\\\/\\\/secure.gravatar.com\\\/avatar\\\/08aa632b25ee7197789b8ec59d6cbcab7d9fc182fc393ccb7ac607ba55766261?s=96&d=mm&r=g\",\"contentUrl\":\"https:\\\/\\\/secure.gravatar.com\\\/avatar\\\/08aa632b25ee7197789b8ec59d6cbcab7d9fc182fc393ccb7ac607ba55766261?s=96&d=mm&r=g\",\"caption\":\"Marie-Pierre Bes\"},\"url\":\"https:\\\/\\\/autate.fr\\\/site\\\/author\\\/mariepierre\\\/\"}]}<\/script>\n<!-- \/ Yoast SEO plugin. -->","yoast_head_json":{"title":"Dysfonctionnement du TAD (transport \u00e0 la demande) - AUTATE","robots":{"index":"index","follow":"follow","max-snippet":"max-snippet:-1","max-image-preview":"max-image-preview:large","max-video-preview":"max-video-preview:-1"},"canonical":"https:\/\/autate.fr\/site\/dysfonctionnement-du-tad-transport-a-la-demande\/","og_locale":"fr_FR","og_type":"article","og_title":"Dysfonctionnement du TAD (transport \u00e0 la demande) - AUTATE","og_description":"lundi 18 novembre 2019 : mairie de Seilh RDV TAD (T1) \u00e0 14h20 arriv\u00e9e \u00e0 Esquirol \u00e0 18h r\u00e9cit : le TAD de 14h20 n&rsquo;est pas parvenu \u00e0 me r\u00e9cup\u00e9rer. La mairie de Seilh a appel\u00e9 la centrale de r\u00e9servation qui a r\u00e9pondu qu&rsquo;il avait du retard pour me dire d&rsquo;attendre 2 heures de plusVOIR PLUS","og_url":"https:\/\/autate.fr\/site\/dysfonctionnement-du-tad-transport-a-la-demande\/","og_site_name":"AUTATE","article_publisher":"https:\/\/www.facebook.com\/AutateToulouse","article_published_time":"2019-12-19T09:38:56+00:00","article_modified_time":"2019-12-19T09:38:57+00:00","author":"Marie-Pierre Bes","twitter_card":"summary_large_image","twitter_creator":"@AutateToulouse","twitter_site":"@AutateToulouse","twitter_misc":{"\u00c9crit par":"Marie-Pierre Bes","Dur\u00e9e de lecture estim\u00e9e":"1 minute"},"schema":{"@context":"https:\/\/schema.org","@graph":[{"@type":"Article","@id":"https:\/\/autate.fr\/site\/dysfonctionnement-du-tad-transport-a-la-demande\/#article","isPartOf":{"@id":"https:\/\/autate.fr\/site\/dysfonctionnement-du-tad-transport-a-la-demande\/"},"author":{"name":"Marie-Pierre Bes","@id":"https:\/\/autate.fr\/site\/#\/schema\/person\/ca1ac9182f29f02489db16f08b0834ff"},"headline":"Dysfonctionnement du TAD (transport \u00e0 la demande)","datePublished":"2019-12-19T09:38:56+00:00","dateModified":"2019-12-19T09:38:57+00:00","mainEntityOfPage":{"@id":"https:\/\/autate.fr\/site\/dysfonctionnement-du-tad-transport-a-la-demande\/"},"wordCount":154,"commentCount":0,"publisher":{"@id":"https:\/\/autate.fr\/site\/#organization"},"articleSection":["TAD","T\u00e9moignages"],"inLanguage":"fr-FR","potentialAction":[{"@type":"CommentAction","name":"Comment","target":["https:\/\/autate.fr\/site\/dysfonctionnement-du-tad-transport-a-la-demande\/#respond"]}]},{"@type":"WebPage","@id":"https:\/\/autate.fr\/site\/dysfonctionnement-du-tad-transport-a-la-demande\/","url":"https:\/\/autate.fr\/site\/dysfonctionnement-du-tad-transport-a-la-demande\/","name":"Dysfonctionnement du TAD (transport \u00e0 la demande) - AUTATE","isPartOf":{"@id":"https:\/\/autate.fr\/site\/#website"},"datePublished":"2019-12-19T09:38:56+00:00","dateModified":"2019-12-19T09:38:57+00:00","breadcrumb":{"@id":"https:\/\/autate.fr\/site\/dysfonctionnement-du-tad-transport-a-la-demande\/#breadcrumb"},"inLanguage":"fr-FR","potentialAction":[{"@type":"ReadAction","target":["https:\/\/autate.fr\/site\/dysfonctionnement-du-tad-transport-a-la-demande\/"]}]},{"@type":"BreadcrumbList","@id":"https:\/\/autate.fr\/site\/dysfonctionnement-du-tad-transport-a-la-demande\/#breadcrumb","itemListElement":[{"@type":"ListItem","position":1,"name":"Accueil","item":"https:\/\/autate.fr\/site\/"},{"@type":"ListItem","position":2,"name":"Dysfonctionnement du TAD (transport \u00e0 la demande)"}]},{"@type":"WebSite","@id":"https:\/\/autate.fr\/site\/#website","url":"https:\/\/autate.fr\/site\/","name":"AUTATE","description":"Association des usagers des transports de l&#039;agglom\u00e9ration Toulousaine et de ses environs","publisher":{"@id":"https:\/\/autate.fr\/site\/#organization"},"potentialAction":[{"@type":"SearchAction","target":{"@type":"EntryPoint","urlTemplate":"https:\/\/autate.fr\/site\/?s={search_term_string}"},"query-input":{"@type":"PropertyValueSpecification","valueRequired":true,"valueName":"search_term_string"}}],"inLanguage":"fr-FR"},{"@type":"Organization","@id":"https:\/\/autate.fr\/site\/#organization","name":"AUTATE","url":"https:\/\/autate.fr\/site\/","logo":{"@type":"ImageObject","inLanguage":"fr-FR","@id":"https:\/\/autate.fr\/site\/#\/schema\/logo\/image\/","url":"http:\/\/autate.fr\/site\/wp-content\/uploads\/2019\/01\/logo.png","contentUrl":"http:\/\/autate.fr\/site\/wp-content\/uploads\/2019\/01\/logo.png","width":506,"height":280,"caption":"AUTATE"},"image":{"@id":"https:\/\/autate.fr\/site\/#\/schema\/logo\/image\/"},"sameAs":["https:\/\/www.facebook.com\/AutateToulouse","https:\/\/x.com\/AutateToulouse"]},{"@type":"Person","@id":"https:\/\/autate.fr\/site\/#\/schema\/person\/ca1ac9182f29f02489db16f08b0834ff","name":"Marie-Pierre Bes","image":{"@type":"ImageObject","inLanguage":"fr-FR","@id":"https:\/\/secure.gravatar.com\/avatar\/08aa632b25ee7197789b8ec59d6cbcab7d9fc182fc393ccb7ac607ba55766261?s=96&d=mm&r=g","url":"https:\/\/secure.gravatar.com\/avatar\/08aa632b25ee7197789b8ec59d6cbcab7d9fc182fc393ccb7ac607ba55766261?s=96&d=mm&r=g","contentUrl":"https:\/\/secure.gravatar.com\/avatar\/08aa632b25ee7197789b8ec59d6cbcab7d9fc182fc393ccb7ac607ba55766261?s=96&d=mm&r=g","caption":"Marie-Pierre Bes"},"url":"https:\/\/autate.fr\/site\/author\/mariepierre\/"}]}},"_links":{"self":[{"href":"https:\/\/autate.fr\/site\/wp-json\/wp\/v2\/posts\/3709","targetHints":{"allow":["GET"]}}],"collection":[{"href":"https:\/\/autate.fr\/site\/wp-json\/wp\/v2\/posts"}],"about":[{"href":"https:\/\/autate.fr\/site\/wp-json\/wp\/v2\/types\/post"}],"author":[{"embeddable":true,"href":"https:\/\/autate.fr\/site\/wp-json\/wp\/v2\/users\/9"}],"replies":[{"embeddable":true,"href":"https:\/\/autate.fr\/site\/wp-json\/wp\/v2\/comments?post=3709"}],"version-history":[{"count":1,"href":"https:\/\/autate.fr\/site\/wp-json\/wp\/v2\/posts\/3709\/revisions"}],"predecessor-version":[{"id":3710,"href":"https:\/\/autate.fr\/site\/wp-json\/wp\/v2\/posts\/3709\/revisions\/3710"}],"wp:attachment":[{"href":"https:\/\/autate.fr\/site\/wp-json\/wp\/v2\/media?parent=3709"}],"wp:term":[{"taxonomy":"category","embeddable":true,"href":"https:\/\/autate.fr\/site\/wp-json\/wp\/v2\/categories?post=3709"},{"taxonomy":"post_tag","embeddable":true,"href":"https:\/\/autate.fr\/site\/wp-json\/wp\/v2\/tags?post=3709"}],"curies":[{"name":"wp","href":"https:\/\/api.w.org\/{rel}","templated":true}]}}