{"id":3707,"date":"2019-12-19T10:24:31","date_gmt":"2019-12-19T09:24:31","guid":{"rendered":"https:\/\/autate.fr\/site\/?p=3707"},"modified":"2019-12-19T10:24:32","modified_gmt":"2019-12-19T09:24:32","slug":"retard-fin-de-journee-du-bus-70-blagnac","status":"publish","type":"post","link":"https:\/\/autate.fr\/site\/retard-fin-de-journee-du-bus-70-blagnac\/","title":{"rendered":"Retard fin de journ\u00e9e du bus 70 (blagnac)"},"content":{"rendered":"\n<p>Le bus 70 qui dessert Blagnac de 19h42 direction toulouse n&rsquo;est jamais \u00e0 l&rsquo;heure. Il arrive 15 minutes apr\u00e8s. Du coup, je suis en retard \u00e0 mon activit\u00e9. D&rsquo;apr\u00e8s le chauffeur, la raison vient du fait que les bus sont dans les bouchons \u00e0 partir de 17h. Donc apres, tous les bus sont en retard ! Vivement les voies prioritaires.<\/p>\n<p>Marie-Pierre<\/p>\n","protected":false},"excerpt":{"rendered":"<p>Le bus 70 qui dessert Blagnac de 19h42 direction toulouse n&rsquo;est jamais \u00e0 l&rsquo;heure. Il arrive 15 minutes apr\u00e8s. Du coup, je suis en retard \u00e0 mon activit\u00e9. D&rsquo;apr\u00e8s le chauffeur, la raison vient du fait que les bus sont dans les bouchons \u00e0 partir de 17h. Donc apres, tous les bus sont en retard<\/p>\n<p class=\"more-link\"><a href=\"https:\/\/autate.fr\/site\/retard-fin-de-journee-du-bus-70-blagnac\/\" class=\"themebutton2\">VOIR PLUS<\/a><\/p>\n","protected":false},"author":9,"featured_media":0,"comment_status":"open","ping_status":"open","sticky":false,"template":"","format":"standard","meta":{"footnotes":""},"categories":[500,336],"tags":[],"class_list":["post-3707","post","type-post","status-publish","format-standard","hentry","category-bus-tisseo","category-temoignages"],"yoast_head":"<!-- This site is optimized with the Yoast SEO plugin v27.4 - https:\/\/yoast.com\/product\/yoast-seo-wordpress\/ -->\n<title>Retard fin de journ\u00e9e du bus 70 (blagnac) - AUTATE<\/title>\n<meta name=\"robots\" content=\"index, follow, max-snippet:-1, max-image-preview:large, max-video-preview:-1\" \/>\n<link rel=\"canonical\" href=\"https:\/\/autate.fr\/site\/retard-fin-de-journee-du-bus-70-blagnac\/\" \/>\n<meta property=\"og:locale\" content=\"fr_FR\" \/>\n<meta property=\"og:type\" content=\"article\" \/>\n<meta property=\"og:title\" content=\"Retard fin de journ\u00e9e du bus 70 (blagnac) - AUTATE\" \/>\n<meta property=\"og:description\" content=\"Le bus 70 qui dessert Blagnac de 19h42 direction toulouse n&rsquo;est jamais \u00e0 l&rsquo;heure. Il arrive 15 minutes apr\u00e8s. Du coup, je suis en retard \u00e0 mon activit\u00e9. D&rsquo;apr\u00e8s le chauffeur, la raison vient du fait que les bus sont dans les bouchons \u00e0 partir de 17h. Donc apres, tous les bus sont en retardVOIR PLUS\" \/>\n<meta property=\"og:url\" content=\"https:\/\/autate.fr\/site\/retard-fin-de-journee-du-bus-70-blagnac\/\" \/>\n<meta property=\"og:site_name\" content=\"AUTATE\" \/>\n<meta property=\"article:publisher\" content=\"https:\/\/www.facebook.com\/AutateToulouse\" \/>\n<meta property=\"article:published_time\" content=\"2019-12-19T09:24:31+00:00\" \/>\n<meta property=\"article:modified_time\" content=\"2019-12-19T09:24:32+00:00\" \/>\n<meta name=\"author\" content=\"Marie-Pierre Bes\" \/>\n<meta name=\"twitter:card\" content=\"summary_large_image\" \/>\n<meta name=\"twitter:creator\" content=\"@AutateToulouse\" \/>\n<meta name=\"twitter:site\" content=\"@AutateToulouse\" \/>\n<meta name=\"twitter:label1\" content=\"\u00c9crit par\" \/>\n\t<meta name=\"twitter:data1\" content=\"Marie-Pierre Bes\" \/>\n<script type=\"application\/ld+json\" class=\"yoast-schema-graph\">{\"@context\":\"https:\\\/\\\/schema.org\",\"@graph\":[{\"@type\":\"Article\",\"@id\":\"https:\\\/\\\/autate.fr\\\/site\\\/retard-fin-de-journee-du-bus-70-blagnac\\\/#article\",\"isPartOf\":{\"@id\":\"https:\\\/\\\/autate.fr\\\/site\\\/retard-fin-de-journee-du-bus-70-blagnac\\\/\"},\"author\":{\"name\":\"Marie-Pierre Bes\",\"@id\":\"https:\\\/\\\/autate.fr\\\/site\\\/#\\\/schema\\\/person\\\/ca1ac9182f29f02489db16f08b0834ff\"},\"headline\":\"Retard fin de journ\u00e9e du bus 70 (blagnac)\",\"datePublished\":\"2019-12-19T09:24:31+00:00\",\"dateModified\":\"2019-12-19T09:24:32+00:00\",\"mainEntityOfPage\":{\"@id\":\"https:\\\/\\\/autate.fr\\\/site\\\/retard-fin-de-journee-du-bus-70-blagnac\\\/\"},\"wordCount\":65,\"commentCount\":0,\"publisher\":{\"@id\":\"https:\\\/\\\/autate.fr\\\/site\\\/#organization\"},\"articleSection\":[\"Bus Tisseo\",\"T\u00e9moignages\"],\"inLanguage\":\"fr-FR\",\"potentialAction\":[{\"@type\":\"CommentAction\",\"name\":\"Comment\",\"target\":[\"https:\\\/\\\/autate.fr\\\/site\\\/retard-fin-de-journee-du-bus-70-blagnac\\\/#respond\"]}]},{\"@type\":\"WebPage\",\"@id\":\"https:\\\/\\\/autate.fr\\\/site\\\/retard-fin-de-journee-du-bus-70-blagnac\\\/\",\"url\":\"https:\\\/\\\/autate.fr\\\/site\\\/retard-fin-de-journee-du-bus-70-blagnac\\\/\",\"name\":\"Retard fin de journ\u00e9e du bus 70 (blagnac) - AUTATE\",\"isPartOf\":{\"@id\":\"https:\\\/\\\/autate.fr\\\/site\\\/#website\"},\"datePublished\":\"2019-12-19T09:24:31+00:00\",\"dateModified\":\"2019-12-19T09:24:32+00:00\",\"breadcrumb\":{\"@id\":\"https:\\\/\\\/autate.fr\\\/site\\\/retard-fin-de-journee-du-bus-70-blagnac\\\/#breadcrumb\"},\"inLanguage\":\"fr-FR\",\"potentialAction\":[{\"@type\":\"ReadAction\",\"target\":[\"https:\\\/\\\/autate.fr\\\/site\\\/retard-fin-de-journee-du-bus-70-blagnac\\\/\"]}]},{\"@type\":\"BreadcrumbList\",\"@id\":\"https:\\\/\\\/autate.fr\\\/site\\\/retard-fin-de-journee-du-bus-70-blagnac\\\/#breadcrumb\",\"itemListElement\":[{\"@type\":\"ListItem\",\"position\":1,\"name\":\"Accueil\",\"item\":\"https:\\\/\\\/autate.fr\\\/site\\\/\"},{\"@type\":\"ListItem\",\"position\":2,\"name\":\"Retard fin de journ\u00e9e du bus 70 (blagnac)\"}]},{\"@type\":\"WebSite\",\"@id\":\"https:\\\/\\\/autate.fr\\\/site\\\/#website\",\"url\":\"https:\\\/\\\/autate.fr\\\/site\\\/\",\"name\":\"AUTATE\",\"description\":\"Association des usagers des transports de l&#039;agglom\u00e9ration Toulousaine et de ses environs\",\"publisher\":{\"@id\":\"https:\\\/\\\/autate.fr\\\/site\\\/#organization\"},\"potentialAction\":[{\"@type\":\"SearchAction\",\"target\":{\"@type\":\"EntryPoint\",\"urlTemplate\":\"https:\\\/\\\/autate.fr\\\/site\\\/?s={search_term_string}\"},\"query-input\":{\"@type\":\"PropertyValueSpecification\",\"valueRequired\":true,\"valueName\":\"search_term_string\"}}],\"inLanguage\":\"fr-FR\"},{\"@type\":\"Organization\",\"@id\":\"https:\\\/\\\/autate.fr\\\/site\\\/#organization\",\"name\":\"AUTATE\",\"url\":\"https:\\\/\\\/autate.fr\\\/site\\\/\",\"logo\":{\"@type\":\"ImageObject\",\"inLanguage\":\"fr-FR\",\"@id\":\"https:\\\/\\\/autate.fr\\\/site\\\/#\\\/schema\\\/logo\\\/image\\\/\",\"url\":\"http:\\\/\\\/autate.fr\\\/site\\\/wp-content\\\/uploads\\\/2019\\\/01\\\/logo.png\",\"contentUrl\":\"http:\\\/\\\/autate.fr\\\/site\\\/wp-content\\\/uploads\\\/2019\\\/01\\\/logo.png\",\"width\":506,\"height\":280,\"caption\":\"AUTATE\"},\"image\":{\"@id\":\"https:\\\/\\\/autate.fr\\\/site\\\/#\\\/schema\\\/logo\\\/image\\\/\"},\"sameAs\":[\"https:\\\/\\\/www.facebook.com\\\/AutateToulouse\",\"https:\\\/\\\/x.com\\\/AutateToulouse\"]},{\"@type\":\"Person\",\"@id\":\"https:\\\/\\\/autate.fr\\\/site\\\/#\\\/schema\\\/person\\\/ca1ac9182f29f02489db16f08b0834ff\",\"name\":\"Marie-Pierre Bes\",\"image\":{\"@type\":\"ImageObject\",\"inLanguage\":\"fr-FR\",\"@id\":\"https:\\\/\\\/secure.gravatar.com\\\/avatar\\\/08aa632b25ee7197789b8ec59d6cbcab7d9fc182fc393ccb7ac607ba55766261?s=96&d=mm&r=g\",\"url\":\"https:\\\/\\\/secure.gravatar.com\\\/avatar\\\/08aa632b25ee7197789b8ec59d6cbcab7d9fc182fc393ccb7ac607ba55766261?s=96&d=mm&r=g\",\"contentUrl\":\"https:\\\/\\\/secure.gravatar.com\\\/avatar\\\/08aa632b25ee7197789b8ec59d6cbcab7d9fc182fc393ccb7ac607ba55766261?s=96&d=mm&r=g\",\"caption\":\"Marie-Pierre Bes\"},\"url\":\"https:\\\/\\\/autate.fr\\\/site\\\/author\\\/mariepierre\\\/\"}]}<\/script>\n<!-- \/ Yoast SEO plugin. -->","yoast_head_json":{"title":"Retard fin de journ\u00e9e du bus 70 (blagnac) - AUTATE","robots":{"index":"index","follow":"follow","max-snippet":"max-snippet:-1","max-image-preview":"max-image-preview:large","max-video-preview":"max-video-preview:-1"},"canonical":"https:\/\/autate.fr\/site\/retard-fin-de-journee-du-bus-70-blagnac\/","og_locale":"fr_FR","og_type":"article","og_title":"Retard fin de journ\u00e9e du bus 70 (blagnac) - AUTATE","og_description":"Le bus 70 qui dessert Blagnac de 19h42 direction toulouse n&rsquo;est jamais \u00e0 l&rsquo;heure. Il arrive 15 minutes apr\u00e8s. Du coup, je suis en retard \u00e0 mon activit\u00e9. D&rsquo;apr\u00e8s le chauffeur, la raison vient du fait que les bus sont dans les bouchons \u00e0 partir de 17h. Donc apres, tous les bus sont en retardVOIR PLUS","og_url":"https:\/\/autate.fr\/site\/retard-fin-de-journee-du-bus-70-blagnac\/","og_site_name":"AUTATE","article_publisher":"https:\/\/www.facebook.com\/AutateToulouse","article_published_time":"2019-12-19T09:24:31+00:00","article_modified_time":"2019-12-19T09:24:32+00:00","author":"Marie-Pierre Bes","twitter_card":"summary_large_image","twitter_creator":"@AutateToulouse","twitter_site":"@AutateToulouse","twitter_misc":{"\u00c9crit par":"Marie-Pierre Bes"},"schema":{"@context":"https:\/\/schema.org","@graph":[{"@type":"Article","@id":"https:\/\/autate.fr\/site\/retard-fin-de-journee-du-bus-70-blagnac\/#article","isPartOf":{"@id":"https:\/\/autate.fr\/site\/retard-fin-de-journee-du-bus-70-blagnac\/"},"author":{"name":"Marie-Pierre Bes","@id":"https:\/\/autate.fr\/site\/#\/schema\/person\/ca1ac9182f29f02489db16f08b0834ff"},"headline":"Retard fin de journ\u00e9e du bus 70 (blagnac)","datePublished":"2019-12-19T09:24:31+00:00","dateModified":"2019-12-19T09:24:32+00:00","mainEntityOfPage":{"@id":"https:\/\/autate.fr\/site\/retard-fin-de-journee-du-bus-70-blagnac\/"},"wordCount":65,"commentCount":0,"publisher":{"@id":"https:\/\/autate.fr\/site\/#organization"},"articleSection":["Bus Tisseo","T\u00e9moignages"],"inLanguage":"fr-FR","potentialAction":[{"@type":"CommentAction","name":"Comment","target":["https:\/\/autate.fr\/site\/retard-fin-de-journee-du-bus-70-blagnac\/#respond"]}]},{"@type":"WebPage","@id":"https:\/\/autate.fr\/site\/retard-fin-de-journee-du-bus-70-blagnac\/","url":"https:\/\/autate.fr\/site\/retard-fin-de-journee-du-bus-70-blagnac\/","name":"Retard fin de journ\u00e9e du bus 70 (blagnac) - AUTATE","isPartOf":{"@id":"https:\/\/autate.fr\/site\/#website"},"datePublished":"2019-12-19T09:24:31+00:00","dateModified":"2019-12-19T09:24:32+00:00","breadcrumb":{"@id":"https:\/\/autate.fr\/site\/retard-fin-de-journee-du-bus-70-blagnac\/#breadcrumb"},"inLanguage":"fr-FR","potentialAction":[{"@type":"ReadAction","target":["https:\/\/autate.fr\/site\/retard-fin-de-journee-du-bus-70-blagnac\/"]}]},{"@type":"BreadcrumbList","@id":"https:\/\/autate.fr\/site\/retard-fin-de-journee-du-bus-70-blagnac\/#breadcrumb","itemListElement":[{"@type":"ListItem","position":1,"name":"Accueil","item":"https:\/\/autate.fr\/site\/"},{"@type":"ListItem","position":2,"name":"Retard fin de journ\u00e9e du bus 70 (blagnac)"}]},{"@type":"WebSite","@id":"https:\/\/autate.fr\/site\/#website","url":"https:\/\/autate.fr\/site\/","name":"AUTATE","description":"Association des usagers des transports de l&#039;agglom\u00e9ration Toulousaine et de ses environs","publisher":{"@id":"https:\/\/autate.fr\/site\/#organization"},"potentialAction":[{"@type":"SearchAction","target":{"@type":"EntryPoint","urlTemplate":"https:\/\/autate.fr\/site\/?s={search_term_string}"},"query-input":{"@type":"PropertyValueSpecification","valueRequired":true,"valueName":"search_term_string"}}],"inLanguage":"fr-FR"},{"@type":"Organization","@id":"https:\/\/autate.fr\/site\/#organization","name":"AUTATE","url":"https:\/\/autate.fr\/site\/","logo":{"@type":"ImageObject","inLanguage":"fr-FR","@id":"https:\/\/autate.fr\/site\/#\/schema\/logo\/image\/","url":"http:\/\/autate.fr\/site\/wp-content\/uploads\/2019\/01\/logo.png","contentUrl":"http:\/\/autate.fr\/site\/wp-content\/uploads\/2019\/01\/logo.png","width":506,"height":280,"caption":"AUTATE"},"image":{"@id":"https:\/\/autate.fr\/site\/#\/schema\/logo\/image\/"},"sameAs":["https:\/\/www.facebook.com\/AutateToulouse","https:\/\/x.com\/AutateToulouse"]},{"@type":"Person","@id":"https:\/\/autate.fr\/site\/#\/schema\/person\/ca1ac9182f29f02489db16f08b0834ff","name":"Marie-Pierre Bes","image":{"@type":"ImageObject","inLanguage":"fr-FR","@id":"https:\/\/secure.gravatar.com\/avatar\/08aa632b25ee7197789b8ec59d6cbcab7d9fc182fc393ccb7ac607ba55766261?s=96&d=mm&r=g","url":"https:\/\/secure.gravatar.com\/avatar\/08aa632b25ee7197789b8ec59d6cbcab7d9fc182fc393ccb7ac607ba55766261?s=96&d=mm&r=g","contentUrl":"https:\/\/secure.gravatar.com\/avatar\/08aa632b25ee7197789b8ec59d6cbcab7d9fc182fc393ccb7ac607ba55766261?s=96&d=mm&r=g","caption":"Marie-Pierre Bes"},"url":"https:\/\/autate.fr\/site\/author\/mariepierre\/"}]}},"_links":{"self":[{"href":"https:\/\/autate.fr\/site\/wp-json\/wp\/v2\/posts\/3707","targetHints":{"allow":["GET"]}}],"collection":[{"href":"https:\/\/autate.fr\/site\/wp-json\/wp\/v2\/posts"}],"about":[{"href":"https:\/\/autate.fr\/site\/wp-json\/wp\/v2\/types\/post"}],"author":[{"embeddable":true,"href":"https:\/\/autate.fr\/site\/wp-json\/wp\/v2\/users\/9"}],"replies":[{"embeddable":true,"href":"https:\/\/autate.fr\/site\/wp-json\/wp\/v2\/comments?post=3707"}],"version-history":[{"count":1,"href":"https:\/\/autate.fr\/site\/wp-json\/wp\/v2\/posts\/3707\/revisions"}],"predecessor-version":[{"id":3708,"href":"https:\/\/autate.fr\/site\/wp-json\/wp\/v2\/posts\/3707\/revisions\/3708"}],"wp:attachment":[{"href":"https:\/\/autate.fr\/site\/wp-json\/wp\/v2\/media?parent=3707"}],"wp:term":[{"taxonomy":"category","embeddable":true,"href":"https:\/\/autate.fr\/site\/wp-json\/wp\/v2\/categories?post=3707"},{"taxonomy":"post_tag","embeddable":true,"href":"https:\/\/autate.fr\/site\/wp-json\/wp\/v2\/tags?post=3707"}],"curies":[{"name":"wp","href":"https:\/\/api.w.org\/{rel}","templated":true}]}}