{"id":3702,"date":"2019-12-09T17:20:43","date_gmt":"2019-12-09T16:20:43","guid":{"rendered":"https:\/\/autate.fr\/site\/?p=3702"},"modified":"2025-11-11T17:41:39","modified_gmt":"2025-11-11T16:41:39","slug":"modification-unilaterale-des-horaires-sncf","status":"publish","type":"post","link":"https:\/\/autate.fr\/site\/modification-unilaterale-des-horaires-sncf\/","title":{"rendered":"Modification unilat\u00e9rale des horaires SNCF"},"content":{"rendered":"\n<p><span style=\"font-size: small;\"> Bonjour,<br \/><br \/>Je suis utilisatrice de la ligne TER Toulouse-Carcassonne.<br \/>Je prends le train le matin\u00a0 \u00e0 l&rsquo;arr\u00eat de Lab\u00e8ge -village en direction <br \/>de Toulouse. J&rsquo;ai actuellement un cadencement le matin entre de 7h30 \u00e0 8h30, toutes <br \/>les demies-heures. 7h33-7h54 et 8h33.<br \/><br \/>Les horaires changent le 14 d\u00e9cembre . Aucune fiche horaire \u00e0 <br \/>disposition\u2026.<br \/>En faisant des recherches, avec le site , je parviens \u00e0 trouver les <br \/>horaires que je cherche. Je constate alors avec surprise un cadencement <br \/>..\u00e0 l&rsquo;heure\u2026. Ce sera 7h.. ; 8h et 9h\u2026..<br \/>L\u00e0 encore sans consultation des usagers et au d\u00e9triment du d\u00e9veloppement <br \/>durable car si les usagers ne peuvent pas prendre ces trains\u2026\u2026ce sera la <br \/>voiture\u2026.. Il semblait pourtant qu&rsquo;il fallait\u00a0 encourager les pratiques de modes <br \/>alternatifs\u2026.Et qu&rsquo;il fallait se mobiliser pour le climat\u2026\u2026.<br \/><br \/>J&rsquo;ajoute que le mercredi midi pour les m\u00e8res qui prenaient leur <br \/>apr\u00e8s-midi \u2026plus de train pour Lab\u00e8ge village au d\u00e9part de Toulouse\u2026.<br \/>D&rsquo;autres usagers ont des trains supprim\u00e9s le samedi \u2026et ces personnes <br \/>travaillent\u2026\u2026<br \/><br \/>Comment la SNCF peut elle choisir seule les horaires ? Ce n&rsquo;est pas un <br \/>changement de quelques minutes, c&rsquo;est un changement qui engage <br \/>l&rsquo;organisation familiale et professionnelle des usagers !!<br \/><br \/>Le but final de cette modification de la SNCF est sans doute de <br \/>supprimer l&rsquo;arr\u00eat de Lab\u00e8ge-village car dans quelques temps comme les <br \/>horaires ne correspondent pas , les usagers ne prendront plus le train \u00e0 <br \/>cet arr\u00eat . La SNCF comptera alors les usagers et d\u00e9clarera qu&rsquo;il n&rsquo;est <br \/>pas n\u00e9cessaire de maintenir l&rsquo;arr\u00eat.<br \/><br \/>Je tenais \u00e0 vous informer des changements sur cette ligne en d\u00e9cembre<\/span><\/p>\n","protected":false},"excerpt":{"rendered":"<p>Bonjour, Je suis utilisatrice de la ligne TER Toulouse-Carcassonne.Je prends le train le matin\u00a0 \u00e0 l&rsquo;arr\u00eat de Lab\u00e8ge -village en direction de Toulouse. J&rsquo;ai actuellement un cadencement le matin entre de 7h30 \u00e0 8h30, toutes les demies-heures. 7h33-7h54 et 8h33. Les horaires changent le 14 d\u00e9cembre . Aucune fiche horaire \u00e0 disposition\u2026.En faisant des recherches,<\/p>\n<p class=\"more-link\"><a href=\"https:\/\/autate.fr\/site\/modification-unilaterale-des-horaires-sncf\/\" class=\"themebutton2\">VOIR PLUS<\/a><\/p>\n","protected":false},"author":9,"featured_media":0,"comment_status":"open","ping_status":"open","sticky":false,"template":"","format":"standard","meta":{"footnotes":""},"categories":[508,336],"tags":[],"class_list":["post-3702","post","type-post","status-publish","format-standard","hentry","category-gares","category-temoignages"],"yoast_head":"<!-- This site is optimized with the Yoast SEO plugin v27.4 - https:\/\/yoast.com\/product\/yoast-seo-wordpress\/ -->\n<title>Modification unilat\u00e9rale des horaires SNCF - AUTATE<\/title>\n<meta name=\"robots\" content=\"index, follow, max-snippet:-1, max-image-preview:large, max-video-preview:-1\" \/>\n<link rel=\"canonical\" href=\"https:\/\/autate.fr\/site\/modification-unilaterale-des-horaires-sncf\/\" \/>\n<meta property=\"og:locale\" content=\"fr_FR\" \/>\n<meta property=\"og:type\" content=\"article\" \/>\n<meta property=\"og:title\" content=\"Modification unilat\u00e9rale des horaires SNCF - AUTATE\" \/>\n<meta property=\"og:description\" content=\"Bonjour, Je suis utilisatrice de la ligne TER Toulouse-Carcassonne.Je prends le train le matin\u00a0 \u00e0 l&rsquo;arr\u00eat de Lab\u00e8ge -village en direction de Toulouse. J&rsquo;ai actuellement un cadencement le matin entre de 7h30 \u00e0 8h30, toutes les demies-heures. 7h33-7h54 et 8h33. Les horaires changent le 14 d\u00e9cembre . Aucune fiche horaire \u00e0 disposition\u2026.En faisant des recherches,VOIR PLUS\" \/>\n<meta property=\"og:url\" content=\"https:\/\/autate.fr\/site\/modification-unilaterale-des-horaires-sncf\/\" \/>\n<meta property=\"og:site_name\" content=\"AUTATE\" \/>\n<meta property=\"article:publisher\" content=\"https:\/\/www.facebook.com\/AutateToulouse\" \/>\n<meta property=\"article:published_time\" content=\"2019-12-09T16:20:43+00:00\" \/>\n<meta property=\"article:modified_time\" content=\"2025-11-11T16:41:39+00:00\" \/>\n<meta name=\"author\" content=\"Marie-Pierre Bes\" \/>\n<meta name=\"twitter:card\" content=\"summary_large_image\" \/>\n<meta name=\"twitter:creator\" content=\"@AutateToulouse\" \/>\n<meta name=\"twitter:site\" content=\"@AutateToulouse\" \/>\n<meta name=\"twitter:label1\" content=\"\u00c9crit par\" \/>\n\t<meta name=\"twitter:data1\" content=\"Marie-Pierre Bes\" \/>\n\t<meta name=\"twitter:label2\" content=\"Dur\u00e9e de lecture estim\u00e9e\" \/>\n\t<meta name=\"twitter:data2\" content=\"1 minute\" \/>\n<script type=\"application\/ld+json\" class=\"yoast-schema-graph\">{\"@context\":\"https:\\\/\\\/schema.org\",\"@graph\":[{\"@type\":\"Article\",\"@id\":\"https:\\\/\\\/autate.fr\\\/site\\\/modification-unilaterale-des-horaires-sncf\\\/#article\",\"isPartOf\":{\"@id\":\"https:\\\/\\\/autate.fr\\\/site\\\/modification-unilaterale-des-horaires-sncf\\\/\"},\"author\":{\"name\":\"Marie-Pierre Bes\",\"@id\":\"https:\\\/\\\/autate.fr\\\/site\\\/#\\\/schema\\\/person\\\/ca1ac9182f29f02489db16f08b0834ff\"},\"headline\":\"Modification unilat\u00e9rale des horaires SNCF\",\"datePublished\":\"2019-12-09T16:20:43+00:00\",\"dateModified\":\"2025-11-11T16:41:39+00:00\",\"mainEntityOfPage\":{\"@id\":\"https:\\\/\\\/autate.fr\\\/site\\\/modification-unilaterale-des-horaires-sncf\\\/\"},\"wordCount\":271,\"commentCount\":0,\"publisher\":{\"@id\":\"https:\\\/\\\/autate.fr\\\/site\\\/#organization\"},\"articleSection\":[\"Gares-SERM\",\"T\u00e9moignages\"],\"inLanguage\":\"fr-FR\",\"potentialAction\":[{\"@type\":\"CommentAction\",\"name\":\"Comment\",\"target\":[\"https:\\\/\\\/autate.fr\\\/site\\\/modification-unilaterale-des-horaires-sncf\\\/#respond\"]}]},{\"@type\":\"WebPage\",\"@id\":\"https:\\\/\\\/autate.fr\\\/site\\\/modification-unilaterale-des-horaires-sncf\\\/\",\"url\":\"https:\\\/\\\/autate.fr\\\/site\\\/modification-unilaterale-des-horaires-sncf\\\/\",\"name\":\"Modification unilat\u00e9rale des horaires SNCF - AUTATE\",\"isPartOf\":{\"@id\":\"https:\\\/\\\/autate.fr\\\/site\\\/#website\"},\"datePublished\":\"2019-12-09T16:20:43+00:00\",\"dateModified\":\"2025-11-11T16:41:39+00:00\",\"breadcrumb\":{\"@id\":\"https:\\\/\\\/autate.fr\\\/site\\\/modification-unilaterale-des-horaires-sncf\\\/#breadcrumb\"},\"inLanguage\":\"fr-FR\",\"potentialAction\":[{\"@type\":\"ReadAction\",\"target\":[\"https:\\\/\\\/autate.fr\\\/site\\\/modification-unilaterale-des-horaires-sncf\\\/\"]}]},{\"@type\":\"BreadcrumbList\",\"@id\":\"https:\\\/\\\/autate.fr\\\/site\\\/modification-unilaterale-des-horaires-sncf\\\/#breadcrumb\",\"itemListElement\":[{\"@type\":\"ListItem\",\"position\":1,\"name\":\"Accueil\",\"item\":\"https:\\\/\\\/autate.fr\\\/site\\\/\"},{\"@type\":\"ListItem\",\"position\":2,\"name\":\"Modification unilat\u00e9rale des horaires SNCF\"}]},{\"@type\":\"WebSite\",\"@id\":\"https:\\\/\\\/autate.fr\\\/site\\\/#website\",\"url\":\"https:\\\/\\\/autate.fr\\\/site\\\/\",\"name\":\"AUTATE\",\"description\":\"Association des usagers des transports de l&#039;agglom\u00e9ration Toulousaine et de ses environs\",\"publisher\":{\"@id\":\"https:\\\/\\\/autate.fr\\\/site\\\/#organization\"},\"potentialAction\":[{\"@type\":\"SearchAction\",\"target\":{\"@type\":\"EntryPoint\",\"urlTemplate\":\"https:\\\/\\\/autate.fr\\\/site\\\/?s={search_term_string}\"},\"query-input\":{\"@type\":\"PropertyValueSpecification\",\"valueRequired\":true,\"valueName\":\"search_term_string\"}}],\"inLanguage\":\"fr-FR\"},{\"@type\":\"Organization\",\"@id\":\"https:\\\/\\\/autate.fr\\\/site\\\/#organization\",\"name\":\"AUTATE\",\"url\":\"https:\\\/\\\/autate.fr\\\/site\\\/\",\"logo\":{\"@type\":\"ImageObject\",\"inLanguage\":\"fr-FR\",\"@id\":\"https:\\\/\\\/autate.fr\\\/site\\\/#\\\/schema\\\/logo\\\/image\\\/\",\"url\":\"http:\\\/\\\/autate.fr\\\/site\\\/wp-content\\\/uploads\\\/2019\\\/01\\\/logo.png\",\"contentUrl\":\"http:\\\/\\\/autate.fr\\\/site\\\/wp-content\\\/uploads\\\/2019\\\/01\\\/logo.png\",\"width\":506,\"height\":280,\"caption\":\"AUTATE\"},\"image\":{\"@id\":\"https:\\\/\\\/autate.fr\\\/site\\\/#\\\/schema\\\/logo\\\/image\\\/\"},\"sameAs\":[\"https:\\\/\\\/www.facebook.com\\\/AutateToulouse\",\"https:\\\/\\\/x.com\\\/AutateToulouse\"]},{\"@type\":\"Person\",\"@id\":\"https:\\\/\\\/autate.fr\\\/site\\\/#\\\/schema\\\/person\\\/ca1ac9182f29f02489db16f08b0834ff\",\"name\":\"Marie-Pierre Bes\",\"image\":{\"@type\":\"ImageObject\",\"inLanguage\":\"fr-FR\",\"@id\":\"https:\\\/\\\/secure.gravatar.com\\\/avatar\\\/08aa632b25ee7197789b8ec59d6cbcab7d9fc182fc393ccb7ac607ba55766261?s=96&d=mm&r=g\",\"url\":\"https:\\\/\\\/secure.gravatar.com\\\/avatar\\\/08aa632b25ee7197789b8ec59d6cbcab7d9fc182fc393ccb7ac607ba55766261?s=96&d=mm&r=g\",\"contentUrl\":\"https:\\\/\\\/secure.gravatar.com\\\/avatar\\\/08aa632b25ee7197789b8ec59d6cbcab7d9fc182fc393ccb7ac607ba55766261?s=96&d=mm&r=g\",\"caption\":\"Marie-Pierre Bes\"},\"url\":\"https:\\\/\\\/autate.fr\\\/site\\\/author\\\/mariepierre\\\/\"}]}<\/script>\n<!-- \/ Yoast SEO plugin. -->","yoast_head_json":{"title":"Modification unilat\u00e9rale des horaires SNCF - AUTATE","robots":{"index":"index","follow":"follow","max-snippet":"max-snippet:-1","max-image-preview":"max-image-preview:large","max-video-preview":"max-video-preview:-1"},"canonical":"https:\/\/autate.fr\/site\/modification-unilaterale-des-horaires-sncf\/","og_locale":"fr_FR","og_type":"article","og_title":"Modification unilat\u00e9rale des horaires SNCF - AUTATE","og_description":"Bonjour, Je suis utilisatrice de la ligne TER Toulouse-Carcassonne.Je prends le train le matin\u00a0 \u00e0 l&rsquo;arr\u00eat de Lab\u00e8ge -village en direction de Toulouse. J&rsquo;ai actuellement un cadencement le matin entre de 7h30 \u00e0 8h30, toutes les demies-heures. 7h33-7h54 et 8h33. Les horaires changent le 14 d\u00e9cembre . Aucune fiche horaire \u00e0 disposition\u2026.En faisant des recherches,VOIR PLUS","og_url":"https:\/\/autate.fr\/site\/modification-unilaterale-des-horaires-sncf\/","og_site_name":"AUTATE","article_publisher":"https:\/\/www.facebook.com\/AutateToulouse","article_published_time":"2019-12-09T16:20:43+00:00","article_modified_time":"2025-11-11T16:41:39+00:00","author":"Marie-Pierre Bes","twitter_card":"summary_large_image","twitter_creator":"@AutateToulouse","twitter_site":"@AutateToulouse","twitter_misc":{"\u00c9crit par":"Marie-Pierre Bes","Dur\u00e9e de lecture estim\u00e9e":"1 minute"},"schema":{"@context":"https:\/\/schema.org","@graph":[{"@type":"Article","@id":"https:\/\/autate.fr\/site\/modification-unilaterale-des-horaires-sncf\/#article","isPartOf":{"@id":"https:\/\/autate.fr\/site\/modification-unilaterale-des-horaires-sncf\/"},"author":{"name":"Marie-Pierre Bes","@id":"https:\/\/autate.fr\/site\/#\/schema\/person\/ca1ac9182f29f02489db16f08b0834ff"},"headline":"Modification unilat\u00e9rale des horaires SNCF","datePublished":"2019-12-09T16:20:43+00:00","dateModified":"2025-11-11T16:41:39+00:00","mainEntityOfPage":{"@id":"https:\/\/autate.fr\/site\/modification-unilaterale-des-horaires-sncf\/"},"wordCount":271,"commentCount":0,"publisher":{"@id":"https:\/\/autate.fr\/site\/#organization"},"articleSection":["Gares-SERM","T\u00e9moignages"],"inLanguage":"fr-FR","potentialAction":[{"@type":"CommentAction","name":"Comment","target":["https:\/\/autate.fr\/site\/modification-unilaterale-des-horaires-sncf\/#respond"]}]},{"@type":"WebPage","@id":"https:\/\/autate.fr\/site\/modification-unilaterale-des-horaires-sncf\/","url":"https:\/\/autate.fr\/site\/modification-unilaterale-des-horaires-sncf\/","name":"Modification unilat\u00e9rale des horaires SNCF - AUTATE","isPartOf":{"@id":"https:\/\/autate.fr\/site\/#website"},"datePublished":"2019-12-09T16:20:43+00:00","dateModified":"2025-11-11T16:41:39+00:00","breadcrumb":{"@id":"https:\/\/autate.fr\/site\/modification-unilaterale-des-horaires-sncf\/#breadcrumb"},"inLanguage":"fr-FR","potentialAction":[{"@type":"ReadAction","target":["https:\/\/autate.fr\/site\/modification-unilaterale-des-horaires-sncf\/"]}]},{"@type":"BreadcrumbList","@id":"https:\/\/autate.fr\/site\/modification-unilaterale-des-horaires-sncf\/#breadcrumb","itemListElement":[{"@type":"ListItem","position":1,"name":"Accueil","item":"https:\/\/autate.fr\/site\/"},{"@type":"ListItem","position":2,"name":"Modification unilat\u00e9rale des horaires SNCF"}]},{"@type":"WebSite","@id":"https:\/\/autate.fr\/site\/#website","url":"https:\/\/autate.fr\/site\/","name":"AUTATE","description":"Association des usagers des transports de l&#039;agglom\u00e9ration Toulousaine et de ses environs","publisher":{"@id":"https:\/\/autate.fr\/site\/#organization"},"potentialAction":[{"@type":"SearchAction","target":{"@type":"EntryPoint","urlTemplate":"https:\/\/autate.fr\/site\/?s={search_term_string}"},"query-input":{"@type":"PropertyValueSpecification","valueRequired":true,"valueName":"search_term_string"}}],"inLanguage":"fr-FR"},{"@type":"Organization","@id":"https:\/\/autate.fr\/site\/#organization","name":"AUTATE","url":"https:\/\/autate.fr\/site\/","logo":{"@type":"ImageObject","inLanguage":"fr-FR","@id":"https:\/\/autate.fr\/site\/#\/schema\/logo\/image\/","url":"http:\/\/autate.fr\/site\/wp-content\/uploads\/2019\/01\/logo.png","contentUrl":"http:\/\/autate.fr\/site\/wp-content\/uploads\/2019\/01\/logo.png","width":506,"height":280,"caption":"AUTATE"},"image":{"@id":"https:\/\/autate.fr\/site\/#\/schema\/logo\/image\/"},"sameAs":["https:\/\/www.facebook.com\/AutateToulouse","https:\/\/x.com\/AutateToulouse"]},{"@type":"Person","@id":"https:\/\/autate.fr\/site\/#\/schema\/person\/ca1ac9182f29f02489db16f08b0834ff","name":"Marie-Pierre Bes","image":{"@type":"ImageObject","inLanguage":"fr-FR","@id":"https:\/\/secure.gravatar.com\/avatar\/08aa632b25ee7197789b8ec59d6cbcab7d9fc182fc393ccb7ac607ba55766261?s=96&d=mm&r=g","url":"https:\/\/secure.gravatar.com\/avatar\/08aa632b25ee7197789b8ec59d6cbcab7d9fc182fc393ccb7ac607ba55766261?s=96&d=mm&r=g","contentUrl":"https:\/\/secure.gravatar.com\/avatar\/08aa632b25ee7197789b8ec59d6cbcab7d9fc182fc393ccb7ac607ba55766261?s=96&d=mm&r=g","caption":"Marie-Pierre Bes"},"url":"https:\/\/autate.fr\/site\/author\/mariepierre\/"}]}},"_links":{"self":[{"href":"https:\/\/autate.fr\/site\/wp-json\/wp\/v2\/posts\/3702","targetHints":{"allow":["GET"]}}],"collection":[{"href":"https:\/\/autate.fr\/site\/wp-json\/wp\/v2\/posts"}],"about":[{"href":"https:\/\/autate.fr\/site\/wp-json\/wp\/v2\/types\/post"}],"author":[{"embeddable":true,"href":"https:\/\/autate.fr\/site\/wp-json\/wp\/v2\/users\/9"}],"replies":[{"embeddable":true,"href":"https:\/\/autate.fr\/site\/wp-json\/wp\/v2\/comments?post=3702"}],"version-history":[{"count":1,"href":"https:\/\/autate.fr\/site\/wp-json\/wp\/v2\/posts\/3702\/revisions"}],"predecessor-version":[{"id":3703,"href":"https:\/\/autate.fr\/site\/wp-json\/wp\/v2\/posts\/3702\/revisions\/3703"}],"wp:attachment":[{"href":"https:\/\/autate.fr\/site\/wp-json\/wp\/v2\/media?parent=3702"}],"wp:term":[{"taxonomy":"category","embeddable":true,"href":"https:\/\/autate.fr\/site\/wp-json\/wp\/v2\/categories?post=3702"},{"taxonomy":"post_tag","embeddable":true,"href":"https:\/\/autate.fr\/site\/wp-json\/wp\/v2\/tags?post=3702"}],"curies":[{"name":"wp","href":"https:\/\/api.w.org\/{rel}","templated":true}]}}