{"id":3670,"date":"2019-11-14T23:45:15","date_gmt":"2019-11-14T22:45:15","guid":{"rendered":"https:\/\/autate.fr\/site\/?p=3670"},"modified":"2025-11-21T21:47:16","modified_gmt":"2025-11-21T20:47:16","slug":"courrier-a-la-presidente-de-region-a-propos-des-mobilites-sur-laire-urbaine-toulousaine","status":"publish","type":"post","link":"https:\/\/autate.fr\/site\/courrier-a-la-presidente-de-region-a-propos-des-mobilites-sur-laire-urbaine-toulousaine\/","title":{"rendered":"Courrier \u00e0 la Pr\u00e9sidente de r\u00e9gion \u00e0 propos des mobilit\u00e9s sur l\u2019aire urbaine toulousaine"},"content":{"rendered":"\n<p><strong>AUTATE et FNAUT Occitanie<\/strong><\/p>\n<p>courrier \u00e0 Madame Carole DELGA, le 14 novembre 2019<\/p>\n<p>objet\u00a0: mobilit\u00e9s sur l\u2019aire urbaine toulousaine<\/p>\n<p>\u00a0\u00a0\u00a0\u00a0\u00a0\u00a0\u00a0\u00a0\u00a0\u00a0\u00a0\u00a0\u00a0\u00a0\u00a0\u00a0\u00a0\u00a0\u00a0\u00a0\u00a0\u00a0\u00a0\u00a0\u00a0\u00a0\u00a0\u00a0\u00a0\u00a0\u00a0\u00a0\u00a0\u00a0\u00a0\u00a0\u00a0\u00a0\u00a0\u00a0\u00a0\u00a0\u00a0 Madame la Pr\u00e9sidente,<\/p>\n<p>\u00a0A votre initiative, une r\u00e9union s\u2019est tenue le 14 mars 2019 pour \u00e9voquer les questions des mobilit\u00e9s sur l\u2019aire urbaine toulousaine. Nous vous remercions vivement de l\u2019avoir organis\u00e9e tant nous mesurons tous les jours, l\u2019\u00e9tendue des probl\u00e8mes de d\u00e9placement des habitants et l\u2019insuffisance d\u2019une offre performante de transport en commun.<\/p>\n<p>Cette s\u00e9ance de travail des institutions concern\u00e9es a fait l\u2019objet d\u2019un Communiqu\u00e9 de Presse conjoint le 18 mars 2019 qui a retenu notre attention.<\/p>\n<p>Maintenant que plus de sept mois se sont \u00e9coul\u00e9s depuis cette r\u00e9union, l\u2019Association AUTATE et la FNAUT Occitanie souhaiteraient \u00eatre destinataires d\u2019un dossier synth\u00e9tique sur l\u2019avancement du \u00ab travail technique commun \u00bb lanc\u00e9 \u00e0 court terme, et sur les r\u00e9flexions de gouvernance\/coordination \u00e0 moyen terme.<\/p>\n<p>Ayant bien not\u00e9 le r\u00f4le actif\/ moteur que vous prenez dans ce dossier des mobilit\u00e9s de l\u2019aire urbaine toulousaine, nous attendons de vous un dossier de synth\u00e8se multi-institutions.<\/p>\n<p>\u00a0Nous aimerions \u00e9galement, qu\u2019apr\u00e8s l\u2019envoi de ce dossier, une r\u00e9union soit organis\u00e9e afin de nous apporter toutes explications sur ce document. En ce qui concerne la r\u00e9union ult\u00e9rieure, il nous semblerait souhaitable en revanche que ces institutions soient pr\u00e9sentes afin d\u2019obtenir toutes explications et commentaires.<\/p>\n<p>Dans l\u2019attente de votre r\u00e9ponse, nous vous prions de recevoir, Madame la Pr\u00e9sidente, l\u2019assurance de toute notre consid\u00e9ration.<\/p>\n<p>Marie-Pierre B\u00e8s\u00a0\u00a0\u00a0\u00a0\u00a0\u00a0\u00a0\u00a0\u00a0\u00a0\u00a0\u00a0\u00a0\u00a0\u00a0\u00a0\u00a0\u00a0\u00a0\u00a0\u00a0\u00a0\u00a0\u00a0\u00a0\u00a0\u00a0\u00a0\u00a0\u00a0\u00a0\u00a0\u00a0\u00a0\u00a0\u00a0\u00a0\u00a0\u00a0\u00a0\u00a0\u00a0\u00a0\u00a0\u00a0\u00a0\u00a0\u00a0\u00a0\u00a0\u00a0\u00a0\u00a0\u00a0\u00a0\u00a0\u00a0\u00a0\u00a0\u00a0\u00a0\u00a0\u00a0\u00a0\u00a0\u00a0\u00a0\u00a0\u00a0\u00a0\u00a0\u00a0\u00a0\u00a0\u00a0\u00a0\u00a0\u00a0\u00a0\u00a0\u00a0\u00a0\u00a0\u00a0\u00a0\u00a0\u00a0\u00a0\u00a0\u00a0 \u00a0\u00a0\u00a0\u00a0\u00a0\u00a0\u00a0\u00a0\u00a0\u00a0 Christian Perrot<\/p>\n","protected":false},"excerpt":{"rendered":"<p>AUTATE et FNAUT Occitanie courrier \u00e0 Madame Carole DELGA, le 14 novembre 2019 objet\u00a0: mobilit\u00e9s sur l\u2019aire urbaine toulousaine \u00a0\u00a0\u00a0\u00a0\u00a0\u00a0\u00a0\u00a0\u00a0\u00a0\u00a0\u00a0\u00a0\u00a0\u00a0\u00a0\u00a0\u00a0\u00a0\u00a0\u00a0\u00a0\u00a0\u00a0\u00a0\u00a0\u00a0\u00a0\u00a0\u00a0\u00a0\u00a0\u00a0\u00a0\u00a0\u00a0\u00a0\u00a0\u00a0\u00a0\u00a0\u00a0\u00a0 Madame la Pr\u00e9sidente, \u00a0A votre initiative, une r\u00e9union s\u2019est tenue le 14 mars 2019 pour \u00e9voquer les questions des mobilit\u00e9s sur l\u2019aire urbaine toulousaine. Nous vous remercions vivement de l\u2019avoir organis\u00e9e tant nous mesurons tous<\/p>\n<p class=\"more-link\"><a href=\"https:\/\/autate.fr\/site\/courrier-a-la-presidente-de-region-a-propos-des-mobilites-sur-laire-urbaine-toulousaine\/\" class=\"themebutton2\">VOIR PLUS<\/a><\/p>\n","protected":false},"author":9,"featured_media":0,"comment_status":"open","ping_status":"open","sticky":false,"template":"","format":"standard","meta":{"footnotes":""},"categories":[4,525],"tags":[],"class_list":["post-3670","post","type-post","status-publish","format-standard","hentry","category-actualite-association","category-pdm"],"yoast_head":"<!-- This site is optimized with the Yoast SEO plugin v27.4 - https:\/\/yoast.com\/product\/yoast-seo-wordpress\/ -->\n<title>Courrier \u00e0 la Pr\u00e9sidente de r\u00e9gion \u00e0 propos des mobilit\u00e9s sur l\u2019aire urbaine toulousaine - AUTATE<\/title>\n<meta name=\"robots\" content=\"index, follow, max-snippet:-1, max-image-preview:large, max-video-preview:-1\" \/>\n<link rel=\"canonical\" href=\"https:\/\/autate.fr\/site\/courrier-a-la-presidente-de-region-a-propos-des-mobilites-sur-laire-urbaine-toulousaine\/\" \/>\n<meta property=\"og:locale\" content=\"fr_FR\" \/>\n<meta property=\"og:type\" content=\"article\" \/>\n<meta property=\"og:title\" content=\"Courrier \u00e0 la Pr\u00e9sidente de r\u00e9gion \u00e0 propos des mobilit\u00e9s sur l\u2019aire urbaine toulousaine - AUTATE\" \/>\n<meta property=\"og:description\" content=\"AUTATE et FNAUT Occitanie courrier \u00e0 Madame Carole DELGA, le 14 novembre 2019 objet\u00a0: mobilit\u00e9s sur l\u2019aire urbaine toulousaine \u00a0\u00a0\u00a0\u00a0\u00a0\u00a0\u00a0\u00a0\u00a0\u00a0\u00a0\u00a0\u00a0\u00a0\u00a0\u00a0\u00a0\u00a0\u00a0\u00a0\u00a0\u00a0\u00a0\u00a0\u00a0\u00a0\u00a0\u00a0\u00a0\u00a0\u00a0\u00a0\u00a0\u00a0\u00a0\u00a0\u00a0\u00a0\u00a0\u00a0\u00a0\u00a0\u00a0 Madame la Pr\u00e9sidente, \u00a0A votre initiative, une r\u00e9union s\u2019est tenue le 14 mars 2019 pour \u00e9voquer les questions des mobilit\u00e9s sur l\u2019aire urbaine toulousaine. Nous vous remercions vivement de l\u2019avoir organis\u00e9e tant nous mesurons tousVOIR PLUS\" \/>\n<meta property=\"og:url\" content=\"https:\/\/autate.fr\/site\/courrier-a-la-presidente-de-region-a-propos-des-mobilites-sur-laire-urbaine-toulousaine\/\" \/>\n<meta property=\"og:site_name\" content=\"AUTATE\" \/>\n<meta property=\"article:publisher\" content=\"https:\/\/www.facebook.com\/AutateToulouse\" \/>\n<meta property=\"article:published_time\" content=\"2019-11-14T22:45:15+00:00\" \/>\n<meta property=\"article:modified_time\" content=\"2025-11-21T20:47:16+00:00\" \/>\n<meta name=\"author\" content=\"Marie-Pierre Bes\" \/>\n<meta name=\"twitter:card\" content=\"summary_large_image\" \/>\n<meta name=\"twitter:creator\" content=\"@AutateToulouse\" \/>\n<meta name=\"twitter:site\" content=\"@AutateToulouse\" \/>\n<meta name=\"twitter:label1\" content=\"\u00c9crit par\" \/>\n\t<meta name=\"twitter:data1\" content=\"Marie-Pierre Bes\" \/>\n\t<meta name=\"twitter:label2\" content=\"Dur\u00e9e de lecture estim\u00e9e\" \/>\n\t<meta name=\"twitter:data2\" content=\"1 minute\" \/>\n<script type=\"application\/ld+json\" class=\"yoast-schema-graph\">{\"@context\":\"https:\\\/\\\/schema.org\",\"@graph\":[{\"@type\":\"Article\",\"@id\":\"https:\\\/\\\/autate.fr\\\/site\\\/courrier-a-la-presidente-de-region-a-propos-des-mobilites-sur-laire-urbaine-toulousaine\\\/#article\",\"isPartOf\":{\"@id\":\"https:\\\/\\\/autate.fr\\\/site\\\/courrier-a-la-presidente-de-region-a-propos-des-mobilites-sur-laire-urbaine-toulousaine\\\/\"},\"author\":{\"name\":\"Marie-Pierre Bes\",\"@id\":\"https:\\\/\\\/autate.fr\\\/site\\\/#\\\/schema\\\/person\\\/ca1ac9182f29f02489db16f08b0834ff\"},\"headline\":\"Courrier \u00e0 la Pr\u00e9sidente de r\u00e9gion \u00e0 propos des mobilit\u00e9s sur l\u2019aire urbaine toulousaine\",\"datePublished\":\"2019-11-14T22:45:15+00:00\",\"dateModified\":\"2025-11-21T20:47:16+00:00\",\"mainEntityOfPage\":{\"@id\":\"https:\\\/\\\/autate.fr\\\/site\\\/courrier-a-la-presidente-de-region-a-propos-des-mobilites-sur-laire-urbaine-toulousaine\\\/\"},\"wordCount\":286,\"commentCount\":0,\"publisher\":{\"@id\":\"https:\\\/\\\/autate.fr\\\/site\\\/#organization\"},\"articleSection\":[\"Actualit\u00e9s-AUTATE\",\"PlanDeMobilit\u00e9\"],\"inLanguage\":\"fr-FR\",\"potentialAction\":[{\"@type\":\"CommentAction\",\"name\":\"Comment\",\"target\":[\"https:\\\/\\\/autate.fr\\\/site\\\/courrier-a-la-presidente-de-region-a-propos-des-mobilites-sur-laire-urbaine-toulousaine\\\/#respond\"]}]},{\"@type\":\"WebPage\",\"@id\":\"https:\\\/\\\/autate.fr\\\/site\\\/courrier-a-la-presidente-de-region-a-propos-des-mobilites-sur-laire-urbaine-toulousaine\\\/\",\"url\":\"https:\\\/\\\/autate.fr\\\/site\\\/courrier-a-la-presidente-de-region-a-propos-des-mobilites-sur-laire-urbaine-toulousaine\\\/\",\"name\":\"Courrier \u00e0 la Pr\u00e9sidente de r\u00e9gion \u00e0 propos des mobilit\u00e9s sur l\u2019aire urbaine toulousaine - AUTATE\",\"isPartOf\":{\"@id\":\"https:\\\/\\\/autate.fr\\\/site\\\/#website\"},\"datePublished\":\"2019-11-14T22:45:15+00:00\",\"dateModified\":\"2025-11-21T20:47:16+00:00\",\"breadcrumb\":{\"@id\":\"https:\\\/\\\/autate.fr\\\/site\\\/courrier-a-la-presidente-de-region-a-propos-des-mobilites-sur-laire-urbaine-toulousaine\\\/#breadcrumb\"},\"inLanguage\":\"fr-FR\",\"potentialAction\":[{\"@type\":\"ReadAction\",\"target\":[\"https:\\\/\\\/autate.fr\\\/site\\\/courrier-a-la-presidente-de-region-a-propos-des-mobilites-sur-laire-urbaine-toulousaine\\\/\"]}]},{\"@type\":\"BreadcrumbList\",\"@id\":\"https:\\\/\\\/autate.fr\\\/site\\\/courrier-a-la-presidente-de-region-a-propos-des-mobilites-sur-laire-urbaine-toulousaine\\\/#breadcrumb\",\"itemListElement\":[{\"@type\":\"ListItem\",\"position\":1,\"name\":\"Accueil\",\"item\":\"https:\\\/\\\/autate.fr\\\/site\\\/\"},{\"@type\":\"ListItem\",\"position\":2,\"name\":\"Courrier \u00e0 la Pr\u00e9sidente de r\u00e9gion \u00e0 propos des mobilit\u00e9s sur l\u2019aire urbaine toulousaine\"}]},{\"@type\":\"WebSite\",\"@id\":\"https:\\\/\\\/autate.fr\\\/site\\\/#website\",\"url\":\"https:\\\/\\\/autate.fr\\\/site\\\/\",\"name\":\"AUTATE\",\"description\":\"Association des usagers des transports de l&#039;agglom\u00e9ration Toulousaine et de ses environs\",\"publisher\":{\"@id\":\"https:\\\/\\\/autate.fr\\\/site\\\/#organization\"},\"potentialAction\":[{\"@type\":\"SearchAction\",\"target\":{\"@type\":\"EntryPoint\",\"urlTemplate\":\"https:\\\/\\\/autate.fr\\\/site\\\/?s={search_term_string}\"},\"query-input\":{\"@type\":\"PropertyValueSpecification\",\"valueRequired\":true,\"valueName\":\"search_term_string\"}}],\"inLanguage\":\"fr-FR\"},{\"@type\":\"Organization\",\"@id\":\"https:\\\/\\\/autate.fr\\\/site\\\/#organization\",\"name\":\"AUTATE\",\"url\":\"https:\\\/\\\/autate.fr\\\/site\\\/\",\"logo\":{\"@type\":\"ImageObject\",\"inLanguage\":\"fr-FR\",\"@id\":\"https:\\\/\\\/autate.fr\\\/site\\\/#\\\/schema\\\/logo\\\/image\\\/\",\"url\":\"http:\\\/\\\/autate.fr\\\/site\\\/wp-content\\\/uploads\\\/2019\\\/01\\\/logo.png\",\"contentUrl\":\"http:\\\/\\\/autate.fr\\\/site\\\/wp-content\\\/uploads\\\/2019\\\/01\\\/logo.png\",\"width\":506,\"height\":280,\"caption\":\"AUTATE\"},\"image\":{\"@id\":\"https:\\\/\\\/autate.fr\\\/site\\\/#\\\/schema\\\/logo\\\/image\\\/\"},\"sameAs\":[\"https:\\\/\\\/www.facebook.com\\\/AutateToulouse\",\"https:\\\/\\\/x.com\\\/AutateToulouse\"]},{\"@type\":\"Person\",\"@id\":\"https:\\\/\\\/autate.fr\\\/site\\\/#\\\/schema\\\/person\\\/ca1ac9182f29f02489db16f08b0834ff\",\"name\":\"Marie-Pierre Bes\",\"image\":{\"@type\":\"ImageObject\",\"inLanguage\":\"fr-FR\",\"@id\":\"https:\\\/\\\/secure.gravatar.com\\\/avatar\\\/08aa632b25ee7197789b8ec59d6cbcab7d9fc182fc393ccb7ac607ba55766261?s=96&d=mm&r=g\",\"url\":\"https:\\\/\\\/secure.gravatar.com\\\/avatar\\\/08aa632b25ee7197789b8ec59d6cbcab7d9fc182fc393ccb7ac607ba55766261?s=96&d=mm&r=g\",\"contentUrl\":\"https:\\\/\\\/secure.gravatar.com\\\/avatar\\\/08aa632b25ee7197789b8ec59d6cbcab7d9fc182fc393ccb7ac607ba55766261?s=96&d=mm&r=g\",\"caption\":\"Marie-Pierre Bes\"},\"url\":\"https:\\\/\\\/autate.fr\\\/site\\\/author\\\/mariepierre\\\/\"}]}<\/script>\n<!-- \/ Yoast SEO plugin. -->","yoast_head_json":{"title":"Courrier \u00e0 la Pr\u00e9sidente de r\u00e9gion \u00e0 propos des mobilit\u00e9s sur l\u2019aire urbaine toulousaine - AUTATE","robots":{"index":"index","follow":"follow","max-snippet":"max-snippet:-1","max-image-preview":"max-image-preview:large","max-video-preview":"max-video-preview:-1"},"canonical":"https:\/\/autate.fr\/site\/courrier-a-la-presidente-de-region-a-propos-des-mobilites-sur-laire-urbaine-toulousaine\/","og_locale":"fr_FR","og_type":"article","og_title":"Courrier \u00e0 la Pr\u00e9sidente de r\u00e9gion \u00e0 propos des mobilit\u00e9s sur l\u2019aire urbaine toulousaine - AUTATE","og_description":"AUTATE et FNAUT Occitanie courrier \u00e0 Madame Carole DELGA, le 14 novembre 2019 objet\u00a0: mobilit\u00e9s sur l\u2019aire urbaine toulousaine \u00a0\u00a0\u00a0\u00a0\u00a0\u00a0\u00a0\u00a0\u00a0\u00a0\u00a0\u00a0\u00a0\u00a0\u00a0\u00a0\u00a0\u00a0\u00a0\u00a0\u00a0\u00a0\u00a0\u00a0\u00a0\u00a0\u00a0\u00a0\u00a0\u00a0\u00a0\u00a0\u00a0\u00a0\u00a0\u00a0\u00a0\u00a0\u00a0\u00a0\u00a0\u00a0\u00a0 Madame la Pr\u00e9sidente, \u00a0A votre initiative, une r\u00e9union s\u2019est tenue le 14 mars 2019 pour \u00e9voquer les questions des mobilit\u00e9s sur l\u2019aire urbaine toulousaine. Nous vous remercions vivement de l\u2019avoir organis\u00e9e tant nous mesurons tousVOIR PLUS","og_url":"https:\/\/autate.fr\/site\/courrier-a-la-presidente-de-region-a-propos-des-mobilites-sur-laire-urbaine-toulousaine\/","og_site_name":"AUTATE","article_publisher":"https:\/\/www.facebook.com\/AutateToulouse","article_published_time":"2019-11-14T22:45:15+00:00","article_modified_time":"2025-11-21T20:47:16+00:00","author":"Marie-Pierre Bes","twitter_card":"summary_large_image","twitter_creator":"@AutateToulouse","twitter_site":"@AutateToulouse","twitter_misc":{"\u00c9crit par":"Marie-Pierre Bes","Dur\u00e9e de lecture estim\u00e9e":"1 minute"},"schema":{"@context":"https:\/\/schema.org","@graph":[{"@type":"Article","@id":"https:\/\/autate.fr\/site\/courrier-a-la-presidente-de-region-a-propos-des-mobilites-sur-laire-urbaine-toulousaine\/#article","isPartOf":{"@id":"https:\/\/autate.fr\/site\/courrier-a-la-presidente-de-region-a-propos-des-mobilites-sur-laire-urbaine-toulousaine\/"},"author":{"name":"Marie-Pierre Bes","@id":"https:\/\/autate.fr\/site\/#\/schema\/person\/ca1ac9182f29f02489db16f08b0834ff"},"headline":"Courrier \u00e0 la Pr\u00e9sidente de r\u00e9gion \u00e0 propos des mobilit\u00e9s sur l\u2019aire urbaine toulousaine","datePublished":"2019-11-14T22:45:15+00:00","dateModified":"2025-11-21T20:47:16+00:00","mainEntityOfPage":{"@id":"https:\/\/autate.fr\/site\/courrier-a-la-presidente-de-region-a-propos-des-mobilites-sur-laire-urbaine-toulousaine\/"},"wordCount":286,"commentCount":0,"publisher":{"@id":"https:\/\/autate.fr\/site\/#organization"},"articleSection":["Actualit\u00e9s-AUTATE","PlanDeMobilit\u00e9"],"inLanguage":"fr-FR","potentialAction":[{"@type":"CommentAction","name":"Comment","target":["https:\/\/autate.fr\/site\/courrier-a-la-presidente-de-region-a-propos-des-mobilites-sur-laire-urbaine-toulousaine\/#respond"]}]},{"@type":"WebPage","@id":"https:\/\/autate.fr\/site\/courrier-a-la-presidente-de-region-a-propos-des-mobilites-sur-laire-urbaine-toulousaine\/","url":"https:\/\/autate.fr\/site\/courrier-a-la-presidente-de-region-a-propos-des-mobilites-sur-laire-urbaine-toulousaine\/","name":"Courrier \u00e0 la Pr\u00e9sidente de r\u00e9gion \u00e0 propos des mobilit\u00e9s sur l\u2019aire urbaine toulousaine - AUTATE","isPartOf":{"@id":"https:\/\/autate.fr\/site\/#website"},"datePublished":"2019-11-14T22:45:15+00:00","dateModified":"2025-11-21T20:47:16+00:00","breadcrumb":{"@id":"https:\/\/autate.fr\/site\/courrier-a-la-presidente-de-region-a-propos-des-mobilites-sur-laire-urbaine-toulousaine\/#breadcrumb"},"inLanguage":"fr-FR","potentialAction":[{"@type":"ReadAction","target":["https:\/\/autate.fr\/site\/courrier-a-la-presidente-de-region-a-propos-des-mobilites-sur-laire-urbaine-toulousaine\/"]}]},{"@type":"BreadcrumbList","@id":"https:\/\/autate.fr\/site\/courrier-a-la-presidente-de-region-a-propos-des-mobilites-sur-laire-urbaine-toulousaine\/#breadcrumb","itemListElement":[{"@type":"ListItem","position":1,"name":"Accueil","item":"https:\/\/autate.fr\/site\/"},{"@type":"ListItem","position":2,"name":"Courrier \u00e0 la Pr\u00e9sidente de r\u00e9gion \u00e0 propos des mobilit\u00e9s sur l\u2019aire urbaine toulousaine"}]},{"@type":"WebSite","@id":"https:\/\/autate.fr\/site\/#website","url":"https:\/\/autate.fr\/site\/","name":"AUTATE","description":"Association des usagers des transports de l&#039;agglom\u00e9ration Toulousaine et de ses environs","publisher":{"@id":"https:\/\/autate.fr\/site\/#organization"},"potentialAction":[{"@type":"SearchAction","target":{"@type":"EntryPoint","urlTemplate":"https:\/\/autate.fr\/site\/?s={search_term_string}"},"query-input":{"@type":"PropertyValueSpecification","valueRequired":true,"valueName":"search_term_string"}}],"inLanguage":"fr-FR"},{"@type":"Organization","@id":"https:\/\/autate.fr\/site\/#organization","name":"AUTATE","url":"https:\/\/autate.fr\/site\/","logo":{"@type":"ImageObject","inLanguage":"fr-FR","@id":"https:\/\/autate.fr\/site\/#\/schema\/logo\/image\/","url":"http:\/\/autate.fr\/site\/wp-content\/uploads\/2019\/01\/logo.png","contentUrl":"http:\/\/autate.fr\/site\/wp-content\/uploads\/2019\/01\/logo.png","width":506,"height":280,"caption":"AUTATE"},"image":{"@id":"https:\/\/autate.fr\/site\/#\/schema\/logo\/image\/"},"sameAs":["https:\/\/www.facebook.com\/AutateToulouse","https:\/\/x.com\/AutateToulouse"]},{"@type":"Person","@id":"https:\/\/autate.fr\/site\/#\/schema\/person\/ca1ac9182f29f02489db16f08b0834ff","name":"Marie-Pierre Bes","image":{"@type":"ImageObject","inLanguage":"fr-FR","@id":"https:\/\/secure.gravatar.com\/avatar\/08aa632b25ee7197789b8ec59d6cbcab7d9fc182fc393ccb7ac607ba55766261?s=96&d=mm&r=g","url":"https:\/\/secure.gravatar.com\/avatar\/08aa632b25ee7197789b8ec59d6cbcab7d9fc182fc393ccb7ac607ba55766261?s=96&d=mm&r=g","contentUrl":"https:\/\/secure.gravatar.com\/avatar\/08aa632b25ee7197789b8ec59d6cbcab7d9fc182fc393ccb7ac607ba55766261?s=96&d=mm&r=g","caption":"Marie-Pierre Bes"},"url":"https:\/\/autate.fr\/site\/author\/mariepierre\/"}]}},"_links":{"self":[{"href":"https:\/\/autate.fr\/site\/wp-json\/wp\/v2\/posts\/3670","targetHints":{"allow":["GET"]}}],"collection":[{"href":"https:\/\/autate.fr\/site\/wp-json\/wp\/v2\/posts"}],"about":[{"href":"https:\/\/autate.fr\/site\/wp-json\/wp\/v2\/types\/post"}],"author":[{"embeddable":true,"href":"https:\/\/autate.fr\/site\/wp-json\/wp\/v2\/users\/9"}],"replies":[{"embeddable":true,"href":"https:\/\/autate.fr\/site\/wp-json\/wp\/v2\/comments?post=3670"}],"version-history":[{"count":3,"href":"https:\/\/autate.fr\/site\/wp-json\/wp\/v2\/posts\/3670\/revisions"}],"predecessor-version":[{"id":3680,"href":"https:\/\/autate.fr\/site\/wp-json\/wp\/v2\/posts\/3670\/revisions\/3680"}],"wp:attachment":[{"href":"https:\/\/autate.fr\/site\/wp-json\/wp\/v2\/media?parent=3670"}],"wp:term":[{"taxonomy":"category","embeddable":true,"href":"https:\/\/autate.fr\/site\/wp-json\/wp\/v2\/categories?post=3670"},{"taxonomy":"post_tag","embeddable":true,"href":"https:\/\/autate.fr\/site\/wp-json\/wp\/v2\/tags?post=3670"}],"curies":[{"name":"wp","href":"https:\/\/api.w.org\/{rel}","templated":true}]}}