{"id":3649,"date":"2019-11-01T11:38:15","date_gmt":"2019-11-01T10:38:15","guid":{"rendered":"https:\/\/autate.fr\/site\/?p=3649"},"modified":"2019-11-01T11:38:15","modified_gmt":"2019-11-01T10:38:15","slug":"reduction-du-service-pendant-les-vacances-scolaires","status":"publish","type":"post","link":"https:\/\/autate.fr\/site\/reduction-du-service-pendant-les-vacances-scolaires\/","title":{"rendered":"R\u00e9duction du service pendant les vacances scolaires"},"content":{"rendered":"\n<p>Je suis 100% d&rsquo;accord avec l&rsquo;id\u00e9e de mettre fin aux \u00ab\u00a0horaires\u00a0\u00bb scolaires. Mais peut-\u00eatre faut-il mod\u00e9rer un peu la revendication: qu&rsquo;il y ait moins de bus au mois d&rsquo;ao\u00fbt (voire du 14 Juillet au 15 Ao\u00fbt) ou m\u00eame entre No\u00ebl et le jour de l&rsquo;an, lors de ponts tr\u00e8s suivis (ascension par exemple), cela ne me semble pas choquant. Mais ce qui est choquant c&rsquo;est que pour les vacances scolaires de la Toussaint, No\u00ebl, F\u00e9vrier et P\u00e2ques il y ait <b>deux semaines de service r\u00e9duit<\/b>. Encore pire: l&rsquo;\u00e9t\u00e9 le service r\u00e9duit <b>commence avant m\u00eame les vacances scolaires d\u00e8s la fin du mois de Juin !<\/b><\/p>\n<p>Faire une ligne de m\u00e9tro pour \u00ab\u00a0le travail\u00a0\u00bb comme il est annonc\u00e9 tout en d\u00e9courageant les gens qui travaillent de prendre le bus en leur rendant la vie impossible une bonne partie du temps, voil\u00e0 qui est dr\u00f4lement coh\u00e9rent. Les bus peu fr\u00e9quents c&rsquo;est une catastrophe lorsqu&rsquo;on doit prendre plusieurs bus, \u00e0 cause du temps que l&rsquo;on passe \u00e0 attendre.<\/p>\n<p>Mon t\u00e9moignage: le 78, au moins entre Fac de Pharmacie et Cl\u00e9ment Ader (et m\u00eame plus loin mais je ne peux dire jusqu&rsquo;o\u00f9) est plein comme un \u0153uf aux heures de pointe: on attend, et on se prend un bus bond\u00e9. Certains sont des bus doubles ce qui am\u00e9liore un peu la situation, mais ce n&rsquo;est pas toujours le cas.<\/p>\n","protected":false},"excerpt":{"rendered":"<p>Je suis 100% d&rsquo;accord avec l&rsquo;id\u00e9e de mettre fin aux \u00ab\u00a0horaires\u00a0\u00bb scolaires. Mais peut-\u00eatre faut-il mod\u00e9rer un peu la revendication: qu&rsquo;il y ait moins de bus au mois d&rsquo;ao\u00fbt (voire du 14 Juillet au 15 Ao\u00fbt) ou m\u00eame entre No\u00ebl et le jour de l&rsquo;an, lors de ponts tr\u00e8s suivis (ascension par exemple), cela ne<\/p>\n<p class=\"more-link\"><a href=\"https:\/\/autate.fr\/site\/reduction-du-service-pendant-les-vacances-scolaires\/\" class=\"themebutton2\">VOIR PLUS<\/a><\/p>\n","protected":false},"author":9,"featured_media":0,"comment_status":"open","ping_status":"open","sticky":false,"template":"","format":"standard","meta":{"footnotes":""},"categories":[500,336],"tags":[],"class_list":["post-3649","post","type-post","status-publish","format-standard","hentry","category-bus-tisseo","category-temoignages"],"yoast_head":"<!-- This site is optimized with the Yoast SEO plugin v27.4 - https:\/\/yoast.com\/product\/yoast-seo-wordpress\/ -->\n<title>R\u00e9duction du service pendant les vacances scolaires - AUTATE<\/title>\n<meta name=\"robots\" content=\"index, follow, max-snippet:-1, max-image-preview:large, max-video-preview:-1\" \/>\n<link rel=\"canonical\" href=\"https:\/\/autate.fr\/site\/reduction-du-service-pendant-les-vacances-scolaires\/\" \/>\n<meta property=\"og:locale\" content=\"fr_FR\" \/>\n<meta property=\"og:type\" content=\"article\" \/>\n<meta property=\"og:title\" content=\"R\u00e9duction du service pendant les vacances scolaires - AUTATE\" \/>\n<meta property=\"og:description\" content=\"Je suis 100% d&rsquo;accord avec l&rsquo;id\u00e9e de mettre fin aux \u00ab\u00a0horaires\u00a0\u00bb scolaires. Mais peut-\u00eatre faut-il mod\u00e9rer un peu la revendication: qu&rsquo;il y ait moins de bus au mois d&rsquo;ao\u00fbt (voire du 14 Juillet au 15 Ao\u00fbt) ou m\u00eame entre No\u00ebl et le jour de l&rsquo;an, lors de ponts tr\u00e8s suivis (ascension par exemple), cela neVOIR PLUS\" \/>\n<meta property=\"og:url\" content=\"https:\/\/autate.fr\/site\/reduction-du-service-pendant-les-vacances-scolaires\/\" \/>\n<meta property=\"og:site_name\" content=\"AUTATE\" \/>\n<meta property=\"article:publisher\" content=\"https:\/\/www.facebook.com\/AutateToulouse\" \/>\n<meta property=\"article:published_time\" content=\"2019-11-01T10:38:15+00:00\" \/>\n<meta name=\"author\" content=\"Marie-Pierre Bes\" \/>\n<meta name=\"twitter:card\" content=\"summary_large_image\" \/>\n<meta name=\"twitter:creator\" content=\"@AutateToulouse\" \/>\n<meta name=\"twitter:site\" content=\"@AutateToulouse\" \/>\n<meta name=\"twitter:label1\" content=\"\u00c9crit par\" \/>\n\t<meta name=\"twitter:data1\" content=\"Marie-Pierre Bes\" \/>\n\t<meta name=\"twitter:label2\" content=\"Dur\u00e9e de lecture estim\u00e9e\" \/>\n\t<meta name=\"twitter:data2\" content=\"1 minute\" \/>\n<script type=\"application\/ld+json\" class=\"yoast-schema-graph\">{\"@context\":\"https:\\\/\\\/schema.org\",\"@graph\":[{\"@type\":\"Article\",\"@id\":\"https:\\\/\\\/autate.fr\\\/site\\\/reduction-du-service-pendant-les-vacances-scolaires\\\/#article\",\"isPartOf\":{\"@id\":\"https:\\\/\\\/autate.fr\\\/site\\\/reduction-du-service-pendant-les-vacances-scolaires\\\/\"},\"author\":{\"name\":\"Marie-Pierre Bes\",\"@id\":\"https:\\\/\\\/autate.fr\\\/site\\\/#\\\/schema\\\/person\\\/ca1ac9182f29f02489db16f08b0834ff\"},\"headline\":\"R\u00e9duction du service pendant les vacances scolaires\",\"datePublished\":\"2019-11-01T10:38:15+00:00\",\"mainEntityOfPage\":{\"@id\":\"https:\\\/\\\/autate.fr\\\/site\\\/reduction-du-service-pendant-les-vacances-scolaires\\\/\"},\"wordCount\":251,\"commentCount\":1,\"publisher\":{\"@id\":\"https:\\\/\\\/autate.fr\\\/site\\\/#organization\"},\"articleSection\":[\"Bus Tisseo\",\"T\u00e9moignages\"],\"inLanguage\":\"fr-FR\",\"potentialAction\":[{\"@type\":\"CommentAction\",\"name\":\"Comment\",\"target\":[\"https:\\\/\\\/autate.fr\\\/site\\\/reduction-du-service-pendant-les-vacances-scolaires\\\/#respond\"]}]},{\"@type\":\"WebPage\",\"@id\":\"https:\\\/\\\/autate.fr\\\/site\\\/reduction-du-service-pendant-les-vacances-scolaires\\\/\",\"url\":\"https:\\\/\\\/autate.fr\\\/site\\\/reduction-du-service-pendant-les-vacances-scolaires\\\/\",\"name\":\"R\u00e9duction du service pendant les vacances scolaires - AUTATE\",\"isPartOf\":{\"@id\":\"https:\\\/\\\/autate.fr\\\/site\\\/#website\"},\"datePublished\":\"2019-11-01T10:38:15+00:00\",\"breadcrumb\":{\"@id\":\"https:\\\/\\\/autate.fr\\\/site\\\/reduction-du-service-pendant-les-vacances-scolaires\\\/#breadcrumb\"},\"inLanguage\":\"fr-FR\",\"potentialAction\":[{\"@type\":\"ReadAction\",\"target\":[\"https:\\\/\\\/autate.fr\\\/site\\\/reduction-du-service-pendant-les-vacances-scolaires\\\/\"]}]},{\"@type\":\"BreadcrumbList\",\"@id\":\"https:\\\/\\\/autate.fr\\\/site\\\/reduction-du-service-pendant-les-vacances-scolaires\\\/#breadcrumb\",\"itemListElement\":[{\"@type\":\"ListItem\",\"position\":1,\"name\":\"Accueil\",\"item\":\"https:\\\/\\\/autate.fr\\\/site\\\/\"},{\"@type\":\"ListItem\",\"position\":2,\"name\":\"R\u00e9duction du service pendant les vacances scolaires\"}]},{\"@type\":\"WebSite\",\"@id\":\"https:\\\/\\\/autate.fr\\\/site\\\/#website\",\"url\":\"https:\\\/\\\/autate.fr\\\/site\\\/\",\"name\":\"AUTATE\",\"description\":\"Association des usagers des transports de l&#039;agglom\u00e9ration Toulousaine et de ses environs\",\"publisher\":{\"@id\":\"https:\\\/\\\/autate.fr\\\/site\\\/#organization\"},\"potentialAction\":[{\"@type\":\"SearchAction\",\"target\":{\"@type\":\"EntryPoint\",\"urlTemplate\":\"https:\\\/\\\/autate.fr\\\/site\\\/?s={search_term_string}\"},\"query-input\":{\"@type\":\"PropertyValueSpecification\",\"valueRequired\":true,\"valueName\":\"search_term_string\"}}],\"inLanguage\":\"fr-FR\"},{\"@type\":\"Organization\",\"@id\":\"https:\\\/\\\/autate.fr\\\/site\\\/#organization\",\"name\":\"AUTATE\",\"url\":\"https:\\\/\\\/autate.fr\\\/site\\\/\",\"logo\":{\"@type\":\"ImageObject\",\"inLanguage\":\"fr-FR\",\"@id\":\"https:\\\/\\\/autate.fr\\\/site\\\/#\\\/schema\\\/logo\\\/image\\\/\",\"url\":\"http:\\\/\\\/autate.fr\\\/site\\\/wp-content\\\/uploads\\\/2019\\\/01\\\/logo.png\",\"contentUrl\":\"http:\\\/\\\/autate.fr\\\/site\\\/wp-content\\\/uploads\\\/2019\\\/01\\\/logo.png\",\"width\":506,\"height\":280,\"caption\":\"AUTATE\"},\"image\":{\"@id\":\"https:\\\/\\\/autate.fr\\\/site\\\/#\\\/schema\\\/logo\\\/image\\\/\"},\"sameAs\":[\"https:\\\/\\\/www.facebook.com\\\/AutateToulouse\",\"https:\\\/\\\/x.com\\\/AutateToulouse\"]},{\"@type\":\"Person\",\"@id\":\"https:\\\/\\\/autate.fr\\\/site\\\/#\\\/schema\\\/person\\\/ca1ac9182f29f02489db16f08b0834ff\",\"name\":\"Marie-Pierre Bes\",\"image\":{\"@type\":\"ImageObject\",\"inLanguage\":\"fr-FR\",\"@id\":\"https:\\\/\\\/secure.gravatar.com\\\/avatar\\\/08aa632b25ee7197789b8ec59d6cbcab7d9fc182fc393ccb7ac607ba55766261?s=96&d=mm&r=g\",\"url\":\"https:\\\/\\\/secure.gravatar.com\\\/avatar\\\/08aa632b25ee7197789b8ec59d6cbcab7d9fc182fc393ccb7ac607ba55766261?s=96&d=mm&r=g\",\"contentUrl\":\"https:\\\/\\\/secure.gravatar.com\\\/avatar\\\/08aa632b25ee7197789b8ec59d6cbcab7d9fc182fc393ccb7ac607ba55766261?s=96&d=mm&r=g\",\"caption\":\"Marie-Pierre Bes\"},\"url\":\"https:\\\/\\\/autate.fr\\\/site\\\/author\\\/mariepierre\\\/\"}]}<\/script>\n<!-- \/ Yoast SEO plugin. -->","yoast_head_json":{"title":"R\u00e9duction du service pendant les vacances scolaires - AUTATE","robots":{"index":"index","follow":"follow","max-snippet":"max-snippet:-1","max-image-preview":"max-image-preview:large","max-video-preview":"max-video-preview:-1"},"canonical":"https:\/\/autate.fr\/site\/reduction-du-service-pendant-les-vacances-scolaires\/","og_locale":"fr_FR","og_type":"article","og_title":"R\u00e9duction du service pendant les vacances scolaires - AUTATE","og_description":"Je suis 100% d&rsquo;accord avec l&rsquo;id\u00e9e de mettre fin aux \u00ab\u00a0horaires\u00a0\u00bb scolaires. Mais peut-\u00eatre faut-il mod\u00e9rer un peu la revendication: qu&rsquo;il y ait moins de bus au mois d&rsquo;ao\u00fbt (voire du 14 Juillet au 15 Ao\u00fbt) ou m\u00eame entre No\u00ebl et le jour de l&rsquo;an, lors de ponts tr\u00e8s suivis (ascension par exemple), cela neVOIR PLUS","og_url":"https:\/\/autate.fr\/site\/reduction-du-service-pendant-les-vacances-scolaires\/","og_site_name":"AUTATE","article_publisher":"https:\/\/www.facebook.com\/AutateToulouse","article_published_time":"2019-11-01T10:38:15+00:00","author":"Marie-Pierre Bes","twitter_card":"summary_large_image","twitter_creator":"@AutateToulouse","twitter_site":"@AutateToulouse","twitter_misc":{"\u00c9crit par":"Marie-Pierre Bes","Dur\u00e9e de lecture estim\u00e9e":"1 minute"},"schema":{"@context":"https:\/\/schema.org","@graph":[{"@type":"Article","@id":"https:\/\/autate.fr\/site\/reduction-du-service-pendant-les-vacances-scolaires\/#article","isPartOf":{"@id":"https:\/\/autate.fr\/site\/reduction-du-service-pendant-les-vacances-scolaires\/"},"author":{"name":"Marie-Pierre Bes","@id":"https:\/\/autate.fr\/site\/#\/schema\/person\/ca1ac9182f29f02489db16f08b0834ff"},"headline":"R\u00e9duction du service pendant les vacances scolaires","datePublished":"2019-11-01T10:38:15+00:00","mainEntityOfPage":{"@id":"https:\/\/autate.fr\/site\/reduction-du-service-pendant-les-vacances-scolaires\/"},"wordCount":251,"commentCount":1,"publisher":{"@id":"https:\/\/autate.fr\/site\/#organization"},"articleSection":["Bus Tisseo","T\u00e9moignages"],"inLanguage":"fr-FR","potentialAction":[{"@type":"CommentAction","name":"Comment","target":["https:\/\/autate.fr\/site\/reduction-du-service-pendant-les-vacances-scolaires\/#respond"]}]},{"@type":"WebPage","@id":"https:\/\/autate.fr\/site\/reduction-du-service-pendant-les-vacances-scolaires\/","url":"https:\/\/autate.fr\/site\/reduction-du-service-pendant-les-vacances-scolaires\/","name":"R\u00e9duction du service pendant les vacances scolaires - AUTATE","isPartOf":{"@id":"https:\/\/autate.fr\/site\/#website"},"datePublished":"2019-11-01T10:38:15+00:00","breadcrumb":{"@id":"https:\/\/autate.fr\/site\/reduction-du-service-pendant-les-vacances-scolaires\/#breadcrumb"},"inLanguage":"fr-FR","potentialAction":[{"@type":"ReadAction","target":["https:\/\/autate.fr\/site\/reduction-du-service-pendant-les-vacances-scolaires\/"]}]},{"@type":"BreadcrumbList","@id":"https:\/\/autate.fr\/site\/reduction-du-service-pendant-les-vacances-scolaires\/#breadcrumb","itemListElement":[{"@type":"ListItem","position":1,"name":"Accueil","item":"https:\/\/autate.fr\/site\/"},{"@type":"ListItem","position":2,"name":"R\u00e9duction du service pendant les vacances scolaires"}]},{"@type":"WebSite","@id":"https:\/\/autate.fr\/site\/#website","url":"https:\/\/autate.fr\/site\/","name":"AUTATE","description":"Association des usagers des transports de l&#039;agglom\u00e9ration Toulousaine et de ses environs","publisher":{"@id":"https:\/\/autate.fr\/site\/#organization"},"potentialAction":[{"@type":"SearchAction","target":{"@type":"EntryPoint","urlTemplate":"https:\/\/autate.fr\/site\/?s={search_term_string}"},"query-input":{"@type":"PropertyValueSpecification","valueRequired":true,"valueName":"search_term_string"}}],"inLanguage":"fr-FR"},{"@type":"Organization","@id":"https:\/\/autate.fr\/site\/#organization","name":"AUTATE","url":"https:\/\/autate.fr\/site\/","logo":{"@type":"ImageObject","inLanguage":"fr-FR","@id":"https:\/\/autate.fr\/site\/#\/schema\/logo\/image\/","url":"http:\/\/autate.fr\/site\/wp-content\/uploads\/2019\/01\/logo.png","contentUrl":"http:\/\/autate.fr\/site\/wp-content\/uploads\/2019\/01\/logo.png","width":506,"height":280,"caption":"AUTATE"},"image":{"@id":"https:\/\/autate.fr\/site\/#\/schema\/logo\/image\/"},"sameAs":["https:\/\/www.facebook.com\/AutateToulouse","https:\/\/x.com\/AutateToulouse"]},{"@type":"Person","@id":"https:\/\/autate.fr\/site\/#\/schema\/person\/ca1ac9182f29f02489db16f08b0834ff","name":"Marie-Pierre Bes","image":{"@type":"ImageObject","inLanguage":"fr-FR","@id":"https:\/\/secure.gravatar.com\/avatar\/08aa632b25ee7197789b8ec59d6cbcab7d9fc182fc393ccb7ac607ba55766261?s=96&d=mm&r=g","url":"https:\/\/secure.gravatar.com\/avatar\/08aa632b25ee7197789b8ec59d6cbcab7d9fc182fc393ccb7ac607ba55766261?s=96&d=mm&r=g","contentUrl":"https:\/\/secure.gravatar.com\/avatar\/08aa632b25ee7197789b8ec59d6cbcab7d9fc182fc393ccb7ac607ba55766261?s=96&d=mm&r=g","caption":"Marie-Pierre Bes"},"url":"https:\/\/autate.fr\/site\/author\/mariepierre\/"}]}},"_links":{"self":[{"href":"https:\/\/autate.fr\/site\/wp-json\/wp\/v2\/posts\/3649","targetHints":{"allow":["GET"]}}],"collection":[{"href":"https:\/\/autate.fr\/site\/wp-json\/wp\/v2\/posts"}],"about":[{"href":"https:\/\/autate.fr\/site\/wp-json\/wp\/v2\/types\/post"}],"author":[{"embeddable":true,"href":"https:\/\/autate.fr\/site\/wp-json\/wp\/v2\/users\/9"}],"replies":[{"embeddable":true,"href":"https:\/\/autate.fr\/site\/wp-json\/wp\/v2\/comments?post=3649"}],"version-history":[{"count":1,"href":"https:\/\/autate.fr\/site\/wp-json\/wp\/v2\/posts\/3649\/revisions"}],"predecessor-version":[{"id":3650,"href":"https:\/\/autate.fr\/site\/wp-json\/wp\/v2\/posts\/3649\/revisions\/3650"}],"wp:attachment":[{"href":"https:\/\/autate.fr\/site\/wp-json\/wp\/v2\/media?parent=3649"}],"wp:term":[{"taxonomy":"category","embeddable":true,"href":"https:\/\/autate.fr\/site\/wp-json\/wp\/v2\/categories?post=3649"},{"taxonomy":"post_tag","embeddable":true,"href":"https:\/\/autate.fr\/site\/wp-json\/wp\/v2\/tags?post=3649"}],"curies":[{"name":"wp","href":"https:\/\/api.w.org\/{rel}","templated":true}]}}