{"id":3641,"date":"2019-10-31T11:17:20","date_gmt":"2019-10-31T10:17:20","guid":{"rendered":"https:\/\/autate.fr\/site\/?p=3641"},"modified":"2019-10-31T11:17:22","modified_gmt":"2019-10-31T10:17:22","slug":"lineo-3-et-vacances-scolaires","status":"publish","type":"post","link":"https:\/\/autate.fr\/site\/lineo-3-et-vacances-scolaires\/","title":{"rendered":"Lineo 3 et vacances scolaires"},"content":{"rendered":"\n<p><br \/>Usager de ligne LINEO3, je vous informe que son succ\u00e8s fait que les bus au d\u00e9part de Monesti\u00e9, les places assises sont pratiquement toutes utilis\u00e9es, et que les voyageurs montant quelques arr\u00eats suivant sont debout jusqu\u2019au Ar\u00e8nes.<br \/>Aux Ar\u00e8nes, pour le retour il part complet et bond\u00e9.<br \/>Les fr\u00e9quences sont insuffisantes actuellement, et eu \u00e9gard au d\u00e9veloppement des r\u00e9alisations des constructions ce sera tr\u00e8s insuffisant dans quelques mois.<br \/>De plus, les horaires de vacances pour une m\u00e9tropole il faudrait abandonner. On ne remarque plus des \u00e9normes baisses de d\u00e9placements durant les vacances.<\/p>\n<p>Bonne journ\u00e9e,<\/p>\n<p>Bien cordialement,<br \/>Jacqueline<\/p>\n","protected":false},"excerpt":{"rendered":"<p>Usager de ligne LINEO3, je vous informe que son succ\u00e8s fait que les bus au d\u00e9part de Monesti\u00e9, les places assises sont pratiquement toutes utilis\u00e9es, et que les voyageurs montant quelques arr\u00eats suivant sont debout jusqu\u2019au Ar\u00e8nes.Aux Ar\u00e8nes, pour le retour il part complet et bond\u00e9.Les fr\u00e9quences sont insuffisantes actuellement, et eu \u00e9gard au d\u00e9veloppement<\/p>\n<p class=\"more-link\"><a href=\"https:\/\/autate.fr\/site\/lineo-3-et-vacances-scolaires\/\" class=\"themebutton2\">VOIR PLUS<\/a><\/p>\n","protected":false},"author":9,"featured_media":0,"comment_status":"open","ping_status":"open","sticky":false,"template":"","format":"standard","meta":{"footnotes":""},"categories":[298,336],"tags":[],"class_list":["post-3641","post","type-post","status-publish","format-standard","hentry","category-lineo","category-temoignages"],"yoast_head":"<!-- This site is optimized with the Yoast SEO plugin v27.4 - https:\/\/yoast.com\/product\/yoast-seo-wordpress\/ -->\n<title>Lineo 3 et vacances scolaires - AUTATE<\/title>\n<meta name=\"robots\" content=\"index, follow, max-snippet:-1, max-image-preview:large, max-video-preview:-1\" \/>\n<link rel=\"canonical\" href=\"https:\/\/autate.fr\/site\/lineo-3-et-vacances-scolaires\/\" \/>\n<meta property=\"og:locale\" content=\"fr_FR\" \/>\n<meta property=\"og:type\" content=\"article\" \/>\n<meta property=\"og:title\" content=\"Lineo 3 et vacances scolaires - AUTATE\" \/>\n<meta property=\"og:description\" content=\"Usager de ligne LINEO3, je vous informe que son succ\u00e8s fait que les bus au d\u00e9part de Monesti\u00e9, les places assises sont pratiquement toutes utilis\u00e9es, et que les voyageurs montant quelques arr\u00eats suivant sont debout jusqu\u2019au Ar\u00e8nes.Aux Ar\u00e8nes, pour le retour il part complet et bond\u00e9.Les fr\u00e9quences sont insuffisantes actuellement, et eu \u00e9gard au d\u00e9veloppementVOIR PLUS\" \/>\n<meta property=\"og:url\" content=\"https:\/\/autate.fr\/site\/lineo-3-et-vacances-scolaires\/\" \/>\n<meta property=\"og:site_name\" content=\"AUTATE\" \/>\n<meta property=\"article:publisher\" content=\"https:\/\/www.facebook.com\/AutateToulouse\" \/>\n<meta property=\"article:published_time\" content=\"2019-10-31T10:17:20+00:00\" \/>\n<meta property=\"article:modified_time\" content=\"2019-10-31T10:17:22+00:00\" \/>\n<meta name=\"author\" content=\"Marie-Pierre Bes\" \/>\n<meta name=\"twitter:card\" content=\"summary_large_image\" \/>\n<meta name=\"twitter:creator\" content=\"@AutateToulouse\" \/>\n<meta name=\"twitter:site\" content=\"@AutateToulouse\" \/>\n<meta name=\"twitter:label1\" content=\"\u00c9crit par\" \/>\n\t<meta name=\"twitter:data1\" content=\"Marie-Pierre Bes\" \/>\n\t<meta name=\"twitter:label2\" content=\"Dur\u00e9e de lecture estim\u00e9e\" \/>\n\t<meta name=\"twitter:data2\" content=\"1 minute\" \/>\n<script type=\"application\/ld+json\" class=\"yoast-schema-graph\">{\"@context\":\"https:\\\/\\\/schema.org\",\"@graph\":[{\"@type\":\"Article\",\"@id\":\"https:\\\/\\\/autate.fr\\\/site\\\/lineo-3-et-vacances-scolaires\\\/#article\",\"isPartOf\":{\"@id\":\"https:\\\/\\\/autate.fr\\\/site\\\/lineo-3-et-vacances-scolaires\\\/\"},\"author\":{\"name\":\"Marie-Pierre Bes\",\"@id\":\"https:\\\/\\\/autate.fr\\\/site\\\/#\\\/schema\\\/person\\\/ca1ac9182f29f02489db16f08b0834ff\"},\"headline\":\"Lineo 3 et vacances scolaires\",\"datePublished\":\"2019-10-31T10:17:20+00:00\",\"dateModified\":\"2019-10-31T10:17:22+00:00\",\"mainEntityOfPage\":{\"@id\":\"https:\\\/\\\/autate.fr\\\/site\\\/lineo-3-et-vacances-scolaires\\\/\"},\"wordCount\":115,\"commentCount\":0,\"publisher\":{\"@id\":\"https:\\\/\\\/autate.fr\\\/site\\\/#organization\"},\"articleSection\":[\"Lin\u00e9o\",\"T\u00e9moignages\"],\"inLanguage\":\"fr-FR\",\"potentialAction\":[{\"@type\":\"CommentAction\",\"name\":\"Comment\",\"target\":[\"https:\\\/\\\/autate.fr\\\/site\\\/lineo-3-et-vacances-scolaires\\\/#respond\"]}]},{\"@type\":\"WebPage\",\"@id\":\"https:\\\/\\\/autate.fr\\\/site\\\/lineo-3-et-vacances-scolaires\\\/\",\"url\":\"https:\\\/\\\/autate.fr\\\/site\\\/lineo-3-et-vacances-scolaires\\\/\",\"name\":\"Lineo 3 et vacances scolaires - AUTATE\",\"isPartOf\":{\"@id\":\"https:\\\/\\\/autate.fr\\\/site\\\/#website\"},\"datePublished\":\"2019-10-31T10:17:20+00:00\",\"dateModified\":\"2019-10-31T10:17:22+00:00\",\"breadcrumb\":{\"@id\":\"https:\\\/\\\/autate.fr\\\/site\\\/lineo-3-et-vacances-scolaires\\\/#breadcrumb\"},\"inLanguage\":\"fr-FR\",\"potentialAction\":[{\"@type\":\"ReadAction\",\"target\":[\"https:\\\/\\\/autate.fr\\\/site\\\/lineo-3-et-vacances-scolaires\\\/\"]}]},{\"@type\":\"BreadcrumbList\",\"@id\":\"https:\\\/\\\/autate.fr\\\/site\\\/lineo-3-et-vacances-scolaires\\\/#breadcrumb\",\"itemListElement\":[{\"@type\":\"ListItem\",\"position\":1,\"name\":\"Accueil\",\"item\":\"https:\\\/\\\/autate.fr\\\/site\\\/\"},{\"@type\":\"ListItem\",\"position\":2,\"name\":\"Lineo 3 et vacances scolaires\"}]},{\"@type\":\"WebSite\",\"@id\":\"https:\\\/\\\/autate.fr\\\/site\\\/#website\",\"url\":\"https:\\\/\\\/autate.fr\\\/site\\\/\",\"name\":\"AUTATE\",\"description\":\"Association des usagers des transports de l&#039;agglom\u00e9ration Toulousaine et de ses environs\",\"publisher\":{\"@id\":\"https:\\\/\\\/autate.fr\\\/site\\\/#organization\"},\"potentialAction\":[{\"@type\":\"SearchAction\",\"target\":{\"@type\":\"EntryPoint\",\"urlTemplate\":\"https:\\\/\\\/autate.fr\\\/site\\\/?s={search_term_string}\"},\"query-input\":{\"@type\":\"PropertyValueSpecification\",\"valueRequired\":true,\"valueName\":\"search_term_string\"}}],\"inLanguage\":\"fr-FR\"},{\"@type\":\"Organization\",\"@id\":\"https:\\\/\\\/autate.fr\\\/site\\\/#organization\",\"name\":\"AUTATE\",\"url\":\"https:\\\/\\\/autate.fr\\\/site\\\/\",\"logo\":{\"@type\":\"ImageObject\",\"inLanguage\":\"fr-FR\",\"@id\":\"https:\\\/\\\/autate.fr\\\/site\\\/#\\\/schema\\\/logo\\\/image\\\/\",\"url\":\"http:\\\/\\\/autate.fr\\\/site\\\/wp-content\\\/uploads\\\/2019\\\/01\\\/logo.png\",\"contentUrl\":\"http:\\\/\\\/autate.fr\\\/site\\\/wp-content\\\/uploads\\\/2019\\\/01\\\/logo.png\",\"width\":506,\"height\":280,\"caption\":\"AUTATE\"},\"image\":{\"@id\":\"https:\\\/\\\/autate.fr\\\/site\\\/#\\\/schema\\\/logo\\\/image\\\/\"},\"sameAs\":[\"https:\\\/\\\/www.facebook.com\\\/AutateToulouse\",\"https:\\\/\\\/x.com\\\/AutateToulouse\"]},{\"@type\":\"Person\",\"@id\":\"https:\\\/\\\/autate.fr\\\/site\\\/#\\\/schema\\\/person\\\/ca1ac9182f29f02489db16f08b0834ff\",\"name\":\"Marie-Pierre Bes\",\"image\":{\"@type\":\"ImageObject\",\"inLanguage\":\"fr-FR\",\"@id\":\"https:\\\/\\\/secure.gravatar.com\\\/avatar\\\/08aa632b25ee7197789b8ec59d6cbcab7d9fc182fc393ccb7ac607ba55766261?s=96&d=mm&r=g\",\"url\":\"https:\\\/\\\/secure.gravatar.com\\\/avatar\\\/08aa632b25ee7197789b8ec59d6cbcab7d9fc182fc393ccb7ac607ba55766261?s=96&d=mm&r=g\",\"contentUrl\":\"https:\\\/\\\/secure.gravatar.com\\\/avatar\\\/08aa632b25ee7197789b8ec59d6cbcab7d9fc182fc393ccb7ac607ba55766261?s=96&d=mm&r=g\",\"caption\":\"Marie-Pierre Bes\"},\"url\":\"https:\\\/\\\/autate.fr\\\/site\\\/author\\\/mariepierre\\\/\"}]}<\/script>\n<!-- \/ Yoast SEO plugin. -->","yoast_head_json":{"title":"Lineo 3 et vacances scolaires - AUTATE","robots":{"index":"index","follow":"follow","max-snippet":"max-snippet:-1","max-image-preview":"max-image-preview:large","max-video-preview":"max-video-preview:-1"},"canonical":"https:\/\/autate.fr\/site\/lineo-3-et-vacances-scolaires\/","og_locale":"fr_FR","og_type":"article","og_title":"Lineo 3 et vacances scolaires - AUTATE","og_description":"Usager de ligne LINEO3, je vous informe que son succ\u00e8s fait que les bus au d\u00e9part de Monesti\u00e9, les places assises sont pratiquement toutes utilis\u00e9es, et que les voyageurs montant quelques arr\u00eats suivant sont debout jusqu\u2019au Ar\u00e8nes.Aux Ar\u00e8nes, pour le retour il part complet et bond\u00e9.Les fr\u00e9quences sont insuffisantes actuellement, et eu \u00e9gard au d\u00e9veloppementVOIR PLUS","og_url":"https:\/\/autate.fr\/site\/lineo-3-et-vacances-scolaires\/","og_site_name":"AUTATE","article_publisher":"https:\/\/www.facebook.com\/AutateToulouse","article_published_time":"2019-10-31T10:17:20+00:00","article_modified_time":"2019-10-31T10:17:22+00:00","author":"Marie-Pierre Bes","twitter_card":"summary_large_image","twitter_creator":"@AutateToulouse","twitter_site":"@AutateToulouse","twitter_misc":{"\u00c9crit par":"Marie-Pierre Bes","Dur\u00e9e de lecture estim\u00e9e":"1 minute"},"schema":{"@context":"https:\/\/schema.org","@graph":[{"@type":"Article","@id":"https:\/\/autate.fr\/site\/lineo-3-et-vacances-scolaires\/#article","isPartOf":{"@id":"https:\/\/autate.fr\/site\/lineo-3-et-vacances-scolaires\/"},"author":{"name":"Marie-Pierre Bes","@id":"https:\/\/autate.fr\/site\/#\/schema\/person\/ca1ac9182f29f02489db16f08b0834ff"},"headline":"Lineo 3 et vacances scolaires","datePublished":"2019-10-31T10:17:20+00:00","dateModified":"2019-10-31T10:17:22+00:00","mainEntityOfPage":{"@id":"https:\/\/autate.fr\/site\/lineo-3-et-vacances-scolaires\/"},"wordCount":115,"commentCount":0,"publisher":{"@id":"https:\/\/autate.fr\/site\/#organization"},"articleSection":["Lin\u00e9o","T\u00e9moignages"],"inLanguage":"fr-FR","potentialAction":[{"@type":"CommentAction","name":"Comment","target":["https:\/\/autate.fr\/site\/lineo-3-et-vacances-scolaires\/#respond"]}]},{"@type":"WebPage","@id":"https:\/\/autate.fr\/site\/lineo-3-et-vacances-scolaires\/","url":"https:\/\/autate.fr\/site\/lineo-3-et-vacances-scolaires\/","name":"Lineo 3 et vacances scolaires - AUTATE","isPartOf":{"@id":"https:\/\/autate.fr\/site\/#website"},"datePublished":"2019-10-31T10:17:20+00:00","dateModified":"2019-10-31T10:17:22+00:00","breadcrumb":{"@id":"https:\/\/autate.fr\/site\/lineo-3-et-vacances-scolaires\/#breadcrumb"},"inLanguage":"fr-FR","potentialAction":[{"@type":"ReadAction","target":["https:\/\/autate.fr\/site\/lineo-3-et-vacances-scolaires\/"]}]},{"@type":"BreadcrumbList","@id":"https:\/\/autate.fr\/site\/lineo-3-et-vacances-scolaires\/#breadcrumb","itemListElement":[{"@type":"ListItem","position":1,"name":"Accueil","item":"https:\/\/autate.fr\/site\/"},{"@type":"ListItem","position":2,"name":"Lineo 3 et vacances scolaires"}]},{"@type":"WebSite","@id":"https:\/\/autate.fr\/site\/#website","url":"https:\/\/autate.fr\/site\/","name":"AUTATE","description":"Association des usagers des transports de l&#039;agglom\u00e9ration Toulousaine et de ses environs","publisher":{"@id":"https:\/\/autate.fr\/site\/#organization"},"potentialAction":[{"@type":"SearchAction","target":{"@type":"EntryPoint","urlTemplate":"https:\/\/autate.fr\/site\/?s={search_term_string}"},"query-input":{"@type":"PropertyValueSpecification","valueRequired":true,"valueName":"search_term_string"}}],"inLanguage":"fr-FR"},{"@type":"Organization","@id":"https:\/\/autate.fr\/site\/#organization","name":"AUTATE","url":"https:\/\/autate.fr\/site\/","logo":{"@type":"ImageObject","inLanguage":"fr-FR","@id":"https:\/\/autate.fr\/site\/#\/schema\/logo\/image\/","url":"http:\/\/autate.fr\/site\/wp-content\/uploads\/2019\/01\/logo.png","contentUrl":"http:\/\/autate.fr\/site\/wp-content\/uploads\/2019\/01\/logo.png","width":506,"height":280,"caption":"AUTATE"},"image":{"@id":"https:\/\/autate.fr\/site\/#\/schema\/logo\/image\/"},"sameAs":["https:\/\/www.facebook.com\/AutateToulouse","https:\/\/x.com\/AutateToulouse"]},{"@type":"Person","@id":"https:\/\/autate.fr\/site\/#\/schema\/person\/ca1ac9182f29f02489db16f08b0834ff","name":"Marie-Pierre Bes","image":{"@type":"ImageObject","inLanguage":"fr-FR","@id":"https:\/\/secure.gravatar.com\/avatar\/08aa632b25ee7197789b8ec59d6cbcab7d9fc182fc393ccb7ac607ba55766261?s=96&d=mm&r=g","url":"https:\/\/secure.gravatar.com\/avatar\/08aa632b25ee7197789b8ec59d6cbcab7d9fc182fc393ccb7ac607ba55766261?s=96&d=mm&r=g","contentUrl":"https:\/\/secure.gravatar.com\/avatar\/08aa632b25ee7197789b8ec59d6cbcab7d9fc182fc393ccb7ac607ba55766261?s=96&d=mm&r=g","caption":"Marie-Pierre Bes"},"url":"https:\/\/autate.fr\/site\/author\/mariepierre\/"}]}},"_links":{"self":[{"href":"https:\/\/autate.fr\/site\/wp-json\/wp\/v2\/posts\/3641","targetHints":{"allow":["GET"]}}],"collection":[{"href":"https:\/\/autate.fr\/site\/wp-json\/wp\/v2\/posts"}],"about":[{"href":"https:\/\/autate.fr\/site\/wp-json\/wp\/v2\/types\/post"}],"author":[{"embeddable":true,"href":"https:\/\/autate.fr\/site\/wp-json\/wp\/v2\/users\/9"}],"replies":[{"embeddable":true,"href":"https:\/\/autate.fr\/site\/wp-json\/wp\/v2\/comments?post=3641"}],"version-history":[{"count":2,"href":"https:\/\/autate.fr\/site\/wp-json\/wp\/v2\/posts\/3641\/revisions"}],"predecessor-version":[{"id":3665,"href":"https:\/\/autate.fr\/site\/wp-json\/wp\/v2\/posts\/3641\/revisions\/3665"}],"wp:attachment":[{"href":"https:\/\/autate.fr\/site\/wp-json\/wp\/v2\/media?parent=3641"}],"wp:term":[{"taxonomy":"category","embeddable":true,"href":"https:\/\/autate.fr\/site\/wp-json\/wp\/v2\/categories?post=3641"},{"taxonomy":"post_tag","embeddable":true,"href":"https:\/\/autate.fr\/site\/wp-json\/wp\/v2\/tags?post=3641"}],"curies":[{"name":"wp","href":"https:\/\/api.w.org\/{rel}","templated":true}]}}