{"id":3635,"date":"2019-10-22T22:13:12","date_gmt":"2019-10-22T20:13:12","guid":{"rendered":"https:\/\/autate.fr\/site\/?p=3635"},"modified":"2019-10-22T22:13:13","modified_gmt":"2019-10-22T20:13:13","slug":"temoignages-recueillis-a-toulouse-a-la-journee-des-associations-le-5-octobre-2019","status":"publish","type":"post","link":"https:\/\/autate.fr\/site\/temoignages-recueillis-a-toulouse-a-la-journee-des-associations-le-5-octobre-2019\/","title":{"rendered":"T\u00e9moignages recueillis \u00e0 Toulouse \u00e0 la journ\u00e9e des associations Le 5 octobre 2019."},"content":{"rendered":"\n<p><u>Philippe\u00a0<\/u>: il se d\u00e9place en fauteuil roulant.<\/p>\n<ul>\n<li>Il manque des points d\u2019achat des titres de transport<\/li>\n<li>Les rampes des bus pour l\u2019acc\u00e8s des fauteuils sont trop souvent en panne (ce qui oblige \u00e0 attendre le bus suivant)\u00a0; la demande d\u2019arr\u00eat pour la descente semble difficilement visible pour le chauffeur, \u00e0 qui il faut le rappeler verbalement\u00a0;<\/li>\n<li>L\u2019acc\u00e8s dans le bus est tr\u00e8s difficile aux heures de pointe<\/li>\n<li>Trop d\u2019arr\u00eats de bus sont inaccessibles aux fauteuils<\/li>\n<\/ul>\n<p><u>Karine\u00a0:<\/u><\/p>\n<ul>\n<li>La 3<sup>\u00e8me<\/sup> ligne de m\u00e9tro est inutile telle que, son trac\u00e9 est inadapt\u00e9<\/li>\n<li>Besoin d\u2019un maillage plus important et adapt\u00e9 autour de Toulouse et dans Toulouse\u00a0: quartiers non accessibles par le m\u00e9tro ou le tram (Bonnefoy, Boulevard des Cr\u00eates, avenue de la Gloire, Amidonniers,\u2026)<\/li>\n<li>Cr\u00e9ation de RER pour la banlieue (rapides, fr\u00e9quents) ou de bus, mais <u>avec espace<\/u> <u>d\u00e9di\u00e9<\/u><\/li>\n<\/ul>\n<p><u>Alain<\/u>\u00a0: la conduite des bus est parfois brutale (freinage)\u00a0; j\u2019ai vu une chute dans le bus \u00e0 un d\u00e9marrage au feu.<\/p>\n<p><u>Anne<\/u>\u00a0: difficult\u00e9s d\u2019acc\u00e8s \u00e0 la station Jean-Jaur\u00e8s quand escalator et ascenseur sont tous 2 en panne<\/p>\n<p><u>Marie-Louise<\/u>\u00a0: pour les ext\u00e9rieurs, pr\u00e9voir des grands parkings pour garer les v\u00e9hicules car actuellement les parkings sont tous satur\u00e9s<\/p>\n<p><u>Nina\u00a0<\/u>: Il faut plus de bus dans les communes vers St Jory, Lalande<\/p>\n<p><u>Antonio<\/u>\u00a0: faire plus de d\u00e9parts pour arriver \u00e0 l\u2019heure au boulot<\/p>\n<p><u>Gladys<\/u>\u00a0:<\/p>\n<ul>\n<li>Faire un peu plus de stations de Castanet vers m\u00e9tro<\/li>\n<li>Avec L2, faire plus direct\u00a0: trop de temps pour le trajet (dessert beaucoup de quartiers)<\/li>\n<\/ul>\n<p><u>Anonyme 1\u00a0<\/u>: je suis tout \u00e0 fait pour les transports en commun quels qu\u2019ils soient, mais je conserve mon v\u00e9hicule au cas o\u00f9 mon travail m\u2019am\u00e8nerait \u00e0 me d\u00e9placer \u00e0 l\u2019ext\u00e9rieur de Toulouse<\/p>\n<p><u>Pierre\u00a0<\/u>: + d\u2019offres de trajet, car trop de monde le matin\u00a0; tram bond\u00e9 aux heures de pointe<\/p>\n<p><u>Ghislaine<\/u>\u00a0:<\/p>\n<ul>\n<li>N\u00e9cessit\u00e9 d\u2019augmenter la fr\u00e9quence sur les lignes existantes<\/li>\n<li>Ne pas baisser la fr\u00e9quence pendant les vacances scolaires<\/li>\n<\/ul>\n<p><u>Anonyme 2<\/u>\u00a0:<\/p>\n<ul>\n<li>Site propre n\u00e9cessaire pour la ligne 58 qui est tributaire des bouchons<\/li>\n<li>Site de Thal\u00e8s\u00a0: fr\u00e9quence de bus trop faible aux heures de pointe<\/li>\n<\/ul>\n<p><u>Sylvie<\/u>\u00a0: trop de monde dans le m\u00e9tro, trop de probl\u00e8mes techniques (arr\u00eats r\u00e9p\u00e9titifs du m\u00e9tro)<\/p>\n<p><u>Marie\u00a0<\/u>: peu de bus entre domicile et m\u00e9tro<\/p>\n<p><u>Anonyme 3<\/u>\u00a0:<\/p>\n<ul>\n<li>Prix pour abonnement adulte excessif par rapport au service apport\u00e9 par Tiss\u00e9o<\/li>\n<li>Pas assez de bus (on doit se battre pour rentrer)<\/li>\n<\/ul>\n<p><u>Eliane\u00a0<\/u>: compte tenu de mon domicile en ville et de mes d\u00e9placements habituels, l\u2019offre existante me satisfait\u00a0; ce qui ne m\u2019emp\u00eache pas de juger que l\u2019offre devrait s\u2019etoffer en p\u00e9riph\u00e9rie de Toulouse<\/p>\n<p><u>Lionel\u00a0<\/u>: liaisons transversales en manque\u00a0; entre p\u00e9riph\u00e9rie et centre, \u00e7a va<\/p>\n<p><u>Anonyme 4<\/u>\u00a0: probl\u00e8mes techniques dans le m\u00e9tro aux heures de pointe lorsque l\u2019on va travailler<\/p>\n<p><u>Anonyme 5<\/u>\u00a0: + de fr\u00e9quence en heures de pointe\u00a0; service + tardif pour retour Toulouse \u2013 Colomiers<\/p>\n<p><u>Natacha<\/u>\u00a0: le circuit de bus est mal fait\u00a0: tout est en \u00e9toile vers Toulouse\u00a0; il manque des liens entre les communes, il faudrait des lignes en toile d\u2019araign\u00e9e<\/p>\n<p><u>Anonyme 6<\/u>\u00a0:<\/p>\n<ul>\n<li>Les transports en commun sont tr\u00e8s bien pour circuler dans Toulouse intra-muros (attention quand m\u00eame aux arr\u00eats de bus trop violents\u00a0; risque de chute r\u00e9guli\u00e8rement)<\/li>\n<li>Difficult\u00e9 pour circuler en bus d\u00e8s qu\u2019il faut sortir de Toulouse (fr\u00e9quence, offre de trajet, changement de bus)<\/li>\n<\/ul>\n","protected":false},"excerpt":{"rendered":"<p>Philippe\u00a0: il se d\u00e9place en fauteuil roulant. Il manque des points d\u2019achat des titres de transport Les rampes des bus pour l\u2019acc\u00e8s des fauteuils sont trop souvent en panne (ce qui oblige \u00e0 attendre le bus suivant)\u00a0; la demande d\u2019arr\u00eat pour la descente semble difficilement visible pour le chauffeur, \u00e0 qui il faut le rappeler<\/p>\n<p class=\"more-link\"><a href=\"https:\/\/autate.fr\/site\/temoignages-recueillis-a-toulouse-a-la-journee-des-associations-le-5-octobre-2019\/\" class=\"themebutton2\">VOIR PLUS<\/a><\/p>\n","protected":false},"author":9,"featured_media":0,"comment_status":"open","ping_status":"open","sticky":false,"template":"","format":"standard","meta":{"footnotes":""},"categories":[336],"tags":[],"class_list":["post-3635","post","type-post","status-publish","format-standard","hentry","category-temoignages"],"yoast_head":"<!-- This site is optimized with the Yoast SEO plugin v27.4 - https:\/\/yoast.com\/product\/yoast-seo-wordpress\/ -->\n<title>T\u00e9moignages recueillis \u00e0 Toulouse \u00e0 la journ\u00e9e des associations Le 5 octobre 2019. - AUTATE<\/title>\n<meta name=\"robots\" content=\"index, follow, max-snippet:-1, max-image-preview:large, max-video-preview:-1\" \/>\n<link rel=\"canonical\" href=\"https:\/\/autate.fr\/site\/temoignages-recueillis-a-toulouse-a-la-journee-des-associations-le-5-octobre-2019\/\" \/>\n<meta property=\"og:locale\" content=\"fr_FR\" \/>\n<meta property=\"og:type\" content=\"article\" \/>\n<meta property=\"og:title\" content=\"T\u00e9moignages recueillis \u00e0 Toulouse \u00e0 la journ\u00e9e des associations Le 5 octobre 2019. - AUTATE\" \/>\n<meta property=\"og:description\" content=\"Philippe\u00a0: il se d\u00e9place en fauteuil roulant. Il manque des points d\u2019achat des titres de transport Les rampes des bus pour l\u2019acc\u00e8s des fauteuils sont trop souvent en panne (ce qui oblige \u00e0 attendre le bus suivant)\u00a0; la demande d\u2019arr\u00eat pour la descente semble difficilement visible pour le chauffeur, \u00e0 qui il faut le rappelerVOIR PLUS\" \/>\n<meta property=\"og:url\" content=\"https:\/\/autate.fr\/site\/temoignages-recueillis-a-toulouse-a-la-journee-des-associations-le-5-octobre-2019\/\" \/>\n<meta property=\"og:site_name\" content=\"AUTATE\" \/>\n<meta property=\"article:publisher\" content=\"https:\/\/www.facebook.com\/AutateToulouse\" \/>\n<meta property=\"article:published_time\" content=\"2019-10-22T20:13:12+00:00\" \/>\n<meta property=\"article:modified_time\" content=\"2019-10-22T20:13:13+00:00\" \/>\n<meta name=\"author\" content=\"Marie-Pierre Bes\" \/>\n<meta name=\"twitter:card\" content=\"summary_large_image\" \/>\n<meta name=\"twitter:creator\" content=\"@AutateToulouse\" \/>\n<meta name=\"twitter:site\" content=\"@AutateToulouse\" \/>\n<meta name=\"twitter:label1\" content=\"\u00c9crit par\" \/>\n\t<meta name=\"twitter:data1\" content=\"Marie-Pierre Bes\" \/>\n\t<meta name=\"twitter:label2\" content=\"Dur\u00e9e de lecture estim\u00e9e\" \/>\n\t<meta name=\"twitter:data2\" content=\"3 minutes\" \/>\n<script type=\"application\/ld+json\" class=\"yoast-schema-graph\">{\"@context\":\"https:\\\/\\\/schema.org\",\"@graph\":[{\"@type\":\"Article\",\"@id\":\"https:\\\/\\\/autate.fr\\\/site\\\/temoignages-recueillis-a-toulouse-a-la-journee-des-associations-le-5-octobre-2019\\\/#article\",\"isPartOf\":{\"@id\":\"https:\\\/\\\/autate.fr\\\/site\\\/temoignages-recueillis-a-toulouse-a-la-journee-des-associations-le-5-octobre-2019\\\/\"},\"author\":{\"name\":\"Marie-Pierre Bes\",\"@id\":\"https:\\\/\\\/autate.fr\\\/site\\\/#\\\/schema\\\/person\\\/ca1ac9182f29f02489db16f08b0834ff\"},\"headline\":\"T\u00e9moignages recueillis \u00e0 Toulouse \u00e0 la journ\u00e9e des associations Le 5 octobre 2019.\",\"datePublished\":\"2019-10-22T20:13:12+00:00\",\"dateModified\":\"2019-10-22T20:13:13+00:00\",\"mainEntityOfPage\":{\"@id\":\"https:\\\/\\\/autate.fr\\\/site\\\/temoignages-recueillis-a-toulouse-a-la-journee-des-associations-le-5-octobre-2019\\\/\"},\"wordCount\":599,\"commentCount\":0,\"publisher\":{\"@id\":\"https:\\\/\\\/autate.fr\\\/site\\\/#organization\"},\"articleSection\":[\"T\u00e9moignages\"],\"inLanguage\":\"fr-FR\",\"potentialAction\":[{\"@type\":\"CommentAction\",\"name\":\"Comment\",\"target\":[\"https:\\\/\\\/autate.fr\\\/site\\\/temoignages-recueillis-a-toulouse-a-la-journee-des-associations-le-5-octobre-2019\\\/#respond\"]}]},{\"@type\":\"WebPage\",\"@id\":\"https:\\\/\\\/autate.fr\\\/site\\\/temoignages-recueillis-a-toulouse-a-la-journee-des-associations-le-5-octobre-2019\\\/\",\"url\":\"https:\\\/\\\/autate.fr\\\/site\\\/temoignages-recueillis-a-toulouse-a-la-journee-des-associations-le-5-octobre-2019\\\/\",\"name\":\"T\u00e9moignages recueillis \u00e0 Toulouse \u00e0 la journ\u00e9e des associations Le 5 octobre 2019. - AUTATE\",\"isPartOf\":{\"@id\":\"https:\\\/\\\/autate.fr\\\/site\\\/#website\"},\"datePublished\":\"2019-10-22T20:13:12+00:00\",\"dateModified\":\"2019-10-22T20:13:13+00:00\",\"breadcrumb\":{\"@id\":\"https:\\\/\\\/autate.fr\\\/site\\\/temoignages-recueillis-a-toulouse-a-la-journee-des-associations-le-5-octobre-2019\\\/#breadcrumb\"},\"inLanguage\":\"fr-FR\",\"potentialAction\":[{\"@type\":\"ReadAction\",\"target\":[\"https:\\\/\\\/autate.fr\\\/site\\\/temoignages-recueillis-a-toulouse-a-la-journee-des-associations-le-5-octobre-2019\\\/\"]}]},{\"@type\":\"BreadcrumbList\",\"@id\":\"https:\\\/\\\/autate.fr\\\/site\\\/temoignages-recueillis-a-toulouse-a-la-journee-des-associations-le-5-octobre-2019\\\/#breadcrumb\",\"itemListElement\":[{\"@type\":\"ListItem\",\"position\":1,\"name\":\"Accueil\",\"item\":\"https:\\\/\\\/autate.fr\\\/site\\\/\"},{\"@type\":\"ListItem\",\"position\":2,\"name\":\"T\u00e9moignages recueillis \u00e0 Toulouse \u00e0 la journ\u00e9e des associations Le 5 octobre 2019.\"}]},{\"@type\":\"WebSite\",\"@id\":\"https:\\\/\\\/autate.fr\\\/site\\\/#website\",\"url\":\"https:\\\/\\\/autate.fr\\\/site\\\/\",\"name\":\"AUTATE\",\"description\":\"Association des usagers des transports de l&#039;agglom\u00e9ration Toulousaine et de ses environs\",\"publisher\":{\"@id\":\"https:\\\/\\\/autate.fr\\\/site\\\/#organization\"},\"potentialAction\":[{\"@type\":\"SearchAction\",\"target\":{\"@type\":\"EntryPoint\",\"urlTemplate\":\"https:\\\/\\\/autate.fr\\\/site\\\/?s={search_term_string}\"},\"query-input\":{\"@type\":\"PropertyValueSpecification\",\"valueRequired\":true,\"valueName\":\"search_term_string\"}}],\"inLanguage\":\"fr-FR\"},{\"@type\":\"Organization\",\"@id\":\"https:\\\/\\\/autate.fr\\\/site\\\/#organization\",\"name\":\"AUTATE\",\"url\":\"https:\\\/\\\/autate.fr\\\/site\\\/\",\"logo\":{\"@type\":\"ImageObject\",\"inLanguage\":\"fr-FR\",\"@id\":\"https:\\\/\\\/autate.fr\\\/site\\\/#\\\/schema\\\/logo\\\/image\\\/\",\"url\":\"http:\\\/\\\/autate.fr\\\/site\\\/wp-content\\\/uploads\\\/2019\\\/01\\\/logo.png\",\"contentUrl\":\"http:\\\/\\\/autate.fr\\\/site\\\/wp-content\\\/uploads\\\/2019\\\/01\\\/logo.png\",\"width\":506,\"height\":280,\"caption\":\"AUTATE\"},\"image\":{\"@id\":\"https:\\\/\\\/autate.fr\\\/site\\\/#\\\/schema\\\/logo\\\/image\\\/\"},\"sameAs\":[\"https:\\\/\\\/www.facebook.com\\\/AutateToulouse\",\"https:\\\/\\\/x.com\\\/AutateToulouse\"]},{\"@type\":\"Person\",\"@id\":\"https:\\\/\\\/autate.fr\\\/site\\\/#\\\/schema\\\/person\\\/ca1ac9182f29f02489db16f08b0834ff\",\"name\":\"Marie-Pierre Bes\",\"image\":{\"@type\":\"ImageObject\",\"inLanguage\":\"fr-FR\",\"@id\":\"https:\\\/\\\/secure.gravatar.com\\\/avatar\\\/08aa632b25ee7197789b8ec59d6cbcab7d9fc182fc393ccb7ac607ba55766261?s=96&d=mm&r=g\",\"url\":\"https:\\\/\\\/secure.gravatar.com\\\/avatar\\\/08aa632b25ee7197789b8ec59d6cbcab7d9fc182fc393ccb7ac607ba55766261?s=96&d=mm&r=g\",\"contentUrl\":\"https:\\\/\\\/secure.gravatar.com\\\/avatar\\\/08aa632b25ee7197789b8ec59d6cbcab7d9fc182fc393ccb7ac607ba55766261?s=96&d=mm&r=g\",\"caption\":\"Marie-Pierre Bes\"},\"url\":\"https:\\\/\\\/autate.fr\\\/site\\\/author\\\/mariepierre\\\/\"}]}<\/script>\n<!-- \/ Yoast SEO plugin. -->","yoast_head_json":{"title":"T\u00e9moignages recueillis \u00e0 Toulouse \u00e0 la journ\u00e9e des associations Le 5 octobre 2019. - AUTATE","robots":{"index":"index","follow":"follow","max-snippet":"max-snippet:-1","max-image-preview":"max-image-preview:large","max-video-preview":"max-video-preview:-1"},"canonical":"https:\/\/autate.fr\/site\/temoignages-recueillis-a-toulouse-a-la-journee-des-associations-le-5-octobre-2019\/","og_locale":"fr_FR","og_type":"article","og_title":"T\u00e9moignages recueillis \u00e0 Toulouse \u00e0 la journ\u00e9e des associations Le 5 octobre 2019. - AUTATE","og_description":"Philippe\u00a0: il se d\u00e9place en fauteuil roulant. Il manque des points d\u2019achat des titres de transport Les rampes des bus pour l\u2019acc\u00e8s des fauteuils sont trop souvent en panne (ce qui oblige \u00e0 attendre le bus suivant)\u00a0; la demande d\u2019arr\u00eat pour la descente semble difficilement visible pour le chauffeur, \u00e0 qui il faut le rappelerVOIR PLUS","og_url":"https:\/\/autate.fr\/site\/temoignages-recueillis-a-toulouse-a-la-journee-des-associations-le-5-octobre-2019\/","og_site_name":"AUTATE","article_publisher":"https:\/\/www.facebook.com\/AutateToulouse","article_published_time":"2019-10-22T20:13:12+00:00","article_modified_time":"2019-10-22T20:13:13+00:00","author":"Marie-Pierre Bes","twitter_card":"summary_large_image","twitter_creator":"@AutateToulouse","twitter_site":"@AutateToulouse","twitter_misc":{"\u00c9crit par":"Marie-Pierre Bes","Dur\u00e9e de lecture estim\u00e9e":"3 minutes"},"schema":{"@context":"https:\/\/schema.org","@graph":[{"@type":"Article","@id":"https:\/\/autate.fr\/site\/temoignages-recueillis-a-toulouse-a-la-journee-des-associations-le-5-octobre-2019\/#article","isPartOf":{"@id":"https:\/\/autate.fr\/site\/temoignages-recueillis-a-toulouse-a-la-journee-des-associations-le-5-octobre-2019\/"},"author":{"name":"Marie-Pierre Bes","@id":"https:\/\/autate.fr\/site\/#\/schema\/person\/ca1ac9182f29f02489db16f08b0834ff"},"headline":"T\u00e9moignages recueillis \u00e0 Toulouse \u00e0 la journ\u00e9e des associations Le 5 octobre 2019.","datePublished":"2019-10-22T20:13:12+00:00","dateModified":"2019-10-22T20:13:13+00:00","mainEntityOfPage":{"@id":"https:\/\/autate.fr\/site\/temoignages-recueillis-a-toulouse-a-la-journee-des-associations-le-5-octobre-2019\/"},"wordCount":599,"commentCount":0,"publisher":{"@id":"https:\/\/autate.fr\/site\/#organization"},"articleSection":["T\u00e9moignages"],"inLanguage":"fr-FR","potentialAction":[{"@type":"CommentAction","name":"Comment","target":["https:\/\/autate.fr\/site\/temoignages-recueillis-a-toulouse-a-la-journee-des-associations-le-5-octobre-2019\/#respond"]}]},{"@type":"WebPage","@id":"https:\/\/autate.fr\/site\/temoignages-recueillis-a-toulouse-a-la-journee-des-associations-le-5-octobre-2019\/","url":"https:\/\/autate.fr\/site\/temoignages-recueillis-a-toulouse-a-la-journee-des-associations-le-5-octobre-2019\/","name":"T\u00e9moignages recueillis \u00e0 Toulouse \u00e0 la journ\u00e9e des associations Le 5 octobre 2019. - AUTATE","isPartOf":{"@id":"https:\/\/autate.fr\/site\/#website"},"datePublished":"2019-10-22T20:13:12+00:00","dateModified":"2019-10-22T20:13:13+00:00","breadcrumb":{"@id":"https:\/\/autate.fr\/site\/temoignages-recueillis-a-toulouse-a-la-journee-des-associations-le-5-octobre-2019\/#breadcrumb"},"inLanguage":"fr-FR","potentialAction":[{"@type":"ReadAction","target":["https:\/\/autate.fr\/site\/temoignages-recueillis-a-toulouse-a-la-journee-des-associations-le-5-octobre-2019\/"]}]},{"@type":"BreadcrumbList","@id":"https:\/\/autate.fr\/site\/temoignages-recueillis-a-toulouse-a-la-journee-des-associations-le-5-octobre-2019\/#breadcrumb","itemListElement":[{"@type":"ListItem","position":1,"name":"Accueil","item":"https:\/\/autate.fr\/site\/"},{"@type":"ListItem","position":2,"name":"T\u00e9moignages recueillis \u00e0 Toulouse \u00e0 la journ\u00e9e des associations Le 5 octobre 2019."}]},{"@type":"WebSite","@id":"https:\/\/autate.fr\/site\/#website","url":"https:\/\/autate.fr\/site\/","name":"AUTATE","description":"Association des usagers des transports de l&#039;agglom\u00e9ration Toulousaine et de ses environs","publisher":{"@id":"https:\/\/autate.fr\/site\/#organization"},"potentialAction":[{"@type":"SearchAction","target":{"@type":"EntryPoint","urlTemplate":"https:\/\/autate.fr\/site\/?s={search_term_string}"},"query-input":{"@type":"PropertyValueSpecification","valueRequired":true,"valueName":"search_term_string"}}],"inLanguage":"fr-FR"},{"@type":"Organization","@id":"https:\/\/autate.fr\/site\/#organization","name":"AUTATE","url":"https:\/\/autate.fr\/site\/","logo":{"@type":"ImageObject","inLanguage":"fr-FR","@id":"https:\/\/autate.fr\/site\/#\/schema\/logo\/image\/","url":"http:\/\/autate.fr\/site\/wp-content\/uploads\/2019\/01\/logo.png","contentUrl":"http:\/\/autate.fr\/site\/wp-content\/uploads\/2019\/01\/logo.png","width":506,"height":280,"caption":"AUTATE"},"image":{"@id":"https:\/\/autate.fr\/site\/#\/schema\/logo\/image\/"},"sameAs":["https:\/\/www.facebook.com\/AutateToulouse","https:\/\/x.com\/AutateToulouse"]},{"@type":"Person","@id":"https:\/\/autate.fr\/site\/#\/schema\/person\/ca1ac9182f29f02489db16f08b0834ff","name":"Marie-Pierre Bes","image":{"@type":"ImageObject","inLanguage":"fr-FR","@id":"https:\/\/secure.gravatar.com\/avatar\/08aa632b25ee7197789b8ec59d6cbcab7d9fc182fc393ccb7ac607ba55766261?s=96&d=mm&r=g","url":"https:\/\/secure.gravatar.com\/avatar\/08aa632b25ee7197789b8ec59d6cbcab7d9fc182fc393ccb7ac607ba55766261?s=96&d=mm&r=g","contentUrl":"https:\/\/secure.gravatar.com\/avatar\/08aa632b25ee7197789b8ec59d6cbcab7d9fc182fc393ccb7ac607ba55766261?s=96&d=mm&r=g","caption":"Marie-Pierre Bes"},"url":"https:\/\/autate.fr\/site\/author\/mariepierre\/"}]}},"_links":{"self":[{"href":"https:\/\/autate.fr\/site\/wp-json\/wp\/v2\/posts\/3635","targetHints":{"allow":["GET"]}}],"collection":[{"href":"https:\/\/autate.fr\/site\/wp-json\/wp\/v2\/posts"}],"about":[{"href":"https:\/\/autate.fr\/site\/wp-json\/wp\/v2\/types\/post"}],"author":[{"embeddable":true,"href":"https:\/\/autate.fr\/site\/wp-json\/wp\/v2\/users\/9"}],"replies":[{"embeddable":true,"href":"https:\/\/autate.fr\/site\/wp-json\/wp\/v2\/comments?post=3635"}],"version-history":[{"count":2,"href":"https:\/\/autate.fr\/site\/wp-json\/wp\/v2\/posts\/3635\/revisions"}],"predecessor-version":[{"id":3637,"href":"https:\/\/autate.fr\/site\/wp-json\/wp\/v2\/posts\/3635\/revisions\/3637"}],"wp:attachment":[{"href":"https:\/\/autate.fr\/site\/wp-json\/wp\/v2\/media?parent=3635"}],"wp:term":[{"taxonomy":"category","embeddable":true,"href":"https:\/\/autate.fr\/site\/wp-json\/wp\/v2\/categories?post=3635"},{"taxonomy":"post_tag","embeddable":true,"href":"https:\/\/autate.fr\/site\/wp-json\/wp\/v2\/tags?post=3635"}],"curies":[{"name":"wp","href":"https:\/\/api.w.org\/{rel}","templated":true}]}}