{"id":3623,"date":"2019-10-22T00:24:16","date_gmt":"2019-10-21T22:24:16","guid":{"rendered":"https:\/\/autate.fr\/site\/?p=3623"},"modified":"2025-11-11T17:43:18","modified_gmt":"2025-11-11T16:43:18","slug":"temoignage-ter-toulouse-merenvielle","status":"publish","type":"post","link":"https:\/\/autate.fr\/site\/temoignage-ter-toulouse-merenvielle\/","title":{"rendered":"T\u00e9moignage: TER Toulouse-M\u00e9renvielle"},"content":{"rendered":"\n<p>Bonjour,<\/p>\n<p>J\u2019habite la r\u00e9gion toulousaine depuis 2008.<\/p>\n<p>En 2010, j\u2019ai acquis une maison sur la commune de Lasserre (31530), axe TOULOUSE AUCH. Oui, l\u2019immobilier est hors de prix pour nous les classes moyennes.<\/p>\n<p>Je travaille sur Toulouse tous les jours et ai d\u00e9cid\u00e9 de m\u2019installer pr\u00e8s d\u2019une gare SNCF, gare de MERENVIELLE.<\/p>\n<p>Donc le matin, je me l\u00e8ve \u00e0 05h30 pour un train \u00e0 06h22.<\/p>\n<p>Puis en gare de Toulouse Matabiau, j\u2019ai un abonnement VELOTOULOUSE.<\/p>\n<p>Avec ce v\u00e9lo, je r\u00e9alise le dernier trajet, jusqu\u2019\u00e0 mon lieu de travail en haut de l\u2019avenue Camille Pujol (environ 3KM).<\/p>\n<p>Ce que je vis depuis presque 10 ans :<\/p>\n<p>Je m\u2019efforce de prendre les transports en commun pour d\u2019abord la plan\u00e8te, pour la fatigue ainsi que pour le co\u00fbt que cela engendrerait si je prenais ma voiture.<\/p>\n<p>Le service&nbsp; de transport en commun est catastrophique.<\/p>\n<p>Les transports en commun c\u2019est tr\u00e8s bien, mais cela ne fonctionne pas.<\/p>\n<p>Entre les gr\u00e8ves, les trains annul\u00e9s, la mono voie, les trains en panne, les v\u00e9los HS en stations, parfois 0 v\u00e9lo disponible je me retrouve avec des journ\u00e9es o\u00f9 l\u2019amplitude horaire est extraordinaire.<\/p>\n<p>Des v\u00e9los TOULOUSE inexistant le lundi matin et inexistant le soir \u00e0 ma station PERIGNON.<\/p>\n<p>2 fois sur trois je n\u2019ai pas de v\u00e9lo sur la station PERIGNON, donc je marche et je rate mon 1<sup>er<\/sup> train \u00e0 16h54.<\/p>\n<p>Je prends le 17h24 quand il n\u2019est pas annul\u00e9 (sinon je prends le 17h54, voir le 18h24), j\u2019arrive chez moi \u00e0 18h15 au mieux. Souvent c\u2019est 19h00.<\/p>\n<p>De plus, depuis mi 2019, 9 arr\u00eats ont \u00e9t\u00e9 supprim\u00e9s sur la gare de MERENVIEILLE, par d\u00e9cision de la r\u00e9gion (Merci Mme Delga) et de la SNCF.<\/p>\n<p>Pourtant il y a dix ans, \u00e0 cette gare nous \u00e9tions 3 \u2013 4 personnes, le matin nous sommes d\u00e9sormais une quinzaine \u00e0 06h 22, une vingtaine \u00e0 06h54 et une trentaine \u00e0 07h22.<\/p>\n<p>Il y a de plus en plus de monde.<\/p>\n<p>On nous parle de transport en commun pour la plan\u00e8te mais tout cela n\u2019est que fl\u00fbte, pipo et fausses com, le service se d\u00e9grade d\u2019ann\u00e9e en ann\u00e9e, on est oblig\u00e9 de prendre nos voitures souvent.<\/p>\n<p>Ayant un abonnement au mois, je n\u2019ai aucun remboursement pendant les p\u00e9riodes de gr\u00e8ves etc\u2026<\/p>\n<p>Franchement, je m\u2019accroche au transport en commun pour la bonne cause , mais combien ont abandonn\u00e9. C&rsquo;est \u00e9puisant, ne pas savoir si nous serons \u00e0 l\u2019heure le matin ainsi que le soir. Tout cela coute tr\u00e8s cher, et le service n\u2019est pas rendu aux usagers. Personnellement je pense investir dans une moto ou scooter pour abandonner les transports en commun.<\/p>\n<p>Pousser les gens aux transports en commun c\u2019est bien, mais encore faudrait-il qu\u2019il y ait un service performant et fiable. Ce n\u2019est pas le cas. Venez dans nos trains aux heures de pointes, \u2026..des vrais b\u00e9taill\u00e8res, tout le monde debout, serr\u00e9 comme des sardines; du grand n\u2019importe quoi.<\/p>\n<p>Nos \u00e9lus, la SNCF sont irresponsables.<\/p>\n<p>Voil\u00e0 mon t\u00e9moignage qui ne servira s\u00fbrement \u00e0 rien.<\/p>\n<p>Cordialement,<\/p>\n<p>Terrom Ronan<\/p>\n","protected":false},"excerpt":{"rendered":"<p>Bonjour, J\u2019habite la r\u00e9gion toulousaine depuis 2008. En 2010, j\u2019ai acquis une maison sur la commune de Lasserre (31530), axe TOULOUSE AUCH. Oui, l\u2019immobilier est hors de prix pour nous les classes moyennes. Je travaille sur Toulouse tous les jours et ai d\u00e9cid\u00e9 de m\u2019installer pr\u00e8s d\u2019une gare SNCF, gare de MERENVIELLE. Donc le matin,<\/p>\n<p class=\"more-link\"><a href=\"https:\/\/autate.fr\/site\/temoignage-ter-toulouse-merenvielle\/\" class=\"themebutton2\">VOIR PLUS<\/a><\/p>\n","protected":false},"author":10,"featured_media":0,"comment_status":"open","ping_status":"open","sticky":false,"template":"","format":"standard","meta":{"footnotes":""},"categories":[508,490,336,509],"tags":[],"class_list":["post-3623","post","type-post","status-publish","format-standard","hentry","category-gares","category-prix-des-transports","category-temoignages","category-velo"],"yoast_head":"<!-- This site is optimized with the Yoast SEO plugin v27.4 - https:\/\/yoast.com\/product\/yoast-seo-wordpress\/ -->\n<title>T\u00e9moignage: TER Toulouse-M\u00e9renvielle - AUTATE<\/title>\n<meta name=\"robots\" content=\"index, follow, max-snippet:-1, max-image-preview:large, max-video-preview:-1\" \/>\n<link rel=\"canonical\" href=\"https:\/\/autate.fr\/site\/temoignage-ter-toulouse-merenvielle\/\" \/>\n<meta property=\"og:locale\" content=\"fr_FR\" \/>\n<meta property=\"og:type\" content=\"article\" \/>\n<meta property=\"og:title\" content=\"T\u00e9moignage: TER Toulouse-M\u00e9renvielle - AUTATE\" \/>\n<meta property=\"og:description\" content=\"Bonjour, J\u2019habite la r\u00e9gion toulousaine depuis 2008. En 2010, j\u2019ai acquis une maison sur la commune de Lasserre (31530), axe TOULOUSE AUCH. Oui, l\u2019immobilier est hors de prix pour nous les classes moyennes. Je travaille sur Toulouse tous les jours et ai d\u00e9cid\u00e9 de m\u2019installer pr\u00e8s d\u2019une gare SNCF, gare de MERENVIELLE. Donc le matin,VOIR PLUS\" \/>\n<meta property=\"og:url\" content=\"https:\/\/autate.fr\/site\/temoignage-ter-toulouse-merenvielle\/\" \/>\n<meta property=\"og:site_name\" content=\"AUTATE\" \/>\n<meta property=\"article:publisher\" content=\"https:\/\/www.facebook.com\/AutateToulouse\" \/>\n<meta property=\"article:published_time\" content=\"2019-10-21T22:24:16+00:00\" \/>\n<meta property=\"article:modified_time\" content=\"2025-11-11T16:43:18+00:00\" \/>\n<meta name=\"author\" content=\"Agn\u00e8s D\u00e9fosse\" \/>\n<meta name=\"twitter:card\" content=\"summary_large_image\" \/>\n<meta name=\"twitter:creator\" content=\"@AutateToulouse\" \/>\n<meta name=\"twitter:site\" content=\"@AutateToulouse\" \/>\n<meta name=\"twitter:label1\" content=\"\u00c9crit par\" \/>\n\t<meta name=\"twitter:data1\" content=\"Agn\u00e8s D\u00e9fosse\" \/>\n\t<meta name=\"twitter:label2\" content=\"Dur\u00e9e de lecture estim\u00e9e\" \/>\n\t<meta name=\"twitter:data2\" content=\"3 minutes\" \/>\n<script type=\"application\/ld+json\" class=\"yoast-schema-graph\">{\"@context\":\"https:\\\/\\\/schema.org\",\"@graph\":[{\"@type\":\"Article\",\"@id\":\"https:\\\/\\\/autate.fr\\\/site\\\/temoignage-ter-toulouse-merenvielle\\\/#article\",\"isPartOf\":{\"@id\":\"https:\\\/\\\/autate.fr\\\/site\\\/temoignage-ter-toulouse-merenvielle\\\/\"},\"author\":{\"name\":\"Agn\u00e8s D\u00e9fosse\",\"@id\":\"https:\\\/\\\/autate.fr\\\/site\\\/#\\\/schema\\\/person\\\/5dd2db09ec53d78638dc66bb99c1a96b\"},\"headline\":\"T\u00e9moignage: TER Toulouse-M\u00e9renvielle\",\"datePublished\":\"2019-10-21T22:24:16+00:00\",\"dateModified\":\"2025-11-11T16:43:18+00:00\",\"mainEntityOfPage\":{\"@id\":\"https:\\\/\\\/autate.fr\\\/site\\\/temoignage-ter-toulouse-merenvielle\\\/\"},\"wordCount\":537,\"commentCount\":0,\"publisher\":{\"@id\":\"https:\\\/\\\/autate.fr\\\/site\\\/#organization\"},\"articleSection\":[\"Gares-SERM\",\"Prix des transports\",\"T\u00e9moignages\",\"v\u00e9lo\"],\"inLanguage\":\"fr-FR\",\"potentialAction\":[{\"@type\":\"CommentAction\",\"name\":\"Comment\",\"target\":[\"https:\\\/\\\/autate.fr\\\/site\\\/temoignage-ter-toulouse-merenvielle\\\/#respond\"]}]},{\"@type\":\"WebPage\",\"@id\":\"https:\\\/\\\/autate.fr\\\/site\\\/temoignage-ter-toulouse-merenvielle\\\/\",\"url\":\"https:\\\/\\\/autate.fr\\\/site\\\/temoignage-ter-toulouse-merenvielle\\\/\",\"name\":\"T\u00e9moignage: TER Toulouse-M\u00e9renvielle - AUTATE\",\"isPartOf\":{\"@id\":\"https:\\\/\\\/autate.fr\\\/site\\\/#website\"},\"datePublished\":\"2019-10-21T22:24:16+00:00\",\"dateModified\":\"2025-11-11T16:43:18+00:00\",\"breadcrumb\":{\"@id\":\"https:\\\/\\\/autate.fr\\\/site\\\/temoignage-ter-toulouse-merenvielle\\\/#breadcrumb\"},\"inLanguage\":\"fr-FR\",\"potentialAction\":[{\"@type\":\"ReadAction\",\"target\":[\"https:\\\/\\\/autate.fr\\\/site\\\/temoignage-ter-toulouse-merenvielle\\\/\"]}]},{\"@type\":\"BreadcrumbList\",\"@id\":\"https:\\\/\\\/autate.fr\\\/site\\\/temoignage-ter-toulouse-merenvielle\\\/#breadcrumb\",\"itemListElement\":[{\"@type\":\"ListItem\",\"position\":1,\"name\":\"Accueil\",\"item\":\"https:\\\/\\\/autate.fr\\\/site\\\/\"},{\"@type\":\"ListItem\",\"position\":2,\"name\":\"T\u00e9moignage: TER Toulouse-M\u00e9renvielle\"}]},{\"@type\":\"WebSite\",\"@id\":\"https:\\\/\\\/autate.fr\\\/site\\\/#website\",\"url\":\"https:\\\/\\\/autate.fr\\\/site\\\/\",\"name\":\"AUTATE\",\"description\":\"Association des usagers des transports de l&#039;agglom\u00e9ration Toulousaine et de ses environs\",\"publisher\":{\"@id\":\"https:\\\/\\\/autate.fr\\\/site\\\/#organization\"},\"potentialAction\":[{\"@type\":\"SearchAction\",\"target\":{\"@type\":\"EntryPoint\",\"urlTemplate\":\"https:\\\/\\\/autate.fr\\\/site\\\/?s={search_term_string}\"},\"query-input\":{\"@type\":\"PropertyValueSpecification\",\"valueRequired\":true,\"valueName\":\"search_term_string\"}}],\"inLanguage\":\"fr-FR\"},{\"@type\":\"Organization\",\"@id\":\"https:\\\/\\\/autate.fr\\\/site\\\/#organization\",\"name\":\"AUTATE\",\"url\":\"https:\\\/\\\/autate.fr\\\/site\\\/\",\"logo\":{\"@type\":\"ImageObject\",\"inLanguage\":\"fr-FR\",\"@id\":\"https:\\\/\\\/autate.fr\\\/site\\\/#\\\/schema\\\/logo\\\/image\\\/\",\"url\":\"http:\\\/\\\/autate.fr\\\/site\\\/wp-content\\\/uploads\\\/2019\\\/01\\\/logo.png\",\"contentUrl\":\"http:\\\/\\\/autate.fr\\\/site\\\/wp-content\\\/uploads\\\/2019\\\/01\\\/logo.png\",\"width\":506,\"height\":280,\"caption\":\"AUTATE\"},\"image\":{\"@id\":\"https:\\\/\\\/autate.fr\\\/site\\\/#\\\/schema\\\/logo\\\/image\\\/\"},\"sameAs\":[\"https:\\\/\\\/www.facebook.com\\\/AutateToulouse\",\"https:\\\/\\\/x.com\\\/AutateToulouse\"]},{\"@type\":\"Person\",\"@id\":\"https:\\\/\\\/autate.fr\\\/site\\\/#\\\/schema\\\/person\\\/5dd2db09ec53d78638dc66bb99c1a96b\",\"name\":\"Agn\u00e8s D\u00e9fosse\",\"image\":{\"@type\":\"ImageObject\",\"inLanguage\":\"fr-FR\",\"@id\":\"https:\\\/\\\/secure.gravatar.com\\\/avatar\\\/95c9cd4b94e5a0c0ea8b60b9bdbb3225980cf1f6d229a870c299992be19d6804?s=96&d=mm&r=g\",\"url\":\"https:\\\/\\\/secure.gravatar.com\\\/avatar\\\/95c9cd4b94e5a0c0ea8b60b9bdbb3225980cf1f6d229a870c299992be19d6804?s=96&d=mm&r=g\",\"contentUrl\":\"https:\\\/\\\/secure.gravatar.com\\\/avatar\\\/95c9cd4b94e5a0c0ea8b60b9bdbb3225980cf1f6d229a870c299992be19d6804?s=96&d=mm&r=g\",\"caption\":\"Agn\u00e8s D\u00e9fosse\"},\"url\":\"https:\\\/\\\/autate.fr\\\/site\\\/author\\\/agnesdefosse\\\/\"}]}<\/script>\n<!-- \/ Yoast SEO plugin. -->","yoast_head_json":{"title":"T\u00e9moignage: TER Toulouse-M\u00e9renvielle - AUTATE","robots":{"index":"index","follow":"follow","max-snippet":"max-snippet:-1","max-image-preview":"max-image-preview:large","max-video-preview":"max-video-preview:-1"},"canonical":"https:\/\/autate.fr\/site\/temoignage-ter-toulouse-merenvielle\/","og_locale":"fr_FR","og_type":"article","og_title":"T\u00e9moignage: TER Toulouse-M\u00e9renvielle - AUTATE","og_description":"Bonjour, J\u2019habite la r\u00e9gion toulousaine depuis 2008. En 2010, j\u2019ai acquis une maison sur la commune de Lasserre (31530), axe TOULOUSE AUCH. Oui, l\u2019immobilier est hors de prix pour nous les classes moyennes. Je travaille sur Toulouse tous les jours et ai d\u00e9cid\u00e9 de m\u2019installer pr\u00e8s d\u2019une gare SNCF, gare de MERENVIELLE. Donc le matin,VOIR PLUS","og_url":"https:\/\/autate.fr\/site\/temoignage-ter-toulouse-merenvielle\/","og_site_name":"AUTATE","article_publisher":"https:\/\/www.facebook.com\/AutateToulouse","article_published_time":"2019-10-21T22:24:16+00:00","article_modified_time":"2025-11-11T16:43:18+00:00","author":"Agn\u00e8s D\u00e9fosse","twitter_card":"summary_large_image","twitter_creator":"@AutateToulouse","twitter_site":"@AutateToulouse","twitter_misc":{"\u00c9crit par":"Agn\u00e8s D\u00e9fosse","Dur\u00e9e de lecture estim\u00e9e":"3 minutes"},"schema":{"@context":"https:\/\/schema.org","@graph":[{"@type":"Article","@id":"https:\/\/autate.fr\/site\/temoignage-ter-toulouse-merenvielle\/#article","isPartOf":{"@id":"https:\/\/autate.fr\/site\/temoignage-ter-toulouse-merenvielle\/"},"author":{"name":"Agn\u00e8s D\u00e9fosse","@id":"https:\/\/autate.fr\/site\/#\/schema\/person\/5dd2db09ec53d78638dc66bb99c1a96b"},"headline":"T\u00e9moignage: TER Toulouse-M\u00e9renvielle","datePublished":"2019-10-21T22:24:16+00:00","dateModified":"2025-11-11T16:43:18+00:00","mainEntityOfPage":{"@id":"https:\/\/autate.fr\/site\/temoignage-ter-toulouse-merenvielle\/"},"wordCount":537,"commentCount":0,"publisher":{"@id":"https:\/\/autate.fr\/site\/#organization"},"articleSection":["Gares-SERM","Prix des transports","T\u00e9moignages","v\u00e9lo"],"inLanguage":"fr-FR","potentialAction":[{"@type":"CommentAction","name":"Comment","target":["https:\/\/autate.fr\/site\/temoignage-ter-toulouse-merenvielle\/#respond"]}]},{"@type":"WebPage","@id":"https:\/\/autate.fr\/site\/temoignage-ter-toulouse-merenvielle\/","url":"https:\/\/autate.fr\/site\/temoignage-ter-toulouse-merenvielle\/","name":"T\u00e9moignage: TER Toulouse-M\u00e9renvielle - AUTATE","isPartOf":{"@id":"https:\/\/autate.fr\/site\/#website"},"datePublished":"2019-10-21T22:24:16+00:00","dateModified":"2025-11-11T16:43:18+00:00","breadcrumb":{"@id":"https:\/\/autate.fr\/site\/temoignage-ter-toulouse-merenvielle\/#breadcrumb"},"inLanguage":"fr-FR","potentialAction":[{"@type":"ReadAction","target":["https:\/\/autate.fr\/site\/temoignage-ter-toulouse-merenvielle\/"]}]},{"@type":"BreadcrumbList","@id":"https:\/\/autate.fr\/site\/temoignage-ter-toulouse-merenvielle\/#breadcrumb","itemListElement":[{"@type":"ListItem","position":1,"name":"Accueil","item":"https:\/\/autate.fr\/site\/"},{"@type":"ListItem","position":2,"name":"T\u00e9moignage: TER Toulouse-M\u00e9renvielle"}]},{"@type":"WebSite","@id":"https:\/\/autate.fr\/site\/#website","url":"https:\/\/autate.fr\/site\/","name":"AUTATE","description":"Association des usagers des transports de l&#039;agglom\u00e9ration Toulousaine et de ses environs","publisher":{"@id":"https:\/\/autate.fr\/site\/#organization"},"potentialAction":[{"@type":"SearchAction","target":{"@type":"EntryPoint","urlTemplate":"https:\/\/autate.fr\/site\/?s={search_term_string}"},"query-input":{"@type":"PropertyValueSpecification","valueRequired":true,"valueName":"search_term_string"}}],"inLanguage":"fr-FR"},{"@type":"Organization","@id":"https:\/\/autate.fr\/site\/#organization","name":"AUTATE","url":"https:\/\/autate.fr\/site\/","logo":{"@type":"ImageObject","inLanguage":"fr-FR","@id":"https:\/\/autate.fr\/site\/#\/schema\/logo\/image\/","url":"http:\/\/autate.fr\/site\/wp-content\/uploads\/2019\/01\/logo.png","contentUrl":"http:\/\/autate.fr\/site\/wp-content\/uploads\/2019\/01\/logo.png","width":506,"height":280,"caption":"AUTATE"},"image":{"@id":"https:\/\/autate.fr\/site\/#\/schema\/logo\/image\/"},"sameAs":["https:\/\/www.facebook.com\/AutateToulouse","https:\/\/x.com\/AutateToulouse"]},{"@type":"Person","@id":"https:\/\/autate.fr\/site\/#\/schema\/person\/5dd2db09ec53d78638dc66bb99c1a96b","name":"Agn\u00e8s D\u00e9fosse","image":{"@type":"ImageObject","inLanguage":"fr-FR","@id":"https:\/\/secure.gravatar.com\/avatar\/95c9cd4b94e5a0c0ea8b60b9bdbb3225980cf1f6d229a870c299992be19d6804?s=96&d=mm&r=g","url":"https:\/\/secure.gravatar.com\/avatar\/95c9cd4b94e5a0c0ea8b60b9bdbb3225980cf1f6d229a870c299992be19d6804?s=96&d=mm&r=g","contentUrl":"https:\/\/secure.gravatar.com\/avatar\/95c9cd4b94e5a0c0ea8b60b9bdbb3225980cf1f6d229a870c299992be19d6804?s=96&d=mm&r=g","caption":"Agn\u00e8s D\u00e9fosse"},"url":"https:\/\/autate.fr\/site\/author\/agnesdefosse\/"}]}},"_links":{"self":[{"href":"https:\/\/autate.fr\/site\/wp-json\/wp\/v2\/posts\/3623","targetHints":{"allow":["GET"]}}],"collection":[{"href":"https:\/\/autate.fr\/site\/wp-json\/wp\/v2\/posts"}],"about":[{"href":"https:\/\/autate.fr\/site\/wp-json\/wp\/v2\/types\/post"}],"author":[{"embeddable":true,"href":"https:\/\/autate.fr\/site\/wp-json\/wp\/v2\/users\/10"}],"replies":[{"embeddable":true,"href":"https:\/\/autate.fr\/site\/wp-json\/wp\/v2\/comments?post=3623"}],"version-history":[{"count":2,"href":"https:\/\/autate.fr\/site\/wp-json\/wp\/v2\/posts\/3623\/revisions"}],"predecessor-version":[{"id":3625,"href":"https:\/\/autate.fr\/site\/wp-json\/wp\/v2\/posts\/3623\/revisions\/3625"}],"wp:attachment":[{"href":"https:\/\/autate.fr\/site\/wp-json\/wp\/v2\/media?parent=3623"}],"wp:term":[{"taxonomy":"category","embeddable":true,"href":"https:\/\/autate.fr\/site\/wp-json\/wp\/v2\/categories?post=3623"},{"taxonomy":"post_tag","embeddable":true,"href":"https:\/\/autate.fr\/site\/wp-json\/wp\/v2\/tags?post=3623"}],"curies":[{"name":"wp","href":"https:\/\/api.w.org\/{rel}","templated":true}]}}