{"id":361,"date":"2016-03-17T23:12:40","date_gmt":"2016-03-17T22:12:40","guid":{"rendered":"http:\/\/autate.fr\/site\/?p=361"},"modified":"2016-05-10T09:07:07","modified_gmt":"2016-05-10T07:07:07","slug":"synthese-du-sondage-sur-les-bus-au-17032016","status":"publish","type":"post","link":"https:\/\/autate.fr\/site\/synthese-du-sondage-sur-les-bus-au-17032016\/","title":{"rendered":"Synth\u00e8se du sondage sur les bus au 17\/03\/2016"},"content":{"rendered":"<p><strong>Synth\u00e8se sondage bus au jeudi 17 mars 2016<\/strong><\/p>\n<p>Cette synth\u00e8se rend compte de mani\u00e8re impartiale des r\u00e9sultats du sondage et ne refl\u00e8te pas n\u00e9cessairement les prises de position de l&rsquo;association.<\/p>\n<p>Rappel du<a href=\"https:\/\/docs.google.com\/forms\/d\/156WWWN_ruUxVMvkbLC9o2x_ughwaEu8AP1Y57PDb8gA\/viewform\"> lien avec le sondage<\/a><br \/>\n<strong>Les questions pos\u00e9es (pour chaque ligne)<\/strong> :<br \/>\n<em>Vous l&rsquo;utilisez ? Etes-vous d&rsquo;accord avec sa suppression ? Etes-vous d&rsquo;accord avec la sous-traitance \u00e0 une compagnie priv\u00e9e ? Pensez-vous qu&rsquo;il faille changer l&rsquo;organisation de la ligne ? Si oui, de quelle mani\u00e8re ?<\/em><\/p>\n<p>R\u00e9sultats pour 143 r\u00e9pondants :<br \/>\n<strong>Ligne 1<\/strong> (Grand Rond \/ Compans \u2013 Caffarelli) : Une majorit\u00e9 souhaite une modification du trajet<br \/>\n<strong>Ligne 15<\/strong> (Jeanne d&rsquo;Arc \/ \u00c9tats-Unis Fondeyre) : les personnes souhaitent une modification de la ligne en modifiant son trajet, en am\u00e9liorant les correspondances, en am\u00e9liorant l&rsquo;information.<br \/>\n<strong>Ligne 17<\/strong> (Androm\u00e8de &#8211; Lyc\u00e9e \/ Mondonville \u00c9glise) : changement de trajet ou augmentation de la fr\u00e9quence ?<br \/>\n<strong>Ligne 21<\/strong> (Basso Cambo \/ Colomiers Airbus) : la majorit\u00e9 des personnes souhaite une augmentation des fr\u00e9quences.<br \/>\n<strong>Ligne 25<\/strong> (A\u00e9roport \/ Blagnac E. Zola) : suggestion de modification horaires et fr\u00e9quence<br \/>\n<strong>Ligne 27<\/strong> (yc\u00e9e Toulouse-Lautrec \/ Rangueil) : en reprenant un bout de la ligne 68 supprim\u00e9e, elle va perdre son terminus \u00e0 Rangueil (correspondance ligne B) ; voir sa fr\u00e9quence diminuer ; aller s&rsquo;engluer dans les bouchons d&rsquo;\u00c9douard Belin et des ronds-points au dessus de la rocade entre Lespinet et Belin<br \/>\n<strong>Ligne 30<\/strong> (A\u00e9roport \/ Fenouillet Centre Commercial) : demande d\u2019augmentation de la fr\u00e9quence<br \/>\n<strong>Ligne 37<\/strong> (Jolimont \/ Ramonville M\u00e9tro) : demande d\u2019augmentation de la fr\u00e9quence ou modification trajet<br \/>\n<strong>Ligne 49<\/strong> (Basso Cambo \/ Portet &#8211; Gare SNCF) : 2 personnes sur 3 souhaite une mise en sous-traitance.<br \/>\n<strong>Ligne 50<\/strong> (Basso Cambo \/ Portet H. Boucher ou Roques Acacias) : en modifiant ses horaires, en augmentant sa fr\u00e9quence, en am\u00e9liorant les correspondances<\/p>\n<p><strong>Ligne 53<\/strong> (Basso Cambo \/ Tibaous) : modification trajet<br \/>\n<strong>Ligne 55<\/strong> (Colomiers &#8211; Gare SNCF \/ Plaisance Monesti\u00e9) : augmentation des fr\u00e9quences<br \/>\n<strong>Ligne 57<\/strong> (Basso Cambo \/ Frouzins J.P. Sabatier) : modification horaires<br \/>\n<strong>Ligne 63<\/strong> (Tournefeuille Lyc\u00e9e \/ Compans \u2013 Caffarelli) : augmentation des fr\u00e9quences ou modification horaires<br \/>\n<strong>Ligne 68<\/strong> (Ramonville M\u00e9tro \/ La Terrasse) : mal connect\u00e9 au reste du r\u00e9seau<br \/>\n<strong>Ligne 77<\/strong> (Balma &#8211; Gramont \/ Fonsegrives Coll\u00e8ge) : temps de trajet trop long, bus dans les embouteillages<br \/>\n<strong>Ligne 79<\/strong> (Ramonville M\u00e9tro \/ Lab\u00e8ge Couder ou Saint-Orens Lyc\u00e9e) : sous-traitance ou suppression<br \/>\n<strong>Ligne 82<\/strong> (Universit\u00e9 Paul Sabatier \/ Ramonville Port Sud) : proposition de modifications de trajet<br \/>\n<strong>Ligne 88<\/strong> (Ramonville M\u00e9tro \/ H\u00f4pital Larrey) : restructuration pour r\u00e9pondre \u00e0 diff\u00e9rents besoins.<br \/>\n<strong>Ligne 109<\/strong> (Malep\u00e8re \/ Castanet-Tolosan) : 3 personnes sur 4 souhaitent un passage en sous-traitance par le priv\u00e9.<br \/>\n<strong>Ligne 111<\/strong> (Ramonville \/ Th\u00e9ogone) : suggestion d\u2019une fusion avec la ligne 88<\/p>\n","protected":false},"excerpt":{"rendered":"<p>Synth\u00e8se sondage bus au jeudi 17 mars 2016 Cette synth\u00e8se rend compte de mani\u00e8re impartiale des r\u00e9sultats du sondage et ne refl\u00e8te pas n\u00e9cessairement les prises de position de l&rsquo;association. Rappel du lien avec le sondage Les questions pos\u00e9es (pour chaque ligne) : Vous l&rsquo;utilisez ? Etes-vous d&rsquo;accord avec sa suppression ? Etes-vous d&rsquo;accord avec<\/p>\n<p class=\"more-link\"><a href=\"https:\/\/autate.fr\/site\/synthese-du-sondage-sur-les-bus-au-17032016\/\" class=\"themebutton2\">VOIR PLUS<\/a><\/p>\n","protected":false},"author":1,"featured_media":0,"comment_status":"open","ping_status":"open","sticky":false,"template":"","format":"standard","meta":{"footnotes":""},"categories":[4],"tags":[89,61,90,92,91],"class_list":["post-361","post","type-post","status-publish","format-standard","hentry","category-actualite-association","tag-autobus","tag-bus","tag-frequence","tag-modification","tag-suppression"],"yoast_head":"<!-- This site is optimized with the Yoast SEO plugin v27.4 - https:\/\/yoast.com\/product\/yoast-seo-wordpress\/ -->\n<title>Synth\u00e8se du sondage sur les bus au 17\/03\/2016 - AUTATE<\/title>\n<meta name=\"robots\" content=\"index, follow, max-snippet:-1, max-image-preview:large, max-video-preview:-1\" \/>\n<link rel=\"canonical\" href=\"https:\/\/autate.fr\/site\/synthese-du-sondage-sur-les-bus-au-17032016\/\" \/>\n<meta property=\"og:locale\" content=\"fr_FR\" \/>\n<meta property=\"og:type\" content=\"article\" \/>\n<meta property=\"og:title\" content=\"Synth\u00e8se du sondage sur les bus au 17\/03\/2016 - AUTATE\" \/>\n<meta property=\"og:description\" content=\"Synth\u00e8se sondage bus au jeudi 17 mars 2016 Cette synth\u00e8se rend compte de mani\u00e8re impartiale des r\u00e9sultats du sondage et ne refl\u00e8te pas n\u00e9cessairement les prises de position de l&rsquo;association. Rappel du lien avec le sondage Les questions pos\u00e9es (pour chaque ligne) : Vous l&rsquo;utilisez ? Etes-vous d&rsquo;accord avec sa suppression ? Etes-vous d&rsquo;accord avecVOIR PLUS\" \/>\n<meta property=\"og:url\" content=\"https:\/\/autate.fr\/site\/synthese-du-sondage-sur-les-bus-au-17032016\/\" \/>\n<meta property=\"og:site_name\" content=\"AUTATE\" \/>\n<meta property=\"article:publisher\" content=\"https:\/\/www.facebook.com\/AutateToulouse\" \/>\n<meta property=\"article:published_time\" content=\"2016-03-17T22:12:40+00:00\" \/>\n<meta property=\"article:modified_time\" content=\"2016-05-10T07:07:07+00:00\" \/>\n<meta name=\"author\" content=\"pascalbarbier\" \/>\n<meta name=\"twitter:card\" content=\"summary_large_image\" \/>\n<meta name=\"twitter:creator\" content=\"@AutateToulouse\" \/>\n<meta name=\"twitter:site\" content=\"@AutateToulouse\" \/>\n<meta name=\"twitter:label1\" content=\"\u00c9crit par\" \/>\n\t<meta name=\"twitter:data1\" content=\"pascalbarbier\" \/>\n\t<meta name=\"twitter:label2\" content=\"Dur\u00e9e de lecture estim\u00e9e\" \/>\n\t<meta name=\"twitter:data2\" content=\"2 minutes\" \/>\n<script type=\"application\/ld+json\" class=\"yoast-schema-graph\">{\"@context\":\"https:\\\/\\\/schema.org\",\"@graph\":[{\"@type\":\"Article\",\"@id\":\"https:\\\/\\\/autate.fr\\\/site\\\/synthese-du-sondage-sur-les-bus-au-17032016\\\/#article\",\"isPartOf\":{\"@id\":\"https:\\\/\\\/autate.fr\\\/site\\\/synthese-du-sondage-sur-les-bus-au-17032016\\\/\"},\"author\":{\"name\":\"pascalbarbier\",\"@id\":\"https:\\\/\\\/autate.fr\\\/site\\\/#\\\/schema\\\/person\\\/ae1ab8bdaa7b41d2a9b52d2557ce8254\"},\"headline\":\"Synth\u00e8se du sondage sur les bus au 17\\\/03\\\/2016\",\"datePublished\":\"2016-03-17T22:12:40+00:00\",\"dateModified\":\"2016-05-10T07:07:07+00:00\",\"mainEntityOfPage\":{\"@id\":\"https:\\\/\\\/autate.fr\\\/site\\\/synthese-du-sondage-sur-les-bus-au-17032016\\\/\"},\"wordCount\":419,\"commentCount\":0,\"publisher\":{\"@id\":\"https:\\\/\\\/autate.fr\\\/site\\\/#organization\"},\"keywords\":[\"autobus\",\"bus\",\"fr\u00e9quence\",\"modification\",\"suppression\"],\"articleSection\":[\"Actualit\u00e9s-AUTATE\"],\"inLanguage\":\"fr-FR\",\"potentialAction\":[{\"@type\":\"CommentAction\",\"name\":\"Comment\",\"target\":[\"https:\\\/\\\/autate.fr\\\/site\\\/synthese-du-sondage-sur-les-bus-au-17032016\\\/#respond\"]}]},{\"@type\":\"WebPage\",\"@id\":\"https:\\\/\\\/autate.fr\\\/site\\\/synthese-du-sondage-sur-les-bus-au-17032016\\\/\",\"url\":\"https:\\\/\\\/autate.fr\\\/site\\\/synthese-du-sondage-sur-les-bus-au-17032016\\\/\",\"name\":\"Synth\u00e8se du sondage sur les bus au 17\\\/03\\\/2016 - AUTATE\",\"isPartOf\":{\"@id\":\"https:\\\/\\\/autate.fr\\\/site\\\/#website\"},\"datePublished\":\"2016-03-17T22:12:40+00:00\",\"dateModified\":\"2016-05-10T07:07:07+00:00\",\"breadcrumb\":{\"@id\":\"https:\\\/\\\/autate.fr\\\/site\\\/synthese-du-sondage-sur-les-bus-au-17032016\\\/#breadcrumb\"},\"inLanguage\":\"fr-FR\",\"potentialAction\":[{\"@type\":\"ReadAction\",\"target\":[\"https:\\\/\\\/autate.fr\\\/site\\\/synthese-du-sondage-sur-les-bus-au-17032016\\\/\"]}]},{\"@type\":\"BreadcrumbList\",\"@id\":\"https:\\\/\\\/autate.fr\\\/site\\\/synthese-du-sondage-sur-les-bus-au-17032016\\\/#breadcrumb\",\"itemListElement\":[{\"@type\":\"ListItem\",\"position\":1,\"name\":\"Accueil\",\"item\":\"https:\\\/\\\/autate.fr\\\/site\\\/\"},{\"@type\":\"ListItem\",\"position\":2,\"name\":\"Synth\u00e8se du sondage sur les bus au 17\\\/03\\\/2016\"}]},{\"@type\":\"WebSite\",\"@id\":\"https:\\\/\\\/autate.fr\\\/site\\\/#website\",\"url\":\"https:\\\/\\\/autate.fr\\\/site\\\/\",\"name\":\"AUTATE\",\"description\":\"Association des usagers des transports de l&#039;agglom\u00e9ration Toulousaine et de ses environs\",\"publisher\":{\"@id\":\"https:\\\/\\\/autate.fr\\\/site\\\/#organization\"},\"potentialAction\":[{\"@type\":\"SearchAction\",\"target\":{\"@type\":\"EntryPoint\",\"urlTemplate\":\"https:\\\/\\\/autate.fr\\\/site\\\/?s={search_term_string}\"},\"query-input\":{\"@type\":\"PropertyValueSpecification\",\"valueRequired\":true,\"valueName\":\"search_term_string\"}}],\"inLanguage\":\"fr-FR\"},{\"@type\":\"Organization\",\"@id\":\"https:\\\/\\\/autate.fr\\\/site\\\/#organization\",\"name\":\"AUTATE\",\"url\":\"https:\\\/\\\/autate.fr\\\/site\\\/\",\"logo\":{\"@type\":\"ImageObject\",\"inLanguage\":\"fr-FR\",\"@id\":\"https:\\\/\\\/autate.fr\\\/site\\\/#\\\/schema\\\/logo\\\/image\\\/\",\"url\":\"http:\\\/\\\/autate.fr\\\/site\\\/wp-content\\\/uploads\\\/2019\\\/01\\\/logo.png\",\"contentUrl\":\"http:\\\/\\\/autate.fr\\\/site\\\/wp-content\\\/uploads\\\/2019\\\/01\\\/logo.png\",\"width\":506,\"height\":280,\"caption\":\"AUTATE\"},\"image\":{\"@id\":\"https:\\\/\\\/autate.fr\\\/site\\\/#\\\/schema\\\/logo\\\/image\\\/\"},\"sameAs\":[\"https:\\\/\\\/www.facebook.com\\\/AutateToulouse\",\"https:\\\/\\\/x.com\\\/AutateToulouse\"]},{\"@type\":\"Person\",\"@id\":\"https:\\\/\\\/autate.fr\\\/site\\\/#\\\/schema\\\/person\\\/ae1ab8bdaa7b41d2a9b52d2557ce8254\",\"name\":\"pascalbarbier\",\"image\":{\"@type\":\"ImageObject\",\"inLanguage\":\"fr-FR\",\"@id\":\"https:\\\/\\\/secure.gravatar.com\\\/avatar\\\/03f4e8ced09894b72c67e83142540730d4b3bbf619bf46341b0074e3bf5f08a0?s=96&d=mm&r=g\",\"url\":\"https:\\\/\\\/secure.gravatar.com\\\/avatar\\\/03f4e8ced09894b72c67e83142540730d4b3bbf619bf46341b0074e3bf5f08a0?s=96&d=mm&r=g\",\"contentUrl\":\"https:\\\/\\\/secure.gravatar.com\\\/avatar\\\/03f4e8ced09894b72c67e83142540730d4b3bbf619bf46341b0074e3bf5f08a0?s=96&d=mm&r=g\",\"caption\":\"pascalbarbier\"},\"url\":\"https:\\\/\\\/autate.fr\\\/site\\\/author\\\/pascalbarbier\\\/\"}]}<\/script>\n<!-- \/ Yoast SEO plugin. -->","yoast_head_json":{"title":"Synth\u00e8se du sondage sur les bus au 17\/03\/2016 - AUTATE","robots":{"index":"index","follow":"follow","max-snippet":"max-snippet:-1","max-image-preview":"max-image-preview:large","max-video-preview":"max-video-preview:-1"},"canonical":"https:\/\/autate.fr\/site\/synthese-du-sondage-sur-les-bus-au-17032016\/","og_locale":"fr_FR","og_type":"article","og_title":"Synth\u00e8se du sondage sur les bus au 17\/03\/2016 - AUTATE","og_description":"Synth\u00e8se sondage bus au jeudi 17 mars 2016 Cette synth\u00e8se rend compte de mani\u00e8re impartiale des r\u00e9sultats du sondage et ne refl\u00e8te pas n\u00e9cessairement les prises de position de l&rsquo;association. Rappel du lien avec le sondage Les questions pos\u00e9es (pour chaque ligne) : Vous l&rsquo;utilisez ? Etes-vous d&rsquo;accord avec sa suppression ? Etes-vous d&rsquo;accord avecVOIR PLUS","og_url":"https:\/\/autate.fr\/site\/synthese-du-sondage-sur-les-bus-au-17032016\/","og_site_name":"AUTATE","article_publisher":"https:\/\/www.facebook.com\/AutateToulouse","article_published_time":"2016-03-17T22:12:40+00:00","article_modified_time":"2016-05-10T07:07:07+00:00","author":"pascalbarbier","twitter_card":"summary_large_image","twitter_creator":"@AutateToulouse","twitter_site":"@AutateToulouse","twitter_misc":{"\u00c9crit par":"pascalbarbier","Dur\u00e9e de lecture estim\u00e9e":"2 minutes"},"schema":{"@context":"https:\/\/schema.org","@graph":[{"@type":"Article","@id":"https:\/\/autate.fr\/site\/synthese-du-sondage-sur-les-bus-au-17032016\/#article","isPartOf":{"@id":"https:\/\/autate.fr\/site\/synthese-du-sondage-sur-les-bus-au-17032016\/"},"author":{"name":"pascalbarbier","@id":"https:\/\/autate.fr\/site\/#\/schema\/person\/ae1ab8bdaa7b41d2a9b52d2557ce8254"},"headline":"Synth\u00e8se du sondage sur les bus au 17\/03\/2016","datePublished":"2016-03-17T22:12:40+00:00","dateModified":"2016-05-10T07:07:07+00:00","mainEntityOfPage":{"@id":"https:\/\/autate.fr\/site\/synthese-du-sondage-sur-les-bus-au-17032016\/"},"wordCount":419,"commentCount":0,"publisher":{"@id":"https:\/\/autate.fr\/site\/#organization"},"keywords":["autobus","bus","fr\u00e9quence","modification","suppression"],"articleSection":["Actualit\u00e9s-AUTATE"],"inLanguage":"fr-FR","potentialAction":[{"@type":"CommentAction","name":"Comment","target":["https:\/\/autate.fr\/site\/synthese-du-sondage-sur-les-bus-au-17032016\/#respond"]}]},{"@type":"WebPage","@id":"https:\/\/autate.fr\/site\/synthese-du-sondage-sur-les-bus-au-17032016\/","url":"https:\/\/autate.fr\/site\/synthese-du-sondage-sur-les-bus-au-17032016\/","name":"Synth\u00e8se du sondage sur les bus au 17\/03\/2016 - AUTATE","isPartOf":{"@id":"https:\/\/autate.fr\/site\/#website"},"datePublished":"2016-03-17T22:12:40+00:00","dateModified":"2016-05-10T07:07:07+00:00","breadcrumb":{"@id":"https:\/\/autate.fr\/site\/synthese-du-sondage-sur-les-bus-au-17032016\/#breadcrumb"},"inLanguage":"fr-FR","potentialAction":[{"@type":"ReadAction","target":["https:\/\/autate.fr\/site\/synthese-du-sondage-sur-les-bus-au-17032016\/"]}]},{"@type":"BreadcrumbList","@id":"https:\/\/autate.fr\/site\/synthese-du-sondage-sur-les-bus-au-17032016\/#breadcrumb","itemListElement":[{"@type":"ListItem","position":1,"name":"Accueil","item":"https:\/\/autate.fr\/site\/"},{"@type":"ListItem","position":2,"name":"Synth\u00e8se du sondage sur les bus au 17\/03\/2016"}]},{"@type":"WebSite","@id":"https:\/\/autate.fr\/site\/#website","url":"https:\/\/autate.fr\/site\/","name":"AUTATE","description":"Association des usagers des transports de l&#039;agglom\u00e9ration Toulousaine et de ses environs","publisher":{"@id":"https:\/\/autate.fr\/site\/#organization"},"potentialAction":[{"@type":"SearchAction","target":{"@type":"EntryPoint","urlTemplate":"https:\/\/autate.fr\/site\/?s={search_term_string}"},"query-input":{"@type":"PropertyValueSpecification","valueRequired":true,"valueName":"search_term_string"}}],"inLanguage":"fr-FR"},{"@type":"Organization","@id":"https:\/\/autate.fr\/site\/#organization","name":"AUTATE","url":"https:\/\/autate.fr\/site\/","logo":{"@type":"ImageObject","inLanguage":"fr-FR","@id":"https:\/\/autate.fr\/site\/#\/schema\/logo\/image\/","url":"http:\/\/autate.fr\/site\/wp-content\/uploads\/2019\/01\/logo.png","contentUrl":"http:\/\/autate.fr\/site\/wp-content\/uploads\/2019\/01\/logo.png","width":506,"height":280,"caption":"AUTATE"},"image":{"@id":"https:\/\/autate.fr\/site\/#\/schema\/logo\/image\/"},"sameAs":["https:\/\/www.facebook.com\/AutateToulouse","https:\/\/x.com\/AutateToulouse"]},{"@type":"Person","@id":"https:\/\/autate.fr\/site\/#\/schema\/person\/ae1ab8bdaa7b41d2a9b52d2557ce8254","name":"pascalbarbier","image":{"@type":"ImageObject","inLanguage":"fr-FR","@id":"https:\/\/secure.gravatar.com\/avatar\/03f4e8ced09894b72c67e83142540730d4b3bbf619bf46341b0074e3bf5f08a0?s=96&d=mm&r=g","url":"https:\/\/secure.gravatar.com\/avatar\/03f4e8ced09894b72c67e83142540730d4b3bbf619bf46341b0074e3bf5f08a0?s=96&d=mm&r=g","contentUrl":"https:\/\/secure.gravatar.com\/avatar\/03f4e8ced09894b72c67e83142540730d4b3bbf619bf46341b0074e3bf5f08a0?s=96&d=mm&r=g","caption":"pascalbarbier"},"url":"https:\/\/autate.fr\/site\/author\/pascalbarbier\/"}]}},"_links":{"self":[{"href":"https:\/\/autate.fr\/site\/wp-json\/wp\/v2\/posts\/361","targetHints":{"allow":["GET"]}}],"collection":[{"href":"https:\/\/autate.fr\/site\/wp-json\/wp\/v2\/posts"}],"about":[{"href":"https:\/\/autate.fr\/site\/wp-json\/wp\/v2\/types\/post"}],"author":[{"embeddable":true,"href":"https:\/\/autate.fr\/site\/wp-json\/wp\/v2\/users\/1"}],"replies":[{"embeddable":true,"href":"https:\/\/autate.fr\/site\/wp-json\/wp\/v2\/comments?post=361"}],"version-history":[{"count":7,"href":"https:\/\/autate.fr\/site\/wp-json\/wp\/v2\/posts\/361\/revisions"}],"predecessor-version":[{"id":551,"href":"https:\/\/autate.fr\/site\/wp-json\/wp\/v2\/posts\/361\/revisions\/551"}],"wp:attachment":[{"href":"https:\/\/autate.fr\/site\/wp-json\/wp\/v2\/media?parent=361"}],"wp:term":[{"taxonomy":"category","embeddable":true,"href":"https:\/\/autate.fr\/site\/wp-json\/wp\/v2\/categories?post=361"},{"taxonomy":"post_tag","embeddable":true,"href":"https:\/\/autate.fr\/site\/wp-json\/wp\/v2\/tags?post=361"}],"curies":[{"name":"wp","href":"https:\/\/api.w.org\/{rel}","templated":true}]}}