{"id":36,"date":"2015-11-26T21:27:14","date_gmt":"2015-11-26T20:27:14","guid":{"rendered":"http:\/\/autate.fr\/site\/?p=36"},"modified":"2025-11-21T22:33:23","modified_gmt":"2025-11-21T21:33:23","slug":"20-minutes-toulouse-lasses-de-la-galere-des-usagers-des-transports-en-commun-creent-une-association","status":"publish","type":"post","link":"https:\/\/autate.fr\/site\/20-minutes-toulouse-lasses-de-la-galere-des-usagers-des-transports-en-commun-creent-une-association\/","title":{"rendered":"[20 minutes Toulouse] Lass\u00e9s de la gal\u00e8re, des usagers des transports en commun cr\u00e9ent une association"},"content":{"rendered":"<p><strong class=\"hat-label\">TRANSPORTS<\/strong> <span class=\"hat-summary\">Donner la parole aux usagers des transports en commun de toute l\u2019agglom\u00e9ration et servir d\u2019aiguillon. C\u2019est l\u2019objectif d\u2019une association relanc\u00e9e ce mardi\u2026 \u00a0 <\/span><\/p>\n<p class=\"author-sign\">Helene Menal\u00a0Publi\u00e9 le <time datetime=\"2015-11-24\">24.11.2015<\/time><\/p>\n<p>\u00ab\u00a0J\u2019habite \u00e0 Blagnac et je travaille \u00e0 Rangueil. En transports en commun, le trajet dure 1h15, d\u00e9taille Marie-Pierre B\u00e8s. A v\u00e9lo, que je prends le plus souvent possible, c\u2019est 35 \u00e0 40 minutes, \u00e0 peu pr\u00e8s autant qu\u2019en voiture en comptant le temps pass\u00e9 dans les bouchons\u00a0\u00bb. L\u2019universitaire est bien plac\u00e9e pour d\u00e9crire la gal\u00e8re quotidienne des habitants de l\u2019agglom\u00e9ration.\u00a0Persuad\u00e9e que \u00ab\u00a0l\u2019offre de transport n\u2019est pas la hauteur des besoins de d\u00e9placements\u00a0\u00bb, elle fait partie de ceux qui ce mardi soir vont r\u00e9activer l\u2019Association des transports de l\u2019agglom\u00e9ration toulousaine et de ses environs (Autate).<\/p>\n<p><a href=\"http:\/\/www.20minutes.fr\/toulouse\/1736791-20151124-toulouse-lasses-galere-usagers-transports-commun-creent-association\" target=\"_blank\">Lire la suite sur 20minutes.fr<\/a><\/p>\n","protected":false},"excerpt":{"rendered":"<p>TRANSPORTS Donner la parole aux usagers des transports en commun de toute l\u2019agglom\u00e9ration et servir d\u2019aiguillon. C\u2019est l\u2019objectif d\u2019une association relanc\u00e9e ce mardi\u2026 \u00a0 Helene Menal\u00a0Publi\u00e9 le 24.11.2015 \u00ab\u00a0J\u2019habite \u00e0 Blagnac et je travaille \u00e0 Rangueil. En transports en commun, le trajet dure 1h15, d\u00e9taille Marie-Pierre B\u00e8s. A v\u00e9lo, que je prends le plus souvent<\/p>\n<p class=\"more-link\"><a href=\"https:\/\/autate.fr\/site\/20-minutes-toulouse-lasses-de-la-galere-des-usagers-des-transports-en-commun-creent-une-association\/\" class=\"themebutton2\">VOIR PLUS<\/a><\/p>\n","protected":false},"author":1,"featured_media":0,"comment_status":"open","ping_status":"open","sticky":false,"template":"","format":"standard","meta":{"footnotes":""},"categories":[7],"tags":[24,25],"class_list":["post-36","post","type-post","status-publish","format-standard","hentry","category-revue-de-presse","tag-autate","tag-usager-es"],"yoast_head":"<!-- This site is optimized with the Yoast SEO plugin v27.4 - https:\/\/yoast.com\/product\/yoast-seo-wordpress\/ -->\n<title>[20 minutes Toulouse] Lass\u00e9s de la gal\u00e8re, des usagers des transports en commun cr\u00e9ent une association - AUTATE<\/title>\n<meta name=\"robots\" content=\"index, follow, max-snippet:-1, max-image-preview:large, max-video-preview:-1\" \/>\n<link rel=\"canonical\" href=\"https:\/\/autate.fr\/site\/20-minutes-toulouse-lasses-de-la-galere-des-usagers-des-transports-en-commun-creent-une-association\/\" \/>\n<meta property=\"og:locale\" content=\"fr_FR\" \/>\n<meta property=\"og:type\" content=\"article\" \/>\n<meta property=\"og:title\" content=\"[20 minutes Toulouse] Lass\u00e9s de la gal\u00e8re, des usagers des transports en commun cr\u00e9ent une association - AUTATE\" \/>\n<meta property=\"og:description\" content=\"TRANSPORTS Donner la parole aux usagers des transports en commun de toute l\u2019agglom\u00e9ration et servir d\u2019aiguillon. C\u2019est l\u2019objectif d\u2019une association relanc\u00e9e ce mardi\u2026 \u00a0 Helene Menal\u00a0Publi\u00e9 le 24.11.2015 \u00ab\u00a0J\u2019habite \u00e0 Blagnac et je travaille \u00e0 Rangueil. En transports en commun, le trajet dure 1h15, d\u00e9taille Marie-Pierre B\u00e8s. A v\u00e9lo, que je prends le plus souventVOIR PLUS\" \/>\n<meta property=\"og:url\" content=\"https:\/\/autate.fr\/site\/20-minutes-toulouse-lasses-de-la-galere-des-usagers-des-transports-en-commun-creent-une-association\/\" \/>\n<meta property=\"og:site_name\" content=\"AUTATE\" \/>\n<meta property=\"article:publisher\" content=\"https:\/\/www.facebook.com\/AutateToulouse\" \/>\n<meta property=\"article:published_time\" content=\"2015-11-26T20:27:14+00:00\" \/>\n<meta property=\"article:modified_time\" content=\"2025-11-21T21:33:23+00:00\" \/>\n<meta name=\"author\" content=\"pascalbarbier\" \/>\n<meta name=\"twitter:card\" content=\"summary_large_image\" \/>\n<meta name=\"twitter:creator\" content=\"@AutateToulouse\" \/>\n<meta name=\"twitter:site\" content=\"@AutateToulouse\" \/>\n<meta name=\"twitter:label1\" content=\"\u00c9crit par\" \/>\n\t<meta name=\"twitter:data1\" content=\"pascalbarbier\" \/>\n\t<meta name=\"twitter:label2\" content=\"Dur\u00e9e de lecture estim\u00e9e\" \/>\n\t<meta name=\"twitter:data2\" content=\"1 minute\" \/>\n<script type=\"application\/ld+json\" class=\"yoast-schema-graph\">{\"@context\":\"https:\\\/\\\/schema.org\",\"@graph\":[{\"@type\":\"Article\",\"@id\":\"https:\\\/\\\/autate.fr\\\/site\\\/20-minutes-toulouse-lasses-de-la-galere-des-usagers-des-transports-en-commun-creent-une-association\\\/#article\",\"isPartOf\":{\"@id\":\"https:\\\/\\\/autate.fr\\\/site\\\/20-minutes-toulouse-lasses-de-la-galere-des-usagers-des-transports-en-commun-creent-une-association\\\/\"},\"author\":{\"name\":\"pascalbarbier\",\"@id\":\"https:\\\/\\\/autate.fr\\\/site\\\/#\\\/schema\\\/person\\\/ae1ab8bdaa7b41d2a9b52d2557ce8254\"},\"headline\":\"[20 minutes Toulouse] Lass\u00e9s de la gal\u00e8re, des usagers des transports en commun cr\u00e9ent une association\",\"datePublished\":\"2015-11-26T20:27:14+00:00\",\"dateModified\":\"2025-11-21T21:33:23+00:00\",\"mainEntityOfPage\":{\"@id\":\"https:\\\/\\\/autate.fr\\\/site\\\/20-minutes-toulouse-lasses-de-la-galere-des-usagers-des-transports-en-commun-creent-une-association\\\/\"},\"wordCount\":168,\"commentCount\":1,\"publisher\":{\"@id\":\"https:\\\/\\\/autate.fr\\\/site\\\/#organization\"},\"keywords\":[\"AUTATE\",\"usager-es\"],\"articleSection\":[\"Revue de presse\"],\"inLanguage\":\"fr-FR\",\"potentialAction\":[{\"@type\":\"CommentAction\",\"name\":\"Comment\",\"target\":[\"https:\\\/\\\/autate.fr\\\/site\\\/20-minutes-toulouse-lasses-de-la-galere-des-usagers-des-transports-en-commun-creent-une-association\\\/#respond\"]}]},{\"@type\":\"WebPage\",\"@id\":\"https:\\\/\\\/autate.fr\\\/site\\\/20-minutes-toulouse-lasses-de-la-galere-des-usagers-des-transports-en-commun-creent-une-association\\\/\",\"url\":\"https:\\\/\\\/autate.fr\\\/site\\\/20-minutes-toulouse-lasses-de-la-galere-des-usagers-des-transports-en-commun-creent-une-association\\\/\",\"name\":\"[20 minutes Toulouse] Lass\u00e9s de la gal\u00e8re, des usagers des transports en commun cr\u00e9ent une association - AUTATE\",\"isPartOf\":{\"@id\":\"https:\\\/\\\/autate.fr\\\/site\\\/#website\"},\"datePublished\":\"2015-11-26T20:27:14+00:00\",\"dateModified\":\"2025-11-21T21:33:23+00:00\",\"breadcrumb\":{\"@id\":\"https:\\\/\\\/autate.fr\\\/site\\\/20-minutes-toulouse-lasses-de-la-galere-des-usagers-des-transports-en-commun-creent-une-association\\\/#breadcrumb\"},\"inLanguage\":\"fr-FR\",\"potentialAction\":[{\"@type\":\"ReadAction\",\"target\":[\"https:\\\/\\\/autate.fr\\\/site\\\/20-minutes-toulouse-lasses-de-la-galere-des-usagers-des-transports-en-commun-creent-une-association\\\/\"]}]},{\"@type\":\"BreadcrumbList\",\"@id\":\"https:\\\/\\\/autate.fr\\\/site\\\/20-minutes-toulouse-lasses-de-la-galere-des-usagers-des-transports-en-commun-creent-une-association\\\/#breadcrumb\",\"itemListElement\":[{\"@type\":\"ListItem\",\"position\":1,\"name\":\"Accueil\",\"item\":\"https:\\\/\\\/autate.fr\\\/site\\\/\"},{\"@type\":\"ListItem\",\"position\":2,\"name\":\"[20 minutes Toulouse] Lass\u00e9s de la gal\u00e8re, des usagers des transports en commun cr\u00e9ent une association\"}]},{\"@type\":\"WebSite\",\"@id\":\"https:\\\/\\\/autate.fr\\\/site\\\/#website\",\"url\":\"https:\\\/\\\/autate.fr\\\/site\\\/\",\"name\":\"AUTATE\",\"description\":\"Association des usagers des transports de l&#039;agglom\u00e9ration Toulousaine et de ses environs\",\"publisher\":{\"@id\":\"https:\\\/\\\/autate.fr\\\/site\\\/#organization\"},\"potentialAction\":[{\"@type\":\"SearchAction\",\"target\":{\"@type\":\"EntryPoint\",\"urlTemplate\":\"https:\\\/\\\/autate.fr\\\/site\\\/?s={search_term_string}\"},\"query-input\":{\"@type\":\"PropertyValueSpecification\",\"valueRequired\":true,\"valueName\":\"search_term_string\"}}],\"inLanguage\":\"fr-FR\"},{\"@type\":\"Organization\",\"@id\":\"https:\\\/\\\/autate.fr\\\/site\\\/#organization\",\"name\":\"AUTATE\",\"url\":\"https:\\\/\\\/autate.fr\\\/site\\\/\",\"logo\":{\"@type\":\"ImageObject\",\"inLanguage\":\"fr-FR\",\"@id\":\"https:\\\/\\\/autate.fr\\\/site\\\/#\\\/schema\\\/logo\\\/image\\\/\",\"url\":\"http:\\\/\\\/autate.fr\\\/site\\\/wp-content\\\/uploads\\\/2019\\\/01\\\/logo.png\",\"contentUrl\":\"http:\\\/\\\/autate.fr\\\/site\\\/wp-content\\\/uploads\\\/2019\\\/01\\\/logo.png\",\"width\":506,\"height\":280,\"caption\":\"AUTATE\"},\"image\":{\"@id\":\"https:\\\/\\\/autate.fr\\\/site\\\/#\\\/schema\\\/logo\\\/image\\\/\"},\"sameAs\":[\"https:\\\/\\\/www.facebook.com\\\/AutateToulouse\",\"https:\\\/\\\/x.com\\\/AutateToulouse\"]},{\"@type\":\"Person\",\"@id\":\"https:\\\/\\\/autate.fr\\\/site\\\/#\\\/schema\\\/person\\\/ae1ab8bdaa7b41d2a9b52d2557ce8254\",\"name\":\"pascalbarbier\",\"image\":{\"@type\":\"ImageObject\",\"inLanguage\":\"fr-FR\",\"@id\":\"https:\\\/\\\/secure.gravatar.com\\\/avatar\\\/03f4e8ced09894b72c67e83142540730d4b3bbf619bf46341b0074e3bf5f08a0?s=96&d=mm&r=g\",\"url\":\"https:\\\/\\\/secure.gravatar.com\\\/avatar\\\/03f4e8ced09894b72c67e83142540730d4b3bbf619bf46341b0074e3bf5f08a0?s=96&d=mm&r=g\",\"contentUrl\":\"https:\\\/\\\/secure.gravatar.com\\\/avatar\\\/03f4e8ced09894b72c67e83142540730d4b3bbf619bf46341b0074e3bf5f08a0?s=96&d=mm&r=g\",\"caption\":\"pascalbarbier\"},\"url\":\"https:\\\/\\\/autate.fr\\\/site\\\/author\\\/pascalbarbier\\\/\"}]}<\/script>\n<!-- \/ Yoast SEO plugin. -->","yoast_head_json":{"title":"[20 minutes Toulouse] Lass\u00e9s de la gal\u00e8re, des usagers des transports en commun cr\u00e9ent une association - AUTATE","robots":{"index":"index","follow":"follow","max-snippet":"max-snippet:-1","max-image-preview":"max-image-preview:large","max-video-preview":"max-video-preview:-1"},"canonical":"https:\/\/autate.fr\/site\/20-minutes-toulouse-lasses-de-la-galere-des-usagers-des-transports-en-commun-creent-une-association\/","og_locale":"fr_FR","og_type":"article","og_title":"[20 minutes Toulouse] Lass\u00e9s de la gal\u00e8re, des usagers des transports en commun cr\u00e9ent une association - AUTATE","og_description":"TRANSPORTS Donner la parole aux usagers des transports en commun de toute l\u2019agglom\u00e9ration et servir d\u2019aiguillon. C\u2019est l\u2019objectif d\u2019une association relanc\u00e9e ce mardi\u2026 \u00a0 Helene Menal\u00a0Publi\u00e9 le 24.11.2015 \u00ab\u00a0J\u2019habite \u00e0 Blagnac et je travaille \u00e0 Rangueil. En transports en commun, le trajet dure 1h15, d\u00e9taille Marie-Pierre B\u00e8s. A v\u00e9lo, que je prends le plus souventVOIR PLUS","og_url":"https:\/\/autate.fr\/site\/20-minutes-toulouse-lasses-de-la-galere-des-usagers-des-transports-en-commun-creent-une-association\/","og_site_name":"AUTATE","article_publisher":"https:\/\/www.facebook.com\/AutateToulouse","article_published_time":"2015-11-26T20:27:14+00:00","article_modified_time":"2025-11-21T21:33:23+00:00","author":"pascalbarbier","twitter_card":"summary_large_image","twitter_creator":"@AutateToulouse","twitter_site":"@AutateToulouse","twitter_misc":{"\u00c9crit par":"pascalbarbier","Dur\u00e9e de lecture estim\u00e9e":"1 minute"},"schema":{"@context":"https:\/\/schema.org","@graph":[{"@type":"Article","@id":"https:\/\/autate.fr\/site\/20-minutes-toulouse-lasses-de-la-galere-des-usagers-des-transports-en-commun-creent-une-association\/#article","isPartOf":{"@id":"https:\/\/autate.fr\/site\/20-minutes-toulouse-lasses-de-la-galere-des-usagers-des-transports-en-commun-creent-une-association\/"},"author":{"name":"pascalbarbier","@id":"https:\/\/autate.fr\/site\/#\/schema\/person\/ae1ab8bdaa7b41d2a9b52d2557ce8254"},"headline":"[20 minutes Toulouse] Lass\u00e9s de la gal\u00e8re, des usagers des transports en commun cr\u00e9ent une association","datePublished":"2015-11-26T20:27:14+00:00","dateModified":"2025-11-21T21:33:23+00:00","mainEntityOfPage":{"@id":"https:\/\/autate.fr\/site\/20-minutes-toulouse-lasses-de-la-galere-des-usagers-des-transports-en-commun-creent-une-association\/"},"wordCount":168,"commentCount":1,"publisher":{"@id":"https:\/\/autate.fr\/site\/#organization"},"keywords":["AUTATE","usager-es"],"articleSection":["Revue de presse"],"inLanguage":"fr-FR","potentialAction":[{"@type":"CommentAction","name":"Comment","target":["https:\/\/autate.fr\/site\/20-minutes-toulouse-lasses-de-la-galere-des-usagers-des-transports-en-commun-creent-une-association\/#respond"]}]},{"@type":"WebPage","@id":"https:\/\/autate.fr\/site\/20-minutes-toulouse-lasses-de-la-galere-des-usagers-des-transports-en-commun-creent-une-association\/","url":"https:\/\/autate.fr\/site\/20-minutes-toulouse-lasses-de-la-galere-des-usagers-des-transports-en-commun-creent-une-association\/","name":"[20 minutes Toulouse] Lass\u00e9s de la gal\u00e8re, des usagers des transports en commun cr\u00e9ent une association - AUTATE","isPartOf":{"@id":"https:\/\/autate.fr\/site\/#website"},"datePublished":"2015-11-26T20:27:14+00:00","dateModified":"2025-11-21T21:33:23+00:00","breadcrumb":{"@id":"https:\/\/autate.fr\/site\/20-minutes-toulouse-lasses-de-la-galere-des-usagers-des-transports-en-commun-creent-une-association\/#breadcrumb"},"inLanguage":"fr-FR","potentialAction":[{"@type":"ReadAction","target":["https:\/\/autate.fr\/site\/20-minutes-toulouse-lasses-de-la-galere-des-usagers-des-transports-en-commun-creent-une-association\/"]}]},{"@type":"BreadcrumbList","@id":"https:\/\/autate.fr\/site\/20-minutes-toulouse-lasses-de-la-galere-des-usagers-des-transports-en-commun-creent-une-association\/#breadcrumb","itemListElement":[{"@type":"ListItem","position":1,"name":"Accueil","item":"https:\/\/autate.fr\/site\/"},{"@type":"ListItem","position":2,"name":"[20 minutes Toulouse] Lass\u00e9s de la gal\u00e8re, des usagers des transports en commun cr\u00e9ent une association"}]},{"@type":"WebSite","@id":"https:\/\/autate.fr\/site\/#website","url":"https:\/\/autate.fr\/site\/","name":"AUTATE","description":"Association des usagers des transports de l&#039;agglom\u00e9ration Toulousaine et de ses environs","publisher":{"@id":"https:\/\/autate.fr\/site\/#organization"},"potentialAction":[{"@type":"SearchAction","target":{"@type":"EntryPoint","urlTemplate":"https:\/\/autate.fr\/site\/?s={search_term_string}"},"query-input":{"@type":"PropertyValueSpecification","valueRequired":true,"valueName":"search_term_string"}}],"inLanguage":"fr-FR"},{"@type":"Organization","@id":"https:\/\/autate.fr\/site\/#organization","name":"AUTATE","url":"https:\/\/autate.fr\/site\/","logo":{"@type":"ImageObject","inLanguage":"fr-FR","@id":"https:\/\/autate.fr\/site\/#\/schema\/logo\/image\/","url":"http:\/\/autate.fr\/site\/wp-content\/uploads\/2019\/01\/logo.png","contentUrl":"http:\/\/autate.fr\/site\/wp-content\/uploads\/2019\/01\/logo.png","width":506,"height":280,"caption":"AUTATE"},"image":{"@id":"https:\/\/autate.fr\/site\/#\/schema\/logo\/image\/"},"sameAs":["https:\/\/www.facebook.com\/AutateToulouse","https:\/\/x.com\/AutateToulouse"]},{"@type":"Person","@id":"https:\/\/autate.fr\/site\/#\/schema\/person\/ae1ab8bdaa7b41d2a9b52d2557ce8254","name":"pascalbarbier","image":{"@type":"ImageObject","inLanguage":"fr-FR","@id":"https:\/\/secure.gravatar.com\/avatar\/03f4e8ced09894b72c67e83142540730d4b3bbf619bf46341b0074e3bf5f08a0?s=96&d=mm&r=g","url":"https:\/\/secure.gravatar.com\/avatar\/03f4e8ced09894b72c67e83142540730d4b3bbf619bf46341b0074e3bf5f08a0?s=96&d=mm&r=g","contentUrl":"https:\/\/secure.gravatar.com\/avatar\/03f4e8ced09894b72c67e83142540730d4b3bbf619bf46341b0074e3bf5f08a0?s=96&d=mm&r=g","caption":"pascalbarbier"},"url":"https:\/\/autate.fr\/site\/author\/pascalbarbier\/"}]}},"_links":{"self":[{"href":"https:\/\/autate.fr\/site\/wp-json\/wp\/v2\/posts\/36","targetHints":{"allow":["GET"]}}],"collection":[{"href":"https:\/\/autate.fr\/site\/wp-json\/wp\/v2\/posts"}],"about":[{"href":"https:\/\/autate.fr\/site\/wp-json\/wp\/v2\/types\/post"}],"author":[{"embeddable":true,"href":"https:\/\/autate.fr\/site\/wp-json\/wp\/v2\/users\/1"}],"replies":[{"embeddable":true,"href":"https:\/\/autate.fr\/site\/wp-json\/wp\/v2\/comments?post=36"}],"version-history":[{"count":5,"href":"https:\/\/autate.fr\/site\/wp-json\/wp\/v2\/posts\/36\/revisions"}],"predecessor-version":[{"id":129,"href":"https:\/\/autate.fr\/site\/wp-json\/wp\/v2\/posts\/36\/revisions\/129"}],"wp:attachment":[{"href":"https:\/\/autate.fr\/site\/wp-json\/wp\/v2\/media?parent=36"}],"wp:term":[{"taxonomy":"category","embeddable":true,"href":"https:\/\/autate.fr\/site\/wp-json\/wp\/v2\/categories?post=36"},{"taxonomy":"post_tag","embeddable":true,"href":"https:\/\/autate.fr\/site\/wp-json\/wp\/v2\/tags?post=36"}],"curies":[{"name":"wp","href":"https:\/\/api.w.org\/{rel}","templated":true}]}}