{"id":3580,"date":"2019-09-23T12:20:18","date_gmt":"2019-09-23T10:20:18","guid":{"rendered":"https:\/\/autate.fr\/site\/?p=3580"},"modified":"2025-11-11T17:42:37","modified_gmt":"2025-11-11T16:42:37","slug":"le-train-a-montastruc-la-conseillere","status":"publish","type":"post","link":"https:\/\/autate.fr\/site\/le-train-a-montastruc-la-conseillere\/","title":{"rendered":"Le train \u00e0 Montastruc-la-Conseill\u00e8re"},"content":{"rendered":"\n<p>Bonjour,<\/p>\n<p>Je suis utilisateur du train depuis 6 ans pour me rendre au travail et<br \/>je prends l&rsquo;abonnement mensuel.<br \/>En raison d&rsquo;horaires d\u00e9cal\u00e9s, je prends habituellement le train de<br \/>9h55 en gare de Montastruc la Conseill\u00e8re pour une arriv\u00e9e \u00e0 10h11 \u00e0<br \/>Toulouse.<\/p>\n<p>Mais celui-ci \u00e9tait souvent annul\u00e9 avant les vacances scolaires, et<br \/>depuis la rentr\u00e9e, il est annul\u00e9 pratiquement syst\u00e9matiquement. La<br \/>SNCF nous propose un train de remplacement peu satisfaisant de 56<br \/>minutes : d\u00e9part 9h35 arriv\u00e9e 10h31 dont 25 minutes d&rsquo;attente \u00e0 Saint<br \/>Sulpice.<\/p>\n<p>En effet la SNCF nous propose de monter direction Albi pour prendre \u00e0<br \/>la gare suivante le train pour Toulouse, tandis qu&rsquo;un train passe en<br \/>gare de Montastruc \u00e0 9h50 sans marquer d&rsquo;arr\u00eat.<\/p>\n<p>Sinon, le train pr\u00e9c\u00e9dent part \u00e0 8h51.<\/p>\n<p>Pour ma part je refuse de prendre le train une heure par jour pour me<br \/>rendre au travail et arriver en retard, ou prendre le train une heure<br \/>avant.<br \/>Je me d\u00e9place donc en voiture \u00e0 contre c\u0153ur.<\/p>\n<p>J&rsquo;ai pris contact avec le service t\u00e9l\u00e9phonique 0800 313 313, ils m&rsquo;ont<br \/>renvoy\u00e9 vers un formulaire en ligne qui semble inutile.<\/p>\n<p>que puis-je faire dans cette situation ?<\/p>\n<p>bien cordialement<\/p>\n<p>Fran\u00e7ois<\/p>\n","protected":false},"excerpt":{"rendered":"<p>Bonjour, Je suis utilisateur du train depuis 6 ans pour me rendre au travail etje prends l&rsquo;abonnement mensuel.En raison d&rsquo;horaires d\u00e9cal\u00e9s, je prends habituellement le train de9h55 en gare de Montastruc la Conseill\u00e8re pour une arriv\u00e9e \u00e0 10h11 \u00e0Toulouse. Mais celui-ci \u00e9tait souvent annul\u00e9 avant les vacances scolaires, etdepuis la rentr\u00e9e, il est annul\u00e9 pratiquement<\/p>\n<p class=\"more-link\"><a href=\"https:\/\/autate.fr\/site\/le-train-a-montastruc-la-conseillere\/\" class=\"themebutton2\">VOIR PLUS<\/a><\/p>\n","protected":false},"author":9,"featured_media":0,"comment_status":"open","ping_status":"open","sticky":false,"template":"","format":"standard","meta":{"footnotes":""},"categories":[508,336],"tags":[],"class_list":["post-3580","post","type-post","status-publish","format-standard","hentry","category-gares","category-temoignages"],"yoast_head":"<!-- This site is optimized with the Yoast SEO plugin v27.4 - https:\/\/yoast.com\/product\/yoast-seo-wordpress\/ -->\n<title>Le train \u00e0 Montastruc-la-Conseill\u00e8re - AUTATE<\/title>\n<meta name=\"robots\" content=\"index, follow, max-snippet:-1, max-image-preview:large, max-video-preview:-1\" \/>\n<link rel=\"canonical\" href=\"https:\/\/autate.fr\/site\/le-train-a-montastruc-la-conseillere\/\" \/>\n<meta property=\"og:locale\" content=\"fr_FR\" \/>\n<meta property=\"og:type\" content=\"article\" \/>\n<meta property=\"og:title\" content=\"Le train \u00e0 Montastruc-la-Conseill\u00e8re - AUTATE\" \/>\n<meta property=\"og:description\" content=\"Bonjour, Je suis utilisateur du train depuis 6 ans pour me rendre au travail etje prends l&rsquo;abonnement mensuel.En raison d&rsquo;horaires d\u00e9cal\u00e9s, je prends habituellement le train de9h55 en gare de Montastruc la Conseill\u00e8re pour une arriv\u00e9e \u00e0 10h11 \u00e0Toulouse. Mais celui-ci \u00e9tait souvent annul\u00e9 avant les vacances scolaires, etdepuis la rentr\u00e9e, il est annul\u00e9 pratiquementVOIR PLUS\" \/>\n<meta property=\"og:url\" content=\"https:\/\/autate.fr\/site\/le-train-a-montastruc-la-conseillere\/\" \/>\n<meta property=\"og:site_name\" content=\"AUTATE\" \/>\n<meta property=\"article:publisher\" content=\"https:\/\/www.facebook.com\/AutateToulouse\" \/>\n<meta property=\"article:published_time\" content=\"2019-09-23T10:20:18+00:00\" \/>\n<meta property=\"article:modified_time\" content=\"2025-11-11T16:42:37+00:00\" \/>\n<meta name=\"author\" content=\"Marie-Pierre Bes\" \/>\n<meta name=\"twitter:card\" content=\"summary_large_image\" \/>\n<meta name=\"twitter:creator\" content=\"@AutateToulouse\" \/>\n<meta name=\"twitter:site\" content=\"@AutateToulouse\" \/>\n<meta name=\"twitter:label1\" content=\"\u00c9crit par\" \/>\n\t<meta name=\"twitter:data1\" content=\"Marie-Pierre Bes\" \/>\n\t<meta name=\"twitter:label2\" content=\"Dur\u00e9e de lecture estim\u00e9e\" \/>\n\t<meta name=\"twitter:data2\" content=\"1 minute\" \/>\n<script type=\"application\/ld+json\" class=\"yoast-schema-graph\">{\"@context\":\"https:\\\/\\\/schema.org\",\"@graph\":[{\"@type\":\"Article\",\"@id\":\"https:\\\/\\\/autate.fr\\\/site\\\/le-train-a-montastruc-la-conseillere\\\/#article\",\"isPartOf\":{\"@id\":\"https:\\\/\\\/autate.fr\\\/site\\\/le-train-a-montastruc-la-conseillere\\\/\"},\"author\":{\"name\":\"Marie-Pierre Bes\",\"@id\":\"https:\\\/\\\/autate.fr\\\/site\\\/#\\\/schema\\\/person\\\/ca1ac9182f29f02489db16f08b0834ff\"},\"headline\":\"Le train \u00e0 Montastruc-la-Conseill\u00e8re\",\"datePublished\":\"2019-09-23T10:20:18+00:00\",\"dateModified\":\"2025-11-11T16:42:37+00:00\",\"mainEntityOfPage\":{\"@id\":\"https:\\\/\\\/autate.fr\\\/site\\\/le-train-a-montastruc-la-conseillere\\\/\"},\"wordCount\":192,\"commentCount\":0,\"publisher\":{\"@id\":\"https:\\\/\\\/autate.fr\\\/site\\\/#organization\"},\"articleSection\":[\"Gares-SERM\",\"T\u00e9moignages\"],\"inLanguage\":\"fr-FR\",\"potentialAction\":[{\"@type\":\"CommentAction\",\"name\":\"Comment\",\"target\":[\"https:\\\/\\\/autate.fr\\\/site\\\/le-train-a-montastruc-la-conseillere\\\/#respond\"]}]},{\"@type\":\"WebPage\",\"@id\":\"https:\\\/\\\/autate.fr\\\/site\\\/le-train-a-montastruc-la-conseillere\\\/\",\"url\":\"https:\\\/\\\/autate.fr\\\/site\\\/le-train-a-montastruc-la-conseillere\\\/\",\"name\":\"Le train \u00e0 Montastruc-la-Conseill\u00e8re - AUTATE\",\"isPartOf\":{\"@id\":\"https:\\\/\\\/autate.fr\\\/site\\\/#website\"},\"datePublished\":\"2019-09-23T10:20:18+00:00\",\"dateModified\":\"2025-11-11T16:42:37+00:00\",\"breadcrumb\":{\"@id\":\"https:\\\/\\\/autate.fr\\\/site\\\/le-train-a-montastruc-la-conseillere\\\/#breadcrumb\"},\"inLanguage\":\"fr-FR\",\"potentialAction\":[{\"@type\":\"ReadAction\",\"target\":[\"https:\\\/\\\/autate.fr\\\/site\\\/le-train-a-montastruc-la-conseillere\\\/\"]}]},{\"@type\":\"BreadcrumbList\",\"@id\":\"https:\\\/\\\/autate.fr\\\/site\\\/le-train-a-montastruc-la-conseillere\\\/#breadcrumb\",\"itemListElement\":[{\"@type\":\"ListItem\",\"position\":1,\"name\":\"Accueil\",\"item\":\"https:\\\/\\\/autate.fr\\\/site\\\/\"},{\"@type\":\"ListItem\",\"position\":2,\"name\":\"Le train \u00e0 Montastruc-la-Conseill\u00e8re\"}]},{\"@type\":\"WebSite\",\"@id\":\"https:\\\/\\\/autate.fr\\\/site\\\/#website\",\"url\":\"https:\\\/\\\/autate.fr\\\/site\\\/\",\"name\":\"AUTATE\",\"description\":\"Association des usagers des transports de l&#039;agglom\u00e9ration Toulousaine et de ses environs\",\"publisher\":{\"@id\":\"https:\\\/\\\/autate.fr\\\/site\\\/#organization\"},\"potentialAction\":[{\"@type\":\"SearchAction\",\"target\":{\"@type\":\"EntryPoint\",\"urlTemplate\":\"https:\\\/\\\/autate.fr\\\/site\\\/?s={search_term_string}\"},\"query-input\":{\"@type\":\"PropertyValueSpecification\",\"valueRequired\":true,\"valueName\":\"search_term_string\"}}],\"inLanguage\":\"fr-FR\"},{\"@type\":\"Organization\",\"@id\":\"https:\\\/\\\/autate.fr\\\/site\\\/#organization\",\"name\":\"AUTATE\",\"url\":\"https:\\\/\\\/autate.fr\\\/site\\\/\",\"logo\":{\"@type\":\"ImageObject\",\"inLanguage\":\"fr-FR\",\"@id\":\"https:\\\/\\\/autate.fr\\\/site\\\/#\\\/schema\\\/logo\\\/image\\\/\",\"url\":\"http:\\\/\\\/autate.fr\\\/site\\\/wp-content\\\/uploads\\\/2019\\\/01\\\/logo.png\",\"contentUrl\":\"http:\\\/\\\/autate.fr\\\/site\\\/wp-content\\\/uploads\\\/2019\\\/01\\\/logo.png\",\"width\":506,\"height\":280,\"caption\":\"AUTATE\"},\"image\":{\"@id\":\"https:\\\/\\\/autate.fr\\\/site\\\/#\\\/schema\\\/logo\\\/image\\\/\"},\"sameAs\":[\"https:\\\/\\\/www.facebook.com\\\/AutateToulouse\",\"https:\\\/\\\/x.com\\\/AutateToulouse\"]},{\"@type\":\"Person\",\"@id\":\"https:\\\/\\\/autate.fr\\\/site\\\/#\\\/schema\\\/person\\\/ca1ac9182f29f02489db16f08b0834ff\",\"name\":\"Marie-Pierre Bes\",\"image\":{\"@type\":\"ImageObject\",\"inLanguage\":\"fr-FR\",\"@id\":\"https:\\\/\\\/secure.gravatar.com\\\/avatar\\\/08aa632b25ee7197789b8ec59d6cbcab7d9fc182fc393ccb7ac607ba55766261?s=96&d=mm&r=g\",\"url\":\"https:\\\/\\\/secure.gravatar.com\\\/avatar\\\/08aa632b25ee7197789b8ec59d6cbcab7d9fc182fc393ccb7ac607ba55766261?s=96&d=mm&r=g\",\"contentUrl\":\"https:\\\/\\\/secure.gravatar.com\\\/avatar\\\/08aa632b25ee7197789b8ec59d6cbcab7d9fc182fc393ccb7ac607ba55766261?s=96&d=mm&r=g\",\"caption\":\"Marie-Pierre Bes\"},\"url\":\"https:\\\/\\\/autate.fr\\\/site\\\/author\\\/mariepierre\\\/\"}]}<\/script>\n<!-- \/ Yoast SEO plugin. -->","yoast_head_json":{"title":"Le train \u00e0 Montastruc-la-Conseill\u00e8re - AUTATE","robots":{"index":"index","follow":"follow","max-snippet":"max-snippet:-1","max-image-preview":"max-image-preview:large","max-video-preview":"max-video-preview:-1"},"canonical":"https:\/\/autate.fr\/site\/le-train-a-montastruc-la-conseillere\/","og_locale":"fr_FR","og_type":"article","og_title":"Le train \u00e0 Montastruc-la-Conseill\u00e8re - AUTATE","og_description":"Bonjour, Je suis utilisateur du train depuis 6 ans pour me rendre au travail etje prends l&rsquo;abonnement mensuel.En raison d&rsquo;horaires d\u00e9cal\u00e9s, je prends habituellement le train de9h55 en gare de Montastruc la Conseill\u00e8re pour une arriv\u00e9e \u00e0 10h11 \u00e0Toulouse. Mais celui-ci \u00e9tait souvent annul\u00e9 avant les vacances scolaires, etdepuis la rentr\u00e9e, il est annul\u00e9 pratiquementVOIR PLUS","og_url":"https:\/\/autate.fr\/site\/le-train-a-montastruc-la-conseillere\/","og_site_name":"AUTATE","article_publisher":"https:\/\/www.facebook.com\/AutateToulouse","article_published_time":"2019-09-23T10:20:18+00:00","article_modified_time":"2025-11-11T16:42:37+00:00","author":"Marie-Pierre Bes","twitter_card":"summary_large_image","twitter_creator":"@AutateToulouse","twitter_site":"@AutateToulouse","twitter_misc":{"\u00c9crit par":"Marie-Pierre Bes","Dur\u00e9e de lecture estim\u00e9e":"1 minute"},"schema":{"@context":"https:\/\/schema.org","@graph":[{"@type":"Article","@id":"https:\/\/autate.fr\/site\/le-train-a-montastruc-la-conseillere\/#article","isPartOf":{"@id":"https:\/\/autate.fr\/site\/le-train-a-montastruc-la-conseillere\/"},"author":{"name":"Marie-Pierre Bes","@id":"https:\/\/autate.fr\/site\/#\/schema\/person\/ca1ac9182f29f02489db16f08b0834ff"},"headline":"Le train \u00e0 Montastruc-la-Conseill\u00e8re","datePublished":"2019-09-23T10:20:18+00:00","dateModified":"2025-11-11T16:42:37+00:00","mainEntityOfPage":{"@id":"https:\/\/autate.fr\/site\/le-train-a-montastruc-la-conseillere\/"},"wordCount":192,"commentCount":0,"publisher":{"@id":"https:\/\/autate.fr\/site\/#organization"},"articleSection":["Gares-SERM","T\u00e9moignages"],"inLanguage":"fr-FR","potentialAction":[{"@type":"CommentAction","name":"Comment","target":["https:\/\/autate.fr\/site\/le-train-a-montastruc-la-conseillere\/#respond"]}]},{"@type":"WebPage","@id":"https:\/\/autate.fr\/site\/le-train-a-montastruc-la-conseillere\/","url":"https:\/\/autate.fr\/site\/le-train-a-montastruc-la-conseillere\/","name":"Le train \u00e0 Montastruc-la-Conseill\u00e8re - AUTATE","isPartOf":{"@id":"https:\/\/autate.fr\/site\/#website"},"datePublished":"2019-09-23T10:20:18+00:00","dateModified":"2025-11-11T16:42:37+00:00","breadcrumb":{"@id":"https:\/\/autate.fr\/site\/le-train-a-montastruc-la-conseillere\/#breadcrumb"},"inLanguage":"fr-FR","potentialAction":[{"@type":"ReadAction","target":["https:\/\/autate.fr\/site\/le-train-a-montastruc-la-conseillere\/"]}]},{"@type":"BreadcrumbList","@id":"https:\/\/autate.fr\/site\/le-train-a-montastruc-la-conseillere\/#breadcrumb","itemListElement":[{"@type":"ListItem","position":1,"name":"Accueil","item":"https:\/\/autate.fr\/site\/"},{"@type":"ListItem","position":2,"name":"Le train \u00e0 Montastruc-la-Conseill\u00e8re"}]},{"@type":"WebSite","@id":"https:\/\/autate.fr\/site\/#website","url":"https:\/\/autate.fr\/site\/","name":"AUTATE","description":"Association des usagers des transports de l&#039;agglom\u00e9ration Toulousaine et de ses environs","publisher":{"@id":"https:\/\/autate.fr\/site\/#organization"},"potentialAction":[{"@type":"SearchAction","target":{"@type":"EntryPoint","urlTemplate":"https:\/\/autate.fr\/site\/?s={search_term_string}"},"query-input":{"@type":"PropertyValueSpecification","valueRequired":true,"valueName":"search_term_string"}}],"inLanguage":"fr-FR"},{"@type":"Organization","@id":"https:\/\/autate.fr\/site\/#organization","name":"AUTATE","url":"https:\/\/autate.fr\/site\/","logo":{"@type":"ImageObject","inLanguage":"fr-FR","@id":"https:\/\/autate.fr\/site\/#\/schema\/logo\/image\/","url":"http:\/\/autate.fr\/site\/wp-content\/uploads\/2019\/01\/logo.png","contentUrl":"http:\/\/autate.fr\/site\/wp-content\/uploads\/2019\/01\/logo.png","width":506,"height":280,"caption":"AUTATE"},"image":{"@id":"https:\/\/autate.fr\/site\/#\/schema\/logo\/image\/"},"sameAs":["https:\/\/www.facebook.com\/AutateToulouse","https:\/\/x.com\/AutateToulouse"]},{"@type":"Person","@id":"https:\/\/autate.fr\/site\/#\/schema\/person\/ca1ac9182f29f02489db16f08b0834ff","name":"Marie-Pierre Bes","image":{"@type":"ImageObject","inLanguage":"fr-FR","@id":"https:\/\/secure.gravatar.com\/avatar\/08aa632b25ee7197789b8ec59d6cbcab7d9fc182fc393ccb7ac607ba55766261?s=96&d=mm&r=g","url":"https:\/\/secure.gravatar.com\/avatar\/08aa632b25ee7197789b8ec59d6cbcab7d9fc182fc393ccb7ac607ba55766261?s=96&d=mm&r=g","contentUrl":"https:\/\/secure.gravatar.com\/avatar\/08aa632b25ee7197789b8ec59d6cbcab7d9fc182fc393ccb7ac607ba55766261?s=96&d=mm&r=g","caption":"Marie-Pierre Bes"},"url":"https:\/\/autate.fr\/site\/author\/mariepierre\/"}]}},"_links":{"self":[{"href":"https:\/\/autate.fr\/site\/wp-json\/wp\/v2\/posts\/3580","targetHints":{"allow":["GET"]}}],"collection":[{"href":"https:\/\/autate.fr\/site\/wp-json\/wp\/v2\/posts"}],"about":[{"href":"https:\/\/autate.fr\/site\/wp-json\/wp\/v2\/types\/post"}],"author":[{"embeddable":true,"href":"https:\/\/autate.fr\/site\/wp-json\/wp\/v2\/users\/9"}],"replies":[{"embeddable":true,"href":"https:\/\/autate.fr\/site\/wp-json\/wp\/v2\/comments?post=3580"}],"version-history":[{"count":3,"href":"https:\/\/autate.fr\/site\/wp-json\/wp\/v2\/posts\/3580\/revisions"}],"predecessor-version":[{"id":3598,"href":"https:\/\/autate.fr\/site\/wp-json\/wp\/v2\/posts\/3580\/revisions\/3598"}],"wp:attachment":[{"href":"https:\/\/autate.fr\/site\/wp-json\/wp\/v2\/media?parent=3580"}],"wp:term":[{"taxonomy":"category","embeddable":true,"href":"https:\/\/autate.fr\/site\/wp-json\/wp\/v2\/categories?post=3580"},{"taxonomy":"post_tag","embeddable":true,"href":"https:\/\/autate.fr\/site\/wp-json\/wp\/v2\/tags?post=3580"}],"curies":[{"name":"wp","href":"https:\/\/api.w.org\/{rel}","templated":true}]}}