{"id":357,"date":"2016-03-17T00:43:49","date_gmt":"2016-03-16T23:43:49","guid":{"rendered":"http:\/\/autate.fr\/site\/?p=357"},"modified":"2016-03-17T00:43:49","modified_gmt":"2016-03-16T23:43:49","slug":"la-tribune-pas-de-metro-a-labege-le-coup-de-colere-du-pdg-de-lyra-network-solidaire-de-ludovic-le-moan","status":"publish","type":"post","link":"https:\/\/autate.fr\/site\/la-tribune-pas-de-metro-a-labege-le-coup-de-colere-du-pdg-de-lyra-network-solidaire-de-ludovic-le-moan\/","title":{"rendered":"[La tribune] Pas de m\u00e9tro \u00e0 Lab\u00e8ge : le coup de col\u00e8re du PDG de Lyra Network, \u00ab\u00a0solidaire\u00a0\u00bb de Ludovic Le Moan"},"content":{"rendered":"<p>Alain Lacour, PDG de la soci\u00e9t\u00e9 Lyra Network \u00e0 Lab\u00e8ge, ne dig\u00e8re pas l&rsquo;arr\u00eat du projet de PLB (prolongement de la ligne B du m\u00e9tro \u00e0 Lab\u00e8ge). Dans la lign\u00e9e de Ludovic Le Moan, il d\u00e9nonce le comportement \u00ab\u00a0de girouette\u00a0\u00bb des \u00e9lus locaux. Pour lui, Lab\u00e8ge est \u00ab\u00a0une zone maudite, victime de la lutte entre Toulouse M\u00e9tropole et le Sicoval\u00a0\u00bb.<\/p>\n<p>C&rsquo;est \u00e0 la lecture de <a href=\"http:\/\/objectifnews.latribune.fr\/entreprises\/soutien-et-financement\/2016-03-03\/arret-du-plb-le-pdg-de-sigfox-ludovic-le-moan-exprime-sa-colere-dans-une-tribune.html\">la tribune de Ludovic Le Moan<\/a> dans les m\u00e9dias qu&rsquo;Alain Lacour a d\u00e9cid\u00e9, \u00e0 son tour, d&rsquo;exprimer sa col\u00e8re. \u00c0 l&rsquo;instar du PDG de Sigfox, le patron de <a href=\"http:\/\/objectifnews.latribune.fr\/entreprises\/business\/2015-09-01\/fintech-lyra-network-poursuit-sa-croissance-a-l-international.html\">Lyra Network<\/a> (\u00e9galement install\u00e9e \u00e0 Lab\u00e8ge), se dit aujourd&rsquo;hui \u00ab\u00a0\u00e9c\u0153ur\u00e9\u00a0\u00bb par l&rsquo;arr\u00eat du projet de PLB.<\/p>\n<blockquote><p>\u00ab\u00a0Nous, chefs d&rsquo;entreprise install\u00e9s \u00e0 Lab\u00e8ge, en avons marre de ces politiciens girouette. Nous sommes des cr\u00e9ateurs d&#8217;emploi, otages d&rsquo;\u00e9lus qui refusent de travailler ensemble, qui ne pensent qu&rsquo;\u00e0 se disputer, qui sont \u00e9go\u00efstes et qui n&rsquo;ont aucune id\u00e9e de ce que c&rsquo;est de travailler \u00e0 Lab\u00e8ge pour nos salari\u00e9s. J&rsquo;en ai marre, comme Ludovic Le Moan, de leurs retards, de leurs luttes intestines. On dirait qu&rsquo;ils n&rsquo;ont jamais pris le volant pour aller \u00e0 Lab\u00e8ge le matin.\u00a0\u00bb<\/p><\/blockquote>\n<p><a href=\"http:\/\/objectifnews.latribune.fr\/entreprises\/soutien-et-financement\/2016-03-16\/pas-de-metro-a-labege-le-coup-de-colere-du-pdg-de-lyra-network-solidaire-avec-ludovic-le-moan.html\" target=\"_blank\">lire la suite<\/a><\/p>\n<p>Un article de Sophie Arutunian paru dans La tribune le 16\/03\/2016<\/p>\n<p>Photo R\u00e9mi Beno\u00eet<\/p>\n","protected":false},"excerpt":{"rendered":"<p>Alain Lacour, PDG de la soci\u00e9t\u00e9 Lyra Network \u00e0 Lab\u00e8ge, ne dig\u00e8re pas l&rsquo;arr\u00eat du projet de PLB (prolongement de la ligne B du m\u00e9tro \u00e0 Lab\u00e8ge). Dans la lign\u00e9e de Ludovic Le Moan, il d\u00e9nonce le comportement \u00ab\u00a0de girouette\u00a0\u00bb des \u00e9lus locaux. Pour lui, Lab\u00e8ge est \u00ab\u00a0une zone maudite, victime de la lutte entre<\/p>\n<p class=\"more-link\"><a href=\"https:\/\/autate.fr\/site\/la-tribune-pas-de-metro-a-labege-le-coup-de-colere-du-pdg-de-lyra-network-solidaire-de-ludovic-le-moan\/\" class=\"themebutton2\">VOIR PLUS<\/a><\/p>\n","protected":false},"author":1,"featured_media":358,"comment_status":"open","ping_status":"open","sticky":false,"template":"","format":"standard","meta":{"footnotes":""},"categories":[7],"tags":[22,18,12,17],"class_list":["post-357","post","type-post","status-publish","format-standard","has-post-thumbnail","hentry","category-revue-de-presse","tag-labege","tag-ligne-b","tag-metro","tag-plb"],"yoast_head":"<!-- This site is optimized with the Yoast SEO plugin v27.4 - https:\/\/yoast.com\/product\/yoast-seo-wordpress\/ -->\n<title>[La tribune] Pas de m\u00e9tro \u00e0 Lab\u00e8ge : le coup de col\u00e8re du PDG de Lyra Network, &quot;solidaire&quot; de Ludovic Le Moan - AUTATE<\/title>\n<meta name=\"robots\" content=\"index, follow, max-snippet:-1, max-image-preview:large, max-video-preview:-1\" \/>\n<link rel=\"canonical\" href=\"https:\/\/autate.fr\/site\/la-tribune-pas-de-metro-a-labege-le-coup-de-colere-du-pdg-de-lyra-network-solidaire-de-ludovic-le-moan\/\" \/>\n<meta property=\"og:locale\" content=\"fr_FR\" \/>\n<meta property=\"og:type\" content=\"article\" \/>\n<meta property=\"og:title\" content=\"[La tribune] Pas de m\u00e9tro \u00e0 Lab\u00e8ge : le coup de col\u00e8re du PDG de Lyra Network, &quot;solidaire&quot; de Ludovic Le Moan - AUTATE\" \/>\n<meta property=\"og:description\" content=\"Alain Lacour, PDG de la soci\u00e9t\u00e9 Lyra Network \u00e0 Lab\u00e8ge, ne dig\u00e8re pas l&rsquo;arr\u00eat du projet de PLB (prolongement de la ligne B du m\u00e9tro \u00e0 Lab\u00e8ge). Dans la lign\u00e9e de Ludovic Le Moan, il d\u00e9nonce le comportement \u00ab\u00a0de girouette\u00a0\u00bb des \u00e9lus locaux. Pour lui, Lab\u00e8ge est \u00ab\u00a0une zone maudite, victime de la lutte entreVOIR PLUS\" \/>\n<meta property=\"og:url\" content=\"https:\/\/autate.fr\/site\/la-tribune-pas-de-metro-a-labege-le-coup-de-colere-du-pdg-de-lyra-network-solidaire-de-ludovic-le-moan\/\" \/>\n<meta property=\"og:site_name\" content=\"AUTATE\" \/>\n<meta property=\"article:publisher\" content=\"https:\/\/www.facebook.com\/AutateToulouse\" \/>\n<meta property=\"article:published_time\" content=\"2016-03-16T23:43:49+00:00\" \/>\n<meta property=\"og:image\" content=\"https:\/\/autate.fr\/site\/wp-content\/uploads\/2016\/03\/alainlacour.jpg\" \/>\n\t<meta property=\"og:image:width\" content=\"612\" \/>\n\t<meta property=\"og:image:height\" content=\"306\" \/>\n\t<meta property=\"og:image:type\" content=\"image\/jpeg\" \/>\n<meta name=\"author\" content=\"pascalbarbier\" \/>\n<meta name=\"twitter:card\" content=\"summary_large_image\" \/>\n<meta name=\"twitter:creator\" content=\"@AutateToulouse\" \/>\n<meta name=\"twitter:site\" content=\"@AutateToulouse\" \/>\n<meta name=\"twitter:label1\" content=\"\u00c9crit par\" \/>\n\t<meta name=\"twitter:data1\" content=\"pascalbarbier\" \/>\n\t<meta name=\"twitter:label2\" content=\"Dur\u00e9e de lecture estim\u00e9e\" \/>\n\t<meta name=\"twitter:data2\" content=\"1 minute\" \/>\n<script type=\"application\/ld+json\" class=\"yoast-schema-graph\">{\"@context\":\"https:\\\/\\\/schema.org\",\"@graph\":[{\"@type\":\"Article\",\"@id\":\"https:\\\/\\\/autate.fr\\\/site\\\/la-tribune-pas-de-metro-a-labege-le-coup-de-colere-du-pdg-de-lyra-network-solidaire-de-ludovic-le-moan\\\/#article\",\"isPartOf\":{\"@id\":\"https:\\\/\\\/autate.fr\\\/site\\\/la-tribune-pas-de-metro-a-labege-le-coup-de-colere-du-pdg-de-lyra-network-solidaire-de-ludovic-le-moan\\\/\"},\"author\":{\"name\":\"pascalbarbier\",\"@id\":\"https:\\\/\\\/autate.fr\\\/site\\\/#\\\/schema\\\/person\\\/ae1ab8bdaa7b41d2a9b52d2557ce8254\"},\"headline\":\"[La tribune] Pas de m\u00e9tro \u00e0 Lab\u00e8ge : le coup de col\u00e8re du PDG de Lyra Network, \u00ab\u00a0solidaire\u00a0\u00bb de Ludovic Le Moan\",\"datePublished\":\"2016-03-16T23:43:49+00:00\",\"mainEntityOfPage\":{\"@id\":\"https:\\\/\\\/autate.fr\\\/site\\\/la-tribune-pas-de-metro-a-labege-le-coup-de-colere-du-pdg-de-lyra-network-solidaire-de-ludovic-le-moan\\\/\"},\"wordCount\":245,\"commentCount\":0,\"publisher\":{\"@id\":\"https:\\\/\\\/autate.fr\\\/site\\\/#organization\"},\"image\":{\"@id\":\"https:\\\/\\\/autate.fr\\\/site\\\/la-tribune-pas-de-metro-a-labege-le-coup-de-colere-du-pdg-de-lyra-network-solidaire-de-ludovic-le-moan\\\/#primaryimage\"},\"thumbnailUrl\":\"https:\\\/\\\/autate.fr\\\/site\\\/wp-content\\\/uploads\\\/2016\\\/03\\\/alainlacour.jpg\",\"keywords\":[\"Lab\u00e8ge\",\"ligne B\",\"m\u00e9tro\",\"PLB\"],\"articleSection\":[\"Revue de presse\"],\"inLanguage\":\"fr-FR\",\"potentialAction\":[{\"@type\":\"CommentAction\",\"name\":\"Comment\",\"target\":[\"https:\\\/\\\/autate.fr\\\/site\\\/la-tribune-pas-de-metro-a-labege-le-coup-de-colere-du-pdg-de-lyra-network-solidaire-de-ludovic-le-moan\\\/#respond\"]}]},{\"@type\":\"WebPage\",\"@id\":\"https:\\\/\\\/autate.fr\\\/site\\\/la-tribune-pas-de-metro-a-labege-le-coup-de-colere-du-pdg-de-lyra-network-solidaire-de-ludovic-le-moan\\\/\",\"url\":\"https:\\\/\\\/autate.fr\\\/site\\\/la-tribune-pas-de-metro-a-labege-le-coup-de-colere-du-pdg-de-lyra-network-solidaire-de-ludovic-le-moan\\\/\",\"name\":\"[La tribune] Pas de m\u00e9tro \u00e0 Lab\u00e8ge : le coup de col\u00e8re du PDG de Lyra Network, \\\"solidaire\\\" de Ludovic Le Moan - AUTATE\",\"isPartOf\":{\"@id\":\"https:\\\/\\\/autate.fr\\\/site\\\/#website\"},\"primaryImageOfPage\":{\"@id\":\"https:\\\/\\\/autate.fr\\\/site\\\/la-tribune-pas-de-metro-a-labege-le-coup-de-colere-du-pdg-de-lyra-network-solidaire-de-ludovic-le-moan\\\/#primaryimage\"},\"image\":{\"@id\":\"https:\\\/\\\/autate.fr\\\/site\\\/la-tribune-pas-de-metro-a-labege-le-coup-de-colere-du-pdg-de-lyra-network-solidaire-de-ludovic-le-moan\\\/#primaryimage\"},\"thumbnailUrl\":\"https:\\\/\\\/autate.fr\\\/site\\\/wp-content\\\/uploads\\\/2016\\\/03\\\/alainlacour.jpg\",\"datePublished\":\"2016-03-16T23:43:49+00:00\",\"breadcrumb\":{\"@id\":\"https:\\\/\\\/autate.fr\\\/site\\\/la-tribune-pas-de-metro-a-labege-le-coup-de-colere-du-pdg-de-lyra-network-solidaire-de-ludovic-le-moan\\\/#breadcrumb\"},\"inLanguage\":\"fr-FR\",\"potentialAction\":[{\"@type\":\"ReadAction\",\"target\":[\"https:\\\/\\\/autate.fr\\\/site\\\/la-tribune-pas-de-metro-a-labege-le-coup-de-colere-du-pdg-de-lyra-network-solidaire-de-ludovic-le-moan\\\/\"]}]},{\"@type\":\"ImageObject\",\"inLanguage\":\"fr-FR\",\"@id\":\"https:\\\/\\\/autate.fr\\\/site\\\/la-tribune-pas-de-metro-a-labege-le-coup-de-colere-du-pdg-de-lyra-network-solidaire-de-ludovic-le-moan\\\/#primaryimage\",\"url\":\"https:\\\/\\\/autate.fr\\\/site\\\/wp-content\\\/uploads\\\/2016\\\/03\\\/alainlacour.jpg\",\"contentUrl\":\"https:\\\/\\\/autate.fr\\\/site\\\/wp-content\\\/uploads\\\/2016\\\/03\\\/alainlacour.jpg\",\"width\":612,\"height\":306},{\"@type\":\"BreadcrumbList\",\"@id\":\"https:\\\/\\\/autate.fr\\\/site\\\/la-tribune-pas-de-metro-a-labege-le-coup-de-colere-du-pdg-de-lyra-network-solidaire-de-ludovic-le-moan\\\/#breadcrumb\",\"itemListElement\":[{\"@type\":\"ListItem\",\"position\":1,\"name\":\"Accueil\",\"item\":\"https:\\\/\\\/autate.fr\\\/site\\\/\"},{\"@type\":\"ListItem\",\"position\":2,\"name\":\"[La tribune] Pas de m\u00e9tro \u00e0 Lab\u00e8ge : le coup de col\u00e8re du PDG de Lyra Network, \u00ab\u00a0solidaire\u00a0\u00bb de Ludovic Le Moan\"}]},{\"@type\":\"WebSite\",\"@id\":\"https:\\\/\\\/autate.fr\\\/site\\\/#website\",\"url\":\"https:\\\/\\\/autate.fr\\\/site\\\/\",\"name\":\"AUTATE\",\"description\":\"Association des usagers des transports de l&#039;agglom\u00e9ration Toulousaine et de ses environs\",\"publisher\":{\"@id\":\"https:\\\/\\\/autate.fr\\\/site\\\/#organization\"},\"potentialAction\":[{\"@type\":\"SearchAction\",\"target\":{\"@type\":\"EntryPoint\",\"urlTemplate\":\"https:\\\/\\\/autate.fr\\\/site\\\/?s={search_term_string}\"},\"query-input\":{\"@type\":\"PropertyValueSpecification\",\"valueRequired\":true,\"valueName\":\"search_term_string\"}}],\"inLanguage\":\"fr-FR\"},{\"@type\":\"Organization\",\"@id\":\"https:\\\/\\\/autate.fr\\\/site\\\/#organization\",\"name\":\"AUTATE\",\"url\":\"https:\\\/\\\/autate.fr\\\/site\\\/\",\"logo\":{\"@type\":\"ImageObject\",\"inLanguage\":\"fr-FR\",\"@id\":\"https:\\\/\\\/autate.fr\\\/site\\\/#\\\/schema\\\/logo\\\/image\\\/\",\"url\":\"http:\\\/\\\/autate.fr\\\/site\\\/wp-content\\\/uploads\\\/2019\\\/01\\\/logo.png\",\"contentUrl\":\"http:\\\/\\\/autate.fr\\\/site\\\/wp-content\\\/uploads\\\/2019\\\/01\\\/logo.png\",\"width\":506,\"height\":280,\"caption\":\"AUTATE\"},\"image\":{\"@id\":\"https:\\\/\\\/autate.fr\\\/site\\\/#\\\/schema\\\/logo\\\/image\\\/\"},\"sameAs\":[\"https:\\\/\\\/www.facebook.com\\\/AutateToulouse\",\"https:\\\/\\\/x.com\\\/AutateToulouse\"]},{\"@type\":\"Person\",\"@id\":\"https:\\\/\\\/autate.fr\\\/site\\\/#\\\/schema\\\/person\\\/ae1ab8bdaa7b41d2a9b52d2557ce8254\",\"name\":\"pascalbarbier\",\"image\":{\"@type\":\"ImageObject\",\"inLanguage\":\"fr-FR\",\"@id\":\"https:\\\/\\\/secure.gravatar.com\\\/avatar\\\/03f4e8ced09894b72c67e83142540730d4b3bbf619bf46341b0074e3bf5f08a0?s=96&d=mm&r=g\",\"url\":\"https:\\\/\\\/secure.gravatar.com\\\/avatar\\\/03f4e8ced09894b72c67e83142540730d4b3bbf619bf46341b0074e3bf5f08a0?s=96&d=mm&r=g\",\"contentUrl\":\"https:\\\/\\\/secure.gravatar.com\\\/avatar\\\/03f4e8ced09894b72c67e83142540730d4b3bbf619bf46341b0074e3bf5f08a0?s=96&d=mm&r=g\",\"caption\":\"pascalbarbier\"},\"url\":\"https:\\\/\\\/autate.fr\\\/site\\\/author\\\/pascalbarbier\\\/\"}]}<\/script>\n<!-- \/ Yoast SEO plugin. -->","yoast_head_json":{"title":"[La tribune] Pas de m\u00e9tro \u00e0 Lab\u00e8ge : le coup de col\u00e8re du PDG de Lyra Network, \"solidaire\" de Ludovic Le Moan - AUTATE","robots":{"index":"index","follow":"follow","max-snippet":"max-snippet:-1","max-image-preview":"max-image-preview:large","max-video-preview":"max-video-preview:-1"},"canonical":"https:\/\/autate.fr\/site\/la-tribune-pas-de-metro-a-labege-le-coup-de-colere-du-pdg-de-lyra-network-solidaire-de-ludovic-le-moan\/","og_locale":"fr_FR","og_type":"article","og_title":"[La tribune] Pas de m\u00e9tro \u00e0 Lab\u00e8ge : le coup de col\u00e8re du PDG de Lyra Network, \"solidaire\" de Ludovic Le Moan - AUTATE","og_description":"Alain Lacour, PDG de la soci\u00e9t\u00e9 Lyra Network \u00e0 Lab\u00e8ge, ne dig\u00e8re pas l&rsquo;arr\u00eat du projet de PLB (prolongement de la ligne B du m\u00e9tro \u00e0 Lab\u00e8ge). Dans la lign\u00e9e de Ludovic Le Moan, il d\u00e9nonce le comportement \u00ab\u00a0de girouette\u00a0\u00bb des \u00e9lus locaux. Pour lui, Lab\u00e8ge est \u00ab\u00a0une zone maudite, victime de la lutte entreVOIR PLUS","og_url":"https:\/\/autate.fr\/site\/la-tribune-pas-de-metro-a-labege-le-coup-de-colere-du-pdg-de-lyra-network-solidaire-de-ludovic-le-moan\/","og_site_name":"AUTATE","article_publisher":"https:\/\/www.facebook.com\/AutateToulouse","article_published_time":"2016-03-16T23:43:49+00:00","og_image":[{"width":612,"height":306,"url":"https:\/\/autate.fr\/site\/wp-content\/uploads\/2016\/03\/alainlacour.jpg","type":"image\/jpeg"}],"author":"pascalbarbier","twitter_card":"summary_large_image","twitter_creator":"@AutateToulouse","twitter_site":"@AutateToulouse","twitter_misc":{"\u00c9crit par":"pascalbarbier","Dur\u00e9e de lecture estim\u00e9e":"1 minute"},"schema":{"@context":"https:\/\/schema.org","@graph":[{"@type":"Article","@id":"https:\/\/autate.fr\/site\/la-tribune-pas-de-metro-a-labege-le-coup-de-colere-du-pdg-de-lyra-network-solidaire-de-ludovic-le-moan\/#article","isPartOf":{"@id":"https:\/\/autate.fr\/site\/la-tribune-pas-de-metro-a-labege-le-coup-de-colere-du-pdg-de-lyra-network-solidaire-de-ludovic-le-moan\/"},"author":{"name":"pascalbarbier","@id":"https:\/\/autate.fr\/site\/#\/schema\/person\/ae1ab8bdaa7b41d2a9b52d2557ce8254"},"headline":"[La tribune] Pas de m\u00e9tro \u00e0 Lab\u00e8ge : le coup de col\u00e8re du PDG de Lyra Network, \u00ab\u00a0solidaire\u00a0\u00bb de Ludovic Le Moan","datePublished":"2016-03-16T23:43:49+00:00","mainEntityOfPage":{"@id":"https:\/\/autate.fr\/site\/la-tribune-pas-de-metro-a-labege-le-coup-de-colere-du-pdg-de-lyra-network-solidaire-de-ludovic-le-moan\/"},"wordCount":245,"commentCount":0,"publisher":{"@id":"https:\/\/autate.fr\/site\/#organization"},"image":{"@id":"https:\/\/autate.fr\/site\/la-tribune-pas-de-metro-a-labege-le-coup-de-colere-du-pdg-de-lyra-network-solidaire-de-ludovic-le-moan\/#primaryimage"},"thumbnailUrl":"https:\/\/autate.fr\/site\/wp-content\/uploads\/2016\/03\/alainlacour.jpg","keywords":["Lab\u00e8ge","ligne B","m\u00e9tro","PLB"],"articleSection":["Revue de presse"],"inLanguage":"fr-FR","potentialAction":[{"@type":"CommentAction","name":"Comment","target":["https:\/\/autate.fr\/site\/la-tribune-pas-de-metro-a-labege-le-coup-de-colere-du-pdg-de-lyra-network-solidaire-de-ludovic-le-moan\/#respond"]}]},{"@type":"WebPage","@id":"https:\/\/autate.fr\/site\/la-tribune-pas-de-metro-a-labege-le-coup-de-colere-du-pdg-de-lyra-network-solidaire-de-ludovic-le-moan\/","url":"https:\/\/autate.fr\/site\/la-tribune-pas-de-metro-a-labege-le-coup-de-colere-du-pdg-de-lyra-network-solidaire-de-ludovic-le-moan\/","name":"[La tribune] Pas de m\u00e9tro \u00e0 Lab\u00e8ge : le coup de col\u00e8re du PDG de Lyra Network, \"solidaire\" de Ludovic Le Moan - AUTATE","isPartOf":{"@id":"https:\/\/autate.fr\/site\/#website"},"primaryImageOfPage":{"@id":"https:\/\/autate.fr\/site\/la-tribune-pas-de-metro-a-labege-le-coup-de-colere-du-pdg-de-lyra-network-solidaire-de-ludovic-le-moan\/#primaryimage"},"image":{"@id":"https:\/\/autate.fr\/site\/la-tribune-pas-de-metro-a-labege-le-coup-de-colere-du-pdg-de-lyra-network-solidaire-de-ludovic-le-moan\/#primaryimage"},"thumbnailUrl":"https:\/\/autate.fr\/site\/wp-content\/uploads\/2016\/03\/alainlacour.jpg","datePublished":"2016-03-16T23:43:49+00:00","breadcrumb":{"@id":"https:\/\/autate.fr\/site\/la-tribune-pas-de-metro-a-labege-le-coup-de-colere-du-pdg-de-lyra-network-solidaire-de-ludovic-le-moan\/#breadcrumb"},"inLanguage":"fr-FR","potentialAction":[{"@type":"ReadAction","target":["https:\/\/autate.fr\/site\/la-tribune-pas-de-metro-a-labege-le-coup-de-colere-du-pdg-de-lyra-network-solidaire-de-ludovic-le-moan\/"]}]},{"@type":"ImageObject","inLanguage":"fr-FR","@id":"https:\/\/autate.fr\/site\/la-tribune-pas-de-metro-a-labege-le-coup-de-colere-du-pdg-de-lyra-network-solidaire-de-ludovic-le-moan\/#primaryimage","url":"https:\/\/autate.fr\/site\/wp-content\/uploads\/2016\/03\/alainlacour.jpg","contentUrl":"https:\/\/autate.fr\/site\/wp-content\/uploads\/2016\/03\/alainlacour.jpg","width":612,"height":306},{"@type":"BreadcrumbList","@id":"https:\/\/autate.fr\/site\/la-tribune-pas-de-metro-a-labege-le-coup-de-colere-du-pdg-de-lyra-network-solidaire-de-ludovic-le-moan\/#breadcrumb","itemListElement":[{"@type":"ListItem","position":1,"name":"Accueil","item":"https:\/\/autate.fr\/site\/"},{"@type":"ListItem","position":2,"name":"[La tribune] Pas de m\u00e9tro \u00e0 Lab\u00e8ge : le coup de col\u00e8re du PDG de Lyra Network, \u00ab\u00a0solidaire\u00a0\u00bb de Ludovic Le Moan"}]},{"@type":"WebSite","@id":"https:\/\/autate.fr\/site\/#website","url":"https:\/\/autate.fr\/site\/","name":"AUTATE","description":"Association des usagers des transports de l&#039;agglom\u00e9ration Toulousaine et de ses environs","publisher":{"@id":"https:\/\/autate.fr\/site\/#organization"},"potentialAction":[{"@type":"SearchAction","target":{"@type":"EntryPoint","urlTemplate":"https:\/\/autate.fr\/site\/?s={search_term_string}"},"query-input":{"@type":"PropertyValueSpecification","valueRequired":true,"valueName":"search_term_string"}}],"inLanguage":"fr-FR"},{"@type":"Organization","@id":"https:\/\/autate.fr\/site\/#organization","name":"AUTATE","url":"https:\/\/autate.fr\/site\/","logo":{"@type":"ImageObject","inLanguage":"fr-FR","@id":"https:\/\/autate.fr\/site\/#\/schema\/logo\/image\/","url":"http:\/\/autate.fr\/site\/wp-content\/uploads\/2019\/01\/logo.png","contentUrl":"http:\/\/autate.fr\/site\/wp-content\/uploads\/2019\/01\/logo.png","width":506,"height":280,"caption":"AUTATE"},"image":{"@id":"https:\/\/autate.fr\/site\/#\/schema\/logo\/image\/"},"sameAs":["https:\/\/www.facebook.com\/AutateToulouse","https:\/\/x.com\/AutateToulouse"]},{"@type":"Person","@id":"https:\/\/autate.fr\/site\/#\/schema\/person\/ae1ab8bdaa7b41d2a9b52d2557ce8254","name":"pascalbarbier","image":{"@type":"ImageObject","inLanguage":"fr-FR","@id":"https:\/\/secure.gravatar.com\/avatar\/03f4e8ced09894b72c67e83142540730d4b3bbf619bf46341b0074e3bf5f08a0?s=96&d=mm&r=g","url":"https:\/\/secure.gravatar.com\/avatar\/03f4e8ced09894b72c67e83142540730d4b3bbf619bf46341b0074e3bf5f08a0?s=96&d=mm&r=g","contentUrl":"https:\/\/secure.gravatar.com\/avatar\/03f4e8ced09894b72c67e83142540730d4b3bbf619bf46341b0074e3bf5f08a0?s=96&d=mm&r=g","caption":"pascalbarbier"},"url":"https:\/\/autate.fr\/site\/author\/pascalbarbier\/"}]}},"_links":{"self":[{"href":"https:\/\/autate.fr\/site\/wp-json\/wp\/v2\/posts\/357","targetHints":{"allow":["GET"]}}],"collection":[{"href":"https:\/\/autate.fr\/site\/wp-json\/wp\/v2\/posts"}],"about":[{"href":"https:\/\/autate.fr\/site\/wp-json\/wp\/v2\/types\/post"}],"author":[{"embeddable":true,"href":"https:\/\/autate.fr\/site\/wp-json\/wp\/v2\/users\/1"}],"replies":[{"embeddable":true,"href":"https:\/\/autate.fr\/site\/wp-json\/wp\/v2\/comments?post=357"}],"version-history":[{"count":1,"href":"https:\/\/autate.fr\/site\/wp-json\/wp\/v2\/posts\/357\/revisions"}],"predecessor-version":[{"id":359,"href":"https:\/\/autate.fr\/site\/wp-json\/wp\/v2\/posts\/357\/revisions\/359"}],"wp:featuredmedia":[{"embeddable":true,"href":"https:\/\/autate.fr\/site\/wp-json\/wp\/v2\/media\/358"}],"wp:attachment":[{"href":"https:\/\/autate.fr\/site\/wp-json\/wp\/v2\/media?parent=357"}],"wp:term":[{"taxonomy":"category","embeddable":true,"href":"https:\/\/autate.fr\/site\/wp-json\/wp\/v2\/categories?post=357"},{"taxonomy":"post_tag","embeddable":true,"href":"https:\/\/autate.fr\/site\/wp-json\/wp\/v2\/tags?post=357"}],"curies":[{"name":"wp","href":"https:\/\/api.w.org\/{rel}","templated":true}]}}